{"id":6327,"date":"2023-02-24T11:09:06","date_gmt":"2023-02-24T11:09:06","guid":{"rendered":"https:\/\/unisale.com.br\/pastoral\/?p=6327"},"modified":"2023-02-24T11:11:11","modified_gmt":"2023-02-24T11:11:11","slug":"01-02-mas-nenhum-sinal-lhe-sera-dado-a-nao-ser-o-sinal-de-jonas","status":"publish","type":"post","link":"https:\/\/unisale.com.br\/pastoral\/01-02-mas-nenhum-sinal-lhe-sera-dado-a-nao-ser-o-sinal-de-jonas\/","title":{"rendered":"01\/03 &#8211; &#8230;mas nenhum sinal lhe ser\u00e1 dado, a n\u00e3o ser o sinal de Jonas."},"content":{"rendered":"<p>Quarta-feira, 01 de mar\u00e7o de 2023.<\/p>\n<p>&nbsp;<\/p>\n<p>Evangelho (Lc 11,29-32)<\/p>\n<p>&nbsp;<\/p>\n<p><strong>\u201c&#8230;mas nenhum sinal lhe ser\u00e1 dado, a n\u00e3o ser o sinal de Jonas\u201d<\/strong><\/p>\n<p>&nbsp;<\/p>\n<p>Naquele tempo, <sup>29<\/sup>quando as multid\u00f5es se reuniram em grande quantidade, Jesus come\u00e7ou a dizer: \u201cEsta gera\u00e7\u00e3o \u00e9 uma gera\u00e7\u00e3o m\u00e1. Ela busca um sinal, mas nenhum sinal lhe ser\u00e1 dado, a n\u00e3o ser o sinal de Jonas. <sup>30<\/sup>Com efeito, assim como Jonas foi um sinal para os ninivitas, assim tamb\u00e9m ser\u00e1 o Filho do Homem para esta gera\u00e7\u00e3o. <sup>31<\/sup>No dia do julgamento, a rainha do Sul se levantar\u00e1 juntamente com os homens desta gera\u00e7\u00e3o, e os condenar\u00e1. Porque ela veio de uma terra distante para ouvir a sabedoria de Salom\u00e3o. E aqui est\u00e1 quem \u00e9 maior que Salom\u00e3o. <sup>32<\/sup>No dia do julgamento, os ninivitas se levantar\u00e3o juntamente com esta gera\u00e7\u00e3o e a condenar\u00e3o. Porque eles se converteram quando ouviram a prega\u00e7\u00e3o de Jonas. E aqui est\u00e1 quem \u00e9 maior do que Jonas\u201d.<\/p>\n<p>&nbsp;<\/p>\n<p><strong>Reflex\u00e3o<\/strong><\/p>\n<p>&nbsp;<\/p>\n<p>A pergunta que podemos fazer \u00e9: Jonas existiu de fato? Isso pouco importa. O que importa \u00e9 que o livro de Jonas \u00e9 uma par\u00e1bola semelhante \u00e0s par\u00e1bolas do evangelho. Narra n\u00e3o aquilo que aconteceu, mas aquilo que existe dentro de n\u00f3s e que devemos tornar consciente. Jonas se nega a anunciar em N\u00ednive. A sua recusa \u00e9 uma imagem do fechamento ao outro. Jonas pensa que a b\u00ean\u00e7\u00e3o divina esteja reservada somente aos seus compatriotas, pois os hebreus eram os \u00fanicos a possuir a revela\u00e7\u00e3o do verdadeiro Deus. Os profetas como Isaias, Jeremias, Ezequiel trovejavam contra os pag\u00e3os e invocavam sobre eles a puni\u00e7\u00e3o de Deus, porque perseguiram o povo eleito e profanaram o Templo. Mas, n\u00e3o obstante a isso, Deus quer punir pela sua mal\u00edcia, n\u00e3o quer destruir. Deseja somente convert\u00ea-los, e \u00e9 por isso que Jonas \u00e9 enviado a anunciar. \u00c9 simples de entender quando nos recordamos que \u201cDeus n\u00e3o quer a morte do pecador, mas que ele se converta e se salve\u201d. Jonas foge de Deus e descobre que Deus est\u00e1 em todos os lugares, tamb\u00e9m na profundeza dos mares e na sua afli\u00e7\u00e3o. Sai vivo do ventre da baleia, que representa a morte. O abismo do mar \u00e9 prefigura\u00e7\u00e3o da descida de Cristo ao reino da morte. Portanto, a vit\u00f3ria de Cristo ressuscitado est\u00e1 no sinal de Jonas. Jonas \u00e9 tamb\u00e9m imagem da nossa vida, que segue, n\u00e3o obstante nossas fugas de Deus. Tamb\u00e9m n\u00f3s somos convidados a cantar com Jonas o seu hino: \u201cNa minha angustia invoquei o Senhor e Ele me escutou; do profundo dos mares eu gritei e Ele escutou a minha voz. Lan\u00e7ou-me no abismo, no seio dos mares, e a torrente me cercou, toda as tuas ondas e as tuas vagas passaram sobre mim. Eu dizia: fui expulso de diante dos teus olhos; como poderei contemplar novamente o teu Santo Templo?<\/p>\n<p>&nbsp;<\/p>\n<p><strong>Pe. Paulo Eduardo J\u00e1como, SDB.<\/strong><\/p>\n","protected":false},"excerpt":{"rendered":"<p>Quarta-feira, 01 de mar\u00e7o de 2023. &nbsp; Evangelho (Lc 11,29-32) &nbsp; \u201c&#8230;mas nenhum sinal lhe ser\u00e1 dado, a n\u00e3o ser o sinal de Jonas\u201d &nbsp;&#8230;<\/p>\n","protected":false},"author":6,"featured_media":6319,"comment_status":"closed","ping_status":"closed","sticky":false,"template":"","format":"standard","meta":{"_acf_changed":false,"footnotes":""},"categories":[13],"tags":[],"class_list":["post-6327","post","type-post","status-publish","format-standard","has-post-thumbnail","hentry","category-reflexaodoevagelho"],"acf":[],"yoast_head":"<!-- This site is optimized with the Yoast SEO plugin v27.3 - https:\/\/yoast.com\/product\/yoast-seo-wordpress\/ -->\n<title>01\/03 - ...mas nenhum sinal lhe ser\u00e1 dado, a n\u00e3o ser o sinal de Jonas. - Pastoral Universit\u00e1ria UniSALESIANO<\/title>\n<meta name=\"robots\" content=\"index, follow, max-snippet:-1, max-image-preview:large, max-video-preview:-1\" \/>\n<link rel=\"canonical\" href=\"https:\/\/unisale.com.br\/novo\/01-02-mas-nenhum-sinal-lhe-sera-dado-a-nao-ser-o-sinal-de-jonas\/\" \/>\n<meta property=\"og:locale\" content=\"pt_BR\" \/>\n<meta property=\"og:type\" content=\"article\" \/>\n<meta property=\"og:title\" content=\"01\/03 - ...mas nenhum sinal lhe ser\u00e1 dado, a n\u00e3o ser o sinal de Jonas. - Pastoral Universit\u00e1ria UniSALESIANO\" \/>\n<meta property=\"og:description\" content=\"Quarta-feira, 01 de mar\u00e7o de 2023. &nbsp; Evangelho (Lc 11,29-32) &nbsp; \u201c&#8230;mas nenhum sinal lhe ser\u00e1 dado, a n\u00e3o ser o sinal de Jonas\u201d &nbsp;...\" \/>\n<meta property=\"og:url\" content=\"https:\/\/unisale.com.br\/novo\/01-02-mas-nenhum-sinal-lhe-sera-dado-a-nao-ser-o-sinal-de-jonas\/\" \/>\n<meta property=\"og:site_name\" content=\"Pastoral Universit\u00e1ria UniSALESIANO\" \/>\n<meta property=\"article:published_time\" content=\"2023-02-24T11:09:06+00:00\" \/>\n<meta property=\"article:modified_time\" content=\"2023-02-24T11:11:11+00:00\" \/>\n<meta property=\"og:image\" content=\"https:\/\/unisale.com.br\/novo\/wp-content\/uploads\/2023\/02\/Ev-01-1.jpg\" \/>\n\t<meta property=\"og:image:width\" content=\"639\" \/>\n\t<meta property=\"og:image:height\" content=\"428\" \/>\n\t<meta property=\"og:image:type\" content=\"image\/jpeg\" \/>\n<meta name=\"author\" content=\"Luiz Alexandre Marinho Lanzoni\" \/>\n<meta name=\"twitter:card\" content=\"summary_large_image\" \/>\n<meta name=\"twitter:label1\" content=\"Escrito por\" \/>\n\t<meta name=\"twitter:data1\" content=\"Luiz Alexandre Marinho Lanzoni\" \/>\n\t<meta name=\"twitter:label2\" content=\"Est. tempo de leitura\" \/>\n\t<meta name=\"twitter:data2\" content=\"3 minutos\" \/>\n<script type=\"application\/ld+json\" class=\"yoast-schema-graph\">{\"@context\":\"https:\\\/\\\/schema.org\",\"@graph\":[{\"@type\":\"Article\",\"@id\":\"https:\\\/\\\/unisale.com.br\\\/novo\\\/01-02-mas-nenhum-sinal-lhe-sera-dado-a-nao-ser-o-sinal-de-jonas\\\/#article\",\"isPartOf\":{\"@id\":\"https:\\\/\\\/unisale.com.br\\\/novo\\\/01-02-mas-nenhum-sinal-lhe-sera-dado-a-nao-ser-o-sinal-de-jonas\\\/\"},\"author\":{\"name\":\"Luiz Alexandre Marinho Lanzoni\",\"@id\":\"https:\\\/\\\/unisale.com.br\\\/pastoral\\\/#\\\/schema\\\/person\\\/492d3d7bfe53a8302576d39485aff2c4\"},\"headline\":\"01\\\/03 &#8211; &#8230;mas nenhum sinal lhe ser\u00e1 dado, a n\u00e3o ser o sinal de Jonas.\",\"datePublished\":\"2023-02-24T11:09:06+00:00\",\"dateModified\":\"2023-02-24T11:11:11+00:00\",\"mainEntityOfPage\":{\"@id\":\"https:\\\/\\\/unisale.com.br\\\/novo\\\/01-02-mas-nenhum-sinal-lhe-sera-dado-a-nao-ser-o-sinal-de-jonas\\\/\"},\"wordCount\":520,\"image\":{\"@id\":\"https:\\\/\\\/unisale.com.br\\\/novo\\\/01-02-mas-nenhum-sinal-lhe-sera-dado-a-nao-ser-o-sinal-de-jonas\\\/#primaryimage\"},\"thumbnailUrl\":\"https:\\\/\\\/unisale.com.br\\\/pastoral\\\/wp-content\\\/uploads\\\/2023\\\/02\\\/Ev-01-1.jpg\",\"articleSection\":[\"Reflex\u00e3o do Evangelho\"],\"inLanguage\":\"pt-BR\"},{\"@type\":\"WebPage\",\"@id\":\"https:\\\/\\\/unisale.com.br\\\/novo\\\/01-02-mas-nenhum-sinal-lhe-sera-dado-a-nao-ser-o-sinal-de-jonas\\\/\",\"url\":\"https:\\\/\\\/unisale.com.br\\\/novo\\\/01-02-mas-nenhum-sinal-lhe-sera-dado-a-nao-ser-o-sinal-de-jonas\\\/\",\"name\":\"01\\\/03 - ...mas nenhum sinal lhe ser\u00e1 dado, a n\u00e3o ser o sinal de Jonas. - Pastoral Universit\u00e1ria UniSALESIANO\",\"isPartOf\":{\"@id\":\"https:\\\/\\\/unisale.com.br\\\/pastoral\\\/#website\"},\"primaryImageOfPage\":{\"@id\":\"https:\\\/\\\/unisale.com.br\\\/novo\\\/01-02-mas-nenhum-sinal-lhe-sera-dado-a-nao-ser-o-sinal-de-jonas\\\/#primaryimage\"},\"image\":{\"@id\":\"https:\\\/\\\/unisale.com.br\\\/novo\\\/01-02-mas-nenhum-sinal-lhe-sera-dado-a-nao-ser-o-sinal-de-jonas\\\/#primaryimage\"},\"thumbnailUrl\":\"https:\\\/\\\/unisale.com.br\\\/pastoral\\\/wp-content\\\/uploads\\\/2023\\\/02\\\/Ev-01-1.jpg\",\"datePublished\":\"2023-02-24T11:09:06+00:00\",\"dateModified\":\"2023-02-24T11:11:11+00:00\",\"author\":{\"@id\":\"https:\\\/\\\/unisale.com.br\\\/pastoral\\\/#\\\/schema\\\/person\\\/492d3d7bfe53a8302576d39485aff2c4\"},\"inLanguage\":\"pt-BR\",\"potentialAction\":[{\"@type\":\"ReadAction\",\"target\":[\"https:\\\/\\\/unisale.com.br\\\/novo\\\/01-02-mas-nenhum-sinal-lhe-sera-dado-a-nao-ser-o-sinal-de-jonas\\\/\"]}]},{\"@type\":\"ImageObject\",\"inLanguage\":\"pt-BR\",\"@id\":\"https:\\\/\\\/unisale.com.br\\\/novo\\\/01-02-mas-nenhum-sinal-lhe-sera-dado-a-nao-ser-o-sinal-de-jonas\\\/#primaryimage\",\"url\":\"https:\\\/\\\/unisale.com.br\\\/pastoral\\\/wp-content\\\/uploads\\\/2023\\\/02\\\/Ev-01-1.jpg\",\"contentUrl\":\"https:\\\/\\\/unisale.com.br\\\/pastoral\\\/wp-content\\\/uploads\\\/2023\\\/02\\\/Ev-01-1.jpg\",\"width\":639,\"height\":428},{\"@type\":\"WebSite\",\"@id\":\"https:\\\/\\\/unisale.com.br\\\/pastoral\\\/#website\",\"url\":\"https:\\\/\\\/unisale.com.br\\\/pastoral\\\/\",\"name\":\"Pastoral Universit\u00e1ria UniSALESIANO\",\"description\":\"Site da Pastoral Universit\u00e1ria do UniSALESIANO\",\"potentialAction\":[{\"@type\":\"SearchAction\",\"target\":{\"@type\":\"EntryPoint\",\"urlTemplate\":\"https:\\\/\\\/unisale.com.br\\\/pastoral\\\/?s={search_term_string}\"},\"query-input\":{\"@type\":\"PropertyValueSpecification\",\"valueRequired\":true,\"valueName\":\"search_term_string\"}}],\"inLanguage\":\"pt-BR\"},{\"@type\":\"Person\",\"@id\":\"https:\\\/\\\/unisale.com.br\\\/pastoral\\\/#\\\/schema\\\/person\\\/492d3d7bfe53a8302576d39485aff2c4\",\"name\":\"Luiz Alexandre Marinho Lanzoni\",\"url\":\"https:\\\/\\\/unisale.com.br\\\/pastoral\\\/author\\\/luiz\\\/\"}]}<\/script>\n<!-- \/ Yoast SEO plugin. -->","yoast_head_json":{"title":"01\/03 - ...mas nenhum sinal lhe ser\u00e1 dado, a n\u00e3o ser o sinal de Jonas. - Pastoral Universit\u00e1ria UniSALESIANO","robots":{"index":"index","follow":"follow","max-snippet":"max-snippet:-1","max-image-preview":"max-image-preview:large","max-video-preview":"max-video-preview:-1"},"canonical":"https:\/\/unisale.com.br\/novo\/01-02-mas-nenhum-sinal-lhe-sera-dado-a-nao-ser-o-sinal-de-jonas\/","og_locale":"pt_BR","og_type":"article","og_title":"01\/03 - ...mas nenhum sinal lhe ser\u00e1 dado, a n\u00e3o ser o sinal de Jonas. - Pastoral Universit\u00e1ria UniSALESIANO","og_description":"Quarta-feira, 01 de mar\u00e7o de 2023. &nbsp; Evangelho (Lc 11,29-32) &nbsp; \u201c&#8230;mas nenhum sinal lhe ser\u00e1 dado, a n\u00e3o ser o sinal de Jonas\u201d &nbsp;...","og_url":"https:\/\/unisale.com.br\/novo\/01-02-mas-nenhum-sinal-lhe-sera-dado-a-nao-ser-o-sinal-de-jonas\/","og_site_name":"Pastoral Universit\u00e1ria UniSALESIANO","article_published_time":"2023-02-24T11:09:06+00:00","article_modified_time":"2023-02-24T11:11:11+00:00","og_image":[{"width":639,"height":428,"url":"https:\/\/unisale.com.br\/novo\/wp-content\/uploads\/2023\/02\/Ev-01-1.jpg","type":"image\/jpeg"}],"author":"Luiz Alexandre Marinho Lanzoni","twitter_card":"summary_large_image","twitter_misc":{"Escrito por":"Luiz Alexandre Marinho Lanzoni","Est. tempo de leitura":"3 minutos"},"schema":{"@context":"https:\/\/schema.org","@graph":[{"@type":"Article","@id":"https:\/\/unisale.com.br\/novo\/01-02-mas-nenhum-sinal-lhe-sera-dado-a-nao-ser-o-sinal-de-jonas\/#article","isPartOf":{"@id":"https:\/\/unisale.com.br\/novo\/01-02-mas-nenhum-sinal-lhe-sera-dado-a-nao-ser-o-sinal-de-jonas\/"},"author":{"name":"Luiz Alexandre Marinho Lanzoni","@id":"https:\/\/unisale.com.br\/pastoral\/#\/schema\/person\/492d3d7bfe53a8302576d39485aff2c4"},"headline":"01\/03 &#8211; &#8230;mas nenhum sinal lhe ser\u00e1 dado, a n\u00e3o ser o sinal de Jonas.","datePublished":"2023-02-24T11:09:06+00:00","dateModified":"2023-02-24T11:11:11+00:00","mainEntityOfPage":{"@id":"https:\/\/unisale.com.br\/novo\/01-02-mas-nenhum-sinal-lhe-sera-dado-a-nao-ser-o-sinal-de-jonas\/"},"wordCount":520,"image":{"@id":"https:\/\/unisale.com.br\/novo\/01-02-mas-nenhum-sinal-lhe-sera-dado-a-nao-ser-o-sinal-de-jonas\/#primaryimage"},"thumbnailUrl":"https:\/\/unisale.com.br\/pastoral\/wp-content\/uploads\/2023\/02\/Ev-01-1.jpg","articleSection":["Reflex\u00e3o do Evangelho"],"inLanguage":"pt-BR"},{"@type":"WebPage","@id":"https:\/\/unisale.com.br\/novo\/01-02-mas-nenhum-sinal-lhe-sera-dado-a-nao-ser-o-sinal-de-jonas\/","url":"https:\/\/unisale.com.br\/novo\/01-02-mas-nenhum-sinal-lhe-sera-dado-a-nao-ser-o-sinal-de-jonas\/","name":"01\/03 - ...mas nenhum sinal lhe ser\u00e1 dado, a n\u00e3o ser o sinal de Jonas. - Pastoral Universit\u00e1ria UniSALESIANO","isPartOf":{"@id":"https:\/\/unisale.com.br\/pastoral\/#website"},"primaryImageOfPage":{"@id":"https:\/\/unisale.com.br\/novo\/01-02-mas-nenhum-sinal-lhe-sera-dado-a-nao-ser-o-sinal-de-jonas\/#primaryimage"},"image":{"@id":"https:\/\/unisale.com.br\/novo\/01-02-mas-nenhum-sinal-lhe-sera-dado-a-nao-ser-o-sinal-de-jonas\/#primaryimage"},"thumbnailUrl":"https:\/\/unisale.com.br\/pastoral\/wp-content\/uploads\/2023\/02\/Ev-01-1.jpg","datePublished":"2023-02-24T11:09:06+00:00","dateModified":"2023-02-24T11:11:11+00:00","author":{"@id":"https:\/\/unisale.com.br\/pastoral\/#\/schema\/person\/492d3d7bfe53a8302576d39485aff2c4"},"inLanguage":"pt-BR","potentialAction":[{"@type":"ReadAction","target":["https:\/\/unisale.com.br\/novo\/01-02-mas-nenhum-sinal-lhe-sera-dado-a-nao-ser-o-sinal-de-jonas\/"]}]},{"@type":"ImageObject","inLanguage":"pt-BR","@id":"https:\/\/unisale.com.br\/novo\/01-02-mas-nenhum-sinal-lhe-sera-dado-a-nao-ser-o-sinal-de-jonas\/#primaryimage","url":"https:\/\/unisale.com.br\/pastoral\/wp-content\/uploads\/2023\/02\/Ev-01-1.jpg","contentUrl":"https:\/\/unisale.com.br\/pastoral\/wp-content\/uploads\/2023\/02\/Ev-01-1.jpg","width":639,"height":428},{"@type":"WebSite","@id":"https:\/\/unisale.com.br\/pastoral\/#website","url":"https:\/\/unisale.com.br\/pastoral\/","name":"Pastoral Universit\u00e1ria UniSALESIANO","description":"Site da Pastoral Universit\u00e1ria do UniSALESIANO","potentialAction":[{"@type":"SearchAction","target":{"@type":"EntryPoint","urlTemplate":"https:\/\/unisale.com.br\/pastoral\/?s={search_term_string}"},"query-input":{"@type":"PropertyValueSpecification","valueRequired":true,"valueName":"search_term_string"}}],"inLanguage":"pt-BR"},{"@type":"Person","@id":"https:\/\/unisale.com.br\/pastoral\/#\/schema\/person\/492d3d7bfe53a8302576d39485aff2c4","name":"Luiz Alexandre Marinho Lanzoni","url":"https:\/\/unisale.com.br\/pastoral\/author\/luiz\/"}]}},"_links":{"self":[{"href":"https:\/\/unisale.com.br\/pastoral\/wp-json\/wp\/v2\/posts\/6327","targetHints":{"allow":["GET"]}}],"collection":[{"href":"https:\/\/unisale.com.br\/pastoral\/wp-json\/wp\/v2\/posts"}],"about":[{"href":"https:\/\/unisale.com.br\/pastoral\/wp-json\/wp\/v2\/types\/post"}],"author":[{"embeddable":true,"href":"https:\/\/unisale.com.br\/pastoral\/wp-json\/wp\/v2\/users\/6"}],"replies":[{"embeddable":true,"href":"https:\/\/unisale.com.br\/pastoral\/wp-json\/wp\/v2\/comments?post=6327"}],"version-history":[{"count":0,"href":"https:\/\/unisale.com.br\/pastoral\/wp-json\/wp\/v2\/posts\/6327\/revisions"}],"wp:featuredmedia":[{"embeddable":true,"href":"https:\/\/unisale.com.br\/pastoral\/wp-json\/wp\/v2\/media\/6319"}],"wp:attachment":[{"href":"https:\/\/unisale.com.br\/pastoral\/wp-json\/wp\/v2\/media?parent=6327"}],"wp:term":[{"taxonomy":"category","embeddable":true,"href":"https:\/\/unisale.com.br\/pastoral\/wp-json\/wp\/v2\/categories?post=6327"},{"taxonomy":"post_tag","embeddable":true,"href":"https:\/\/unisale.com.br\/pastoral\/wp-json\/wp\/v2\/tags?post=6327"}],"curies":[{"name":"wp","href":"https:\/\/api.w.org\/{rel}","templated":true}]}}