{"id":6332,"date":"2023-02-24T11:13:43","date_gmt":"2023-02-24T11:13:43","guid":{"rendered":"https:\/\/unisale.com.br\/pastoral\/?p=6332"},"modified":"2023-02-24T11:23:47","modified_gmt":"2023-02-24T11:23:47","slug":"03-02-eu-porem-vos-digo-todo-aquele-que-se-encoleriza-com-seu-irmao-sera-reu-em-juizo","status":"publish","type":"post","link":"https:\/\/unisale.com.br\/pastoral\/03-02-eu-porem-vos-digo-todo-aquele-que-se-encoleriza-com-seu-irmao-sera-reu-em-juizo\/","title":{"rendered":"03\/03 &#8211; Eu, por\u00e9m, vos digo, todo aquele que se encoleriza com seu irm\u00e3o ser\u00e1 r\u00e9u em ju\u00edzo&#8230;"},"content":{"rendered":"<p>Sexta-feira, 03 de mar\u00e7o de 2023.<\/p>\n<p>&nbsp;<\/p>\n<p>Evangelho (Mt 5,20-26)<\/p>\n<p>&nbsp;<\/p>\n<p><strong>\u201cEu, por\u00e9m, vos digo, todo aquele que se encoleriza com seu irm\u00e3o ser\u00e1 r\u00e9u em ju\u00edzo&#8230;\u201d<\/strong><\/p>\n<p>&nbsp;<\/p>\n<p>Naquele tempo, disse Jesus aos seus disc\u00edpulos: <sup>20<\/sup>\u201cSe a vossa justi\u00e7a n\u00e3o for maior que a justi\u00e7a dos mestres da Lei e dos fariseus, v\u00f3s n\u00e3o entrareis no Reino dos C\u00e9us. <sup>21<\/sup>V\u00f3s ouvistes o que foi dito aos antigos: \u2018N\u00e3o matar\u00e1s! Quem matar ser\u00e1 condenado pelo tribunal\u2019. <sup>22<\/sup>Eu, por\u00e9m, vos digo: todo aquele que se encoleriza com seu irm\u00e3o ser\u00e1 r\u00e9u em ju\u00edzo; quem disser ao seu irm\u00e3o: \u2018Patife!\u2019 ser\u00e1 condenado pelo tribunal; quem chamar o irm\u00e3o de \u2018tolo\u2019 ser\u00e1 condenado ao fogo do inferno. <sup>23<\/sup>Portanto, quando tu estiveres levando a tua oferta para o altar, e ali te lembrares de que teu irm\u00e3o tem alguma coisa contra ti, <sup>24<\/sup>deixa a tua oferta ali diante do altar, e vai primeiro reconciliar-te com o teu irm\u00e3o. S\u00f3 ent\u00e3o vai apresentar a tua oferta. <sup>25<\/sup>Procura reconciliar-te com teu advers\u00e1rio, enquanto caminha contigo para o tribunal. Sen\u00e3o o advers\u00e1rio te entregar\u00e1 ao juiz, o juiz te entregar\u00e1 ao oficial de justi\u00e7a, e tu ser\u00e1s jogado na pris\u00e3o. <sup>26<\/sup>Em verdade eu te digo: dali n\u00e3o sair\u00e1s, enquanto n\u00e3o pagares o \u00faltimo centavo\u201d.<\/p>\n<p>&nbsp;<\/p>\n<p><strong>Reflex\u00e3o<\/strong><\/p>\n<p>&nbsp;<\/p>\n<p>O sentimento da ira pode ser justo ou injusto. Um exemplo de uma ira justa \u00e9 a de Jesus quando expulsa os vendilh\u00f5es do Templo. O \u00fanico obst\u00e1culo na estrada que nos leva ao bem \u00e9 o mal. Podemos e devemos nos aborrecer contra o mal, mas deve tratar-se de um mal verdadeiro e n\u00e3o de um mal ilus\u00f3rio. Devemos nos aborrecer contra o pecado, contra o maligno, contra os maus pensamentos. Quando se trata de pessoas, a ira \u00e9 justa somente quando o seu \u00eaxito \u00e9 seguramente o bem, quando \u00e9 \u00fatil ao pr\u00f3ximo e n\u00e3o ao seu dano. No cora\u00e7\u00e3o deve sempre estar o amor que domina e extingue a ira, que a mant\u00e9m na justa medida e sabe colher a ocasi\u00e3o justa e as palavras justas para corrigir o irm\u00e3o. Muitas vezes nos aborrecemos injustamente. Surge no cora\u00e7\u00e3o um ressentimento e um desejo de vingan\u00e7a. Agora buscamos humilhar o pr\u00f3ximo com as palavras, de demolir a sua autoestima, de denegri-lo diante dos outros. Dos sentimentos e das palavras deriva as a\u00e7\u00f5es. A explos\u00e3o de sentimentos \u00e9 mais forte do que qualquer bom senso. Com um homem irado a gente n\u00e3o pode discutir at\u00e9 que passe a sua explos\u00e3o de ira. Neste caso, \u00e9 melhor respirar profundamente, contar at\u00e9 dez. Muitas vezes depois de um ataque de ira se pede perd\u00e3o. Muitos santos eram impulsivos, mas com a gra\u00e7a de Deus e um grande esfor\u00e7o de vontade conseguiram dominar-se. Explodir de raiva \u00e9 sinal de fraqueza de car\u00e1ter. Mas \u00e9 pior quando um sepulta a pr\u00f3pria ira. Come\u00e7a a pensar com frieza a vingan\u00e7a, se fecha a qualquer possibilidade de perd\u00e3o. Quando age assim, a pessoa se isola dos outros, porque pensa em vingar-se sozinho, sem a ajuda de Deus. \u201cNa ira, n\u00e3o peques\u201d, dizia S. Paulo. \u201cQue o sol n\u00e3o se esconda sobre a vossa ira\u201d, tamb\u00e9m dizia ele (Ef 4,26).<\/p>\n<p>&nbsp;<\/p>\n<p><strong>Pe. Paulo Eduardo J\u00e1como, SDB.<\/strong><\/p>\n","protected":false},"excerpt":{"rendered":"<p>Sexta-feira, 03 de mar\u00e7o de 2023. &nbsp; Evangelho (Mt 5,20-26) &nbsp; \u201cEu, por\u00e9m, vos digo, todo aquele que se encoleriza com seu irm\u00e3o ser\u00e1 r\u00e9u&#8230;<\/p>\n","protected":false},"author":6,"featured_media":6321,"comment_status":"closed","ping_status":"closed","sticky":false,"template":"","format":"standard","meta":{"_acf_changed":false,"footnotes":""},"categories":[13],"tags":[],"class_list":["post-6332","post","type-post","status-publish","format-standard","has-post-thumbnail","hentry","category-reflexaodoevagelho"],"acf":[],"yoast_head":"<!-- This site is optimized with the Yoast SEO plugin v27.3 - https:\/\/yoast.com\/product\/yoast-seo-wordpress\/ -->\n<title>03\/03 - Eu, por\u00e9m, vos digo, todo aquele que se encoleriza com seu irm\u00e3o ser\u00e1 r\u00e9u em ju\u00edzo... - Pastoral Universit\u00e1ria UniSALESIANO<\/title>\n<meta name=\"robots\" content=\"index, follow, max-snippet:-1, max-image-preview:large, max-video-preview:-1\" \/>\n<link rel=\"canonical\" href=\"https:\/\/unisale.com.br\/novo\/03-02-eu-porem-vos-digo-todo-aquele-que-se-encoleriza-com-seu-irmao-sera-reu-em-juizo\/\" \/>\n<meta property=\"og:locale\" content=\"pt_BR\" \/>\n<meta property=\"og:type\" content=\"article\" \/>\n<meta property=\"og:title\" content=\"03\/03 - Eu, por\u00e9m, vos digo, todo aquele que se encoleriza com seu irm\u00e3o ser\u00e1 r\u00e9u em ju\u00edzo... - Pastoral Universit\u00e1ria UniSALESIANO\" \/>\n<meta property=\"og:description\" content=\"Sexta-feira, 03 de mar\u00e7o de 2023. &nbsp; Evangelho (Mt 5,20-26) &nbsp; \u201cEu, por\u00e9m, vos digo, todo aquele que se encoleriza com seu irm\u00e3o ser\u00e1 r\u00e9u...\" \/>\n<meta property=\"og:url\" content=\"https:\/\/unisale.com.br\/novo\/03-02-eu-porem-vos-digo-todo-aquele-que-se-encoleriza-com-seu-irmao-sera-reu-em-juizo\/\" \/>\n<meta property=\"og:site_name\" content=\"Pastoral Universit\u00e1ria UniSALESIANO\" \/>\n<meta property=\"article:published_time\" content=\"2023-02-24T11:13:43+00:00\" \/>\n<meta property=\"article:modified_time\" content=\"2023-02-24T11:23:47+00:00\" \/>\n<meta property=\"og:image\" content=\"https:\/\/unisale.com.br\/novo\/wp-content\/uploads\/2023\/02\/ev-03-1.jpg\" \/>\n\t<meta property=\"og:image:width\" content=\"800\" \/>\n\t<meta property=\"og:image:height\" content=\"455\" \/>\n\t<meta property=\"og:image:type\" content=\"image\/jpeg\" \/>\n<meta name=\"author\" content=\"Luiz Alexandre Marinho Lanzoni\" \/>\n<meta name=\"twitter:card\" content=\"summary_large_image\" \/>\n<meta name=\"twitter:label1\" content=\"Escrito por\" \/>\n\t<meta name=\"twitter:data1\" content=\"Luiz Alexandre Marinho Lanzoni\" \/>\n\t<meta name=\"twitter:label2\" content=\"Est. tempo de leitura\" \/>\n\t<meta name=\"twitter:data2\" content=\"3 minutos\" \/>\n<script type=\"application\/ld+json\" class=\"yoast-schema-graph\">{\"@context\":\"https:\\\/\\\/schema.org\",\"@graph\":[{\"@type\":\"Article\",\"@id\":\"https:\\\/\\\/unisale.com.br\\\/novo\\\/03-02-eu-porem-vos-digo-todo-aquele-que-se-encoleriza-com-seu-irmao-sera-reu-em-juizo\\\/#article\",\"isPartOf\":{\"@id\":\"https:\\\/\\\/unisale.com.br\\\/novo\\\/03-02-eu-porem-vos-digo-todo-aquele-que-se-encoleriza-com-seu-irmao-sera-reu-em-juizo\\\/\"},\"author\":{\"name\":\"Luiz Alexandre Marinho Lanzoni\",\"@id\":\"https:\\\/\\\/unisale.com.br\\\/pastoral\\\/#\\\/schema\\\/person\\\/492d3d7bfe53a8302576d39485aff2c4\"},\"headline\":\"03\\\/03 &#8211; Eu, por\u00e9m, vos digo, todo aquele que se encoleriza com seu irm\u00e3o ser\u00e1 r\u00e9u em ju\u00edzo&#8230;\",\"datePublished\":\"2023-02-24T11:13:43+00:00\",\"dateModified\":\"2023-02-24T11:23:47+00:00\",\"mainEntityOfPage\":{\"@id\":\"https:\\\/\\\/unisale.com.br\\\/novo\\\/03-02-eu-porem-vos-digo-todo-aquele-que-se-encoleriza-com-seu-irmao-sera-reu-em-juizo\\\/\"},\"wordCount\":601,\"image\":{\"@id\":\"https:\\\/\\\/unisale.com.br\\\/novo\\\/03-02-eu-porem-vos-digo-todo-aquele-que-se-encoleriza-com-seu-irmao-sera-reu-em-juizo\\\/#primaryimage\"},\"thumbnailUrl\":\"https:\\\/\\\/unisale.com.br\\\/pastoral\\\/wp-content\\\/uploads\\\/2023\\\/02\\\/ev-03-1.jpg\",\"articleSection\":[\"Reflex\u00e3o do Evangelho\"],\"inLanguage\":\"pt-BR\"},{\"@type\":\"WebPage\",\"@id\":\"https:\\\/\\\/unisale.com.br\\\/novo\\\/03-02-eu-porem-vos-digo-todo-aquele-que-se-encoleriza-com-seu-irmao-sera-reu-em-juizo\\\/\",\"url\":\"https:\\\/\\\/unisale.com.br\\\/novo\\\/03-02-eu-porem-vos-digo-todo-aquele-que-se-encoleriza-com-seu-irmao-sera-reu-em-juizo\\\/\",\"name\":\"03\\\/03 - Eu, por\u00e9m, vos digo, todo aquele que se encoleriza com seu irm\u00e3o ser\u00e1 r\u00e9u em ju\u00edzo... - Pastoral Universit\u00e1ria UniSALESIANO\",\"isPartOf\":{\"@id\":\"https:\\\/\\\/unisale.com.br\\\/pastoral\\\/#website\"},\"primaryImageOfPage\":{\"@id\":\"https:\\\/\\\/unisale.com.br\\\/novo\\\/03-02-eu-porem-vos-digo-todo-aquele-que-se-encoleriza-com-seu-irmao-sera-reu-em-juizo\\\/#primaryimage\"},\"image\":{\"@id\":\"https:\\\/\\\/unisale.com.br\\\/novo\\\/03-02-eu-porem-vos-digo-todo-aquele-que-se-encoleriza-com-seu-irmao-sera-reu-em-juizo\\\/#primaryimage\"},\"thumbnailUrl\":\"https:\\\/\\\/unisale.com.br\\\/pastoral\\\/wp-content\\\/uploads\\\/2023\\\/02\\\/ev-03-1.jpg\",\"datePublished\":\"2023-02-24T11:13:43+00:00\",\"dateModified\":\"2023-02-24T11:23:47+00:00\",\"author\":{\"@id\":\"https:\\\/\\\/unisale.com.br\\\/pastoral\\\/#\\\/schema\\\/person\\\/492d3d7bfe53a8302576d39485aff2c4\"},\"inLanguage\":\"pt-BR\",\"potentialAction\":[{\"@type\":\"ReadAction\",\"target\":[\"https:\\\/\\\/unisale.com.br\\\/novo\\\/03-02-eu-porem-vos-digo-todo-aquele-que-se-encoleriza-com-seu-irmao-sera-reu-em-juizo\\\/\"]}]},{\"@type\":\"ImageObject\",\"inLanguage\":\"pt-BR\",\"@id\":\"https:\\\/\\\/unisale.com.br\\\/novo\\\/03-02-eu-porem-vos-digo-todo-aquele-que-se-encoleriza-com-seu-irmao-sera-reu-em-juizo\\\/#primaryimage\",\"url\":\"https:\\\/\\\/unisale.com.br\\\/pastoral\\\/wp-content\\\/uploads\\\/2023\\\/02\\\/ev-03-1.jpg\",\"contentUrl\":\"https:\\\/\\\/unisale.com.br\\\/pastoral\\\/wp-content\\\/uploads\\\/2023\\\/02\\\/ev-03-1.jpg\",\"width\":800,\"height\":455},{\"@type\":\"WebSite\",\"@id\":\"https:\\\/\\\/unisale.com.br\\\/pastoral\\\/#website\",\"url\":\"https:\\\/\\\/unisale.com.br\\\/pastoral\\\/\",\"name\":\"Pastoral Universit\u00e1ria UniSALESIANO\",\"description\":\"Site da Pastoral Universit\u00e1ria do UniSALESIANO\",\"potentialAction\":[{\"@type\":\"SearchAction\",\"target\":{\"@type\":\"EntryPoint\",\"urlTemplate\":\"https:\\\/\\\/unisale.com.br\\\/pastoral\\\/?s={search_term_string}\"},\"query-input\":{\"@type\":\"PropertyValueSpecification\",\"valueRequired\":true,\"valueName\":\"search_term_string\"}}],\"inLanguage\":\"pt-BR\"},{\"@type\":\"Person\",\"@id\":\"https:\\\/\\\/unisale.com.br\\\/pastoral\\\/#\\\/schema\\\/person\\\/492d3d7bfe53a8302576d39485aff2c4\",\"name\":\"Luiz Alexandre Marinho Lanzoni\",\"url\":\"https:\\\/\\\/unisale.com.br\\\/pastoral\\\/author\\\/luiz\\\/\"}]}<\/script>\n<!-- \/ Yoast SEO plugin. -->","yoast_head_json":{"title":"03\/03 - Eu, por\u00e9m, vos digo, todo aquele que se encoleriza com seu irm\u00e3o ser\u00e1 r\u00e9u em ju\u00edzo... - Pastoral Universit\u00e1ria UniSALESIANO","robots":{"index":"index","follow":"follow","max-snippet":"max-snippet:-1","max-image-preview":"max-image-preview:large","max-video-preview":"max-video-preview:-1"},"canonical":"https:\/\/unisale.com.br\/novo\/03-02-eu-porem-vos-digo-todo-aquele-que-se-encoleriza-com-seu-irmao-sera-reu-em-juizo\/","og_locale":"pt_BR","og_type":"article","og_title":"03\/03 - Eu, por\u00e9m, vos digo, todo aquele que se encoleriza com seu irm\u00e3o ser\u00e1 r\u00e9u em ju\u00edzo... - Pastoral Universit\u00e1ria UniSALESIANO","og_description":"Sexta-feira, 03 de mar\u00e7o de 2023. &nbsp; Evangelho (Mt 5,20-26) &nbsp; \u201cEu, por\u00e9m, vos digo, todo aquele que se encoleriza com seu irm\u00e3o ser\u00e1 r\u00e9u...","og_url":"https:\/\/unisale.com.br\/novo\/03-02-eu-porem-vos-digo-todo-aquele-que-se-encoleriza-com-seu-irmao-sera-reu-em-juizo\/","og_site_name":"Pastoral Universit\u00e1ria UniSALESIANO","article_published_time":"2023-02-24T11:13:43+00:00","article_modified_time":"2023-02-24T11:23:47+00:00","og_image":[{"width":800,"height":455,"url":"https:\/\/unisale.com.br\/novo\/wp-content\/uploads\/2023\/02\/ev-03-1.jpg","type":"image\/jpeg"}],"author":"Luiz Alexandre Marinho Lanzoni","twitter_card":"summary_large_image","twitter_misc":{"Escrito por":"Luiz Alexandre Marinho Lanzoni","Est. tempo de leitura":"3 minutos"},"schema":{"@context":"https:\/\/schema.org","@graph":[{"@type":"Article","@id":"https:\/\/unisale.com.br\/novo\/03-02-eu-porem-vos-digo-todo-aquele-que-se-encoleriza-com-seu-irmao-sera-reu-em-juizo\/#article","isPartOf":{"@id":"https:\/\/unisale.com.br\/novo\/03-02-eu-porem-vos-digo-todo-aquele-que-se-encoleriza-com-seu-irmao-sera-reu-em-juizo\/"},"author":{"name":"Luiz Alexandre Marinho Lanzoni","@id":"https:\/\/unisale.com.br\/pastoral\/#\/schema\/person\/492d3d7bfe53a8302576d39485aff2c4"},"headline":"03\/03 &#8211; Eu, por\u00e9m, vos digo, todo aquele que se encoleriza com seu irm\u00e3o ser\u00e1 r\u00e9u em ju\u00edzo&#8230;","datePublished":"2023-02-24T11:13:43+00:00","dateModified":"2023-02-24T11:23:47+00:00","mainEntityOfPage":{"@id":"https:\/\/unisale.com.br\/novo\/03-02-eu-porem-vos-digo-todo-aquele-que-se-encoleriza-com-seu-irmao-sera-reu-em-juizo\/"},"wordCount":601,"image":{"@id":"https:\/\/unisale.com.br\/novo\/03-02-eu-porem-vos-digo-todo-aquele-que-se-encoleriza-com-seu-irmao-sera-reu-em-juizo\/#primaryimage"},"thumbnailUrl":"https:\/\/unisale.com.br\/pastoral\/wp-content\/uploads\/2023\/02\/ev-03-1.jpg","articleSection":["Reflex\u00e3o do Evangelho"],"inLanguage":"pt-BR"},{"@type":"WebPage","@id":"https:\/\/unisale.com.br\/novo\/03-02-eu-porem-vos-digo-todo-aquele-que-se-encoleriza-com-seu-irmao-sera-reu-em-juizo\/","url":"https:\/\/unisale.com.br\/novo\/03-02-eu-porem-vos-digo-todo-aquele-que-se-encoleriza-com-seu-irmao-sera-reu-em-juizo\/","name":"03\/03 - Eu, por\u00e9m, vos digo, todo aquele que se encoleriza com seu irm\u00e3o ser\u00e1 r\u00e9u em ju\u00edzo... - Pastoral Universit\u00e1ria UniSALESIANO","isPartOf":{"@id":"https:\/\/unisale.com.br\/pastoral\/#website"},"primaryImageOfPage":{"@id":"https:\/\/unisale.com.br\/novo\/03-02-eu-porem-vos-digo-todo-aquele-que-se-encoleriza-com-seu-irmao-sera-reu-em-juizo\/#primaryimage"},"image":{"@id":"https:\/\/unisale.com.br\/novo\/03-02-eu-porem-vos-digo-todo-aquele-que-se-encoleriza-com-seu-irmao-sera-reu-em-juizo\/#primaryimage"},"thumbnailUrl":"https:\/\/unisale.com.br\/pastoral\/wp-content\/uploads\/2023\/02\/ev-03-1.jpg","datePublished":"2023-02-24T11:13:43+00:00","dateModified":"2023-02-24T11:23:47+00:00","author":{"@id":"https:\/\/unisale.com.br\/pastoral\/#\/schema\/person\/492d3d7bfe53a8302576d39485aff2c4"},"inLanguage":"pt-BR","potentialAction":[{"@type":"ReadAction","target":["https:\/\/unisale.com.br\/novo\/03-02-eu-porem-vos-digo-todo-aquele-que-se-encoleriza-com-seu-irmao-sera-reu-em-juizo\/"]}]},{"@type":"ImageObject","inLanguage":"pt-BR","@id":"https:\/\/unisale.com.br\/novo\/03-02-eu-porem-vos-digo-todo-aquele-que-se-encoleriza-com-seu-irmao-sera-reu-em-juizo\/#primaryimage","url":"https:\/\/unisale.com.br\/pastoral\/wp-content\/uploads\/2023\/02\/ev-03-1.jpg","contentUrl":"https:\/\/unisale.com.br\/pastoral\/wp-content\/uploads\/2023\/02\/ev-03-1.jpg","width":800,"height":455},{"@type":"WebSite","@id":"https:\/\/unisale.com.br\/pastoral\/#website","url":"https:\/\/unisale.com.br\/pastoral\/","name":"Pastoral Universit\u00e1ria UniSALESIANO","description":"Site da Pastoral Universit\u00e1ria do UniSALESIANO","potentialAction":[{"@type":"SearchAction","target":{"@type":"EntryPoint","urlTemplate":"https:\/\/unisale.com.br\/pastoral\/?s={search_term_string}"},"query-input":{"@type":"PropertyValueSpecification","valueRequired":true,"valueName":"search_term_string"}}],"inLanguage":"pt-BR"},{"@type":"Person","@id":"https:\/\/unisale.com.br\/pastoral\/#\/schema\/person\/492d3d7bfe53a8302576d39485aff2c4","name":"Luiz Alexandre Marinho Lanzoni","url":"https:\/\/unisale.com.br\/pastoral\/author\/luiz\/"}]}},"_links":{"self":[{"href":"https:\/\/unisale.com.br\/pastoral\/wp-json\/wp\/v2\/posts\/6332","targetHints":{"allow":["GET"]}}],"collection":[{"href":"https:\/\/unisale.com.br\/pastoral\/wp-json\/wp\/v2\/posts"}],"about":[{"href":"https:\/\/unisale.com.br\/pastoral\/wp-json\/wp\/v2\/types\/post"}],"author":[{"embeddable":true,"href":"https:\/\/unisale.com.br\/pastoral\/wp-json\/wp\/v2\/users\/6"}],"replies":[{"embeddable":true,"href":"https:\/\/unisale.com.br\/pastoral\/wp-json\/wp\/v2\/comments?post=6332"}],"version-history":[{"count":0,"href":"https:\/\/unisale.com.br\/pastoral\/wp-json\/wp\/v2\/posts\/6332\/revisions"}],"wp:featuredmedia":[{"embeddable":true,"href":"https:\/\/unisale.com.br\/pastoral\/wp-json\/wp\/v2\/media\/6321"}],"wp:attachment":[{"href":"https:\/\/unisale.com.br\/pastoral\/wp-json\/wp\/v2\/media?parent=6332"}],"wp:term":[{"taxonomy":"category","embeddable":true,"href":"https:\/\/unisale.com.br\/pastoral\/wp-json\/wp\/v2\/categories?post=6332"},{"taxonomy":"post_tag","embeddable":true,"href":"https:\/\/unisale.com.br\/pastoral\/wp-json\/wp\/v2\/tags?post=6332"}],"curies":[{"name":"wp","href":"https:\/\/api.w.org\/{rel}","templated":true}]}}