{"id":6362,"date":"2023-02-24T17:09:04","date_gmt":"2023-02-24T17:09:04","guid":{"rendered":"https:\/\/unisale.com.br\/pastoral\/?p=6362"},"modified":"2023-02-24T17:14:11","modified_gmt":"2023-02-24T17:14:11","slug":"retiro-espiritual-marco","status":"publish","type":"post","link":"https:\/\/unisale.com.br\/pastoral\/retiro-espiritual-marco\/","title":{"rendered":"Retiro Espiritual &#8211; Mar\u00e7o"},"content":{"rendered":"<p><strong>RETIRO DO M\u00caS DE MAR\u00c7O 2023<\/strong><\/p>\n<p>&nbsp;<\/p>\n<ol>\n<li><strong>Introdu\u00e7\u00e3o<\/strong><\/li>\n<\/ol>\n<p>&nbsp;<\/p>\n<p>Este Retiro Espiritual \u00e9 uma proposta que gostar\u00edamos de apresentar aos nossos jovens, aos nossos educadores e aos colaboradores presentes em nossas obras educativas. Outras pessoas tamb\u00e9m podem faz\u00ea-lo. Se algu\u00e9m se interessar, tamb\u00e9m temos \u00e0 disposi\u00e7\u00e3o neste mesmo site, um texto explicativo cujo t\u00edtulo \u00e9: \u201cO que \u00e9 um Retiro Espiritual e como faz\u00ea-lo\u201d. Podemos dizer que j\u00e1 nos encontramos \u00e0s portas do Tempo da Quaresma e a nossa inten\u00e7\u00e3o \u00e9 justamente trabalhar este tema como proposta meditativa do nosso retiro. O per\u00edodo da quaresma \u00e9 um tempo prop\u00edcio para a medita\u00e7\u00e3o, para o exame da pr\u00f3pria exist\u00eancia, tempo prop\u00edcio para o arrependimento e para a mudan\u00e7a de vida. \u00c9 um tempo que nos prepara para a P\u00e1scoa e celebrar a P\u00e1scoa \u00e9 celebrar a Vida Nova, a vida transformada pela presen\u00e7a e pelos ensinamentos do Cristo Ressuscitado. Este \u00e9 um retiro que voc\u00ea pode fazer individualmente ou em grupo. Procuramos colocar \u00e0 disposi\u00e7\u00e3o textos que certamente nos auxiliar\u00e3o nas nossas medita\u00e7\u00f5es e tamb\u00e9m nos ajudar\u00e3o a construir novos prop\u00f3sitos de vida crist\u00e3 que procuraremos viver. Como propostas para as nossas medita\u00e7\u00f5es, come\u00e7aremos com uma homilia do Papa Em\u00e9rito Bento XVI que no final de seu pontificado, por ocasi\u00e3o da Celebra\u00e7\u00e3o da Quarta-feira de Cinzas, escreveu uma bel\u00edssima homilia que vale a pena ser meditada, visto que todos n\u00f3s vamos trabalhar a \u201cconvers\u00e3o do nosso cora\u00e7\u00e3o\u201d. Tamb\u00e9m meditaremos algum texto da Campanha da Fraternidade deste ano de 2023. Afinal, a fome \u00e9 uma realidade que assola a vida de muitas pessoas n\u00e3o s\u00f3 no Brasil, mas principalmente no mundo, e mais especialmente nos pa\u00edses onde a pobreza \u00e9 reinante.<\/p>\n<p>Para come\u00e7ar bem o nosso retiro, n\u00e3o pode faltar a presen\u00e7a da for\u00e7a santificadora e orientadora de Deus. Por isso rezemos invocando a presen\u00e7a do Esp\u00edrito Santo:<\/p>\n<p>&nbsp;<\/p>\n<p>Rezemos:<\/p>\n<p><em>&#8220;Deus Esp\u00edrito Santo, renova a nossa vida: envia a Tua luz e d\u00e1-nos coragem e for\u00e7a. Vem, Esp\u00edrito Santo. Vem a n\u00f3s com Teus dons: bondade, mansid\u00e3o e paci\u00eancia. Vem, Esp\u00edrito Santo. N\u00e3o permitas que o mal nos destrua, mas ajuda-nos a superar o mal pelo bem. Vem, Esp\u00edrito Santo. Dirige nosso pensamento e nossa a\u00e7\u00e3o, ajuda-nos na nossa fraqueza, pois sem Ti nada podemos fazer. Vem, Esp\u00edrito Santo. Faze-nos boas testemunhas de Cristo e deixa-nos encontrar alegria junto de Ti. Vem, Esp\u00edrito Santo. Am\u00e9m!&#8221;<\/em><\/p>\n<p>&nbsp;<\/p>\n<p>&nbsp;<\/p>\n<ol start=\"2\">\n<li><strong>Medita\u00e7\u00e3o I: \u201cConvertei-vos a mim de todo o cora\u00e7\u00e3o\u201d<a href=\"#_ftn1\" name=\"_ftnref1\">[1]<\/a><\/strong><\/li>\n<\/ol>\n<p><strong>\u00a0<\/strong><\/p>\n<p>Roma, S\u00e3o Pedro,<\/p>\n<p>no dia 13 de fevereiro \u2013 Quarta-feira de Cinzas.<\/p>\n<p><strong>\u00a0<\/strong><\/p>\n<p><strong>\u00a0<\/strong><\/p>\n<p><strong>\u201cConvertei-vos a mim de todo o cora\u00e7\u00e3o\u201d<\/strong><\/p>\n<p>&nbsp;<\/p>\n<p>Venerados Irm\u00e3os,<\/p>\n<p>Amados irm\u00e3os e irm\u00e3s!<\/p>\n<p>&nbsp;<\/p>\n<p>Hoje, Quarta-feira de Cinzas, come\u00e7amos um novo caminho quaresmal, um caminho que se estende por quarenta dias e nos conduz \u00e0 alegria da P\u00e1scoa do Senhor, \u00e0 vit\u00f3ria da Vida sobre a morte. Seguindo a tradi\u00e7\u00e3o romana, muito antiga, das esta\u00e7\u00f5es quaresmais, reunimo-nos hoje para a Celebra\u00e7\u00e3o da Eucaristia. A referida tradi\u00e7\u00e3o prev\u00ea que a primeira statio tenha lugar na Bas\u00edlica de Santa Sabina na colina do Aventino. Mas as circunst\u00e2ncias sugeriram que nos reun\u00edssemos na Bas\u00edlica Vaticana, atendendo ao elevado n\u00famero da nossa assembleia que, nesta tarde, se juntou ao redor do T\u00famulo do Ap\u00f3stolo Pedro inclusive para pedir a sua intercess\u00e3o em favor do caminho da Igreja neste momento particular, renovando a nossa f\u00e9 no Supremo Pastor, Cristo Senhor. Para mim, constitui uma ocasi\u00e3o prop\u00edcia para agradecer a todos, especialmente aos fi\u00e9is da diocese de Roma, no momento em que estou para concluir o meu minist\u00e9rio petrino, e pedir uma especial lembran\u00e7a na ora\u00e7\u00e3o.<\/p>\n<p>&nbsp;<\/p>\n<p>As Leituras proclamadas oferecem-nos sugest\u00f5es que somos chamados a faz\u00ea-las tornar-se, com a gra\u00e7a de Deus, atitudes e comportamentos concretos nesta Quaresma. A Igreja prop\u00f5e-nos, em primeiro lugar, o forte apelo que o profeta Joel dirige ao povo de Israel: \u00abMas agora diz o Senhor, convertei-vos a mim de todo o cora\u00e7\u00e3o com jejuns, com l\u00e1grimas, com gemidos\u00bb (2, 12). Come\u00e7o por sublinhar a express\u00e3o \u00abde todo o cora\u00e7\u00e3o\u00bb, que significa a partir do centro dos nossos pensamentos e sentimentos, a partir das ra\u00edzes das nossas decis\u00f5es, escolhas e ac\u00e7\u00f5es, com um gesto de liberdade total e radical. Mas, este regresso a Deus \u00e9 poss\u00edvel? Sim, porque h\u00e1 uma for\u00e7a que n\u00e3o habita no nosso cora\u00e7\u00e3o, mas emana do pr\u00f3prio cora\u00e7\u00e3o de Deus. \u00c9 a for\u00e7a da sua miseric\u00f3rdia. Continua o profeta: \u00abConvertei-vos ao Senhor, vosso Deus, porque Ele \u00e9 clemente e compassivo, paciente e rico em miseric\u00f3rdia\u00bb (v. 13). A convers\u00e3o ao Senhor \u00e9 poss\u00edvel como \u00abgra\u00e7a\u00bb, j\u00e1 que \u00e9 obra de Deus e fruto da f\u00e9 que depomos na sua miseric\u00f3rdia. Esta convers\u00e3o a Deus s\u00f3 se torna realidade concreta na nossa vida, quando a gra\u00e7a do Senhor penetra no nosso \u00edntimo e o abala, dando-nos a for\u00e7a para \u00abrasgar o cora\u00e7\u00e3o\u00bb. O mesmo profeta faz ressoar, da parte de Deus, estas palavras: \u00abRasgai os vossos cora\u00e7\u00f5es e n\u00e3o as vossas vestes\u00bb (v. 13). Com efeito, tamb\u00e9m nos nossos dias, muitos est\u00e3o prontos a \u00abrasgarem as vestes\u00bb diante de esc\u00e2ndalos e injusti\u00e7as \u2013 naturalmente cometidos por outros \u2013 mas poucos parecem dispostos a actuar sobre o seu \u00abcora\u00e7\u00e3o\u00bb, a sua consci\u00eancia e as pr\u00f3prias inten\u00e7\u00f5es, deixando que o Senhor transforme, renove e converta.<\/p>\n<p>&nbsp;<\/p>\n<p>Al\u00e9m disso, este \u00abconvertei-vos a mim de todo o cora\u00e7\u00e3o\u00bb \u00e9 um apelo que envolve n\u00e3o s\u00f3 o indiv\u00edduo, mas tamb\u00e9m a comunidade. Na primeira Leitura, ouvimos tamb\u00e9m dizer: \u00abTocai a trombeta em Si\u00e3o, ordenai um jejum, proclamai uma reuni\u00e3o sagrada. Reuni o povo, convocai a assembleia, juntai os anci\u00e3os, congregai os pequeninos e os meninos peito. Saia o esposo dos seus aposentos e a esposa do seu leito nupcial\u00bb (vv. 15-16). A dimens\u00e3o comunit\u00e1ria \u00e9 um elemento essencial na f\u00e9 e na vida crist\u00e3. Cristo veio \u00abpara congregar na unidade os filhos de Deus que estavam dispersos\u00bb (Jo 11, 52). O \u00abn\u00f3s\u00bb da Igreja \u00e9 a comunidade na qual Jesus nos congrega na unidade (cf. Jo 12, 32): a f\u00e9 \u00e9 necessariamente eclesial. \u00c9 importante recordar isto e viv\u00ea-lo neste Tempo da Quaresma: cada qual esteja consciente de que n\u00e3o empreende o caminho penitencial sozinho, mas juntamente com muitos irm\u00e3os e irm\u00e3s, na Igreja.<\/p>\n<p>&nbsp;<\/p>\n<p>Por fim, o profeta det\u00e9m-se na ora\u00e7\u00e3o dos sacerdotes, os quais, com as l\u00e1grimas nos olhos, se dirigem a Deus, dizendo: \u00abN\u00e3o transformes em ignom\u00ednia a tua heran\u00e7a, para que ela n\u00e3o se torne o esc\u00e1rnio dos povos! Porque diriam: \u201cOnde est\u00e1 o seu Deus?\u201d\u00bb (v. 17). Esta ora\u00e7\u00e3o faz-nos refletir sobre a import\u00e2ncia que tem o testemunho de f\u00e9 e de vida crist\u00e3 de cada um de n\u00f3s e das nossas comunidades para manifestar o rosto da Igreja; rosto este que, \u00e0s vezes, fica deturpado. Penso de modo particular nas culpas contra a unidade da Igreja, nas divis\u00f5es no corpo eclesial. Viver a Quaresma numa comunh\u00e3o eclesial mais intensa e palp\u00e1vel, superando individualismos e rivalidades, \u00e9 um sinal humilde e precioso para aqueles que est\u00e3o longe da f\u00e9 ou s\u00e3o indiferentes.<\/p>\n<p>&nbsp;<\/p>\n<p>\u00abAgora \u00e9 o momento favor\u00e1vel, agora \u00e9 o dia da salva\u00e7\u00e3o\u00bb (2 Cor 6, 2). A urg\u00eancia com que estas palavras do ap\u00f3stolo Paulo aos crist\u00e3os de Corinto ressoam tamb\u00e9m para n\u00f3s \u00e9 tal que n\u00e3o admite escapat\u00f3ria ou in\u00e9rcia. A repeti\u00e7\u00e3o do termo \u00abagora\u00bb significa que este momento n\u00e3o pode ser desperdi\u00e7ado, \u00e9-nos oferecido como uma ocasi\u00e3o \u00fanica e irrepet\u00edvel. E o olhar do Ap\u00f3stolo concentra-se sobre Cristo cuja vida se caracteriza pela partilha, tendo Ele assumido tudo o que era humano at\u00e9 ao ponto de carregar sobre Si o pr\u00f3prio pecado dos homens. A frase de S\u00e3o Paulo \u00e9 muito forte: \u00abDeus o fez pecado por n\u00f3s\u00bb. Jesus, o inocente, o Santo, \u00abAquele que n\u00e3o havia conhecido o pecado\u00bb (2 Cor 5, 21), carrega o peso do pecado partilhando com a humanidade o seu resultado: a morte, e morte de cruz. A reconcilia\u00e7\u00e3o que nos \u00e9 oferecida teve um pre\u00e7o alt\u00edssimo: a cruz erguida no G\u00f3lgota, na qual esteve pendurado o Filho de Deus feito homem. Nesta imers\u00e3o de Deus no sofrimento humano e no abismo do mal, est\u00e1 a raiz da nossa justifica\u00e7\u00e3o. O \u00abconverter-se a Deus de todo o cora\u00e7\u00e3o\u00bb no nosso caminho quaresmal passa atrav\u00e9s da Cruz, do seguir Cristo pela estrada que conduz ao Calv\u00e1rio, ao dom total de si mesmo. \u00c9 um caminho onde devemos aprender dia a dia a sair cada vez mais do nosso ego\u00edsmo e mesquinhez para dar espa\u00e7o a Deus que abre e transforma o cora\u00e7\u00e3o. E S\u00e3o Paulo lembra que o an\u00fancio da Cruz ressoa para n\u00f3s mediante a prega\u00e7\u00e3o da Palavra, da qual o pr\u00f3prio Ap\u00f3stolo \u00e9 embaixador; trata-se de um apelo que nos \u00e9 dirigido para fazermos com que este caminho quaresmal se caracterize por uma escuta mais atenta e ass\u00eddua da Palavra de Deus, luz que ilumina os nossos passos.<\/p>\n<p>&nbsp;<\/p>\n<p>Na p\u00e1gina do Evangelho de Mateus, que pertence ao chamado Serm\u00e3o da Montanha, Jesus faz refer\u00eancia a tr\u00eas pr\u00e1ticas fundamentais previstas pela Lei mosaica: a esmola, a ora\u00e7\u00e3o e o jejum; mas s\u00e3o tamb\u00e9m indica\u00e7\u00f5es tradicionais, no caminho quaresmal, para responder ao convite de \u00abconverter-se a Deus de todo o cora\u00e7\u00e3o\u00bb. Mas Jesus p\u00f5e em evid\u00eancia aquilo que qualifica a autenticidade de cada gesto religioso, dizendo que \u00e9 a qualidade e a verdade do relacionamento com Deus. Por isso, denuncia a hipocrisia religiosa, o comportamento que quer dar nas vistas, as atitudes que buscam o aplauso e a aprova\u00e7\u00e3o. O verdadeiro disc\u00edpulo n\u00e3o procura servir-se a si mesmo ou ao \u00abp\u00fablico\u00bb, mas ao seu Senhor com simplicidade e generosidade: \u00abE teu Pai, que v\u00ea o oculto, h\u00e1-de recompensar-te\u00bb (Mt 6, 4.6.18). Ent\u00e3o o nosso testemunho ser\u00e1 tanto mais incisivo quanto menos procurarmos a nossa gl\u00f3ria, cientes de que a recompensa do justo \u00e9 o pr\u00f3prio Deus, permanecer unido a Ele, aqui nesta terra, no caminho da f\u00e9 e, no fim vida, na paz e na luz do encontro face a face com Ele para sempre (cf. 1 Cor 13, 12).<\/p>\n<p>&nbsp;<\/p>\n<p>Amados irm\u00e3os e irm\u00e3s, confiantes e alegres comecemos o itiner\u00e1rio quaresmal. Ressoe em n\u00f3s intensamente o convite \u00e0 convers\u00e3o, a \u00abconverter-se a Deus de todo o cora\u00e7\u00e3o\u00bb, acolhendo a sua gra\u00e7a que faz de n\u00f3s homens novos, e de uma novidade maravilhosa que \u00e9 a participa\u00e7\u00e3o na pr\u00f3pria vida de Jesus. Que nenhum de n\u00f3s fique surdo a este apelo, que nos \u00e9 dirigido nomeadamente com o rito austero \u2013 t\u00e3o simples e ao mesmo tempo t\u00e3o sugestivo \u2013 da imposi\u00e7\u00e3o das cinzas, que dentro em breve realizaremos. Acompanha-nos neste tempo a Virgem Maria, M\u00e3e da Igreja e modelo de todo o verdadeiro disc\u00edpulo do Senhor. Am\u00e9m!<\/p>\n<p><strong>\u00a0<\/strong><\/p>\n<p><strong>\u00a0<\/strong><\/p>\n<p><strong>\u00a0<\/strong><\/p>\n<ol start=\"3\">\n<li><strong>Medita\u00e7\u00e3o II: <\/strong><strong>MENSAGEM DO PAPA FRANCISCO PARA A CAMPANHA DA FRATERNIDADE 2023<\/strong><\/li>\n<\/ol>\n<p><strong>\u00a0<\/strong><\/p>\n<p>&nbsp;<\/p>\n<p>Queridos irm\u00e3os e irm\u00e3s do Brasil!<\/p>\n<p>&nbsp;<\/p>\n<p>Todos os anos, no tempo da Quaresma, somos chamados por Deus a trilhar um caminho de verdadeira e sincera convers\u00e3o, redirecionando toda a nossa vida para Ele, que \u201camou tanto o mundo, que deu o seu Filho \u00fanico, para que todo o que nele crer n\u00e3o pere\u00e7a, mas tenha a vida eterna\u201d (Jo 3, 16). Ao preparar-nos para a celebra\u00e7\u00e3o dessa entrega amorosa na P\u00e1scoa, encontramos na ora\u00e7\u00e3o, na esmola e no jejum, vividos de modo mais intenso durante este tempo, pr\u00e1ticas penitenciais que nos ajudam a colaborar com a a\u00e7\u00e3o do Espirito Santo, autor da nossa\u00a0 santifica\u00e7\u00e3o.<\/p>\n<p>&nbsp;<\/p>\n<p>Com o intuito de animar o povo fiel nesse itiner\u00e1rio ao encontro do Senhor, a Campanha da Fraternidade deste ano prop\u00f5e que voltemos o nosso olhar para os nossos irm\u00e3os mais necessitados, afetados pelo flagelo da fome. Por outro lado, descartam-se toneladas de alimentos. Isto constitui um verdadeiro esc\u00e2ndalo. A fome \u00e9 criminosa, a alimenta\u00e7\u00e3o \u00e9 um direito inalien\u00e1vel\u201d (Discurso no encontro com os Movimentos Populares, 28\/X\/2014)<\/p>\n<p>&nbsp;<\/p>\n<p>A indica\u00e7\u00e3o dada por Jesus aos seus ap\u00f3stolos \u201cDai-lhes vos mesmos de comer\u201d (Mt 14, 16) \u00e9 dirigida hoje a todos n\u00f3s, seus disc\u00edpulos, para que partilhemos \u2013 do muito ou do pouco que temos \u2013 com os nossos irm\u00e3os que nem sequer tem com que saciar a pr\u00f3pria fome. Sabemos que indo ao encontro das necessidades daqueles que passam fome, estaremos saciando o pr\u00f3prio Senhor Jesus, que se identifica com os mais pobres e famintos: eu estava com fome, e me destes de comer\u2026 todas as vezes que fizestes isso a um destes mais pequenos, que s\u00e3o meus irm\u00e3os, foi a mim que o fizestes\u201d (Mt 25, 35.40).<\/p>\n<p>&nbsp;<\/p>\n<p>\u00c9 meu grande desejo que a reflex\u00e3o sobre o tema da fome, proposta aos cat\u00f3licos brasileiros durante o tempo quaresmal que se aproxima, leve n\u00e3o somente a a\u00e7\u00f5es concretas \u2013 sem d\u00favida, necess\u00e1rias \u2013 que venham de modo emergencial em auxilio dos irm\u00e3os mais necessitados, mas tamb\u00e9m gere em todos a consci\u00eancia de que a partilha dos dons que o Senhor nos concede em sua bondade n\u00e3o pode restringir-se a um momento, a uma campanha, a algumas a\u00e7\u00f5es pontuais, mas deve ser uma atitude constante de todos n\u00f3s, que nos compromete com Cristo presente em todo aquele que passa fome.<\/p>\n<p>&nbsp;<\/p>\n<p>Desejo igualmente que esta conscientiza\u00e7\u00e3o pessoal ressoe em nossas estruturas paroquiais e diocesanas, mas tamb\u00e9m encontre eco nos \u00f3rg\u00e3os de governo a n\u00edvel federal, estadual e municipal, bem como nas demais entidades da sociedade civil, a fim de que, trabalhando todos em conjunto, possam definitivamente extirpar das terras brasileiras o flagelo da fome. Lembremo-nos de que \u201caqueles que sofrem a mis\u00e9ria n\u00e3o s\u00e3o diferentes de n\u00f3s. T\u00eam a mesma carne e sangue que n\u00f3s. Por isso, merecem que uma m\u00e3o amiga os socorra e ajude, de modo que ningu\u00e9m seja deixado para tr\u00e1s e, no nosso mundo, a fraternidade tenha direito de cidadania\u201d (Mensagem para o Dia Mundial da Alimenta\u00e7\u00e3o, 16\/X\/2018, n. 7)<\/p>\n<p>&nbsp;<\/p>\n<p>Confiando estes votos aos cuidados de Nossa Senhora Aparecida e como penhor de abundantes gra\u00e7as celestes que auxiliem as iniciativas nascidas a partir da Campanha da Fraternidade, concedo de bom grado a todos os filhos e filhas da querida na\u00e7\u00e3o brasileira, de modo especial aqueles que se empenham incansavelmente para que ningu\u00e9m passe fome, a Ben\u00e7\u00e3o Apost\u00f3lica, pedindo que continuem a rezar por mim.<\/p>\n<p>&nbsp;<\/p>\n<p>Roma, S\u00e3o Jo\u00e3o de Latr\u00e3o, 21 de dezembro de 2022.<\/p>\n<p>&nbsp;<\/p>\n<p>Franciscus<\/p>\n<p>&nbsp;<\/p>\n<p>&nbsp;<\/p>\n<ol start=\"4\">\n<li><strong>Leitura Espiritual: <\/strong><\/li>\n<\/ol>\n<p>&nbsp;<\/p>\n<p><strong>MENSAGEM DO PAPA FRANCISCO PARA O DIA MUNDIAL DA ALIMENTA\u00c7\u00c3O 2016<\/strong><a href=\"#_ftn2\" name=\"_ftnref2\">[2]<\/a><\/p>\n<p><strong>\u00a0<\/strong><\/p>\n<p><strong>\u00a0<\/strong><\/p>\n<p>Ao Professor Jos\u00e9 Graziano da Silva Diretor-Geral da FAO<\/p>\n<p>Ilustr\u00edssimo Senhor!<\/p>\n<p>&nbsp;<\/p>\n<ol>\n<li>A circunst\u00e2ncia que a FAO tenha querido dedicar o hodierno Dia Mundial da Alimenta\u00e7\u00e3o ao tema \u00abO clima est\u00e1 a mudar. A alimenta\u00e7\u00e3o e a agricultura tamb\u00e9m\u00bb, leva-nos a considerar a luta contra a fome um objetivo ainda mais dif\u00edcil de alcan\u00e7ar, na presen\u00e7a de um fen\u00f3meno complexo como as mudan\u00e7as clim\u00e1ticas. Na l\u00f3gica de fazer face aos desafios que a natureza apresenta ao homem e o homem apresenta \u00e0 natureza (cf. Enc. Laudato si\u2019, 25), permito-me submeter \u00e0 considera\u00e7\u00e3o da FAO, dos seus Estados-Membros e de quantos participam na sua a\u00e7\u00e3o algumas reflex\u00f5es.<\/li>\n<\/ol>\n<p>&nbsp;<\/p>\n<p>Ao que se deve a atual mudan\u00e7a clim\u00e1tica? Devemos questionar-nos sobre as nossas responsabilidades individuais e coletivas sem recorrer a f\u00e1ceis sofismos que se escondem por detr\u00e1s de dados estat\u00edsticos ou de previs\u00f5es discordantes. N\u00e3o se trata de abandonar o dado cient\u00edfico do qual precisamos como nunca, mas de ir al\u00e9m da simples leitura do fen\u00f3meno ou de contabilizar os seus m\u00faltiplos efeitos.<\/p>\n<p>&nbsp;<\/p>\n<p>A nossa condi\u00e7\u00e3o de pessoas necessariamente em rela\u00e7\u00e3o e a nossa responsabilidade de guardas da cria\u00e7\u00e3o e da sua ordem imp\u00f5em que remontemos \u00e0s causas das atuais mudan\u00e7as e cheguemos \u00e0s ra\u00edzes. Antes de tudo, devemos admitir que os diversos efeitos negativos sobre o clima derivam dos comportamentos di\u00e1rios de pessoas, comunidades, povos e Estados. Se estivermos cientes disto, n\u00e3o \u00e9 suficiente a avalia\u00e7\u00e3o em termos \u00e9ticos e morais. \u00c9 preciso agir politicamente, ou seja, fazer as op\u00e7\u00f5es necess\u00e1rias, desencorajar ou promover comportamentos e estilos de vida, em benef\u00edcio das novas gera\u00e7\u00f5es e das vindouras. S\u00f3 assim podemos preservar o planeta.<\/p>\n<p>&nbsp;<\/p>\n<p>As interven\u00e7\u00f5es necess\u00e1rias devem ser adequadamente projetadas e n\u00e3o podem ser fruto da emotividade ou das raz\u00f5es de um momento. \u00c9 importante program\u00e1-las. Neste trabalho as institui\u00e7\u00f5es, chamadas a trabalhar juntas, assumem um papel fundamental, dado que a a\u00e7\u00e3o dos indiv\u00edduos, mesmo se necess\u00e1ria, s\u00f3 ser\u00e1 eficaz se for enquadrada numa rede feita de pessoas, entidades p\u00fablicas e privadas, organiza\u00e7\u00f5es nacionais e internacionais. Mas esta rede n\u00e3o pode permanecer an\u00f3nima, esta rede tem o nome de fraternidade e deve agir com base na sua solidariedade fundamental.<\/p>\n<p>&nbsp;<\/p>\n<ol start=\"2\">\n<li>Quantos est\u00e3o comprometidos no trabalho dos campos, da cria\u00e7\u00e3o de gado, da pequena pesca, das florestas, ou vivem nas \u00e1reas rurais em confronto direto com os efeitos das mudan\u00e7as clim\u00e1ticas, experimentam que, se o clima muda, tamb\u00e9m a sua vida muda. Sobre os seus dias pesam situa\u00e7\u00f5es dif\u00edceis, por vezes dram\u00e1ticas, o futuro torna-se cada vez mais incerto e assim ganha terreno o pensamento de abandonar casas e afetos. Prevalece o sentido de abandono, o sentimento de ser esquecidos pelas institui\u00e7\u00f5es, privados das contribui\u00e7\u00f5es que podem derivar da t\u00e9cnica, e tamb\u00e9m da justa considera\u00e7\u00e3o por parte de todos n\u00f3s que beneficiamos do seu trabalho.<\/li>\n<\/ol>\n<p>&nbsp;<\/p>\n<p>Da sabedoria das comunidades rurais podemos aprender um estilo de vida que pode ajudar a defender-se da l\u00f3gica do consumo e da produ\u00e7\u00e3o a toda a for\u00e7a, l\u00f3gica que, disfar\u00e7ando-se de boas justifica\u00e7\u00f5es, como o aumento da popula\u00e7\u00e3o, na realidade t\u00eam por objetivo unicamente o aumento do lucro. No setor do qual a FAO se ocupa, est\u00e1 a crescer o n\u00famero de quantos pensam que s\u00e3o omnipotentes e que podem descuidar os ciclos das esta\u00e7\u00f5es ou modificar impropriamente as diversas esp\u00e9cies animais e vegetais, fazendo perder aquela variedade que, se existe na natureza, significa que desempenha \u2014 e deve desempenhar \u2014 o seu papel. Criar produtos que d\u00e3o \u00f3timos resultados no laborat\u00f3rio, pode ser vantajoso para alguns, mas ter efeitos arruinadores para outros. E o princ\u00edpio de precau\u00e7\u00e3o n\u00e3o \u00e9 suficiente, porque muitas vezes se limita a n\u00e3o permitir fazer algo, enquanto h\u00e1 necessidade de agir com equil\u00edbrio e honestidade. Selecionar geneticamente uma qualidade de planta pode dar resultados impressionantes sob o ponto de vista quantitativo, mas foram tidos em conta os terrenos que v\u00e3o perder a sua capacidade de produzir, os criadores de gado que n\u00e3o v\u00e3o ter pastagens para os seus animais, e quantos recursos aqu\u00edferos se tornar\u00e3o inutiliz\u00e1veis? E sobretudo, questionamo-nos se e em que medida contribu\u00edmos para alterar o clima?<\/p>\n<p>&nbsp;<\/p>\n<p>Por conseguinte, n\u00e3o se trata de precau\u00e7\u00e3o, mas de sabedoria! Aquela que camponeses, pescadores, criadores de gado conservam na mem\u00f3ria h\u00e1 gera\u00e7\u00f5es e que hoje veem escarnecida e esquecida por um modelo de produ\u00e7\u00e3o que \u00e9 vantajoso unicamente para grupos restritos de uma ex\u00edgua por\u00e7\u00e3o da popula\u00e7\u00e3o mundial. Recordemo-nos que se trata de um modelo que, com toda a sua ci\u00eancia, permite que cerca de oitocentos milh\u00f5es de pessoas ainda sofram a fome.<\/p>\n<p>&nbsp;<\/p>\n<ol start=\"3\">\n<li>A quest\u00e3o tem os seus reflexos diretos nas emerg\u00eancias que diariamente Institui\u00e7\u00f5es intergovernamentais como a FAO est\u00e3o chamadas a enfrentar e gerir, cientes de que as mudan\u00e7as clim\u00e1ticas n\u00e3o dependem exclusivamente da esfera meteorol\u00f3gica. Como esquecer que tamb\u00e9m o clima concorre para tornar incessante a mobilidade humana! Os dados mais recentes dizem que os migrantes clim\u00e1ticos s\u00e3o cada vez mais numerosos e contribuem para engrossar a fila daquela caravana dos \u00faltimos, dos exclu\u00eddos, daqueles aos quais \u00e9 negado o desempenho de um papel na grande fam\u00edlia humana. Um papel que n\u00e3o pode ser concedido por um estado ou por um status, mas que pertence a cada ser humano enquanto pessoa, com a sua dignidade e os seus direitos.<\/li>\n<\/ol>\n<p>&nbsp;<\/p>\n<p>Impressionar-se e comover-se diante de quem, em qualquer latitude, pede o p\u00e3o de cada dia, nem sempre \u00e9 suficiente. S\u00e3o necess\u00e1rias escolhas e a\u00e7\u00f5es. Muitas vezes, tamb\u00e9m como Igreja Cat\u00f3lica, recordamos que os n\u00edveis de produ\u00e7\u00e3o mundial permitem garantir alimentos a todos, sob condi\u00e7\u00e3o de que haja uma distribui\u00e7\u00e3o equitativa. Mas podemos ainda continuar nesta linha, se depois as l\u00f3gicas seguem outros caminhos chegando a fazer dos produtos agr\u00edcolas uma mercadoria qualquer, a us\u00e1-los cada vez mais para finalidades n\u00e3o alimentares ou a destruir alimentos unicamente porque s\u00e3o em excesso em rela\u00e7\u00e3o ao lucro e n\u00e3o \u00e0s necessidades? Com efeito, sabemos que o mecanismo da distribui\u00e7\u00e3o permanece te\u00f3rico se os famintos n\u00e3o t\u00eam acesso efetivo aos alimentos, se continuam a depender de contribui\u00e7\u00f5es externas mais ou menos condicionadas, se n\u00e3o se cria uma rela\u00e7\u00e3o correta entre procura e consumo e, por fim, se n\u00e3o se eliminam os desperd\u00edcios e n\u00e3o se limitam as perdas alimentares.<\/p>\n<p>&nbsp;<\/p>\n<p>Todos estamos chamados a cooperar nesta mudan\u00e7a de rumo: respons\u00e1veis pol\u00edticos, produtores, trabalhadores da terra, da pesca e das florestas, e todos os cidad\u00e3os. Certamente, cada um nas diversas responsabilidades, mas todos no mesmo papel de construtores de uma ordem interna das Na\u00e7\u00f5es e de uma ordem internacional que n\u00e3o permitam mais que o desenvolvimento seja privil\u00e9gio de poucos, nem que os bens da cria\u00e7\u00e3o sejam patrim\u00f3nio dos poderosos. As possibilidades n\u00e3o faltam e os exemplos positivos, as boas pr\u00e1ticas, p\u00f5em-nos \u00e0 disposi\u00e7\u00e3o experi\u00eancias que podem ser percorridas, partilhadas e difundidas.<\/p>\n<p>&nbsp;<\/p>\n<ol start=\"4\">\n<li>A vontade de trabalhar n\u00e3o pode depender das vantagens que disso podem derivar, mas \u00e9 uma exig\u00eancia relacionada com as necessidades que se manifestam na vida das pessoas e da inteira fam\u00edlia humana. Necessidades materiais e espirituais, mas contudo reais, n\u00e3o fruto das escolhas de poucos, de modas do momento ou de modelos de vida que tornam a pessoa um objeto, a vida humana um instrumento, at\u00e9 de experimenta\u00e7\u00e3o, e a produ\u00e7\u00e3o de alimentos um mero neg\u00f3cio, ao qual sacrificar at\u00e9 os alimentos dispon\u00edveis, destinado por natureza a fazer com que cada um possa ter todos os dias uma alimenta\u00e7\u00e3o suficiente e sadia.<\/li>\n<\/ol>\n<p>&nbsp;<\/p>\n<p>Estamos j\u00e1 pr\u00f3ximos da nova etapa que em Marrakech chamar\u00e1 os Estados-Parte da Conven\u00e7\u00e3o sobre as mudan\u00e7as clim\u00e1ticas a p\u00f4r em pr\u00e1tica aqueles compromissos. Penso que interpreto o desejo de muitos ao auspiciar que os objetivos tra\u00e7ados pelo Acordo de Paris n\u00e3o permane\u00e7am palavras, mas se transformem em decis\u00f5es corajosas capazes de fazer da solidariedade n\u00e3o s\u00f3 uma virtude, mas tamb\u00e9m um modelo concreto na economia, e da fraternidade n\u00e3o mais uma aspira\u00e7\u00e3o, mas um crit\u00e9rio da governan\u00e7a interna e internacional.<\/p>\n<p>&nbsp;<\/p>\n<p>S\u00e3o estas, Senhor Diretor-Geral, algumas reflex\u00f5es que desejo fazer-lhe chegar neste momento, no qual se entreveem preocupa\u00e7\u00f5es, trepida\u00e7\u00f5es e tens\u00f5es causadas tamb\u00e9m por uma quest\u00e3o clim\u00e1tica que est\u00e1 cada vez mais presente no nosso dia a dia e pesa sobre as condi\u00e7\u00f5es de vida, antes de tudo, de tantos nossos irm\u00e3os e irm\u00e3s entre os mais vulner\u00e1veis e marginalizados. Queira o Omnipotente aben\u00e7oar os vossos esfor\u00e7os ao servi\u00e7o da humanidade inteira.<\/p>\n<p>&nbsp;<\/p>\n<p>Vaticano, 14 de outubro de 2016<\/p>\n<p>&nbsp;<\/p>\n<p>FRANCISCO<\/p>\n<p>&nbsp;<\/p>\n<p><strong>\u00a0<\/strong><\/p>\n<ol start=\"5\">\n<li><strong>Para Recordar:<\/strong><\/li>\n<\/ol>\n<p>&nbsp;<\/p>\n<ol>\n<li>S\u00e3o Le\u00e3o Magno: \u201cA quaresma \u00e9 tempo de limpar e enfeitar a casa por dentro. Conv\u00e9m que vivamos sempre de modo s\u00e1bio e santo, dirigindo nossa vontade e nossas a\u00e7\u00f5es para aquilo que sabemos agradar a Deus\u201d.<\/li>\n<\/ol>\n<p>&nbsp;<\/p>\n<ol start=\"2\">\n<li>Papa Francisco: \u201cA Quaresma \u00e9 um tempo prop\u00edcio para o despojamento; e far-nos-\u00e1 bem questionar-nos acerca do que nos podemos privar a fim de ajudar e enriquecer a outros com a nossa pobreza\u201d.<\/li>\n<\/ol>\n<p>&nbsp;<\/p>\n<ol start=\"3\">\n<li>Papa Em\u00e9rito Bento XVI: \u201cAtrav\u00e9s das pr\u00e1ticas tradicionais do jejum, da esmola e da ora\u00e7\u00e3o, express\u00f5es do empenho de convers\u00e3o, a Quaresma educa para viver de modo cada vez mais radical o amor de Cristo\u201d.<\/li>\n<\/ol>\n<p>&nbsp;<\/p>\n<ol start=\"4\">\n<li>\u201cQuem quiser vencer as tenta\u00e7\u00f5es, n\u00e3o confie em si, mas tanto mais em Deus\u201d (Santo Ant\u00e3o, Abade).<\/li>\n<\/ol>\n<p>&nbsp;<\/p>\n<ol start=\"5\">\n<li>\u201cA santidade consiste em estar sempre alegre\u201d (S\u00e3o Jo\u00e3o Bosco)<\/li>\n<\/ol>\n<p>&nbsp;<\/p>\n<ol start=\"6\">\n<li>\u201cPara ser santo uma s\u00f3 coisa \u00e9 necess\u00e1ria: estar perto de Jesus\u201d. (Padre Pio)<\/li>\n<\/ol>\n<p>&nbsp;<\/p>\n<ol start=\"7\">\n<li>\u201cDeixa que a gra\u00e7a do teu Batismo frutifique num caminho de santidade. Deixa que tudo esteja aberto a Deus e, para isso, opta por Ele, escolhe Deus sem cessar. N\u00e3o desanimes, porque tens a for\u00e7a do Esp\u00edrito Santo para tornar poss\u00edvel a santidade\u201d. (Papa Francisco)<\/li>\n<\/ol>\n<p>&nbsp;<\/p>\n<ol start=\"8\">\n<li>&#8220;Para ser santo n\u00e3o \u00e9 preciso realizar atos extraordin\u00e1rios nem possuir dons excepcionais. \u00c9 simplesmente necess\u00e1rio servir Jesus, escut\u00e1-lo e segui-lo sem perder a coragem perante as dificuldades&#8221;. (Bento XVI)<\/li>\n<\/ol>\n<p><strong>\u00a0<\/strong><\/p>\n<p><strong>\u00a0<\/strong><\/p>\n<p><strong>Ora\u00e7\u00e3o<\/strong><\/p>\n<p><strong>\u00a0<\/strong><\/p>\n<p><strong>Senhor,<\/strong><\/p>\n<p><strong>Nesta Quaresma, tempo de mergulhar no meu interior,<\/strong><\/p>\n<p><strong>de revis\u00e3o e de convers\u00e3o,<\/strong><\/p>\n<p><strong>ensina-me a descer sempre mais<\/strong><\/p>\n<p><strong>at\u00e9 onde Tu te encontras: o meu cora\u00e7\u00e3o.<\/strong><\/p>\n<p><strong>Como \u201cdescer\u201d at\u00e9 a\u00ed?<\/strong><\/p>\n<p><strong>\u00a0<\/strong><\/p>\n<p><strong>Pelo sil\u00eancio, encontrando tempo para rezar,<\/strong><\/p>\n<p><strong>pela leitura da Tua Palavra que tanto me quer dizer,<\/strong><\/p>\n<p><strong>pelos Sacramentos, especialmente a Confiss\u00e3o e a Santa Missa.<\/strong><\/p>\n<p><strong>\u00a0<\/strong><\/p>\n<p><strong>Tamb\u00e9m pela aceita\u00e7\u00e3o das contrariedades,<\/strong><\/p>\n<p><strong>o peso das circunst\u00e2ncias e da monotonia da vida\u2026<\/strong><\/p>\n<p><strong>com os olhos postos em Ti.<\/strong><\/p>\n<p><strong>\u00a0<\/strong><\/p>\n<p><strong>Senhor, Tu que est\u00e1s no meu \u00edntimo,<\/strong><\/p>\n<p><strong>ajuda-me nesta Quaresma a fazer uma viagem ao meu interior,<\/strong><\/p>\n<p><strong>para a\u00ed me encontrar contigo! Am\u00e9m!<\/strong><\/p>\n<p>&nbsp;<\/p>\n<p>&nbsp;<\/p>\n<ol start=\"6\">\n<li><strong>Exame de Consci\u00eancia<\/strong><\/li>\n<\/ol>\n<p><strong>\u00a0<\/strong><\/p>\n<p><strong>\u00a0<\/strong><\/p>\n<p><strong>Ora\u00e7\u00e3o Inicial<\/strong><\/p>\n<p><strong>\u00a0<\/strong><\/p>\n<p>Senhor Pai Santo, iluminai o meu cora\u00e7\u00e3o com a gra\u00e7a do Esp\u00edrito Santo para poder reconhecer com humildade os meus pecados e confessa-los com clareza e arrependimento sincero. Por Cristo Nosso Senhor. Am\u00e9m.<\/p>\n<p>&nbsp;<\/p>\n<p><strong>Exame:<\/strong><\/p>\n<p><strong>\u00a0<\/strong><\/p>\n<p>Neguei ou abandonei a minha f\u00e9? Tenho a preocupa\u00e7\u00e3o de conhec\u00ea-la melhor? Recusei-me a defender a minha f\u00e9 ou fiquei envergonhado dela?<\/p>\n<p>Existe algum aspecto da minha f\u00e9 que eu ainda n\u00e3o aceito?<\/p>\n<p>Faltei voluntariamente \u00e0 Missa nos domingos ou dias de preceito?<\/p>\n<p>Disse o nome de Deus em v\u00e3o? Pratiquei o espiritismo ou coloquei a minha confian\u00e7a em adivinhos ou hor\u00f3scopos?<\/p>\n<p>Manifestei falta de respeito pelas pessoas, lugares ou coisas santas?<\/p>\n<p>Recebi a Sagrada Comunh\u00e3o tendo algum pecado grave n\u00e3o confessado?<\/p>\n<p>Recebi a Comunh\u00e3o sem agradecimento ou sem a devida rever\u00eancia?<\/p>\n<p>Fui impaciente, fiquei irritado ou fui invejoso?<\/p>\n<p>Guardei ressentimentos ou relutei em perdoar?<\/p>\n<p>Fui violento nas palavras ou a\u00e7\u00f5es com outros?<\/p>\n<p>Tive \u00f3dio ou ju\u00edzos cr\u00edticos, em pensamentos ou a\u00e7\u00f5es? Olhei os outros com desprezo?<\/p>\n<p>Fiquei vendo v\u00eddeos ou sites pornogr\u00e1ficos? Cometi atos impuros, sozinho ou com outras pessoas?<\/p>\n<p>Estou morando com algu\u00e9m como se fosse casado, sem que o seja?<\/p>\n<p>Se sou casado, procuro amar o meu c\u00f4njuge mais do que a qualquer outra pessoa? Coloco meu casamento em primeiro lugar?<\/p>\n<p>E os meus filhos? Tenho uma atitude aberta para novos filhos?<\/p>\n<p>Gastei dinheiro com o meu conforto e luxo pessoal, esquecendo as minhas responsabilidades para com os outros e para com a Igreja?<\/p>\n<p>Disse mentiras? Fui honesto e diligente no meu trabalho? Roubei ou enganei algu\u00e9m no trabalho?<\/p>\n<p>Cedi \u00e0 pregui\u00e7a? Preferi a comodidade ao inv\u00e9s do servi\u00e7o aos demais?<\/p>\n<p>Descuidei a minha responsabilidade de aproximar de Deus os outros, com o meu exemplo e a minha palavra?<\/p>\n<p>Colaborei ou encorajei algu\u00e9m a fazer um aborto ou a destruir embri\u00f5es humanos, a praticar a eutan\u00e1sia ou qualquer outro meio de acabar com a vida?<\/p>\n<p>Falei mal dos outros, transformando o assunto em fofoca?<\/p>\n<p>Abusei de bebidas alco\u00f3licas? Usei drogas?<\/p>\n<ol start=\"7\">\n<li><strong>Ato de Contri\u00e7\u00e3o<a href=\"#_ftn3\" name=\"_ftnref3\">[3]<\/a><\/strong><\/li>\n<\/ol>\n<p><strong>\u00a0<\/strong><\/p>\n<p>Senhor, eu me arrependo sinceramente de todo mal que pratiquei e do bem que deixei de fazer. Pecando, eu vos ofendi, meu Deus e meu sumo bem, digno de ser amado sobre todas as coisas. Prometo firmemente, ajudado com a vossa gra\u00e7a, fazer penit\u00eancia e fugir \u00e0s ocasi\u00f5es de pecado. Am\u00e9m!<a href=\"#_ftn4\" name=\"_ftnref4\">[4]<\/a><\/p>\n<p>&nbsp;<\/p>\n<ol start=\"8\">\n<li><strong>Ora\u00e7\u00e3o Final<\/strong><\/li>\n<\/ol>\n<p><strong>\u00a0<\/strong><\/p>\n<p>Para terminar o nosso Retiro colhendo dele frutos que permane\u00e7am, rezemos:<\/p>\n<p><strong>\u00a0<\/strong><\/p>\n<p><em>Esp\u00edrito Santo Consolador, concedei-me o dom da fortaleza.<\/em><\/p>\n<p><em>Fortalecei minha alma para superar as dificuldades de cada dia,<\/em><\/p>\n<p><em>os tormentos das persegui\u00e7\u00f5es e as ins\u00eddias do maligno.<\/em><\/p>\n<p><em>Ajudai-me a ser forte em meio \u00e0s fraquezas espirituais,<\/em><\/p>\n<p><em>para que eu seja sinal de Teu amor e bondade.<\/em><\/p>\n<p><em>\u00a0<\/em><\/p>\n<p><em>Esp\u00edrito Santo de Luz, concedei-me o dom da sabedoria.<\/em><\/p>\n<p><em>Que eu tenha o discernimento necess\u00e1rio para distinguir o mal do bem,<\/em><\/p>\n<p><em>a mentira da verdade, a guerra da paz.<\/em><\/p>\n<p><em>Que Tua santa sabedoria ilumine os espa\u00e7os confusos de minha alma.<\/em><\/p>\n<p><em>\u00a0<\/em><\/p>\n<p><em>Esp\u00edrito Santo Par\u00e1clito, concedei-me o dom do entendimento,<\/em><\/p>\n<p><em>para que eu compreenda corretamente a vontade do Pai Celestial para minha vida.<\/em><\/p>\n<p><em>Dai-me entender o pr\u00f3ximo com amor, miseric\u00f3rdia e paz.<\/em><\/p>\n<p><em>Que eu compreenda, com todo meu ser,<\/em><\/p>\n<p><em>o amor de Cristo Jesus por mim e pela humanidade.<\/em><\/p>\n<p><em>\u00a0<\/em><\/p>\n<p><em>Esp\u00edrito Santo, Advogado Celestial, concedei-me o dom da ci\u00eancia.<\/em><\/p>\n<p><em>Que, iluminado pela Tua luz divina, eu compreenda corretamente<\/em><\/p>\n<p><em>os planos de Deus para minha vida, e seja obediente aos ensinamentos divinos.<\/em><\/p>\n<p><em>Sendo assim, um sinal permanente da miseric\u00f3rdia do Mestre Jesus no mundo.<\/em><\/p>\n<p><em>\u00a0<\/em><\/p>\n<p><em>Esp\u00edrito Santo, Conselheiro Divino, concedei-me o dom do conselho.<\/em><\/p>\n<p><em>Ilumina meu entendimento, para que eu busque em Deus as respostas para minhas d\u00favidas e inquieta\u00e7\u00f5es humanas e espirituais. Colocai em meus l\u00e1bios palavras que restabele\u00e7am a paz no mundo, e ajudai-me a levar sempre um conselho que devolva \u00e0s almas aflitas a serenidade em Deus.<\/em><\/p>\n<p><em>\u00a0<\/em><\/p>\n<p><em>Divino Esp\u00edrito Santo, concedei-me o dom da piedade.<\/em><\/p>\n<p><em>Que minhas ora\u00e7\u00f5es sejam pontes de amor, que unam meu cora\u00e7\u00e3o ao cora\u00e7\u00e3o<\/em><\/p>\n<p><em>de Deus Pai e do Cristo Senhor. Que meu fervor espiritual se renove sempre, para que minha alma frutifique na f\u00e9 e na esperan\u00e7a.<\/em><\/p>\n<p><em>\u00a0<\/em><\/p>\n<p><em>Esp\u00edrito Santo, Consolador dos aflitos, concedei-me o dom do temor de Deus,<\/em><\/p>\n<p><em>para que eu tenha sempre frente meus olhos, a bondade divina, e que meus pensamentos, palavras e a\u00e7\u00f5es, n\u00e3o sejam uma ofensa ao amor misericordioso do Pai Celestial. Assim seja!<\/em><\/p>\n<p>&nbsp;<\/p>\n<p><a href=\"#_ftnref1\" name=\"_ftn1\">[1]<\/a> <strong>Papa Bento XVI<\/strong>, Homilia de Quarta-feira de Cinzas. Roma, 13.02.2013. In <a href=\"https:\/\/www.vatican.va\/content\/benedict-xvi\/pt\/homilies\/2013\/documents\/hf_ben-xvi_hom_20130213_ceneri.html\">https:\/\/www.vatican.va\/content\/benedict-xvi\/pt\/homilies\/2013\/documents\/hf_ben-xvi_hom_20130213_ceneri.html<\/a>. Pesquisado em 23.01.2023.<\/p>\n<p>&nbsp;<\/p>\n<p><a href=\"#_ftnref2\" name=\"_ftn2\">[2]<\/a> Papa Francisco MENSAGEM DO PAPA FRANCISCO PARA O DIA MUNDIAL DA ALIMENTA\u00c7\u00c3O, Roma, 14.10.2016, In <a href=\"https:\/\/www.vatican.va\/content\/francesco\/pt\/messages\/food\/documents\/papa-francesco_20161014_messaggio-giornata-alimentazione.html\">https:\/\/www.vatican.va\/content\/francesco\/pt\/messages\/food\/documents\/papa-francesco_20161014_messaggio-giornata-alimentazione.html<\/a>. Pesquisado em 23.01.2023.<\/p>\n<p>&nbsp;<\/p>\n<p><a href=\"#_ftnref3\" name=\"_ftn3\">[3]<\/a> Chama-se Ato de Contri\u00e7\u00e3o Perfeita a um recurso utilizado quando o penitente est\u00e1 impossibilitado de fazer a confiss\u00e3o sacramental e, para n\u00e3o descumprir o segundo mandamento da Igreja: \u201cconfessar-se ao menos uma vez por ano por ocasi\u00e3o da P\u00e1scoa\u201d, reza fervorosamente uma f\u00f3rmula de Ato de Contri\u00e7\u00e3o, com o firme prop\u00f3sito de receber o Sacramento da Reconcilia\u00e7\u00e3o t\u00e3o logo poss\u00edvel.<\/p>\n<p><a href=\"#_ftnref4\" name=\"_ftn4\">[4]<\/a> Retirado do livro \u2018Sou Cat\u00f3lico, vivo a minha f\u00e9, Edi\u00e7\u00f5es CNBB, 5\u00aa edi\u00e7\u00e3o 2019.<\/p>\n","protected":false},"excerpt":{"rendered":"<p>RETIRO DO M\u00caS DE MAR\u00c7O 2023 &nbsp; Introdu\u00e7\u00e3o &nbsp; Este Retiro Espiritual \u00e9 uma proposta que gostar\u00edamos de apresentar aos nossos jovens, aos nossos educadores&#8230;<\/p>\n","protected":false},"author":6,"featured_media":6364,"comment_status":"closed","ping_status":"closed","sticky":false,"template":"","format":"standard","meta":{"_acf_changed":false,"footnotes":""},"categories":[3],"tags":[],"class_list":["post-6362","post","type-post","status-publish","format-standard","has-post-thumbnail","hentry","category-not"],"acf":[],"yoast_head":"<!-- This site is optimized with the Yoast SEO plugin v27.3 - https:\/\/yoast.com\/product\/yoast-seo-wordpress\/ -->\n<title>Retiro Espiritual - Mar\u00e7o - Pastoral Universit\u00e1ria UniSALESIANO<\/title>\n<meta name=\"robots\" content=\"index, follow, max-snippet:-1, max-image-preview:large, max-video-preview:-1\" \/>\n<link rel=\"canonical\" href=\"https:\/\/unisale.com.br\/novo\/retiro-espiritual-marco\/\" \/>\n<meta property=\"og:locale\" content=\"pt_BR\" \/>\n<meta property=\"og:type\" content=\"article\" \/>\n<meta property=\"og:title\" content=\"Retiro Espiritual - Mar\u00e7o - Pastoral Universit\u00e1ria UniSALESIANO\" \/>\n<meta property=\"og:description\" content=\"RETIRO DO M\u00caS DE MAR\u00c7O 2023 &nbsp; Introdu\u00e7\u00e3o &nbsp; Este Retiro Espiritual \u00e9 uma proposta que gostar\u00edamos de apresentar aos nossos jovens, aos nossos educadores...\" \/>\n<meta property=\"og:url\" content=\"https:\/\/unisale.com.br\/novo\/retiro-espiritual-marco\/\" \/>\n<meta property=\"og:site_name\" content=\"Pastoral Universit\u00e1ria UniSALESIANO\" \/>\n<meta property=\"article:published_time\" content=\"2023-02-24T17:09:04+00:00\" \/>\n<meta property=\"article:modified_time\" content=\"2023-02-24T17:14:11+00:00\" \/>\n<meta property=\"og:image\" content=\"https:\/\/unisale.com.br\/novo\/wp-content\/uploads\/2023\/02\/Sem-Titulo-1.png\" \/>\n\t<meta property=\"og:image:width\" content=\"810\" \/>\n\t<meta property=\"og:image:height\" content=\"810\" \/>\n\t<meta property=\"og:image:type\" content=\"image\/png\" \/>\n<meta name=\"author\" content=\"Luiz Alexandre Marinho Lanzoni\" \/>\n<meta name=\"twitter:card\" content=\"summary_large_image\" \/>\n<meta name=\"twitter:label1\" content=\"Escrito por\" \/>\n\t<meta name=\"twitter:data1\" content=\"Luiz Alexandre Marinho Lanzoni\" \/>\n\t<meta name=\"twitter:label2\" content=\"Est. tempo de leitura\" \/>\n\t<meta name=\"twitter:data2\" content=\"27 minutos\" \/>\n<script type=\"application\/ld+json\" class=\"yoast-schema-graph\">{\"@context\":\"https:\\\/\\\/schema.org\",\"@graph\":[{\"@type\":\"Article\",\"@id\":\"https:\\\/\\\/unisale.com.br\\\/novo\\\/retiro-espiritual-marco\\\/#article\",\"isPartOf\":{\"@id\":\"https:\\\/\\\/unisale.com.br\\\/novo\\\/retiro-espiritual-marco\\\/\"},\"author\":{\"name\":\"Luiz Alexandre Marinho Lanzoni\",\"@id\":\"https:\\\/\\\/unisale.com.br\\\/pastoral\\\/#\\\/schema\\\/person\\\/492d3d7bfe53a8302576d39485aff2c4\"},\"headline\":\"Retiro Espiritual &#8211; Mar\u00e7o\",\"datePublished\":\"2023-02-24T17:09:04+00:00\",\"dateModified\":\"2023-02-24T17:14:11+00:00\",\"mainEntityOfPage\":{\"@id\":\"https:\\\/\\\/unisale.com.br\\\/novo\\\/retiro-espiritual-marco\\\/\"},\"wordCount\":5441,\"image\":{\"@id\":\"https:\\\/\\\/unisale.com.br\\\/novo\\\/retiro-espiritual-marco\\\/#primaryimage\"},\"thumbnailUrl\":\"https:\\\/\\\/unisale.com.br\\\/pastoral\\\/wp-content\\\/uploads\\\/2023\\\/02\\\/Sem-Titulo-1.png\",\"articleSection\":[\"Not\u00edcias\"],\"inLanguage\":\"pt-BR\"},{\"@type\":\"WebPage\",\"@id\":\"https:\\\/\\\/unisale.com.br\\\/novo\\\/retiro-espiritual-marco\\\/\",\"url\":\"https:\\\/\\\/unisale.com.br\\\/novo\\\/retiro-espiritual-marco\\\/\",\"name\":\"Retiro Espiritual - Mar\u00e7o - Pastoral Universit\u00e1ria UniSALESIANO\",\"isPartOf\":{\"@id\":\"https:\\\/\\\/unisale.com.br\\\/pastoral\\\/#website\"},\"primaryImageOfPage\":{\"@id\":\"https:\\\/\\\/unisale.com.br\\\/novo\\\/retiro-espiritual-marco\\\/#primaryimage\"},\"image\":{\"@id\":\"https:\\\/\\\/unisale.com.br\\\/novo\\\/retiro-espiritual-marco\\\/#primaryimage\"},\"thumbnailUrl\":\"https:\\\/\\\/unisale.com.br\\\/pastoral\\\/wp-content\\\/uploads\\\/2023\\\/02\\\/Sem-Titulo-1.png\",\"datePublished\":\"2023-02-24T17:09:04+00:00\",\"dateModified\":\"2023-02-24T17:14:11+00:00\",\"author\":{\"@id\":\"https:\\\/\\\/unisale.com.br\\\/pastoral\\\/#\\\/schema\\\/person\\\/492d3d7bfe53a8302576d39485aff2c4\"},\"inLanguage\":\"pt-BR\",\"potentialAction\":[{\"@type\":\"ReadAction\",\"target\":[\"https:\\\/\\\/unisale.com.br\\\/novo\\\/retiro-espiritual-marco\\\/\"]}]},{\"@type\":\"ImageObject\",\"inLanguage\":\"pt-BR\",\"@id\":\"https:\\\/\\\/unisale.com.br\\\/novo\\\/retiro-espiritual-marco\\\/#primaryimage\",\"url\":\"https:\\\/\\\/unisale.com.br\\\/pastoral\\\/wp-content\\\/uploads\\\/2023\\\/02\\\/Sem-Titulo-1.png\",\"contentUrl\":\"https:\\\/\\\/unisale.com.br\\\/pastoral\\\/wp-content\\\/uploads\\\/2023\\\/02\\\/Sem-Titulo-1.png\",\"width\":500,\"height\":500},{\"@type\":\"WebSite\",\"@id\":\"https:\\\/\\\/unisale.com.br\\\/pastoral\\\/#website\",\"url\":\"https:\\\/\\\/unisale.com.br\\\/pastoral\\\/\",\"name\":\"Pastoral Universit\u00e1ria UniSALESIANO\",\"description\":\"Site da Pastoral Universit\u00e1ria do UniSALESIANO\",\"potentialAction\":[{\"@type\":\"SearchAction\",\"target\":{\"@type\":\"EntryPoint\",\"urlTemplate\":\"https:\\\/\\\/unisale.com.br\\\/pastoral\\\/?s={search_term_string}\"},\"query-input\":{\"@type\":\"PropertyValueSpecification\",\"valueRequired\":true,\"valueName\":\"search_term_string\"}}],\"inLanguage\":\"pt-BR\"},{\"@type\":\"Person\",\"@id\":\"https:\\\/\\\/unisale.com.br\\\/pastoral\\\/#\\\/schema\\\/person\\\/492d3d7bfe53a8302576d39485aff2c4\",\"name\":\"Luiz Alexandre Marinho Lanzoni\",\"url\":\"https:\\\/\\\/unisale.com.br\\\/pastoral\\\/author\\\/luiz\\\/\"}]}<\/script>\n<!-- \/ Yoast SEO plugin. -->","yoast_head_json":{"title":"Retiro Espiritual - Mar\u00e7o - Pastoral Universit\u00e1ria UniSALESIANO","robots":{"index":"index","follow":"follow","max-snippet":"max-snippet:-1","max-image-preview":"max-image-preview:large","max-video-preview":"max-video-preview:-1"},"canonical":"https:\/\/unisale.com.br\/novo\/retiro-espiritual-marco\/","og_locale":"pt_BR","og_type":"article","og_title":"Retiro Espiritual - Mar\u00e7o - Pastoral Universit\u00e1ria UniSALESIANO","og_description":"RETIRO DO M\u00caS DE MAR\u00c7O 2023 &nbsp; Introdu\u00e7\u00e3o &nbsp; Este Retiro Espiritual \u00e9 uma proposta que gostar\u00edamos de apresentar aos nossos jovens, aos nossos educadores...","og_url":"https:\/\/unisale.com.br\/novo\/retiro-espiritual-marco\/","og_site_name":"Pastoral Universit\u00e1ria UniSALESIANO","article_published_time":"2023-02-24T17:09:04+00:00","article_modified_time":"2023-02-24T17:14:11+00:00","og_image":[{"width":810,"height":810,"url":"https:\/\/unisale.com.br\/novo\/wp-content\/uploads\/2023\/02\/Sem-Titulo-1.png","type":"image\/png"}],"author":"Luiz Alexandre Marinho Lanzoni","twitter_card":"summary_large_image","twitter_misc":{"Escrito por":"Luiz Alexandre Marinho Lanzoni","Est. tempo de leitura":"27 minutos"},"schema":{"@context":"https:\/\/schema.org","@graph":[{"@type":"Article","@id":"https:\/\/unisale.com.br\/novo\/retiro-espiritual-marco\/#article","isPartOf":{"@id":"https:\/\/unisale.com.br\/novo\/retiro-espiritual-marco\/"},"author":{"name":"Luiz Alexandre Marinho Lanzoni","@id":"https:\/\/unisale.com.br\/pastoral\/#\/schema\/person\/492d3d7bfe53a8302576d39485aff2c4"},"headline":"Retiro Espiritual &#8211; Mar\u00e7o","datePublished":"2023-02-24T17:09:04+00:00","dateModified":"2023-02-24T17:14:11+00:00","mainEntityOfPage":{"@id":"https:\/\/unisale.com.br\/novo\/retiro-espiritual-marco\/"},"wordCount":5441,"image":{"@id":"https:\/\/unisale.com.br\/novo\/retiro-espiritual-marco\/#primaryimage"},"thumbnailUrl":"https:\/\/unisale.com.br\/pastoral\/wp-content\/uploads\/2023\/02\/Sem-Titulo-1.png","articleSection":["Not\u00edcias"],"inLanguage":"pt-BR"},{"@type":"WebPage","@id":"https:\/\/unisale.com.br\/novo\/retiro-espiritual-marco\/","url":"https:\/\/unisale.com.br\/novo\/retiro-espiritual-marco\/","name":"Retiro Espiritual - Mar\u00e7o - Pastoral Universit\u00e1ria UniSALESIANO","isPartOf":{"@id":"https:\/\/unisale.com.br\/pastoral\/#website"},"primaryImageOfPage":{"@id":"https:\/\/unisale.com.br\/novo\/retiro-espiritual-marco\/#primaryimage"},"image":{"@id":"https:\/\/unisale.com.br\/novo\/retiro-espiritual-marco\/#primaryimage"},"thumbnailUrl":"https:\/\/unisale.com.br\/pastoral\/wp-content\/uploads\/2023\/02\/Sem-Titulo-1.png","datePublished":"2023-02-24T17:09:04+00:00","dateModified":"2023-02-24T17:14:11+00:00","author":{"@id":"https:\/\/unisale.com.br\/pastoral\/#\/schema\/person\/492d3d7bfe53a8302576d39485aff2c4"},"inLanguage":"pt-BR","potentialAction":[{"@type":"ReadAction","target":["https:\/\/unisale.com.br\/novo\/retiro-espiritual-marco\/"]}]},{"@type":"ImageObject","inLanguage":"pt-BR","@id":"https:\/\/unisale.com.br\/novo\/retiro-espiritual-marco\/#primaryimage","url":"https:\/\/unisale.com.br\/pastoral\/wp-content\/uploads\/2023\/02\/Sem-Titulo-1.png","contentUrl":"https:\/\/unisale.com.br\/pastoral\/wp-content\/uploads\/2023\/02\/Sem-Titulo-1.png","width":500,"height":500},{"@type":"WebSite","@id":"https:\/\/unisale.com.br\/pastoral\/#website","url":"https:\/\/unisale.com.br\/pastoral\/","name":"Pastoral Universit\u00e1ria UniSALESIANO","description":"Site da Pastoral Universit\u00e1ria do UniSALESIANO","potentialAction":[{"@type":"SearchAction","target":{"@type":"EntryPoint","urlTemplate":"https:\/\/unisale.com.br\/pastoral\/?s={search_term_string}"},"query-input":{"@type":"PropertyValueSpecification","valueRequired":true,"valueName":"search_term_string"}}],"inLanguage":"pt-BR"},{"@type":"Person","@id":"https:\/\/unisale.com.br\/pastoral\/#\/schema\/person\/492d3d7bfe53a8302576d39485aff2c4","name":"Luiz Alexandre Marinho Lanzoni","url":"https:\/\/unisale.com.br\/pastoral\/author\/luiz\/"}]}},"_links":{"self":[{"href":"https:\/\/unisale.com.br\/pastoral\/wp-json\/wp\/v2\/posts\/6362","targetHints":{"allow":["GET"]}}],"collection":[{"href":"https:\/\/unisale.com.br\/pastoral\/wp-json\/wp\/v2\/posts"}],"about":[{"href":"https:\/\/unisale.com.br\/pastoral\/wp-json\/wp\/v2\/types\/post"}],"author":[{"embeddable":true,"href":"https:\/\/unisale.com.br\/pastoral\/wp-json\/wp\/v2\/users\/6"}],"replies":[{"embeddable":true,"href":"https:\/\/unisale.com.br\/pastoral\/wp-json\/wp\/v2\/comments?post=6362"}],"version-history":[{"count":0,"href":"https:\/\/unisale.com.br\/pastoral\/wp-json\/wp\/v2\/posts\/6362\/revisions"}],"wp:featuredmedia":[{"embeddable":true,"href":"https:\/\/unisale.com.br\/pastoral\/wp-json\/wp\/v2\/media\/6364"}],"wp:attachment":[{"href":"https:\/\/unisale.com.br\/pastoral\/wp-json\/wp\/v2\/media?parent=6362"}],"wp:term":[{"taxonomy":"category","embeddable":true,"href":"https:\/\/unisale.com.br\/pastoral\/wp-json\/wp\/v2\/categories?post=6362"},{"taxonomy":"post_tag","embeddable":true,"href":"https:\/\/unisale.com.br\/pastoral\/wp-json\/wp\/v2\/tags?post=6362"}],"curies":[{"name":"wp","href":"https:\/\/api.w.org\/{rel}","templated":true}]}}