{"id":6392,"date":"2023-03-06T11:08:28","date_gmt":"2023-03-06T11:08:28","guid":{"rendered":"https:\/\/unisale.com.br\/pastoral\/?p=6392"},"modified":"2023-03-06T11:08:28","modified_gmt":"2023-03-06T11:08:28","slug":"07-03-quem-se-exaltar-sera-humilhado-e-quem-se-humilhar-sera-exaltado","status":"publish","type":"post","link":"https:\/\/unisale.com.br\/pastoral\/07-03-quem-se-exaltar-sera-humilhado-e-quem-se-humilhar-sera-exaltado\/","title":{"rendered":"07\/03 &#8211; Quem se exaltar ser\u00e1 humilhado, e quem se humilhar ser\u00e1 exaltado."},"content":{"rendered":"<p>Ter\u00e7a-feira, 07 de mar\u00e7o de 2023.<\/p>\n<p>&nbsp;<\/p>\n<p>Evangelho (Mt 23,1-12)<\/p>\n<p>&nbsp;<\/p>\n<p><strong>\u201cQuem se exaltar ser\u00e1 humilhado, e quem se humilhar ser\u00e1 exaltado\u201d<\/strong><\/p>\n<p>&nbsp;<\/p>\n<p>Naquele tempo, <sup>1<\/sup>Jesus falou \u00e0s multid\u00f5es e aos seus disc\u00edpulos: <sup>2<\/sup>\u201cOs mestres da Lei e os fariseus t\u00eam autoridade para interpretar a Lei de Mois\u00e9s. <sup>3<\/sup>Por isso, deveis fazer e observar tudo o que eles dizem. Mas n\u00e3o imiteis suas a\u00e7\u00f5es! Pois eles falam e n\u00e3o praticam. <sup>4<\/sup>Amarram pesados fardos e os colocam nos ombros dos outros, mas eles mesmos n\u00e3o est\u00e3o dispostos a mov\u00ea-los, nem sequer com um dedo. <sup>5<\/sup>Fazem todas as suas a\u00e7\u00f5es s\u00f3 para serem vistos pelos outros. Eles usam faixas largas, com trechos da Escritura, na testa e nos bra\u00e7os, e p\u00f5em na roupa longas franjas. <sup>6<\/sup>Gostam de lugar de honra nos banquetes e dos primeiros lugares nas sinagogas. <sup>7<\/sup>Gostam de ser cumprimentados nas pra\u00e7as p\u00fablicas e de serem chamados de Mestre. <sup>8<\/sup>Quanto a v\u00f3s, nunca vos deixeis chamar de Mestre, pois um s\u00f3 \u00e9 vosso Mestre e todos v\u00f3s sois irm\u00e3os. <sup>9<\/sup>Na terra, n\u00e3o chameis a ningu\u00e9m de pai, pois um s\u00f3 \u00e9 vosso Pai, aquele que est\u00e1 nos c\u00e9us. <sup>10<\/sup>N\u00e3o deixeis que vos chamem de guias, pois um s\u00f3 \u00e9 o vosso Guia, Cristo. <sup>11<\/sup>Pelo contr\u00e1rio, o maior dentre v\u00f3s deve ser aquele que vos serve. <sup>12<\/sup>Quem se exaltar ser\u00e1 humilhado, e quem se humilhar ser\u00e1 exaltado\u201d.<\/p>\n<p>&nbsp;<\/p>\n<p><strong>Reflex\u00e3o<\/strong><\/p>\n<p>&nbsp;<\/p>\n<p>Muitas vezes dizemos: \u201cFa\u00e7a o que eu digo, mas n\u00e3o fa\u00e7a o que eu fa\u00e7o\u201d. Jesus critica os escribas justamente por esta maneira de viver. Ensinam as Leis, mas n\u00e3o as observam. Colocam fardos pesados sobre os outros, mas n\u00e3o ajudam a leva-lo. Se interessam em receber a admira\u00e7\u00e3o dos homens, mas n\u00e3o a de Deus. Justamente a Palavra do Evangelho nos interroga a respeito do Esp\u00edrito que est\u00e1 em n\u00f3s. Com o qu\u00ea somos realmente comprometidos? O que procuramos? Pode ser que se procurarmos atentamente, poderemos verificar que estamos muitas vezes mais ocupados com o afeto e a aprova\u00e7\u00e3o dos outros para construirmos a n\u00f3s mesmos. Nossas palavras muito se conformam com as palavras do Evangelho, mas muitas vezes n\u00e3o queremos seguir o nosso \u00fanico Mestre que \u00e9 Jesus. Estamos muito longe de entender que a nossa vida deve se conformar com a vida de Cristo. Isto \u00e9, as nossas a\u00e7\u00f5es de cada dia, os gestos mais normais de afeto e de dedica\u00e7\u00e3o, os sentimentos mais verdadeiros genuinamente humanos, podem ter a for\u00e7a extraordin\u00e1ria do Esp\u00edrito do Senhor. A nossa vida pode ser a \u00e1gua doce que sacia o deserto, onde vivem os nossos contempor\u00e2neos. Precisamos entender que a imagem de Deus deve se formar em n\u00f3s. Dia ap\u00f3s dia devemos nos transformar em Cristo.<\/p>\n<p>&nbsp;<\/p>\n<p><strong>Pe. Paulo\u00a0 Eduardo J\u00e1como, SDB.<\/strong><\/p>\n","protected":false},"excerpt":{"rendered":"<p>Ter\u00e7a-feira, 07 de mar\u00e7o de 2023. &nbsp; Evangelho (Mt 23,1-12) &nbsp; \u201cQuem se exaltar ser\u00e1 humilhado, e quem se humilhar ser\u00e1 exaltado\u201d &nbsp; Naquele tempo,&#8230;<\/p>\n","protected":false},"author":6,"featured_media":6393,"comment_status":"closed","ping_status":"closed","sticky":false,"template":"","format":"standard","meta":{"_acf_changed":false,"footnotes":""},"categories":[13],"tags":[],"class_list":["post-6392","post","type-post","status-publish","format-standard","has-post-thumbnail","hentry","category-reflexaodoevagelho"],"acf":[],"yoast_head":"<!-- This site is optimized with the Yoast SEO plugin v27.3 - https:\/\/yoast.com\/product\/yoast-seo-wordpress\/ -->\n<title>07\/03 - Quem se exaltar ser\u00e1 humilhado, e quem se humilhar ser\u00e1 exaltado. - Pastoral Universit\u00e1ria UniSALESIANO<\/title>\n<meta name=\"robots\" content=\"index, follow, max-snippet:-1, max-image-preview:large, max-video-preview:-1\" \/>\n<link rel=\"canonical\" href=\"https:\/\/unisale.com.br\/novo\/07-03-quem-se-exaltar-sera-humilhado-e-quem-se-humilhar-sera-exaltado\/\" \/>\n<meta property=\"og:locale\" content=\"pt_BR\" \/>\n<meta property=\"og:type\" content=\"article\" \/>\n<meta property=\"og:title\" content=\"07\/03 - Quem se exaltar ser\u00e1 humilhado, e quem se humilhar ser\u00e1 exaltado. - Pastoral Universit\u00e1ria UniSALESIANO\" \/>\n<meta property=\"og:description\" content=\"Ter\u00e7a-feira, 07 de mar\u00e7o de 2023. &nbsp; Evangelho (Mt 23,1-12) &nbsp; \u201cQuem se exaltar ser\u00e1 humilhado, e quem se humilhar ser\u00e1 exaltado\u201d &nbsp; Naquele tempo,...\" \/>\n<meta property=\"og:url\" content=\"https:\/\/unisale.com.br\/novo\/07-03-quem-se-exaltar-sera-humilhado-e-quem-se-humilhar-sera-exaltado\/\" \/>\n<meta property=\"og:site_name\" content=\"Pastoral Universit\u00e1ria UniSALESIANO\" \/>\n<meta property=\"article:published_time\" content=\"2023-03-06T11:08:28+00:00\" \/>\n<meta property=\"og:image\" content=\"https:\/\/unisale.com.br\/novo\/wp-content\/uploads\/2023\/03\/Ev-07.jpg\" \/>\n\t<meta property=\"og:image:width\" content=\"400\" \/>\n\t<meta property=\"og:image:height\" content=\"266\" \/>\n\t<meta property=\"og:image:type\" content=\"image\/jpeg\" \/>\n<meta name=\"author\" content=\"Luiz Alexandre Marinho Lanzoni\" \/>\n<meta name=\"twitter:card\" content=\"summary_large_image\" \/>\n<meta name=\"twitter:label1\" content=\"Escrito por\" \/>\n\t<meta name=\"twitter:data1\" content=\"Luiz Alexandre Marinho Lanzoni\" \/>\n\t<meta name=\"twitter:label2\" content=\"Est. tempo de leitura\" \/>\n\t<meta name=\"twitter:data2\" content=\"2 minutos\" \/>\n<script type=\"application\/ld+json\" class=\"yoast-schema-graph\">{\"@context\":\"https:\\\/\\\/schema.org\",\"@graph\":[{\"@type\":\"Article\",\"@id\":\"https:\\\/\\\/unisale.com.br\\\/novo\\\/07-03-quem-se-exaltar-sera-humilhado-e-quem-se-humilhar-sera-exaltado\\\/#article\",\"isPartOf\":{\"@id\":\"https:\\\/\\\/unisale.com.br\\\/novo\\\/07-03-quem-se-exaltar-sera-humilhado-e-quem-se-humilhar-sera-exaltado\\\/\"},\"author\":{\"name\":\"Luiz Alexandre Marinho Lanzoni\",\"@id\":\"https:\\\/\\\/unisale.com.br\\\/pastoral\\\/#\\\/schema\\\/person\\\/492d3d7bfe53a8302576d39485aff2c4\"},\"headline\":\"07\\\/03 &#8211; Quem se exaltar ser\u00e1 humilhado, e quem se humilhar ser\u00e1 exaltado.\",\"datePublished\":\"2023-03-06T11:08:28+00:00\",\"mainEntityOfPage\":{\"@id\":\"https:\\\/\\\/unisale.com.br\\\/novo\\\/07-03-quem-se-exaltar-sera-humilhado-e-quem-se-humilhar-sera-exaltado\\\/\"},\"wordCount\":505,\"image\":{\"@id\":\"https:\\\/\\\/unisale.com.br\\\/novo\\\/07-03-quem-se-exaltar-sera-humilhado-e-quem-se-humilhar-sera-exaltado\\\/#primaryimage\"},\"thumbnailUrl\":\"https:\\\/\\\/unisale.com.br\\\/pastoral\\\/wp-content\\\/uploads\\\/2023\\\/03\\\/Ev-07.jpg\",\"articleSection\":[\"Reflex\u00e3o do Evangelho\"],\"inLanguage\":\"pt-BR\"},{\"@type\":\"WebPage\",\"@id\":\"https:\\\/\\\/unisale.com.br\\\/novo\\\/07-03-quem-se-exaltar-sera-humilhado-e-quem-se-humilhar-sera-exaltado\\\/\",\"url\":\"https:\\\/\\\/unisale.com.br\\\/novo\\\/07-03-quem-se-exaltar-sera-humilhado-e-quem-se-humilhar-sera-exaltado\\\/\",\"name\":\"07\\\/03 - Quem se exaltar ser\u00e1 humilhado, e quem se humilhar ser\u00e1 exaltado. - Pastoral Universit\u00e1ria UniSALESIANO\",\"isPartOf\":{\"@id\":\"https:\\\/\\\/unisale.com.br\\\/pastoral\\\/#website\"},\"primaryImageOfPage\":{\"@id\":\"https:\\\/\\\/unisale.com.br\\\/novo\\\/07-03-quem-se-exaltar-sera-humilhado-e-quem-se-humilhar-sera-exaltado\\\/#primaryimage\"},\"image\":{\"@id\":\"https:\\\/\\\/unisale.com.br\\\/novo\\\/07-03-quem-se-exaltar-sera-humilhado-e-quem-se-humilhar-sera-exaltado\\\/#primaryimage\"},\"thumbnailUrl\":\"https:\\\/\\\/unisale.com.br\\\/pastoral\\\/wp-content\\\/uploads\\\/2023\\\/03\\\/Ev-07.jpg\",\"datePublished\":\"2023-03-06T11:08:28+00:00\",\"author\":{\"@id\":\"https:\\\/\\\/unisale.com.br\\\/pastoral\\\/#\\\/schema\\\/person\\\/492d3d7bfe53a8302576d39485aff2c4\"},\"inLanguage\":\"pt-BR\",\"potentialAction\":[{\"@type\":\"ReadAction\",\"target\":[\"https:\\\/\\\/unisale.com.br\\\/novo\\\/07-03-quem-se-exaltar-sera-humilhado-e-quem-se-humilhar-sera-exaltado\\\/\"]}]},{\"@type\":\"ImageObject\",\"inLanguage\":\"pt-BR\",\"@id\":\"https:\\\/\\\/unisale.com.br\\\/novo\\\/07-03-quem-se-exaltar-sera-humilhado-e-quem-se-humilhar-sera-exaltado\\\/#primaryimage\",\"url\":\"https:\\\/\\\/unisale.com.br\\\/pastoral\\\/wp-content\\\/uploads\\\/2023\\\/03\\\/Ev-07.jpg\",\"contentUrl\":\"https:\\\/\\\/unisale.com.br\\\/pastoral\\\/wp-content\\\/uploads\\\/2023\\\/03\\\/Ev-07.jpg\",\"width\":400,\"height\":266},{\"@type\":\"WebSite\",\"@id\":\"https:\\\/\\\/unisale.com.br\\\/pastoral\\\/#website\",\"url\":\"https:\\\/\\\/unisale.com.br\\\/pastoral\\\/\",\"name\":\"Pastoral Universit\u00e1ria UniSALESIANO\",\"description\":\"Site da Pastoral Universit\u00e1ria do UniSALESIANO\",\"potentialAction\":[{\"@type\":\"SearchAction\",\"target\":{\"@type\":\"EntryPoint\",\"urlTemplate\":\"https:\\\/\\\/unisale.com.br\\\/pastoral\\\/?s={search_term_string}\"},\"query-input\":{\"@type\":\"PropertyValueSpecification\",\"valueRequired\":true,\"valueName\":\"search_term_string\"}}],\"inLanguage\":\"pt-BR\"},{\"@type\":\"Person\",\"@id\":\"https:\\\/\\\/unisale.com.br\\\/pastoral\\\/#\\\/schema\\\/person\\\/492d3d7bfe53a8302576d39485aff2c4\",\"name\":\"Luiz Alexandre Marinho Lanzoni\",\"url\":\"https:\\\/\\\/unisale.com.br\\\/pastoral\\\/author\\\/luiz\\\/\"}]}<\/script>\n<!-- \/ Yoast SEO plugin. -->","yoast_head_json":{"title":"07\/03 - Quem se exaltar ser\u00e1 humilhado, e quem se humilhar ser\u00e1 exaltado. - Pastoral Universit\u00e1ria UniSALESIANO","robots":{"index":"index","follow":"follow","max-snippet":"max-snippet:-1","max-image-preview":"max-image-preview:large","max-video-preview":"max-video-preview:-1"},"canonical":"https:\/\/unisale.com.br\/novo\/07-03-quem-se-exaltar-sera-humilhado-e-quem-se-humilhar-sera-exaltado\/","og_locale":"pt_BR","og_type":"article","og_title":"07\/03 - Quem se exaltar ser\u00e1 humilhado, e quem se humilhar ser\u00e1 exaltado. - Pastoral Universit\u00e1ria UniSALESIANO","og_description":"Ter\u00e7a-feira, 07 de mar\u00e7o de 2023. &nbsp; Evangelho (Mt 23,1-12) &nbsp; \u201cQuem se exaltar ser\u00e1 humilhado, e quem se humilhar ser\u00e1 exaltado\u201d &nbsp; Naquele tempo,...","og_url":"https:\/\/unisale.com.br\/novo\/07-03-quem-se-exaltar-sera-humilhado-e-quem-se-humilhar-sera-exaltado\/","og_site_name":"Pastoral Universit\u00e1ria UniSALESIANO","article_published_time":"2023-03-06T11:08:28+00:00","og_image":[{"width":400,"height":266,"url":"https:\/\/unisale.com.br\/novo\/wp-content\/uploads\/2023\/03\/Ev-07.jpg","type":"image\/jpeg"}],"author":"Luiz Alexandre Marinho Lanzoni","twitter_card":"summary_large_image","twitter_misc":{"Escrito por":"Luiz Alexandre Marinho Lanzoni","Est. tempo de leitura":"2 minutos"},"schema":{"@context":"https:\/\/schema.org","@graph":[{"@type":"Article","@id":"https:\/\/unisale.com.br\/novo\/07-03-quem-se-exaltar-sera-humilhado-e-quem-se-humilhar-sera-exaltado\/#article","isPartOf":{"@id":"https:\/\/unisale.com.br\/novo\/07-03-quem-se-exaltar-sera-humilhado-e-quem-se-humilhar-sera-exaltado\/"},"author":{"name":"Luiz Alexandre Marinho Lanzoni","@id":"https:\/\/unisale.com.br\/pastoral\/#\/schema\/person\/492d3d7bfe53a8302576d39485aff2c4"},"headline":"07\/03 &#8211; Quem se exaltar ser\u00e1 humilhado, e quem se humilhar ser\u00e1 exaltado.","datePublished":"2023-03-06T11:08:28+00:00","mainEntityOfPage":{"@id":"https:\/\/unisale.com.br\/novo\/07-03-quem-se-exaltar-sera-humilhado-e-quem-se-humilhar-sera-exaltado\/"},"wordCount":505,"image":{"@id":"https:\/\/unisale.com.br\/novo\/07-03-quem-se-exaltar-sera-humilhado-e-quem-se-humilhar-sera-exaltado\/#primaryimage"},"thumbnailUrl":"https:\/\/unisale.com.br\/pastoral\/wp-content\/uploads\/2023\/03\/Ev-07.jpg","articleSection":["Reflex\u00e3o do Evangelho"],"inLanguage":"pt-BR"},{"@type":"WebPage","@id":"https:\/\/unisale.com.br\/novo\/07-03-quem-se-exaltar-sera-humilhado-e-quem-se-humilhar-sera-exaltado\/","url":"https:\/\/unisale.com.br\/novo\/07-03-quem-se-exaltar-sera-humilhado-e-quem-se-humilhar-sera-exaltado\/","name":"07\/03 - Quem se exaltar ser\u00e1 humilhado, e quem se humilhar ser\u00e1 exaltado. - Pastoral Universit\u00e1ria UniSALESIANO","isPartOf":{"@id":"https:\/\/unisale.com.br\/pastoral\/#website"},"primaryImageOfPage":{"@id":"https:\/\/unisale.com.br\/novo\/07-03-quem-se-exaltar-sera-humilhado-e-quem-se-humilhar-sera-exaltado\/#primaryimage"},"image":{"@id":"https:\/\/unisale.com.br\/novo\/07-03-quem-se-exaltar-sera-humilhado-e-quem-se-humilhar-sera-exaltado\/#primaryimage"},"thumbnailUrl":"https:\/\/unisale.com.br\/pastoral\/wp-content\/uploads\/2023\/03\/Ev-07.jpg","datePublished":"2023-03-06T11:08:28+00:00","author":{"@id":"https:\/\/unisale.com.br\/pastoral\/#\/schema\/person\/492d3d7bfe53a8302576d39485aff2c4"},"inLanguage":"pt-BR","potentialAction":[{"@type":"ReadAction","target":["https:\/\/unisale.com.br\/novo\/07-03-quem-se-exaltar-sera-humilhado-e-quem-se-humilhar-sera-exaltado\/"]}]},{"@type":"ImageObject","inLanguage":"pt-BR","@id":"https:\/\/unisale.com.br\/novo\/07-03-quem-se-exaltar-sera-humilhado-e-quem-se-humilhar-sera-exaltado\/#primaryimage","url":"https:\/\/unisale.com.br\/pastoral\/wp-content\/uploads\/2023\/03\/Ev-07.jpg","contentUrl":"https:\/\/unisale.com.br\/pastoral\/wp-content\/uploads\/2023\/03\/Ev-07.jpg","width":400,"height":266},{"@type":"WebSite","@id":"https:\/\/unisale.com.br\/pastoral\/#website","url":"https:\/\/unisale.com.br\/pastoral\/","name":"Pastoral Universit\u00e1ria UniSALESIANO","description":"Site da Pastoral Universit\u00e1ria do UniSALESIANO","potentialAction":[{"@type":"SearchAction","target":{"@type":"EntryPoint","urlTemplate":"https:\/\/unisale.com.br\/pastoral\/?s={search_term_string}"},"query-input":{"@type":"PropertyValueSpecification","valueRequired":true,"valueName":"search_term_string"}}],"inLanguage":"pt-BR"},{"@type":"Person","@id":"https:\/\/unisale.com.br\/pastoral\/#\/schema\/person\/492d3d7bfe53a8302576d39485aff2c4","name":"Luiz Alexandre Marinho Lanzoni","url":"https:\/\/unisale.com.br\/pastoral\/author\/luiz\/"}]}},"_links":{"self":[{"href":"https:\/\/unisale.com.br\/pastoral\/wp-json\/wp\/v2\/posts\/6392","targetHints":{"allow":["GET"]}}],"collection":[{"href":"https:\/\/unisale.com.br\/pastoral\/wp-json\/wp\/v2\/posts"}],"about":[{"href":"https:\/\/unisale.com.br\/pastoral\/wp-json\/wp\/v2\/types\/post"}],"author":[{"embeddable":true,"href":"https:\/\/unisale.com.br\/pastoral\/wp-json\/wp\/v2\/users\/6"}],"replies":[{"embeddable":true,"href":"https:\/\/unisale.com.br\/pastoral\/wp-json\/wp\/v2\/comments?post=6392"}],"version-history":[{"count":0,"href":"https:\/\/unisale.com.br\/pastoral\/wp-json\/wp\/v2\/posts\/6392\/revisions"}],"wp:featuredmedia":[{"embeddable":true,"href":"https:\/\/unisale.com.br\/pastoral\/wp-json\/wp\/v2\/media\/6393"}],"wp:attachment":[{"href":"https:\/\/unisale.com.br\/pastoral\/wp-json\/wp\/v2\/media?parent=6392"}],"wp:term":[{"taxonomy":"category","embeddable":true,"href":"https:\/\/unisale.com.br\/pastoral\/wp-json\/wp\/v2\/categories?post=6392"},{"taxonomy":"post_tag","embeddable":true,"href":"https:\/\/unisale.com.br\/pastoral\/wp-json\/wp\/v2\/tags?post=6392"}],"curies":[{"name":"wp","href":"https:\/\/api.w.org\/{rel}","templated":true}]}}