{"id":6451,"date":"2023-03-16T14:09:52","date_gmt":"2023-03-16T14:09:52","guid":{"rendered":"https:\/\/unisale.com.br\/pastoral\/?p=6451"},"modified":"2023-03-16T14:09:52","modified_gmt":"2023-03-16T14:09:52","slug":"19-03-se-este-homem-nao-viesse-de-deus-nao-poderia-fazer-nada","status":"publish","type":"post","link":"https:\/\/unisale.com.br\/pastoral\/19-03-se-este-homem-nao-viesse-de-deus-nao-poderia-fazer-nada\/","title":{"rendered":"19\/03 &#8211; Se este homem n\u00e3o viesse de Deus, n\u00e3o poderia fazer nada."},"content":{"rendered":"<p>Domingo, 19 de mar\u00e7o de 2023.<\/p>\n<p>&nbsp;<\/p>\n<p>Evangelho (Jo 9,1-41)<\/p>\n<p>&nbsp;<\/p>\n<p><strong>\u201cSe este homem n\u00e3o viesse de Deus, n\u00e3o poderia fazer nada.\u201d<\/strong><\/p>\n<p>&nbsp;<\/p>\n<p>Naquele tempo: <sup>1<\/sup>ao passar, Jesus viu um homem cego de nascen\u00e7a. <sup>2<\/sup>Os disc\u00edpulos perguntaram a Jesus: &#8216;Mestre, quem pecou para que nascesse cego: ele ou os seus pais?&#8217; <sup>3<\/sup>Jesus respondeu: &#8216;Nem ele nem seus pais pecaram, mas isso serve para que as obras de Deus se manifestem nele. <sup>4<\/sup>\u00c9 necess\u00e1rio que n\u00f3s realizemos as obras daquele que me enviou, enquanto \u00e9 dia. Vem a noite, em que ningu\u00e9m pode trabalhar. <sup>5<\/sup>Enquanto estou no mudo, eu sou a luz do mundo.&#8217; <sup>6<\/sup>Dito isto, Jesus cuspiu no ch\u00e3o, fez lama com a saliva e colocou-a sobre os olhos do cego. <sup>7<\/sup>E disse-lhe: &#8216;Vai lavar-te na piscina de Silo\u00e9&#8217; (que quer dizer: Enviado). O cego foi, lavou-se e voltou enxergando. <sup>8<\/sup>Os vizinhos e os que costumavam ver o cego \u2014 pois ele era mendigo \u2014 diziam: &#8216;N\u00e3o \u00e9 aquele que ficava pedindo esmola?&#8217; <sup>9<\/sup>Uns diziam: &#8216;Sim, \u00e9 ele!&#8217; Outros afirmavam: &#8216;N\u00e3o \u00e9 ele, mas algu\u00e9m parecido com ele.&#8217; Ele, por\u00e9m, dizia: &#8216;Sou eu mesmo!&#8217; <sup>10<\/sup>Ent\u00e3o lhe perguntaram: &#8216;Como \u00e9 que se abriram os teus olhos?&#8217; <sup>11<\/sup>Ele respondeu: &#8216;Aquele homem chamado Jesus fez lama, colocou-a nos meus olhos e disse-me: &#8216;Vai a Silo\u00e9 e lava-te&#8217;. Ent\u00e3o fui, lavei-me e comecei a ver.&#8217; <sup>12<\/sup>Perguntaram-lhe: &#8216;Onde est\u00e1 ele?&#8217; Respondeu: &#8216;N\u00e3o sei.&#8217; <sup>13<\/sup>Levaram ent\u00e3o aos fariseus o homem que tinha sido cego. <sup>14<\/sup>Ora, era s\u00e1bado, o dia em que Jesus tinha feito lama e aberto os olhos do cego. <sup>15<\/sup>Novamente, ent\u00e3o, lhe perguntaram os fariseus como tinha recuperado a vista. Respondeu-lhes: &#8216;Colocou lama sobre meus olhos, fui lavar-me e agora vejo!&#8217; <sup>16<\/sup>Disseram, ent\u00e3o, alguns dos fariseus: &#8216;Esse homem n\u00e3o vem de Deus, pois n\u00e3o guarda o s\u00e1bado.&#8217; Mas outros diziam: &#8216;Como pode um pecador fazer tais sinais?&#8217; <sup>17<\/sup>E havia diverg\u00eancia entre eles. Perguntaram outra vez ao cego: &#8216;E tu, que dizes daquele que te abriu os olhos?&#8217; Respondeu: &#8216;\u00c9 um profeta.&#8217; <sup>18<\/sup>Ent\u00e3o, os judeus n\u00e3o acreditaram que ele tinha sido cego e que tinha recuperado a vista. Chamaram os pais dele <sup>19<\/sup>e perguntaram-lhes: &#8216;Este \u00e9 o vosso filho, que dizeis ter nascido cego? Como \u00e9 que ele agora est\u00e1 enxergando?&#8217; <sup>20<\/sup>Os seus pais disseram: &#8216;Sabemos que este \u00e9 nosso filho e que nasceu cego. <sup>21<\/sup>Como agora est\u00e1 enxergando, isso n\u00e3o sabemos. E quem lhe abriu os olhos tamb\u00e9m n\u00e3o sabemos. Interrogai-o, ele \u00e9 maior de idade, ele pode falar por si mesmo.&#8217; <sup>22<\/sup>Os seus pais disseram isso, porque tinham medo das autoridades judaicas. De fato, os judeus j\u00e1 tinham combinado expulsar da comunidade quem declarasse que Jesus era o Messias <sup>23<\/sup>Foi por isso que seus pais disseram: &#8216;\u00c9 maior de idade. Interrogai-o a ele.&#8217; <sup>24<\/sup>Ent\u00e3o, os judeus chamaram de novo o homem que tinha sido cego. Disseram-lhe: &#8216;D\u00e1 gl\u00f3ria a Deus! N\u00f3s sabemos que esse homem \u00e9 um pecador.&#8217; <sup>25<\/sup>Ent\u00e3o ele respondeu: &#8216;Se ele \u00e9 pecador, n\u00e3o sei. S\u00f3 sei que eu era cego e agora vejo.&#8217; <sup>26<\/sup>Perguntaram-lhe ent\u00e3o: &#8216;Que \u00e9 que ele te fez? Como te abriu os olhos?&#8217; <sup>27<\/sup>Respondeu ele: &#8216;Eu j\u00e1 vos disse, e n\u00e3o escutastes. Por que quereis ouvir de novo? Por acaso quereis tornar-vos disc\u00edpulos dele?&#8217; <sup>28<\/sup>Ent\u00e3o insultaram-no, dizendo: &#8216;Tu, sim, \u00e9s disc\u00edpulo dele! N\u00f3s somos disc\u00edpulos de Mois\u00e9s. <sup>29<\/sup>N\u00f3s sabemos que Deus falou a Mois\u00e9s, mas esse, n\u00e3o sabemos de onde \u00e9.&#8217; <sup>30<\/sup>Respondeu-lhes o homem: &#8216;Espantoso! V\u00f3s n\u00e3o sabeis de onde ele \u00e9? No entanto, ele abriu-me os olhos! <sup>31<\/sup>Sabemos que Deus n\u00e3o escuta os pecadores, mas escuta aquele que \u00e9 piedoso e que faz a sua vontade. <sup>32<\/sup>Jamais se ouviu dizer que algu\u00e9m tenha aberto os olhos a um cego de nascen\u00e7a. <sup>33<\/sup>Se este homem n\u00e3o viesse de Deus, n\u00e3o poderia fazer nada&#8217;. <sup>34<\/sup>Os fariseus disseram-lhe: &#8216;Tu nasceste todo em pecado e est\u00e1s nos ensinando?&#8217; E expulsaram-no da comunidade. <sup>35<\/sup>Jesus soube que o tinham expulsado. Encontrando-o, perguntou-lhe: &#8216;Acreditas no Filho do Homem?&#8217; <sup>36<\/sup>Respondeu ele: &#8216;Quem \u00e9, Senhor, para que eu creia nele?&#8217; <sup>37<\/sup>Jesus disse: &#8216;Tu o est\u00e1s vendo; \u00e9 aquele que est\u00e1 falando contigo.&#8217; Exclamou ele: <sup>38<\/sup>&#8216;Eu creio, Senhor&#8217;! E prostrou-se diante de Jesus. <sup>39<\/sup>Ent\u00e3o, Jesus disse: &#8216;Eu vim a este mundo para exercer um julgamento, a fim de que os que n\u00e3o veem, vejam, e os que veem se tornem cegos.&#8217; <sup>40<\/sup>Alguns fariseus, que estavam com ele, ouviram isto e lhe disseram: &#8216;Porventura, tamb\u00e9m n\u00f3s somos cegos?&#8217; <sup>41<\/sup>Respondeu-lhes Jesus: &#8216;Se f\u00f4sseis cegos, n\u00e3o ter\u00edeis culpa; mas como dizeis: &#8216;N\u00f3s vemos&#8217;, o vosso pecado permanece.&#8217;<\/p>\n<p>&nbsp;<\/p>\n<p><strong>Reflex\u00e3o<\/strong><\/p>\n<p>&nbsp;<\/p>\n<p>Domingo passado refletimos o Evangelho da Samaritana que nos colocou diante da grandeza do amor de Deus. Podemos dizer que existe um contraste entre este amor e a angustia dos nossos horizontes religiosos. Por isso que n\u00e3o podemos chegar a Deus sem a convers\u00e3o do cora\u00e7\u00e3o. J\u00e1 o evangelho de hoje, que trata do cego de nascen\u00e7a, nos coloca diante da exig\u00eancia de reconhecer em Cristo o enviado do Pai. O que significa ver Deus? Por que alguns O veem e outros n\u00e3o? Busquemos as respostas nos Evangelhos. Jesus encontra o cego. O encontra depois de uma pol\u00eamica com um grupo de judeus no Templo. Jesus at\u00e9 os interroga sobre o motivo pelo qual n\u00e3o entendem a sua linguagem. J\u00e1 este epis\u00f3dio nos apresenta o fato de que um homem v\u00ea e juga os fatos (tamb\u00e9m os fatos de Deus), condicionado pelas orienta\u00e7\u00f5es do seu cora\u00e7\u00e3o. \u00c9 verdade! Um homem violente v\u00ea qualquer provoca\u00e7\u00e3o, enquanto que o homem manso, vivendo a mesma situa\u00e7\u00e3o, encontra ocasi\u00e3o para o bem: possuem um cora\u00e7\u00e3o diferente e assim os mesos fatos produzem rea\u00e7\u00f5es diferentes. Um orgulhoso v\u00ea qualquer situa\u00e7\u00e3o como pol\u00eamica, enquanto que o humilde, diante da mesma situa\u00e7\u00e3o, encontra a ocasi\u00e3o para a paci\u00eancia. O mesmo acontece na rela\u00e7\u00e3o entre o homem e Deus.: de fato a postura interior condiciona fortemente a leitura da vida e assim tamb\u00e9m aquela dos sinais de Deus. Jesus recorda aos judeus este fato important\u00edssimo para faz\u00ea-los refletir sobre a raz\u00e3o da cegueira deles. As palavras de Jesus n\u00e3o valem tamb\u00e9m para n\u00f3s? N\u00e3o possuem algo a dizer tamb\u00e9m ao n\u00f3s? N\u00e3o somos tamb\u00e9m n\u00f3s cegos? Jesus encontra o cego: observemos atentamente o comportamento de Jesus e acolhamos humildemente a grande li\u00e7\u00e3o de vida que Ele nos d\u00e1. Jesus faz barro com a saliva e a coloca nos olhos do cego; depois pede que ele v\u00e1 se lavar na piscina de Silo\u00e9. Por que Jesus realiza este geste que era proibido de ser realizado em dia de s\u00e1bado, desafiando a vis\u00e3o religiosa do juda\u00edsmo, que havia reduzido o dia do Senhor a pr\u00e1ticas vazias e insignificantes? Na intens\u00e3o de Jesus o geste deveria colocar em crise a religi\u00e3o vazia dos Judeus e, contemporaneamente, o milagre devia oferecer a garantia da autoridade do Seu gesto. Mas os judeus acolhem o milagre com evidente dificuldade, n\u00e3o enquanto milagre, mas como algo que transgredia a Lei do s\u00e1bado e abalava a tranquilidade de sua religiosidade exterior e sem alma. N\u00e3o querem colocar em crise a si mesmos, nem querem repensar sua vida religiosa. N\u00e3o est\u00e3o dispostos a mudar nada: a\u00ed est\u00e1 o problema. Tamb\u00e9m n\u00f3s \u00e0s vezes nos comportamos de id\u00eantica forma. A falta de disponibilidade \u00e0 voz de Deus, a presun\u00e7\u00e3o de n\u00e3o ter nada a ser mudado, tudo isso nos impede ao arrependimento: e Deus permanece distante, inating\u00edvel. Bem diferente \u00e9 o comportamento do cego curado. Ele n\u00e3o se est\u00e1 feliz pela vis\u00e3o recuperada, mas est\u00e1 tamb\u00e9m aberto ao mist\u00e9rio do Personagem que se intrometeu na sua pobre vida. Ele v\u00ea com os olhos f\u00edsicos, mas isto tem pouca import\u00e2ncia para Jesus que havia dito: \u201cSe teu olho de leva a pecar, arranca-o\u201d, isto \u00e9, sacrifica o teu corpo pelos valores do espirito, pois s\u00e3o estes que iluminam o corpo. Diante dos fariseus que criticavam o que Jesus tinha feito, o cego, com honestidade, defendeu a extraordinariedade do Personagem que havia realizado o milagre. Ele \u00e9 marginalizado. E Cristo se aproxima dele quando se encontra nesta situa\u00e7\u00e3o. O cego curado \u00e9 agora um marginalizado, mas \u00e9 ao mesmo tempo humilde, paciente e manso de cora\u00e7\u00e3o. \u00c9 nesta situa\u00e7\u00e3o que Jesus lhe convida a abra\u00e7ar a f\u00e9: o an\u00fancio de que Deus est\u00e1 pr\u00f3ximo.<\/p>\n<p>&nbsp;<\/p>\n<p><strong>Pe. Paulo Eduardo J\u00e1como, SDB.<\/strong><\/p>\n","protected":false},"excerpt":{"rendered":"<p>Domingo, 19 de mar\u00e7o de 2023. &nbsp; Evangelho (Jo 9,1-41) &nbsp; \u201cSe este homem n\u00e3o viesse de Deus, n\u00e3o poderia fazer nada.\u201d &nbsp; Naquele tempo:&#8230;<\/p>\n","protected":false},"author":6,"featured_media":6449,"comment_status":"closed","ping_status":"closed","sticky":false,"template":"","format":"standard","meta":{"_acf_changed":false,"footnotes":""},"categories":[13],"tags":[],"class_list":["post-6451","post","type-post","status-publish","format-standard","has-post-thumbnail","hentry","category-reflexaodoevagelho"],"acf":[],"yoast_head":"<!-- This site is optimized with the Yoast SEO plugin v27.3 - https:\/\/yoast.com\/product\/yoast-seo-wordpress\/ -->\n<title>19\/03 - Se este homem n\u00e3o viesse de Deus, n\u00e3o poderia fazer nada. - Pastoral Universit\u00e1ria UniSALESIANO<\/title>\n<meta name=\"robots\" content=\"index, follow, max-snippet:-1, max-image-preview:large, max-video-preview:-1\" \/>\n<link rel=\"canonical\" href=\"https:\/\/unisale.com.br\/novo\/19-03-se-este-homem-nao-viesse-de-deus-nao-poderia-fazer-nada\/\" \/>\n<meta property=\"og:locale\" content=\"pt_BR\" \/>\n<meta property=\"og:type\" content=\"article\" \/>\n<meta property=\"og:title\" content=\"19\/03 - Se este homem n\u00e3o viesse de Deus, n\u00e3o poderia fazer nada. - Pastoral Universit\u00e1ria UniSALESIANO\" \/>\n<meta property=\"og:description\" content=\"Domingo, 19 de mar\u00e7o de 2023. &nbsp; Evangelho (Jo 9,1-41) &nbsp; \u201cSe este homem n\u00e3o viesse de Deus, n\u00e3o poderia fazer nada.\u201d &nbsp; Naquele tempo:...\" \/>\n<meta property=\"og:url\" content=\"https:\/\/unisale.com.br\/novo\/19-03-se-este-homem-nao-viesse-de-deus-nao-poderia-fazer-nada\/\" \/>\n<meta property=\"og:site_name\" content=\"Pastoral Universit\u00e1ria UniSALESIANO\" \/>\n<meta property=\"article:published_time\" content=\"2023-03-16T14:09:52+00:00\" \/>\n<meta property=\"og:image\" content=\"https:\/\/unisale.com.br\/novo\/wp-content\/uploads\/2023\/03\/Ev-19.jpg\" \/>\n\t<meta property=\"og:image:width\" content=\"800\" \/>\n\t<meta property=\"og:image:height\" content=\"533\" \/>\n\t<meta property=\"og:image:type\" content=\"image\/jpeg\" \/>\n<meta name=\"author\" content=\"Luiz Alexandre Marinho Lanzoni\" \/>\n<meta name=\"twitter:card\" content=\"summary_large_image\" \/>\n<meta name=\"twitter:label1\" content=\"Escrito por\" \/>\n\t<meta name=\"twitter:data1\" content=\"Luiz Alexandre Marinho Lanzoni\" \/>\n\t<meta name=\"twitter:label2\" content=\"Est. tempo de leitura\" \/>\n\t<meta name=\"twitter:data2\" content=\"7 minutos\" \/>\n<script type=\"application\/ld+json\" class=\"yoast-schema-graph\">{\"@context\":\"https:\\\/\\\/schema.org\",\"@graph\":[{\"@type\":\"Article\",\"@id\":\"https:\\\/\\\/unisale.com.br\\\/novo\\\/19-03-se-este-homem-nao-viesse-de-deus-nao-poderia-fazer-nada\\\/#article\",\"isPartOf\":{\"@id\":\"https:\\\/\\\/unisale.com.br\\\/novo\\\/19-03-se-este-homem-nao-viesse-de-deus-nao-poderia-fazer-nada\\\/\"},\"author\":{\"name\":\"Luiz Alexandre Marinho Lanzoni\",\"@id\":\"https:\\\/\\\/unisale.com.br\\\/pastoral\\\/#\\\/schema\\\/person\\\/492d3d7bfe53a8302576d39485aff2c4\"},\"headline\":\"19\\\/03 &#8211; Se este homem n\u00e3o viesse de Deus, n\u00e3o poderia fazer nada.\",\"datePublished\":\"2023-03-16T14:09:52+00:00\",\"mainEntityOfPage\":{\"@id\":\"https:\\\/\\\/unisale.com.br\\\/novo\\\/19-03-se-este-homem-nao-viesse-de-deus-nao-poderia-fazer-nada\\\/\"},\"wordCount\":1474,\"image\":{\"@id\":\"https:\\\/\\\/unisale.com.br\\\/novo\\\/19-03-se-este-homem-nao-viesse-de-deus-nao-poderia-fazer-nada\\\/#primaryimage\"},\"thumbnailUrl\":\"https:\\\/\\\/unisale.com.br\\\/pastoral\\\/wp-content\\\/uploads\\\/2023\\\/03\\\/Ev-19.jpg\",\"articleSection\":[\"Reflex\u00e3o do Evangelho\"],\"inLanguage\":\"pt-BR\"},{\"@type\":\"WebPage\",\"@id\":\"https:\\\/\\\/unisale.com.br\\\/novo\\\/19-03-se-este-homem-nao-viesse-de-deus-nao-poderia-fazer-nada\\\/\",\"url\":\"https:\\\/\\\/unisale.com.br\\\/novo\\\/19-03-se-este-homem-nao-viesse-de-deus-nao-poderia-fazer-nada\\\/\",\"name\":\"19\\\/03 - Se este homem n\u00e3o viesse de Deus, n\u00e3o poderia fazer nada. - Pastoral Universit\u00e1ria UniSALESIANO\",\"isPartOf\":{\"@id\":\"https:\\\/\\\/unisale.com.br\\\/pastoral\\\/#website\"},\"primaryImageOfPage\":{\"@id\":\"https:\\\/\\\/unisale.com.br\\\/novo\\\/19-03-se-este-homem-nao-viesse-de-deus-nao-poderia-fazer-nada\\\/#primaryimage\"},\"image\":{\"@id\":\"https:\\\/\\\/unisale.com.br\\\/novo\\\/19-03-se-este-homem-nao-viesse-de-deus-nao-poderia-fazer-nada\\\/#primaryimage\"},\"thumbnailUrl\":\"https:\\\/\\\/unisale.com.br\\\/pastoral\\\/wp-content\\\/uploads\\\/2023\\\/03\\\/Ev-19.jpg\",\"datePublished\":\"2023-03-16T14:09:52+00:00\",\"author\":{\"@id\":\"https:\\\/\\\/unisale.com.br\\\/pastoral\\\/#\\\/schema\\\/person\\\/492d3d7bfe53a8302576d39485aff2c4\"},\"inLanguage\":\"pt-BR\",\"potentialAction\":[{\"@type\":\"ReadAction\",\"target\":[\"https:\\\/\\\/unisale.com.br\\\/novo\\\/19-03-se-este-homem-nao-viesse-de-deus-nao-poderia-fazer-nada\\\/\"]}]},{\"@type\":\"ImageObject\",\"inLanguage\":\"pt-BR\",\"@id\":\"https:\\\/\\\/unisale.com.br\\\/novo\\\/19-03-se-este-homem-nao-viesse-de-deus-nao-poderia-fazer-nada\\\/#primaryimage\",\"url\":\"https:\\\/\\\/unisale.com.br\\\/pastoral\\\/wp-content\\\/uploads\\\/2023\\\/03\\\/Ev-19.jpg\",\"contentUrl\":\"https:\\\/\\\/unisale.com.br\\\/pastoral\\\/wp-content\\\/uploads\\\/2023\\\/03\\\/Ev-19.jpg\",\"width\":750,\"height\":500},{\"@type\":\"WebSite\",\"@id\":\"https:\\\/\\\/unisale.com.br\\\/pastoral\\\/#website\",\"url\":\"https:\\\/\\\/unisale.com.br\\\/pastoral\\\/\",\"name\":\"Pastoral Universit\u00e1ria UniSALESIANO\",\"description\":\"Site da Pastoral Universit\u00e1ria do UniSALESIANO\",\"potentialAction\":[{\"@type\":\"SearchAction\",\"target\":{\"@type\":\"EntryPoint\",\"urlTemplate\":\"https:\\\/\\\/unisale.com.br\\\/pastoral\\\/?s={search_term_string}\"},\"query-input\":{\"@type\":\"PropertyValueSpecification\",\"valueRequired\":true,\"valueName\":\"search_term_string\"}}],\"inLanguage\":\"pt-BR\"},{\"@type\":\"Person\",\"@id\":\"https:\\\/\\\/unisale.com.br\\\/pastoral\\\/#\\\/schema\\\/person\\\/492d3d7bfe53a8302576d39485aff2c4\",\"name\":\"Luiz Alexandre Marinho Lanzoni\",\"url\":\"https:\\\/\\\/unisale.com.br\\\/pastoral\\\/author\\\/luiz\\\/\"}]}<\/script>\n<!-- \/ Yoast SEO plugin. -->","yoast_head_json":{"title":"19\/03 - Se este homem n\u00e3o viesse de Deus, n\u00e3o poderia fazer nada. - Pastoral Universit\u00e1ria UniSALESIANO","robots":{"index":"index","follow":"follow","max-snippet":"max-snippet:-1","max-image-preview":"max-image-preview:large","max-video-preview":"max-video-preview:-1"},"canonical":"https:\/\/unisale.com.br\/novo\/19-03-se-este-homem-nao-viesse-de-deus-nao-poderia-fazer-nada\/","og_locale":"pt_BR","og_type":"article","og_title":"19\/03 - Se este homem n\u00e3o viesse de Deus, n\u00e3o poderia fazer nada. - Pastoral Universit\u00e1ria UniSALESIANO","og_description":"Domingo, 19 de mar\u00e7o de 2023. &nbsp; Evangelho (Jo 9,1-41) &nbsp; \u201cSe este homem n\u00e3o viesse de Deus, n\u00e3o poderia fazer nada.\u201d &nbsp; Naquele tempo:...","og_url":"https:\/\/unisale.com.br\/novo\/19-03-se-este-homem-nao-viesse-de-deus-nao-poderia-fazer-nada\/","og_site_name":"Pastoral Universit\u00e1ria UniSALESIANO","article_published_time":"2023-03-16T14:09:52+00:00","og_image":[{"width":800,"height":533,"url":"https:\/\/unisale.com.br\/novo\/wp-content\/uploads\/2023\/03\/Ev-19.jpg","type":"image\/jpeg"}],"author":"Luiz Alexandre Marinho Lanzoni","twitter_card":"summary_large_image","twitter_misc":{"Escrito por":"Luiz Alexandre Marinho Lanzoni","Est. tempo de leitura":"7 minutos"},"schema":{"@context":"https:\/\/schema.org","@graph":[{"@type":"Article","@id":"https:\/\/unisale.com.br\/novo\/19-03-se-este-homem-nao-viesse-de-deus-nao-poderia-fazer-nada\/#article","isPartOf":{"@id":"https:\/\/unisale.com.br\/novo\/19-03-se-este-homem-nao-viesse-de-deus-nao-poderia-fazer-nada\/"},"author":{"name":"Luiz Alexandre Marinho Lanzoni","@id":"https:\/\/unisale.com.br\/pastoral\/#\/schema\/person\/492d3d7bfe53a8302576d39485aff2c4"},"headline":"19\/03 &#8211; Se este homem n\u00e3o viesse de Deus, n\u00e3o poderia fazer nada.","datePublished":"2023-03-16T14:09:52+00:00","mainEntityOfPage":{"@id":"https:\/\/unisale.com.br\/novo\/19-03-se-este-homem-nao-viesse-de-deus-nao-poderia-fazer-nada\/"},"wordCount":1474,"image":{"@id":"https:\/\/unisale.com.br\/novo\/19-03-se-este-homem-nao-viesse-de-deus-nao-poderia-fazer-nada\/#primaryimage"},"thumbnailUrl":"https:\/\/unisale.com.br\/pastoral\/wp-content\/uploads\/2023\/03\/Ev-19.jpg","articleSection":["Reflex\u00e3o do Evangelho"],"inLanguage":"pt-BR"},{"@type":"WebPage","@id":"https:\/\/unisale.com.br\/novo\/19-03-se-este-homem-nao-viesse-de-deus-nao-poderia-fazer-nada\/","url":"https:\/\/unisale.com.br\/novo\/19-03-se-este-homem-nao-viesse-de-deus-nao-poderia-fazer-nada\/","name":"19\/03 - Se este homem n\u00e3o viesse de Deus, n\u00e3o poderia fazer nada. - Pastoral Universit\u00e1ria UniSALESIANO","isPartOf":{"@id":"https:\/\/unisale.com.br\/pastoral\/#website"},"primaryImageOfPage":{"@id":"https:\/\/unisale.com.br\/novo\/19-03-se-este-homem-nao-viesse-de-deus-nao-poderia-fazer-nada\/#primaryimage"},"image":{"@id":"https:\/\/unisale.com.br\/novo\/19-03-se-este-homem-nao-viesse-de-deus-nao-poderia-fazer-nada\/#primaryimage"},"thumbnailUrl":"https:\/\/unisale.com.br\/pastoral\/wp-content\/uploads\/2023\/03\/Ev-19.jpg","datePublished":"2023-03-16T14:09:52+00:00","author":{"@id":"https:\/\/unisale.com.br\/pastoral\/#\/schema\/person\/492d3d7bfe53a8302576d39485aff2c4"},"inLanguage":"pt-BR","potentialAction":[{"@type":"ReadAction","target":["https:\/\/unisale.com.br\/novo\/19-03-se-este-homem-nao-viesse-de-deus-nao-poderia-fazer-nada\/"]}]},{"@type":"ImageObject","inLanguage":"pt-BR","@id":"https:\/\/unisale.com.br\/novo\/19-03-se-este-homem-nao-viesse-de-deus-nao-poderia-fazer-nada\/#primaryimage","url":"https:\/\/unisale.com.br\/pastoral\/wp-content\/uploads\/2023\/03\/Ev-19.jpg","contentUrl":"https:\/\/unisale.com.br\/pastoral\/wp-content\/uploads\/2023\/03\/Ev-19.jpg","width":750,"height":500},{"@type":"WebSite","@id":"https:\/\/unisale.com.br\/pastoral\/#website","url":"https:\/\/unisale.com.br\/pastoral\/","name":"Pastoral Universit\u00e1ria UniSALESIANO","description":"Site da Pastoral Universit\u00e1ria do UniSALESIANO","potentialAction":[{"@type":"SearchAction","target":{"@type":"EntryPoint","urlTemplate":"https:\/\/unisale.com.br\/pastoral\/?s={search_term_string}"},"query-input":{"@type":"PropertyValueSpecification","valueRequired":true,"valueName":"search_term_string"}}],"inLanguage":"pt-BR"},{"@type":"Person","@id":"https:\/\/unisale.com.br\/pastoral\/#\/schema\/person\/492d3d7bfe53a8302576d39485aff2c4","name":"Luiz Alexandre Marinho Lanzoni","url":"https:\/\/unisale.com.br\/pastoral\/author\/luiz\/"}]}},"_links":{"self":[{"href":"https:\/\/unisale.com.br\/pastoral\/wp-json\/wp\/v2\/posts\/6451","targetHints":{"allow":["GET"]}}],"collection":[{"href":"https:\/\/unisale.com.br\/pastoral\/wp-json\/wp\/v2\/posts"}],"about":[{"href":"https:\/\/unisale.com.br\/pastoral\/wp-json\/wp\/v2\/types\/post"}],"author":[{"embeddable":true,"href":"https:\/\/unisale.com.br\/pastoral\/wp-json\/wp\/v2\/users\/6"}],"replies":[{"embeddable":true,"href":"https:\/\/unisale.com.br\/pastoral\/wp-json\/wp\/v2\/comments?post=6451"}],"version-history":[{"count":0,"href":"https:\/\/unisale.com.br\/pastoral\/wp-json\/wp\/v2\/posts\/6451\/revisions"}],"wp:featuredmedia":[{"embeddable":true,"href":"https:\/\/unisale.com.br\/pastoral\/wp-json\/wp\/v2\/media\/6449"}],"wp:attachment":[{"href":"https:\/\/unisale.com.br\/pastoral\/wp-json\/wp\/v2\/media?parent=6451"}],"wp:term":[{"taxonomy":"category","embeddable":true,"href":"https:\/\/unisale.com.br\/pastoral\/wp-json\/wp\/v2\/categories?post=6451"},{"taxonomy":"post_tag","embeddable":true,"href":"https:\/\/unisale.com.br\/pastoral\/wp-json\/wp\/v2\/tags?post=6451"}],"curies":[{"name":"wp","href":"https:\/\/api.w.org\/{rel}","templated":true}]}}