{"id":6465,"date":"2023-03-16T16:19:34","date_gmt":"2023-03-16T16:19:34","guid":{"rendered":"https:\/\/unisale.com.br\/pastoral\/?p=6465"},"modified":"2023-03-16T16:19:34","modified_gmt":"2023-03-16T16:19:34","slug":"academicos-do-unisalesiano-sao-recepcionados-com-apresentacao-no-intervalo-cultural","status":"publish","type":"post","link":"https:\/\/unisale.com.br\/pastoral\/academicos-do-unisalesiano-sao-recepcionados-com-apresentacao-no-intervalo-cultural\/","title":{"rendered":"Acad\u00eamicos do UniSALESIANO s\u00e3o recepcionados com apresenta\u00e7\u00e3o no \u201cIntervalo Cultural\u201d"},"content":{"rendered":"<h3>Evento foi realizado na noite do dia 8 de fevereiro, na cantina do Bloco C<\/h3>\n<p>Com o objetivo de acolher os acad\u00eamicos, os novos e veteranos, a\u00a0<strong>Pastoral Universit\u00e1ria do UniSALESIANO<\/strong>\u00a0promoveu o\u00a0<strong>\u201cIntervalo Cultural\u201d<\/strong>, na noite do dia 8 de fevereiro, na cantina do Bloco C.<\/p>\n<p>Alunos dos cursos de Nutri\u00e7\u00e3o, Engenharia Mec\u00e2nica e Biomedicina se apresentaram e alegraram o p\u00fablico presente.<\/p>\n<p>\u201c\u00c9 muito importante oportunizar momentos de descontra\u00e7\u00e3o, proporcionando aos discentes uma conviv\u00eancia harmoniosa e agrad\u00e1vel, afim de ajud\u00e1-los a conduzir as atividades acad\u00eamicas com mais leveza e responsabilidade\u201d, disse o\u00a0<strong>agente de pastoral, Leosino Eduardo Sousa.<\/strong><\/p>\n<p>&nbsp;<\/p>\n<p><img decoding=\"async\" class=\"alignleft size-thumbnail wp-image-6469\" src=\"https:\/\/unisale.com.br\/pastoral\/wp-content\/uploads\/2023\/03\/IMG_3917-1024x683-1-150x150.jpg\" alt=\"\" width=\"150\" height=\"150\" \/> <img decoding=\"async\" class=\"alignleft size-thumbnail wp-image-6468\" src=\"https:\/\/unisale.com.br\/pastoral\/wp-content\/uploads\/2023\/03\/IMG_3919-1024x683-1-150x150.jpg\" alt=\"\" width=\"150\" height=\"150\" \/> <img decoding=\"async\" class=\"alignleft size-thumbnail wp-image-6467\" src=\"https:\/\/unisale.com.br\/pastoral\/wp-content\/uploads\/2023\/03\/IMG_3921-1024x683-1-150x150.jpg\" alt=\"\" width=\"150\" height=\"150\" \/> <img loading=\"lazy\" decoding=\"async\" class=\"alignleft size-thumbnail wp-image-6466\" src=\"https:\/\/unisale.com.br\/pastoral\/wp-content\/uploads\/2023\/03\/IMG_3930-1024x683-1-150x150.jpg\" alt=\"\" width=\"150\" height=\"150\" \/><\/p>\n","protected":false},"excerpt":{"rendered":"<p>Evento foi realizado na noite do dia 8 de fevereiro, na cantina do Bloco C Com o objetivo de acolher os acad\u00eamicos, os novos e&#8230;<\/p>\n","protected":false},"author":6,"featured_media":6470,"comment_status":"closed","ping_status":"closed","sticky":false,"template":"","format":"standard","meta":{"_acf_changed":false,"footnotes":""},"categories":[3],"tags":[],"class_list":["post-6465","post","type-post","status-publish","format-standard","has-post-thumbnail","hentry","category-not"],"acf":[],"yoast_head":"<!-- This site is optimized with the Yoast SEO plugin v27.3 - https:\/\/yoast.com\/product\/yoast-seo-wordpress\/ -->\n<title>Acad\u00eamicos do UniSALESIANO s\u00e3o recepcionados com apresenta\u00e7\u00e3o no \u201cIntervalo Cultural\u201d - Pastoral Universit\u00e1ria UniSALESIANO<\/title>\n<meta name=\"robots\" content=\"index, follow, max-snippet:-1, max-image-preview:large, max-video-preview:-1\" \/>\n<link rel=\"canonical\" href=\"https:\/\/unisale.com.br\/novo\/academicos-do-unisalesiano-sao-recepcionados-com-apresentacao-no-intervalo-cultural\/\" \/>\n<meta property=\"og:locale\" content=\"pt_BR\" \/>\n<meta property=\"og:type\" content=\"article\" \/>\n<meta property=\"og:title\" content=\"Acad\u00eamicos do UniSALESIANO s\u00e3o recepcionados com apresenta\u00e7\u00e3o no \u201cIntervalo Cultural\u201d - Pastoral Universit\u00e1ria UniSALESIANO\" \/>\n<meta property=\"og:description\" content=\"Evento foi realizado na noite do dia 8 de fevereiro, na cantina do Bloco C Com o objetivo de acolher os acad\u00eamicos, os novos e...\" \/>\n<meta property=\"og:url\" content=\"https:\/\/unisale.com.br\/novo\/academicos-do-unisalesiano-sao-recepcionados-com-apresentacao-no-intervalo-cultural\/\" \/>\n<meta property=\"og:site_name\" content=\"Pastoral Universit\u00e1ria UniSALESIANO\" \/>\n<meta property=\"article:published_time\" content=\"2023-03-16T16:19:34+00:00\" \/>\n<meta property=\"og:image\" content=\"https:\/\/unisale.com.br\/novo\/wp-content\/uploads\/2023\/03\/IMG_3920-768x512-1.jpg\" \/>\n\t<meta property=\"og:image:width\" content=\"768\" \/>\n\t<meta property=\"og:image:height\" content=\"512\" \/>\n\t<meta property=\"og:image:type\" content=\"image\/jpeg\" \/>\n<meta name=\"author\" content=\"Luiz Alexandre Marinho Lanzoni\" \/>\n<meta name=\"twitter:card\" content=\"summary_large_image\" \/>\n<meta name=\"twitter:label1\" content=\"Escrito por\" \/>\n\t<meta name=\"twitter:data1\" content=\"Luiz Alexandre Marinho Lanzoni\" \/>\n\t<meta name=\"twitter:label2\" content=\"Est. tempo de leitura\" \/>\n\t<meta name=\"twitter:data2\" content=\"1 minuto\" \/>\n<script type=\"application\/ld+json\" class=\"yoast-schema-graph\">{\"@context\":\"https:\\\/\\\/schema.org\",\"@graph\":[{\"@type\":\"Article\",\"@id\":\"https:\\\/\\\/unisale.com.br\\\/novo\\\/academicos-do-unisalesiano-sao-recepcionados-com-apresentacao-no-intervalo-cultural\\\/#article\",\"isPartOf\":{\"@id\":\"https:\\\/\\\/unisale.com.br\\\/novo\\\/academicos-do-unisalesiano-sao-recepcionados-com-apresentacao-no-intervalo-cultural\\\/\"},\"author\":{\"name\":\"Luiz Alexandre Marinho Lanzoni\",\"@id\":\"https:\\\/\\\/unisale.com.br\\\/pastoral\\\/#\\\/schema\\\/person\\\/492d3d7bfe53a8302576d39485aff2c4\"},\"headline\":\"Acad\u00eamicos do UniSALESIANO s\u00e3o recepcionados com apresenta\u00e7\u00e3o no \u201cIntervalo Cultural\u201d\",\"datePublished\":\"2023-03-16T16:19:34+00:00\",\"mainEntityOfPage\":{\"@id\":\"https:\\\/\\\/unisale.com.br\\\/novo\\\/academicos-do-unisalesiano-sao-recepcionados-com-apresentacao-no-intervalo-cultural\\\/\"},\"wordCount\":120,\"image\":{\"@id\":\"https:\\\/\\\/unisale.com.br\\\/novo\\\/academicos-do-unisalesiano-sao-recepcionados-com-apresentacao-no-intervalo-cultural\\\/#primaryimage\"},\"thumbnailUrl\":\"https:\\\/\\\/unisale.com.br\\\/pastoral\\\/wp-content\\\/uploads\\\/2023\\\/03\\\/IMG_3920-768x512-1.jpg\",\"articleSection\":[\"Not\u00edcias\"],\"inLanguage\":\"pt-BR\"},{\"@type\":\"WebPage\",\"@id\":\"https:\\\/\\\/unisale.com.br\\\/novo\\\/academicos-do-unisalesiano-sao-recepcionados-com-apresentacao-no-intervalo-cultural\\\/\",\"url\":\"https:\\\/\\\/unisale.com.br\\\/novo\\\/academicos-do-unisalesiano-sao-recepcionados-com-apresentacao-no-intervalo-cultural\\\/\",\"name\":\"Acad\u00eamicos do UniSALESIANO s\u00e3o recepcionados com apresenta\u00e7\u00e3o no \u201cIntervalo Cultural\u201d - Pastoral Universit\u00e1ria UniSALESIANO\",\"isPartOf\":{\"@id\":\"https:\\\/\\\/unisale.com.br\\\/pastoral\\\/#website\"},\"primaryImageOfPage\":{\"@id\":\"https:\\\/\\\/unisale.com.br\\\/novo\\\/academicos-do-unisalesiano-sao-recepcionados-com-apresentacao-no-intervalo-cultural\\\/#primaryimage\"},\"image\":{\"@id\":\"https:\\\/\\\/unisale.com.br\\\/novo\\\/academicos-do-unisalesiano-sao-recepcionados-com-apresentacao-no-intervalo-cultural\\\/#primaryimage\"},\"thumbnailUrl\":\"https:\\\/\\\/unisale.com.br\\\/pastoral\\\/wp-content\\\/uploads\\\/2023\\\/03\\\/IMG_3920-768x512-1.jpg\",\"datePublished\":\"2023-03-16T16:19:34+00:00\",\"author\":{\"@id\":\"https:\\\/\\\/unisale.com.br\\\/pastoral\\\/#\\\/schema\\\/person\\\/492d3d7bfe53a8302576d39485aff2c4\"},\"inLanguage\":\"pt-BR\",\"potentialAction\":[{\"@type\":\"ReadAction\",\"target\":[\"https:\\\/\\\/unisale.com.br\\\/novo\\\/academicos-do-unisalesiano-sao-recepcionados-com-apresentacao-no-intervalo-cultural\\\/\"]}]},{\"@type\":\"ImageObject\",\"inLanguage\":\"pt-BR\",\"@id\":\"https:\\\/\\\/unisale.com.br\\\/novo\\\/academicos-do-unisalesiano-sao-recepcionados-com-apresentacao-no-intervalo-cultural\\\/#primaryimage\",\"url\":\"https:\\\/\\\/unisale.com.br\\\/pastoral\\\/wp-content\\\/uploads\\\/2023\\\/03\\\/IMG_3920-768x512-1.jpg\",\"contentUrl\":\"https:\\\/\\\/unisale.com.br\\\/pastoral\\\/wp-content\\\/uploads\\\/2023\\\/03\\\/IMG_3920-768x512-1.jpg\",\"width\":750,\"height\":500},{\"@type\":\"WebSite\",\"@id\":\"https:\\\/\\\/unisale.com.br\\\/pastoral\\\/#website\",\"url\":\"https:\\\/\\\/unisale.com.br\\\/pastoral\\\/\",\"name\":\"Pastoral Universit\u00e1ria UniSALESIANO\",\"description\":\"Site da Pastoral Universit\u00e1ria do UniSALESIANO\",\"potentialAction\":[{\"@type\":\"SearchAction\",\"target\":{\"@type\":\"EntryPoint\",\"urlTemplate\":\"https:\\\/\\\/unisale.com.br\\\/pastoral\\\/?s={search_term_string}\"},\"query-input\":{\"@type\":\"PropertyValueSpecification\",\"valueRequired\":true,\"valueName\":\"search_term_string\"}}],\"inLanguage\":\"pt-BR\"},{\"@type\":\"Person\",\"@id\":\"https:\\\/\\\/unisale.com.br\\\/pastoral\\\/#\\\/schema\\\/person\\\/492d3d7bfe53a8302576d39485aff2c4\",\"name\":\"Luiz Alexandre Marinho Lanzoni\",\"url\":\"https:\\\/\\\/unisale.com.br\\\/pastoral\\\/author\\\/luiz\\\/\"}]}<\/script>\n<!-- \/ Yoast SEO plugin. -->","yoast_head_json":{"title":"Acad\u00eamicos do UniSALESIANO s\u00e3o recepcionados com apresenta\u00e7\u00e3o no \u201cIntervalo Cultural\u201d - Pastoral Universit\u00e1ria UniSALESIANO","robots":{"index":"index","follow":"follow","max-snippet":"max-snippet:-1","max-image-preview":"max-image-preview:large","max-video-preview":"max-video-preview:-1"},"canonical":"https:\/\/unisale.com.br\/novo\/academicos-do-unisalesiano-sao-recepcionados-com-apresentacao-no-intervalo-cultural\/","og_locale":"pt_BR","og_type":"article","og_title":"Acad\u00eamicos do UniSALESIANO s\u00e3o recepcionados com apresenta\u00e7\u00e3o no \u201cIntervalo Cultural\u201d - Pastoral Universit\u00e1ria UniSALESIANO","og_description":"Evento foi realizado na noite do dia 8 de fevereiro, na cantina do Bloco C Com o objetivo de acolher os acad\u00eamicos, os novos e...","og_url":"https:\/\/unisale.com.br\/novo\/academicos-do-unisalesiano-sao-recepcionados-com-apresentacao-no-intervalo-cultural\/","og_site_name":"Pastoral Universit\u00e1ria UniSALESIANO","article_published_time":"2023-03-16T16:19:34+00:00","og_image":[{"width":768,"height":512,"url":"https:\/\/unisale.com.br\/novo\/wp-content\/uploads\/2023\/03\/IMG_3920-768x512-1.jpg","type":"image\/jpeg"}],"author":"Luiz Alexandre Marinho Lanzoni","twitter_card":"summary_large_image","twitter_misc":{"Escrito por":"Luiz Alexandre Marinho Lanzoni","Est. tempo de leitura":"1 minuto"},"schema":{"@context":"https:\/\/schema.org","@graph":[{"@type":"Article","@id":"https:\/\/unisale.com.br\/novo\/academicos-do-unisalesiano-sao-recepcionados-com-apresentacao-no-intervalo-cultural\/#article","isPartOf":{"@id":"https:\/\/unisale.com.br\/novo\/academicos-do-unisalesiano-sao-recepcionados-com-apresentacao-no-intervalo-cultural\/"},"author":{"name":"Luiz Alexandre Marinho Lanzoni","@id":"https:\/\/unisale.com.br\/pastoral\/#\/schema\/person\/492d3d7bfe53a8302576d39485aff2c4"},"headline":"Acad\u00eamicos do UniSALESIANO s\u00e3o recepcionados com apresenta\u00e7\u00e3o no \u201cIntervalo Cultural\u201d","datePublished":"2023-03-16T16:19:34+00:00","mainEntityOfPage":{"@id":"https:\/\/unisale.com.br\/novo\/academicos-do-unisalesiano-sao-recepcionados-com-apresentacao-no-intervalo-cultural\/"},"wordCount":120,"image":{"@id":"https:\/\/unisale.com.br\/novo\/academicos-do-unisalesiano-sao-recepcionados-com-apresentacao-no-intervalo-cultural\/#primaryimage"},"thumbnailUrl":"https:\/\/unisale.com.br\/pastoral\/wp-content\/uploads\/2023\/03\/IMG_3920-768x512-1.jpg","articleSection":["Not\u00edcias"],"inLanguage":"pt-BR"},{"@type":"WebPage","@id":"https:\/\/unisale.com.br\/novo\/academicos-do-unisalesiano-sao-recepcionados-com-apresentacao-no-intervalo-cultural\/","url":"https:\/\/unisale.com.br\/novo\/academicos-do-unisalesiano-sao-recepcionados-com-apresentacao-no-intervalo-cultural\/","name":"Acad\u00eamicos do UniSALESIANO s\u00e3o recepcionados com apresenta\u00e7\u00e3o no \u201cIntervalo Cultural\u201d - Pastoral Universit\u00e1ria UniSALESIANO","isPartOf":{"@id":"https:\/\/unisale.com.br\/pastoral\/#website"},"primaryImageOfPage":{"@id":"https:\/\/unisale.com.br\/novo\/academicos-do-unisalesiano-sao-recepcionados-com-apresentacao-no-intervalo-cultural\/#primaryimage"},"image":{"@id":"https:\/\/unisale.com.br\/novo\/academicos-do-unisalesiano-sao-recepcionados-com-apresentacao-no-intervalo-cultural\/#primaryimage"},"thumbnailUrl":"https:\/\/unisale.com.br\/pastoral\/wp-content\/uploads\/2023\/03\/IMG_3920-768x512-1.jpg","datePublished":"2023-03-16T16:19:34+00:00","author":{"@id":"https:\/\/unisale.com.br\/pastoral\/#\/schema\/person\/492d3d7bfe53a8302576d39485aff2c4"},"inLanguage":"pt-BR","potentialAction":[{"@type":"ReadAction","target":["https:\/\/unisale.com.br\/novo\/academicos-do-unisalesiano-sao-recepcionados-com-apresentacao-no-intervalo-cultural\/"]}]},{"@type":"ImageObject","inLanguage":"pt-BR","@id":"https:\/\/unisale.com.br\/novo\/academicos-do-unisalesiano-sao-recepcionados-com-apresentacao-no-intervalo-cultural\/#primaryimage","url":"https:\/\/unisale.com.br\/pastoral\/wp-content\/uploads\/2023\/03\/IMG_3920-768x512-1.jpg","contentUrl":"https:\/\/unisale.com.br\/pastoral\/wp-content\/uploads\/2023\/03\/IMG_3920-768x512-1.jpg","width":750,"height":500},{"@type":"WebSite","@id":"https:\/\/unisale.com.br\/pastoral\/#website","url":"https:\/\/unisale.com.br\/pastoral\/","name":"Pastoral Universit\u00e1ria UniSALESIANO","description":"Site da Pastoral Universit\u00e1ria do UniSALESIANO","potentialAction":[{"@type":"SearchAction","target":{"@type":"EntryPoint","urlTemplate":"https:\/\/unisale.com.br\/pastoral\/?s={search_term_string}"},"query-input":{"@type":"PropertyValueSpecification","valueRequired":true,"valueName":"search_term_string"}}],"inLanguage":"pt-BR"},{"@type":"Person","@id":"https:\/\/unisale.com.br\/pastoral\/#\/schema\/person\/492d3d7bfe53a8302576d39485aff2c4","name":"Luiz Alexandre Marinho Lanzoni","url":"https:\/\/unisale.com.br\/pastoral\/author\/luiz\/"}]}},"_links":{"self":[{"href":"https:\/\/unisale.com.br\/pastoral\/wp-json\/wp\/v2\/posts\/6465","targetHints":{"allow":["GET"]}}],"collection":[{"href":"https:\/\/unisale.com.br\/pastoral\/wp-json\/wp\/v2\/posts"}],"about":[{"href":"https:\/\/unisale.com.br\/pastoral\/wp-json\/wp\/v2\/types\/post"}],"author":[{"embeddable":true,"href":"https:\/\/unisale.com.br\/pastoral\/wp-json\/wp\/v2\/users\/6"}],"replies":[{"embeddable":true,"href":"https:\/\/unisale.com.br\/pastoral\/wp-json\/wp\/v2\/comments?post=6465"}],"version-history":[{"count":0,"href":"https:\/\/unisale.com.br\/pastoral\/wp-json\/wp\/v2\/posts\/6465\/revisions"}],"wp:featuredmedia":[{"embeddable":true,"href":"https:\/\/unisale.com.br\/pastoral\/wp-json\/wp\/v2\/media\/6470"}],"wp:attachment":[{"href":"https:\/\/unisale.com.br\/pastoral\/wp-json\/wp\/v2\/media?parent=6465"}],"wp:term":[{"taxonomy":"category","embeddable":true,"href":"https:\/\/unisale.com.br\/pastoral\/wp-json\/wp\/v2\/categories?post=6465"},{"taxonomy":"post_tag","embeddable":true,"href":"https:\/\/unisale.com.br\/pastoral\/wp-json\/wp\/v2\/tags?post=6465"}],"curies":[{"name":"wp","href":"https:\/\/api.w.org\/{rel}","templated":true}]}}