{"id":6543,"date":"2023-03-21T14:36:23","date_gmt":"2023-03-21T14:36:23","guid":{"rendered":"https:\/\/unisale.com.br\/pastoral\/?p=6543"},"modified":"2023-03-21T14:36:23","modified_gmt":"2023-03-21T14:36:23","slug":"28-03-aquele-que-me-enviou-esta-comigo-ele-nao-me-deixou-sozinho-porque-sempre-faco-o-que-e-de-seu-agrado","status":"publish","type":"post","link":"https:\/\/unisale.com.br\/pastoral\/28-03-aquele-que-me-enviou-esta-comigo-ele-nao-me-deixou-sozinho-porque-sempre-faco-o-que-e-de-seu-agrado\/","title":{"rendered":"28\/03 &#8211; Aquele que me enviou est\u00e1 comigo. Ele n\u00e3o me deixou sozinho, porque sempre fa\u00e7o o que \u00e9 de seu agrado."},"content":{"rendered":"<p>Ter\u00e7a-feira, 28 de mar\u00e7o de 2023.<\/p>\n<p>&nbsp;<\/p>\n<p>Evangelho (Jo 8,21-30)<\/p>\n<p>&nbsp;<\/p>\n<p><strong>\u201cAquele que me enviou est\u00e1 comigo. Ele n\u00e3o me deixou sozinho, porque sempre fa\u00e7o o que \u00e9 de seu agrado\u201d<\/strong><\/p>\n<p>&nbsp;<\/p>\n<p>Naquele tempo disse Jesus aos fariseus: <sup>21<\/sup>\u201cEu parto, e v\u00f3s me procurareis, mas morrereis no vosso pecado. Para onde eu vou, v\u00f3s n\u00e3o podeis ir\u201d. <sup>22<\/sup>Os judeus comentavam: \u201cPor acaso, vai-se matar? Pois ele diz: \u2018Para onde eu vou, v\u00f3s n\u00e3o podeis ir\u2019?\u201d <sup>23<\/sup>Jesus continuou: \u201cV\u00f3s sois daqui debaixo, eu sou do alto. V\u00f3s sois deste mundo, eu n\u00e3o sou deste mundo. <sup>24<\/sup>Disse-vos que morrereis nos vossos pecados, porque, se n\u00e3o acreditais que eu sou, morrereis nos vossos pecados\u201d. <sup>25<\/sup>Perguntaram-lhe pois: \u201cQuem \u00e9s tu, ent\u00e3o?\u201d Jesus respondeu: \u201cO que vos digo, desde o come\u00e7o. <sup>26<\/sup>Tenho muitas coisas a dizer a vosso respeito, e a julgar, tamb\u00e9m. Mas aquele que me enviou \u00e9 fidedigno, e o que ouvi da parte dele \u00e9 o que falo para o mundo\u201d.<sup>27<\/sup>Eles n\u00e3o compreenderam que lhes estava falando do Pai. <sup>28<\/sup>Por isso, Jesus continuou: \u201cQuando tiverdes elevado o Filho do Homem, ent\u00e3o sabereis que eu sou, e que nada fa\u00e7o por mim mesmo, mas apenas falo aquilo que o Pai me ensinou. <sup>29<\/sup>Aquele que me enviou est\u00e1 comigo. Ele n\u00e3o me deixou sozinho, porque sempre fa\u00e7o o que \u00e9 de seu agrado\u201d. <sup>30<\/sup>Enquanto Jesus assim falava, muitos acreditaram nele.<\/p>\n<p>&nbsp;<\/p>\n<p><strong>Reflex\u00e3o<\/strong><\/p>\n<p>&nbsp;<\/p>\n<p>\u201cV\u00f3s sois daqui debaixo, eu sou do alto\u201d. Alto e baixo, dois conceitos simb\u00f3licos. Tudo o que \u00e9 belo o percebemos como elevado e o colocamos \u201cl\u00e1 no alto\u201d; al contr\u00e1rio colocamos \u201cembaixo\u201d o mal, as coisas feias, o pecado. \u00c9 compreens\u00edvel que todos os povos coloquem a sede dos deuses l\u00e1 em cima, sobre o monte Olimpo ou no c\u00e9u. O Deus de Israel \u00e9 ainda mais ao alto, no c\u00e9u dos c\u00e9us, em um n\u00edvel superior, quase um outro c\u00e9u, uma concep\u00e7\u00e3o de Deus digna do povo eleito. YHWH \u00e9 superior ao plat\u00f4nico mundo das ideias: as ideias s\u00e3o compreens\u00edveis, ele supera todo intelecto criado, realizando o mist\u00e9rio do amor. Deus desce do alto \u00e0queles daqui de baixo, que assim n\u00e3o s\u00e3o mais obrigados a buscar o seu ideal nas nuvens: agora o encontramos sobre a terra. \u201cQuando tiverdes elevado o Filho do Homem, ent\u00e3o sabereis que eu sou\u201d. Qual foi a resposta dos homens a este ato da bondade divina? Quem \u00e9 considerado superior, vem elevado pelos homens, que lhe constroem monumentos e est\u00e1tuas. Tamb\u00e9m Cristo, o Filho de Deus, foi elevado, mas de um modo diferente: sobre o lenho do supl\u00edcio, sobre a cruz. Aquele que \u00e9 do alto desce um degrau mais baixo, no reino da morte e do nada. Na mesquita de Santa Sofia, em Istambul, que antes era uma bas\u00edlica crist\u00e3, foi descoberto um mosaico representando a imagem da \u201cdescida aos mortos\u201d, um tema bastante frequente na iconografia oriental. Nesta imagem, Cristo \u00e9 representado com um p\u00e9 que desce e o outro que sobe. No momento supremo da descida se verifica como uma mudan\u00e7a de dire\u00e7\u00e3o, que culmina com a Ascen\u00e7\u00e3o aos c\u00e9us. O fil\u00f3sofo Heidegger escreve que uma coisa semelhante acontece com os homens: escorregam no abismo e n\u00e3o se convertem at\u00e9 que n\u00e3o tenham tocado o fundo: mas neste ponto podem come\u00e7ar a subida. \u201cEnt\u00e3o sabereis que eu sou\u201d. Ainda falando do mosaico da Mesquita que est\u00e1 em Istambul, o mesmo apresenta uma outra cena. Cristo come\u00e7a a subir tendo em m\u00e3os, as m\u00e3os de Ad\u00e3o e Eva, os quais s\u00e3o tirados da tumba a fim de que subam com Ele. Ad\u00e3o e Eva representam o ser humano. No para\u00edso, quando Deus desce junto a eles, estes n\u00e3o mostram de se agradar com o privil\u00e9gio da sua presen\u00e7a: compreender\u00e3o o seu amor somente quando ter\u00e3o necessidade de serem salvos da desgra\u00e7a. Os Padres da Igreja discutiam se si era de considerar \u201cprovidencial\u201d tamb\u00e9m os pecados: o filho pr\u00f3digo conhece o amor do pai somente depois de sua queda, a humanidade se converte a Cristo somente depois de t\u00ea-lo crucificado. \u00c9 duro afirmar que Deus conduz o homem ao pecado a fim de que conhe\u00e7a plenamente o seu amor. Podemos dizer que, depois que pecamos voluntariamente, Deus aproveita desta ocasi\u00e3o para conduzir para o alto aqueles que est\u00e3o embaixo. Nada, agora, poder\u00e1 nos separar do amor de Deus, se n\u00f3s, como o Ad\u00e3o e Eva do mosaico, mantenhamos nossas m\u00e3os apertadas \u00e0s m\u00e3os de Deus.<\/p>\n<p>&nbsp;<\/p>\n<p><strong>Pe. Paulo Eduardo J\u00e1como, SDB.<\/strong><\/p>\n","protected":false},"excerpt":{"rendered":"<p>Ter\u00e7a-feira, 28 de mar\u00e7o de 2023. &nbsp; Evangelho (Jo 8,21-30) &nbsp; \u201cAquele que me enviou est\u00e1 comigo. Ele n\u00e3o me deixou sozinho, porque sempre fa\u00e7o&#8230;<\/p>\n","protected":false},"author":6,"featured_media":6529,"comment_status":"closed","ping_status":"closed","sticky":false,"template":"","format":"standard","meta":{"_acf_changed":false,"footnotes":""},"categories":[1],"tags":[],"class_list":["post-6543","post","type-post","status-publish","format-standard","has-post-thumbnail","hentry","category-uncategorized"],"acf":[],"yoast_head":"<!-- This site is optimized with the Yoast SEO plugin v27.3 - https:\/\/yoast.com\/product\/yoast-seo-wordpress\/ -->\n<title>28\/03 - Aquele que me enviou est\u00e1 comigo. Ele n\u00e3o me deixou sozinho, porque sempre fa\u00e7o o que \u00e9 de seu agrado. - Pastoral Universit\u00e1ria UniSALESIANO<\/title>\n<meta name=\"robots\" content=\"index, follow, max-snippet:-1, max-image-preview:large, max-video-preview:-1\" \/>\n<link rel=\"canonical\" href=\"https:\/\/unisale.com.br\/novo\/28-03-aquele-que-me-enviou-esta-comigo-ele-nao-me-deixou-sozinho-porque-sempre-faco-o-que-e-de-seu-agrado\/\" \/>\n<meta property=\"og:locale\" content=\"pt_BR\" \/>\n<meta property=\"og:type\" content=\"article\" \/>\n<meta property=\"og:title\" content=\"28\/03 - Aquele que me enviou est\u00e1 comigo. Ele n\u00e3o me deixou sozinho, porque sempre fa\u00e7o o que \u00e9 de seu agrado. - Pastoral Universit\u00e1ria UniSALESIANO\" \/>\n<meta property=\"og:description\" content=\"Ter\u00e7a-feira, 28 de mar\u00e7o de 2023. &nbsp; Evangelho (Jo 8,21-30) &nbsp; \u201cAquele que me enviou est\u00e1 comigo. Ele n\u00e3o me deixou sozinho, porque sempre fa\u00e7o...\" \/>\n<meta property=\"og:url\" content=\"https:\/\/unisale.com.br\/novo\/28-03-aquele-que-me-enviou-esta-comigo-ele-nao-me-deixou-sozinho-porque-sempre-faco-o-que-e-de-seu-agrado\/\" \/>\n<meta property=\"og:site_name\" content=\"Pastoral Universit\u00e1ria UniSALESIANO\" \/>\n<meta property=\"article:published_time\" content=\"2023-03-21T14:36:23+00:00\" \/>\n<meta property=\"og:image\" content=\"https:\/\/unisale.com.br\/novo\/wp-content\/uploads\/2023\/03\/Ev-28.jpeg\" \/>\n\t<meta property=\"og:image:width\" content=\"900\" \/>\n\t<meta property=\"og:image:height\" content=\"599\" \/>\n\t<meta property=\"og:image:type\" content=\"image\/jpeg\" \/>\n<meta name=\"author\" content=\"Luiz Alexandre Marinho Lanzoni\" \/>\n<meta name=\"twitter:card\" content=\"summary_large_image\" \/>\n<meta name=\"twitter:label1\" content=\"Escrito por\" \/>\n\t<meta name=\"twitter:data1\" content=\"Luiz Alexandre Marinho Lanzoni\" \/>\n\t<meta name=\"twitter:label2\" content=\"Est. tempo de leitura\" \/>\n\t<meta name=\"twitter:data2\" content=\"4 minutos\" \/>\n<script type=\"application\/ld+json\" class=\"yoast-schema-graph\">{\"@context\":\"https:\\\/\\\/schema.org\",\"@graph\":[{\"@type\":\"Article\",\"@id\":\"https:\\\/\\\/unisale.com.br\\\/novo\\\/28-03-aquele-que-me-enviou-esta-comigo-ele-nao-me-deixou-sozinho-porque-sempre-faco-o-que-e-de-seu-agrado\\\/#article\",\"isPartOf\":{\"@id\":\"https:\\\/\\\/unisale.com.br\\\/novo\\\/28-03-aquele-que-me-enviou-esta-comigo-ele-nao-me-deixou-sozinho-porque-sempre-faco-o-que-e-de-seu-agrado\\\/\"},\"author\":{\"name\":\"Luiz Alexandre Marinho Lanzoni\",\"@id\":\"https:\\\/\\\/unisale.com.br\\\/pastoral\\\/#\\\/schema\\\/person\\\/492d3d7bfe53a8302576d39485aff2c4\"},\"headline\":\"28\\\/03 &#8211; Aquele que me enviou est\u00e1 comigo. Ele n\u00e3o me deixou sozinho, porque sempre fa\u00e7o o que \u00e9 de seu agrado.\",\"datePublished\":\"2023-03-21T14:36:23+00:00\",\"mainEntityOfPage\":{\"@id\":\"https:\\\/\\\/unisale.com.br\\\/novo\\\/28-03-aquele-que-me-enviou-esta-comigo-ele-nao-me-deixou-sozinho-porque-sempre-faco-o-que-e-de-seu-agrado\\\/\"},\"wordCount\":823,\"image\":{\"@id\":\"https:\\\/\\\/unisale.com.br\\\/novo\\\/28-03-aquele-que-me-enviou-esta-comigo-ele-nao-me-deixou-sozinho-porque-sempre-faco-o-que-e-de-seu-agrado\\\/#primaryimage\"},\"thumbnailUrl\":\"https:\\\/\\\/unisale.com.br\\\/pastoral\\\/wp-content\\\/uploads\\\/2023\\\/03\\\/Ev-28.jpeg\",\"inLanguage\":\"pt-BR\"},{\"@type\":\"WebPage\",\"@id\":\"https:\\\/\\\/unisale.com.br\\\/novo\\\/28-03-aquele-que-me-enviou-esta-comigo-ele-nao-me-deixou-sozinho-porque-sempre-faco-o-que-e-de-seu-agrado\\\/\",\"url\":\"https:\\\/\\\/unisale.com.br\\\/novo\\\/28-03-aquele-que-me-enviou-esta-comigo-ele-nao-me-deixou-sozinho-porque-sempre-faco-o-que-e-de-seu-agrado\\\/\",\"name\":\"28\\\/03 - Aquele que me enviou est\u00e1 comigo. Ele n\u00e3o me deixou sozinho, porque sempre fa\u00e7o o que \u00e9 de seu agrado. - Pastoral Universit\u00e1ria UniSALESIANO\",\"isPartOf\":{\"@id\":\"https:\\\/\\\/unisale.com.br\\\/pastoral\\\/#website\"},\"primaryImageOfPage\":{\"@id\":\"https:\\\/\\\/unisale.com.br\\\/novo\\\/28-03-aquele-que-me-enviou-esta-comigo-ele-nao-me-deixou-sozinho-porque-sempre-faco-o-que-e-de-seu-agrado\\\/#primaryimage\"},\"image\":{\"@id\":\"https:\\\/\\\/unisale.com.br\\\/novo\\\/28-03-aquele-que-me-enviou-esta-comigo-ele-nao-me-deixou-sozinho-porque-sempre-faco-o-que-e-de-seu-agrado\\\/#primaryimage\"},\"thumbnailUrl\":\"https:\\\/\\\/unisale.com.br\\\/pastoral\\\/wp-content\\\/uploads\\\/2023\\\/03\\\/Ev-28.jpeg\",\"datePublished\":\"2023-03-21T14:36:23+00:00\",\"author\":{\"@id\":\"https:\\\/\\\/unisale.com.br\\\/pastoral\\\/#\\\/schema\\\/person\\\/492d3d7bfe53a8302576d39485aff2c4\"},\"inLanguage\":\"pt-BR\",\"potentialAction\":[{\"@type\":\"ReadAction\",\"target\":[\"https:\\\/\\\/unisale.com.br\\\/novo\\\/28-03-aquele-que-me-enviou-esta-comigo-ele-nao-me-deixou-sozinho-porque-sempre-faco-o-que-e-de-seu-agrado\\\/\"]}]},{\"@type\":\"ImageObject\",\"inLanguage\":\"pt-BR\",\"@id\":\"https:\\\/\\\/unisale.com.br\\\/novo\\\/28-03-aquele-que-me-enviou-esta-comigo-ele-nao-me-deixou-sozinho-porque-sempre-faco-o-que-e-de-seu-agrado\\\/#primaryimage\",\"url\":\"https:\\\/\\\/unisale.com.br\\\/pastoral\\\/wp-content\\\/uploads\\\/2023\\\/03\\\/Ev-28.jpeg\",\"contentUrl\":\"https:\\\/\\\/unisale.com.br\\\/pastoral\\\/wp-content\\\/uploads\\\/2023\\\/03\\\/Ev-28.jpeg\",\"width\":751,\"height\":500},{\"@type\":\"WebSite\",\"@id\":\"https:\\\/\\\/unisale.com.br\\\/pastoral\\\/#website\",\"url\":\"https:\\\/\\\/unisale.com.br\\\/pastoral\\\/\",\"name\":\"Pastoral Universit\u00e1ria UniSALESIANO\",\"description\":\"Site da Pastoral Universit\u00e1ria do UniSALESIANO\",\"potentialAction\":[{\"@type\":\"SearchAction\",\"target\":{\"@type\":\"EntryPoint\",\"urlTemplate\":\"https:\\\/\\\/unisale.com.br\\\/pastoral\\\/?s={search_term_string}\"},\"query-input\":{\"@type\":\"PropertyValueSpecification\",\"valueRequired\":true,\"valueName\":\"search_term_string\"}}],\"inLanguage\":\"pt-BR\"},{\"@type\":\"Person\",\"@id\":\"https:\\\/\\\/unisale.com.br\\\/pastoral\\\/#\\\/schema\\\/person\\\/492d3d7bfe53a8302576d39485aff2c4\",\"name\":\"Luiz Alexandre Marinho Lanzoni\",\"url\":\"https:\\\/\\\/unisale.com.br\\\/pastoral\\\/author\\\/luiz\\\/\"}]}<\/script>\n<!-- \/ Yoast SEO plugin. -->","yoast_head_json":{"title":"28\/03 - Aquele que me enviou est\u00e1 comigo. Ele n\u00e3o me deixou sozinho, porque sempre fa\u00e7o o que \u00e9 de seu agrado. - Pastoral Universit\u00e1ria UniSALESIANO","robots":{"index":"index","follow":"follow","max-snippet":"max-snippet:-1","max-image-preview":"max-image-preview:large","max-video-preview":"max-video-preview:-1"},"canonical":"https:\/\/unisale.com.br\/novo\/28-03-aquele-que-me-enviou-esta-comigo-ele-nao-me-deixou-sozinho-porque-sempre-faco-o-que-e-de-seu-agrado\/","og_locale":"pt_BR","og_type":"article","og_title":"28\/03 - Aquele que me enviou est\u00e1 comigo. Ele n\u00e3o me deixou sozinho, porque sempre fa\u00e7o o que \u00e9 de seu agrado. - Pastoral Universit\u00e1ria UniSALESIANO","og_description":"Ter\u00e7a-feira, 28 de mar\u00e7o de 2023. &nbsp; Evangelho (Jo 8,21-30) &nbsp; \u201cAquele que me enviou est\u00e1 comigo. Ele n\u00e3o me deixou sozinho, porque sempre fa\u00e7o...","og_url":"https:\/\/unisale.com.br\/novo\/28-03-aquele-que-me-enviou-esta-comigo-ele-nao-me-deixou-sozinho-porque-sempre-faco-o-que-e-de-seu-agrado\/","og_site_name":"Pastoral Universit\u00e1ria UniSALESIANO","article_published_time":"2023-03-21T14:36:23+00:00","og_image":[{"width":900,"height":599,"url":"https:\/\/unisale.com.br\/novo\/wp-content\/uploads\/2023\/03\/Ev-28.jpeg","type":"image\/jpeg"}],"author":"Luiz Alexandre Marinho Lanzoni","twitter_card":"summary_large_image","twitter_misc":{"Escrito por":"Luiz Alexandre Marinho Lanzoni","Est. tempo de leitura":"4 minutos"},"schema":{"@context":"https:\/\/schema.org","@graph":[{"@type":"Article","@id":"https:\/\/unisale.com.br\/novo\/28-03-aquele-que-me-enviou-esta-comigo-ele-nao-me-deixou-sozinho-porque-sempre-faco-o-que-e-de-seu-agrado\/#article","isPartOf":{"@id":"https:\/\/unisale.com.br\/novo\/28-03-aquele-que-me-enviou-esta-comigo-ele-nao-me-deixou-sozinho-porque-sempre-faco-o-que-e-de-seu-agrado\/"},"author":{"name":"Luiz Alexandre Marinho Lanzoni","@id":"https:\/\/unisale.com.br\/pastoral\/#\/schema\/person\/492d3d7bfe53a8302576d39485aff2c4"},"headline":"28\/03 &#8211; Aquele que me enviou est\u00e1 comigo. Ele n\u00e3o me deixou sozinho, porque sempre fa\u00e7o o que \u00e9 de seu agrado.","datePublished":"2023-03-21T14:36:23+00:00","mainEntityOfPage":{"@id":"https:\/\/unisale.com.br\/novo\/28-03-aquele-que-me-enviou-esta-comigo-ele-nao-me-deixou-sozinho-porque-sempre-faco-o-que-e-de-seu-agrado\/"},"wordCount":823,"image":{"@id":"https:\/\/unisale.com.br\/novo\/28-03-aquele-que-me-enviou-esta-comigo-ele-nao-me-deixou-sozinho-porque-sempre-faco-o-que-e-de-seu-agrado\/#primaryimage"},"thumbnailUrl":"https:\/\/unisale.com.br\/pastoral\/wp-content\/uploads\/2023\/03\/Ev-28.jpeg","inLanguage":"pt-BR"},{"@type":"WebPage","@id":"https:\/\/unisale.com.br\/novo\/28-03-aquele-que-me-enviou-esta-comigo-ele-nao-me-deixou-sozinho-porque-sempre-faco-o-que-e-de-seu-agrado\/","url":"https:\/\/unisale.com.br\/novo\/28-03-aquele-que-me-enviou-esta-comigo-ele-nao-me-deixou-sozinho-porque-sempre-faco-o-que-e-de-seu-agrado\/","name":"28\/03 - Aquele que me enviou est\u00e1 comigo. Ele n\u00e3o me deixou sozinho, porque sempre fa\u00e7o o que \u00e9 de seu agrado. - Pastoral Universit\u00e1ria UniSALESIANO","isPartOf":{"@id":"https:\/\/unisale.com.br\/pastoral\/#website"},"primaryImageOfPage":{"@id":"https:\/\/unisale.com.br\/novo\/28-03-aquele-que-me-enviou-esta-comigo-ele-nao-me-deixou-sozinho-porque-sempre-faco-o-que-e-de-seu-agrado\/#primaryimage"},"image":{"@id":"https:\/\/unisale.com.br\/novo\/28-03-aquele-que-me-enviou-esta-comigo-ele-nao-me-deixou-sozinho-porque-sempre-faco-o-que-e-de-seu-agrado\/#primaryimage"},"thumbnailUrl":"https:\/\/unisale.com.br\/pastoral\/wp-content\/uploads\/2023\/03\/Ev-28.jpeg","datePublished":"2023-03-21T14:36:23+00:00","author":{"@id":"https:\/\/unisale.com.br\/pastoral\/#\/schema\/person\/492d3d7bfe53a8302576d39485aff2c4"},"inLanguage":"pt-BR","potentialAction":[{"@type":"ReadAction","target":["https:\/\/unisale.com.br\/novo\/28-03-aquele-que-me-enviou-esta-comigo-ele-nao-me-deixou-sozinho-porque-sempre-faco-o-que-e-de-seu-agrado\/"]}]},{"@type":"ImageObject","inLanguage":"pt-BR","@id":"https:\/\/unisale.com.br\/novo\/28-03-aquele-que-me-enviou-esta-comigo-ele-nao-me-deixou-sozinho-porque-sempre-faco-o-que-e-de-seu-agrado\/#primaryimage","url":"https:\/\/unisale.com.br\/pastoral\/wp-content\/uploads\/2023\/03\/Ev-28.jpeg","contentUrl":"https:\/\/unisale.com.br\/pastoral\/wp-content\/uploads\/2023\/03\/Ev-28.jpeg","width":751,"height":500},{"@type":"WebSite","@id":"https:\/\/unisale.com.br\/pastoral\/#website","url":"https:\/\/unisale.com.br\/pastoral\/","name":"Pastoral Universit\u00e1ria UniSALESIANO","description":"Site da Pastoral Universit\u00e1ria do UniSALESIANO","potentialAction":[{"@type":"SearchAction","target":{"@type":"EntryPoint","urlTemplate":"https:\/\/unisale.com.br\/pastoral\/?s={search_term_string}"},"query-input":{"@type":"PropertyValueSpecification","valueRequired":true,"valueName":"search_term_string"}}],"inLanguage":"pt-BR"},{"@type":"Person","@id":"https:\/\/unisale.com.br\/pastoral\/#\/schema\/person\/492d3d7bfe53a8302576d39485aff2c4","name":"Luiz Alexandre Marinho Lanzoni","url":"https:\/\/unisale.com.br\/pastoral\/author\/luiz\/"}]}},"_links":{"self":[{"href":"https:\/\/unisale.com.br\/pastoral\/wp-json\/wp\/v2\/posts\/6543","targetHints":{"allow":["GET"]}}],"collection":[{"href":"https:\/\/unisale.com.br\/pastoral\/wp-json\/wp\/v2\/posts"}],"about":[{"href":"https:\/\/unisale.com.br\/pastoral\/wp-json\/wp\/v2\/types\/post"}],"author":[{"embeddable":true,"href":"https:\/\/unisale.com.br\/pastoral\/wp-json\/wp\/v2\/users\/6"}],"replies":[{"embeddable":true,"href":"https:\/\/unisale.com.br\/pastoral\/wp-json\/wp\/v2\/comments?post=6543"}],"version-history":[{"count":0,"href":"https:\/\/unisale.com.br\/pastoral\/wp-json\/wp\/v2\/posts\/6543\/revisions"}],"wp:featuredmedia":[{"embeddable":true,"href":"https:\/\/unisale.com.br\/pastoral\/wp-json\/wp\/v2\/media\/6529"}],"wp:attachment":[{"href":"https:\/\/unisale.com.br\/pastoral\/wp-json\/wp\/v2\/media?parent=6543"}],"wp:term":[{"taxonomy":"category","embeddable":true,"href":"https:\/\/unisale.com.br\/pastoral\/wp-json\/wp\/v2\/categories?post=6543"},{"taxonomy":"post_tag","embeddable":true,"href":"https:\/\/unisale.com.br\/pastoral\/wp-json\/wp\/v2\/tags?post=6543"}],"curies":[{"name":"wp","href":"https:\/\/api.w.org\/{rel}","templated":true}]}}