{"id":6589,"date":"2023-03-30T11:27:06","date_gmt":"2023-03-30T11:27:06","guid":{"rendered":"https:\/\/unisale.com.br\/pastoral\/?p=6589"},"modified":"2023-03-30T11:27:44","modified_gmt":"2023-03-30T11:27:44","slug":"6589","status":"publish","type":"post","link":"https:\/\/unisale.com.br\/pastoral\/6589\/","title":{"rendered":"02\/04 &#8211; Domingo de Ramos, Evangelho da Paix\u00e3o."},"content":{"rendered":"<p>Domingo, 02 de abril de 2023.<\/p>\n<p>&nbsp;<\/p>\n<p>Evangelho (Mt 27,11-54)<\/p>\n<p>&nbsp;<\/p>\n<p>Domingo de Ramos, Evangelho da Paix\u00e3o.<\/p>\n<p>&nbsp;<\/p>\n<p><strong>(O texto do Evangelho por ser muito extenso ser\u00e1 suprimido nesta publica\u00e7\u00e3o)<\/strong><\/p>\n<p>&nbsp;<\/p>\n<p><strong>Reflex\u00e3o<\/strong><\/p>\n<p>&nbsp;<\/p>\n<p>Este n\u00e3o \u00e9 um dia de triunfo, mas de paix\u00e3o. Poder\u00edamos ainda dizer: \u00e9 um dia de triunfo atrav\u00e9s da paix\u00e3o. \u00c0s portas desta semana n\u00f3s retornamos \u00e0 Jerusal\u00e9m e cantamos: \u201cHosana ao Filho de Davi\u201d Bendito o que vem em nome do Senhor!\u201d. \u00c9 alegre este canto, mas logo nos aparece a sombra da cruz. Ent\u00e3o entendemos que o triunfo de Deus \u00e9 a sua paix\u00e3o, porque a paix\u00e3o \u00e9 a hora do amor infinito de Deus. A paix\u00e3o, no cora\u00e7\u00e3o de Cristo, inicia no Cen\u00e1culo e \u00e9 aqui que se d\u00e1 in\u00edcio o triunfo do amor. Durante a ceia Jesus diz: \u201cum de v\u00f3s vai me trair!\u201d. O sofrimento de Jesus n\u00e3o est\u00e1 no fato do an\u00fancio da trai\u00e7\u00e3o, mas no fato de que o traidor \u00e9 um dos seus Ap\u00f3stolos. Qual \u00e9 a rea\u00e7\u00e3o de Jesus? Depois do an\u00fancio da trai\u00e7\u00e3o Ele nos d\u00e1 a Eucaristia: assim, justamente enquanto a humanidade atrav\u00e9s de Judas vende o Seu Senhor, Ele atrav\u00e9s de um ato supremo de amor, reabilita a humanidade, oferecendo seu Corpo e Sangue. Admir\u00e1vel vit\u00f3ria do Amor! \u00c9 este o estilo de Deus, \u00e9 este o sentido da P\u00e1scoa. A cruz, oferta do homem a Deus se torna o pre\u00e7o do perd\u00e3o oferecido por Deus ao homem: se torna amor! Quando Judas encontra-se com Jesus no Horto das Oliveiras, chega com a aud\u00e1cia de aponta-lo aos soldados atrav\u00e9s de um beijo. \u00c9 exatamente repugnante este geste de amizade usado para trair a amizade. Jesus com palavras sinceras, oferece a Judas um sinal de miseric\u00f3rdia, tentando abrir um espa\u00e7o no cora\u00e7\u00e3o endurecido do traidor. Jesus lhe diz: \u201cAmigo, por isto est\u00e1s aqui?\u201d. Jesus o chama de amigo, para dizer-lhe que nada mudou da parte de Deus; Deus ainda o espera e a bondade de Deus ningu\u00e9m a pode cancelar. Deus vence assim na paix\u00e3o, Deus vence assim tamb\u00e9m hoje. Tamb\u00e9m n\u00f3s devemos vencer o mal todos os dias seguindo o caminho de Jesus. Quando Pedro nega Jesus num momento de fraqueza e insiste dizendo: \u201cN\u00e3o conhe\u00e7o este homem\u201d, tamb\u00e9m Pedro experimenta a miseric\u00f3rdia de Deus. Jesus, de fato, improvisamente olho Pedro com infinita miseric\u00f3rdia. Este recordou-se das palavras que Jesus lhe havia dito: \u201cAntes que o galo cante, voc\u00ea me negar\u00e1 tr\u00eas vezes\u201d. O olhar de Jesus! Pedro naquele momento percebeu o absurdo do seu comportamento: Jesus morria por ele e Pedro se envergonhava de t\u00ea-lo conhecido; Jesus se calava por amor e Pedro falava por covardia. Mais uma vez o triunfo de Deus \u00e9 a miseric\u00f3rdia: Pedro entendeu isso. Pedro chorou amargamente. Aquelas l\u00e1grimas lhe restitu\u00edram a alegria do perd\u00e3o sempre pronto da parte de Deus. Que a Semana Santa conduza tamb\u00e9m n\u00f3s a esta experi\u00eancia: a experi\u00eancia de sentir-se amado por Deus com um amor infinito.<\/p>\n<p><b>Pe. Paulo Eduardo\u00a0J\u00e1como ,SDB.<\/b><\/p>\n","protected":false},"excerpt":{"rendered":"<p>Domingo, 02 de abril de 2023. &nbsp; Evangelho (Mt 27,11-54) &nbsp; Domingo de Ramos, Evangelho da Paix\u00e3o. &nbsp; (O texto do Evangelho por ser muito&#8230;<\/p>\n","protected":false},"author":6,"featured_media":6576,"comment_status":"closed","ping_status":"closed","sticky":false,"template":"","format":"standard","meta":{"_acf_changed":false,"footnotes":""},"categories":[13],"tags":[],"class_list":["post-6589","post","type-post","status-publish","format-standard","has-post-thumbnail","hentry","category-reflexaodoevagelho"],"acf":[],"yoast_head":"<!-- This site is optimized with the Yoast SEO plugin v27.3 - https:\/\/yoast.com\/product\/yoast-seo-wordpress\/ -->\n<title>02\/04 - Domingo de Ramos, Evangelho da Paix\u00e3o. - Pastoral Universit\u00e1ria UniSALESIANO<\/title>\n<meta name=\"robots\" content=\"index, follow, max-snippet:-1, max-image-preview:large, max-video-preview:-1\" \/>\n<link rel=\"canonical\" href=\"https:\/\/unisale.com.br\/novo\/6589\/\" \/>\n<meta property=\"og:locale\" content=\"pt_BR\" \/>\n<meta property=\"og:type\" content=\"article\" \/>\n<meta property=\"og:title\" content=\"02\/04 - Domingo de Ramos, Evangelho da Paix\u00e3o. - Pastoral Universit\u00e1ria UniSALESIANO\" \/>\n<meta property=\"og:description\" content=\"Domingo, 02 de abril de 2023. &nbsp; Evangelho (Mt 27,11-54) &nbsp; Domingo de Ramos, Evangelho da Paix\u00e3o. &nbsp; (O texto do Evangelho por ser muito...\" \/>\n<meta property=\"og:url\" content=\"https:\/\/unisale.com.br\/novo\/6589\/\" \/>\n<meta property=\"og:site_name\" content=\"Pastoral Universit\u00e1ria UniSALESIANO\" \/>\n<meta property=\"article:published_time\" content=\"2023-03-30T11:27:06+00:00\" \/>\n<meta property=\"article:modified_time\" content=\"2023-03-30T11:27:44+00:00\" \/>\n<meta property=\"og:image\" content=\"https:\/\/unisale.com.br\/novo\/wp-content\/uploads\/2023\/03\/Ev-02.jpg\" \/>\n\t<meta property=\"og:image:width\" content=\"1068\" \/>\n\t<meta property=\"og:image:height\" content=\"712\" \/>\n\t<meta property=\"og:image:type\" content=\"image\/jpeg\" \/>\n<meta name=\"author\" content=\"Luiz Alexandre Marinho Lanzoni\" \/>\n<meta name=\"twitter:card\" content=\"summary_large_image\" \/>\n<meta name=\"twitter:label1\" content=\"Escrito por\" \/>\n\t<meta name=\"twitter:data1\" content=\"Luiz Alexandre Marinho Lanzoni\" \/>\n\t<meta name=\"twitter:label2\" content=\"Est. tempo de leitura\" \/>\n\t<meta name=\"twitter:data2\" content=\"3 minutos\" \/>\n<script type=\"application\/ld+json\" class=\"yoast-schema-graph\">{\"@context\":\"https:\\\/\\\/schema.org\",\"@graph\":[{\"@type\":\"Article\",\"@id\":\"https:\\\/\\\/unisale.com.br\\\/novo\\\/6589\\\/#article\",\"isPartOf\":{\"@id\":\"https:\\\/\\\/unisale.com.br\\\/novo\\\/6589\\\/\"},\"author\":{\"name\":\"Luiz Alexandre Marinho Lanzoni\",\"@id\":\"https:\\\/\\\/unisale.com.br\\\/pastoral\\\/#\\\/schema\\\/person\\\/492d3d7bfe53a8302576d39485aff2c4\"},\"headline\":\"02\\\/04 &#8211; Domingo de Ramos, Evangelho da Paix\u00e3o.\",\"datePublished\":\"2023-03-30T11:27:06+00:00\",\"dateModified\":\"2023-03-30T11:27:44+00:00\",\"mainEntityOfPage\":{\"@id\":\"https:\\\/\\\/unisale.com.br\\\/novo\\\/6589\\\/\"},\"wordCount\":551,\"image\":{\"@id\":\"https:\\\/\\\/unisale.com.br\\\/novo\\\/6589\\\/#primaryimage\"},\"thumbnailUrl\":\"https:\\\/\\\/unisale.com.br\\\/pastoral\\\/wp-content\\\/uploads\\\/2023\\\/03\\\/Ev-02.jpg\",\"articleSection\":[\"Reflex\u00e3o do Evangelho\"],\"inLanguage\":\"pt-BR\"},{\"@type\":\"WebPage\",\"@id\":\"https:\\\/\\\/unisale.com.br\\\/novo\\\/6589\\\/\",\"url\":\"https:\\\/\\\/unisale.com.br\\\/novo\\\/6589\\\/\",\"name\":\"02\\\/04 - Domingo de Ramos, Evangelho da Paix\u00e3o. - Pastoral Universit\u00e1ria UniSALESIANO\",\"isPartOf\":{\"@id\":\"https:\\\/\\\/unisale.com.br\\\/pastoral\\\/#website\"},\"primaryImageOfPage\":{\"@id\":\"https:\\\/\\\/unisale.com.br\\\/novo\\\/6589\\\/#primaryimage\"},\"image\":{\"@id\":\"https:\\\/\\\/unisale.com.br\\\/novo\\\/6589\\\/#primaryimage\"},\"thumbnailUrl\":\"https:\\\/\\\/unisale.com.br\\\/pastoral\\\/wp-content\\\/uploads\\\/2023\\\/03\\\/Ev-02.jpg\",\"datePublished\":\"2023-03-30T11:27:06+00:00\",\"dateModified\":\"2023-03-30T11:27:44+00:00\",\"author\":{\"@id\":\"https:\\\/\\\/unisale.com.br\\\/pastoral\\\/#\\\/schema\\\/person\\\/492d3d7bfe53a8302576d39485aff2c4\"},\"inLanguage\":\"pt-BR\",\"potentialAction\":[{\"@type\":\"ReadAction\",\"target\":[\"https:\\\/\\\/unisale.com.br\\\/novo\\\/6589\\\/\"]}]},{\"@type\":\"ImageObject\",\"inLanguage\":\"pt-BR\",\"@id\":\"https:\\\/\\\/unisale.com.br\\\/novo\\\/6589\\\/#primaryimage\",\"url\":\"https:\\\/\\\/unisale.com.br\\\/pastoral\\\/wp-content\\\/uploads\\\/2023\\\/03\\\/Ev-02.jpg\",\"contentUrl\":\"https:\\\/\\\/unisale.com.br\\\/pastoral\\\/wp-content\\\/uploads\\\/2023\\\/03\\\/Ev-02.jpg\",\"width\":750,\"height\":500},{\"@type\":\"WebSite\",\"@id\":\"https:\\\/\\\/unisale.com.br\\\/pastoral\\\/#website\",\"url\":\"https:\\\/\\\/unisale.com.br\\\/pastoral\\\/\",\"name\":\"Pastoral Universit\u00e1ria UniSALESIANO\",\"description\":\"Site da Pastoral Universit\u00e1ria do UniSALESIANO\",\"potentialAction\":[{\"@type\":\"SearchAction\",\"target\":{\"@type\":\"EntryPoint\",\"urlTemplate\":\"https:\\\/\\\/unisale.com.br\\\/pastoral\\\/?s={search_term_string}\"},\"query-input\":{\"@type\":\"PropertyValueSpecification\",\"valueRequired\":true,\"valueName\":\"search_term_string\"}}],\"inLanguage\":\"pt-BR\"},{\"@type\":\"Person\",\"@id\":\"https:\\\/\\\/unisale.com.br\\\/pastoral\\\/#\\\/schema\\\/person\\\/492d3d7bfe53a8302576d39485aff2c4\",\"name\":\"Luiz Alexandre Marinho Lanzoni\",\"url\":\"https:\\\/\\\/unisale.com.br\\\/pastoral\\\/author\\\/luiz\\\/\"}]}<\/script>\n<!-- \/ Yoast SEO plugin. -->","yoast_head_json":{"title":"02\/04 - Domingo de Ramos, Evangelho da Paix\u00e3o. - Pastoral Universit\u00e1ria UniSALESIANO","robots":{"index":"index","follow":"follow","max-snippet":"max-snippet:-1","max-image-preview":"max-image-preview:large","max-video-preview":"max-video-preview:-1"},"canonical":"https:\/\/unisale.com.br\/novo\/6589\/","og_locale":"pt_BR","og_type":"article","og_title":"02\/04 - Domingo de Ramos, Evangelho da Paix\u00e3o. - Pastoral Universit\u00e1ria UniSALESIANO","og_description":"Domingo, 02 de abril de 2023. &nbsp; Evangelho (Mt 27,11-54) &nbsp; Domingo de Ramos, Evangelho da Paix\u00e3o. &nbsp; (O texto do Evangelho por ser muito...","og_url":"https:\/\/unisale.com.br\/novo\/6589\/","og_site_name":"Pastoral Universit\u00e1ria UniSALESIANO","article_published_time":"2023-03-30T11:27:06+00:00","article_modified_time":"2023-03-30T11:27:44+00:00","og_image":[{"width":1068,"height":712,"url":"https:\/\/unisale.com.br\/novo\/wp-content\/uploads\/2023\/03\/Ev-02.jpg","type":"image\/jpeg"}],"author":"Luiz Alexandre Marinho Lanzoni","twitter_card":"summary_large_image","twitter_misc":{"Escrito por":"Luiz Alexandre Marinho Lanzoni","Est. tempo de leitura":"3 minutos"},"schema":{"@context":"https:\/\/schema.org","@graph":[{"@type":"Article","@id":"https:\/\/unisale.com.br\/novo\/6589\/#article","isPartOf":{"@id":"https:\/\/unisale.com.br\/novo\/6589\/"},"author":{"name":"Luiz Alexandre Marinho Lanzoni","@id":"https:\/\/unisale.com.br\/pastoral\/#\/schema\/person\/492d3d7bfe53a8302576d39485aff2c4"},"headline":"02\/04 &#8211; Domingo de Ramos, Evangelho da Paix\u00e3o.","datePublished":"2023-03-30T11:27:06+00:00","dateModified":"2023-03-30T11:27:44+00:00","mainEntityOfPage":{"@id":"https:\/\/unisale.com.br\/novo\/6589\/"},"wordCount":551,"image":{"@id":"https:\/\/unisale.com.br\/novo\/6589\/#primaryimage"},"thumbnailUrl":"https:\/\/unisale.com.br\/pastoral\/wp-content\/uploads\/2023\/03\/Ev-02.jpg","articleSection":["Reflex\u00e3o do Evangelho"],"inLanguage":"pt-BR"},{"@type":"WebPage","@id":"https:\/\/unisale.com.br\/novo\/6589\/","url":"https:\/\/unisale.com.br\/novo\/6589\/","name":"02\/04 - Domingo de Ramos, Evangelho da Paix\u00e3o. - Pastoral Universit\u00e1ria UniSALESIANO","isPartOf":{"@id":"https:\/\/unisale.com.br\/pastoral\/#website"},"primaryImageOfPage":{"@id":"https:\/\/unisale.com.br\/novo\/6589\/#primaryimage"},"image":{"@id":"https:\/\/unisale.com.br\/novo\/6589\/#primaryimage"},"thumbnailUrl":"https:\/\/unisale.com.br\/pastoral\/wp-content\/uploads\/2023\/03\/Ev-02.jpg","datePublished":"2023-03-30T11:27:06+00:00","dateModified":"2023-03-30T11:27:44+00:00","author":{"@id":"https:\/\/unisale.com.br\/pastoral\/#\/schema\/person\/492d3d7bfe53a8302576d39485aff2c4"},"inLanguage":"pt-BR","potentialAction":[{"@type":"ReadAction","target":["https:\/\/unisale.com.br\/novo\/6589\/"]}]},{"@type":"ImageObject","inLanguage":"pt-BR","@id":"https:\/\/unisale.com.br\/novo\/6589\/#primaryimage","url":"https:\/\/unisale.com.br\/pastoral\/wp-content\/uploads\/2023\/03\/Ev-02.jpg","contentUrl":"https:\/\/unisale.com.br\/pastoral\/wp-content\/uploads\/2023\/03\/Ev-02.jpg","width":750,"height":500},{"@type":"WebSite","@id":"https:\/\/unisale.com.br\/pastoral\/#website","url":"https:\/\/unisale.com.br\/pastoral\/","name":"Pastoral Universit\u00e1ria UniSALESIANO","description":"Site da Pastoral Universit\u00e1ria do UniSALESIANO","potentialAction":[{"@type":"SearchAction","target":{"@type":"EntryPoint","urlTemplate":"https:\/\/unisale.com.br\/pastoral\/?s={search_term_string}"},"query-input":{"@type":"PropertyValueSpecification","valueRequired":true,"valueName":"search_term_string"}}],"inLanguage":"pt-BR"},{"@type":"Person","@id":"https:\/\/unisale.com.br\/pastoral\/#\/schema\/person\/492d3d7bfe53a8302576d39485aff2c4","name":"Luiz Alexandre Marinho Lanzoni","url":"https:\/\/unisale.com.br\/pastoral\/author\/luiz\/"}]}},"_links":{"self":[{"href":"https:\/\/unisale.com.br\/pastoral\/wp-json\/wp\/v2\/posts\/6589","targetHints":{"allow":["GET"]}}],"collection":[{"href":"https:\/\/unisale.com.br\/pastoral\/wp-json\/wp\/v2\/posts"}],"about":[{"href":"https:\/\/unisale.com.br\/pastoral\/wp-json\/wp\/v2\/types\/post"}],"author":[{"embeddable":true,"href":"https:\/\/unisale.com.br\/pastoral\/wp-json\/wp\/v2\/users\/6"}],"replies":[{"embeddable":true,"href":"https:\/\/unisale.com.br\/pastoral\/wp-json\/wp\/v2\/comments?post=6589"}],"version-history":[{"count":0,"href":"https:\/\/unisale.com.br\/pastoral\/wp-json\/wp\/v2\/posts\/6589\/revisions"}],"wp:featuredmedia":[{"embeddable":true,"href":"https:\/\/unisale.com.br\/pastoral\/wp-json\/wp\/v2\/media\/6576"}],"wp:attachment":[{"href":"https:\/\/unisale.com.br\/pastoral\/wp-json\/wp\/v2\/media?parent=6589"}],"wp:term":[{"taxonomy":"category","embeddable":true,"href":"https:\/\/unisale.com.br\/pastoral\/wp-json\/wp\/v2\/categories?post=6589"},{"taxonomy":"post_tag","embeddable":true,"href":"https:\/\/unisale.com.br\/pastoral\/wp-json\/wp\/v2\/tags?post=6589"}],"curies":[{"name":"wp","href":"https:\/\/api.w.org\/{rel}","templated":true}]}}