{"id":6602,"date":"2023-03-30T11:47:41","date_gmt":"2023-03-30T11:47:41","guid":{"rendered":"https:\/\/unisale.com.br\/pastoral\/?p=6602"},"modified":"2023-03-30T11:47:41","modified_gmt":"2023-03-30T11:47:41","slug":"08-04-nao-tenhais-medo-sei-que-procurais-jesus-que-foi-crucificado-ele-nao-esta-aqui-ressuscitou-como-havia-dito","status":"publish","type":"post","link":"https:\/\/unisale.com.br\/pastoral\/08-04-nao-tenhais-medo-sei-que-procurais-jesus-que-foi-crucificado-ele-nao-esta-aqui-ressuscitou-como-havia-dito\/","title":{"rendered":"08\/04 &#8211; N\u00e3o tenhais medo! Sei que procurais Jesus, que foi crucificado. Ele n\u00e3o est\u00e1 aqui! Ressuscitou, como havia dito!"},"content":{"rendered":"<p>S\u00e1bado, 08 de abril de 2023.<\/p>\n<p>&nbsp;<\/p>\n<p>Evangelho (Mt 28,1-10)<\/p>\n<p>&nbsp;<\/p>\n<p><strong>\u201cN\u00e3o tenhais medo! Sei que procurais Jesus, que foi crucificado. Ele n\u00e3o est\u00e1 aqui! Ressuscitou, como havia dito!\u201d<\/strong><\/p>\n<p>&nbsp;<\/p>\n<p><sup>1<\/sup>Depois do s\u00e1bado, ao amanhecer do primeiro dia da semana, Maria Madalena e a outra Maria foram ver o sepulcro. <sup>2<\/sup>De repente, houve um grande tremor de terra: o anjo do Senhor desceu do c\u00e9u e, aproximando-se, retirou a pedra e sentou-se nela. <sup>3<\/sup>Sua apar\u00eancia era como um rel\u00e2mpago, e suas vestes eram brancas como a neve. <sup>4<\/sup>Os guardas ficaram com tanto medo do anjo, que tremeram, e ficaram como mortos. <sup>5<\/sup>Ent\u00e3o o anjo disse \u00e0s mulheres: \u201cN\u00e3o tenhais medo! Sei que procurais Jesus, que foi crucificado. <sup>6<\/sup>Ele n\u00e3o est\u00e1 aqui! Ressuscitou, como havia dito! Vinde ver o lugar em que ele estava. <sup>7<\/sup>Ide depressa contar aos disc\u00edpulos que ele ressuscitou dos mortos, e que vai \u00e0 vossa frente para a Galileia. L\u00e1 v\u00f3s o vereis. \u00c9 o que tenho a dizer-vos\u201d. <sup>8<\/sup>As mulheres partiram depressa do sepulcro. Estavam com medo, mas correram com grande alegria, para dar a not\u00edcia aos disc\u00edpulos. <sup>9<\/sup>De repente, Jesus foi ao encontro delas, e disse: \u201cAlegrai-vos!\u201d As mulheres aproximaram-se, e prostraram-se diante de Jesus, abra\u00e7ando seus p\u00e9s. <sup>10<\/sup>Ent\u00e3o Jesus disse a elas: \u201cN\u00e3o tenhais medo. Ide anunciar aos meus irm\u00e3os que se dirijam para a Galileia. L\u00e1 eles me ver\u00e3o\u201d.<\/p>\n<p>&nbsp;<\/p>\n<p>&nbsp;<\/p>\n<p><strong>Reflex\u00e3o<\/strong><\/p>\n<p>&nbsp;<\/p>\n<p>O s\u00e1bado santo pode parecer um dia exprimido entre a sexta-feira santa e o domingo de P\u00e1scoa. No entanto, este dia \u00e9 o dia da espera, do grande sil\u00eancio, \u00e9 o dia que se vive antes do grande salto. Aquela hist\u00f3ria que parece ter terminado na realidade n\u00e3o terminou. Mas ningu\u00e9m ainda conhece este detalhe. Maria Madalena e a outra Maria bem cedo v\u00e3o ao t\u00famulo sem saber o que lhes espera. Est\u00e3o oprimidas pela dor de uma aus\u00eancia e de uma perda e tamb\u00e9m desorientadas pois findou a esperan\u00e7a que Jesus havia dado a cada um deles. Suas ora\u00e7\u00f5es provavelmente se tornaram breves, como uma jaculat\u00f3ria: \u201co que faremos?\u201d Quantas vezes n\u00f3s tamb\u00e9m rezamos do mesmo modo, com o mesmo desespero: \u201ccomo faremos?\u201d. No entanto, quando chegam diante do t\u00famulo encontram algo imprevisto que transforma a realidade desesperadora que viviam: \u201cum anjo do Senhor descido do c\u00e9u, se aproximou, moveu a pedra e sentou-se sobre ela\u201d. Se portanto tempo tivemos a certeza de n\u00e3o ter as for\u00e7as necess\u00e1rias para mover a pedra dos problemas que nos acontecem, de um momento para outro nos conscientizamos que o Senhor misteriosamente moveu aquela pedra e se colocou sentado sobre ela. \u00c9 P\u00e1scoa quando aquilo que nos faz sofrer se torna um p\u00falpito de onde \u00e9 anunciada uma mudan\u00e7a inesperada: \u201cN\u00e3o tenhais medo! Sei que procurais Jesus, que foi crucificado. <sup>6<\/sup>Ele n\u00e3o est\u00e1 aqui! Ressuscitou, como havia dito! Vinde ver o lugar em que ele estava. <sup>7<\/sup>Ide depressa contar aos disc\u00edpulos que ele ressuscitou dos mortos, e que vai \u00e0 vossa frente para a Galileia. L\u00e1 v\u00f3s o vereis. \u00c9 o que tenho a dizer-vos\u201d. De agora em diante aquilo que \u00e9 um dom (porque a f\u00e9 na Ressurrei\u00e7\u00e3o de Cristo \u00e9 dom) se torna empenho, escolha, responsabilidade. Se se acredita neste an\u00fancio agora precisa consequentemente vive-lo. Se n\u00e3o se acredita neste an\u00fancio se continua a viver o obst\u00e1culo daquele sepulcro. \u00c9 a nossa vida quem nos diz se acreditamos ou n\u00e3o que Cristo ressuscitou.<\/p>\n<p>&nbsp;<\/p>\n<p><strong>Pe. Paulo Eduardo J\u00e1como, SDB.<\/strong><\/p>\n","protected":false},"excerpt":{"rendered":"<p>S\u00e1bado, 08 de abril de 2023. &nbsp; Evangelho (Mt 28,1-10) &nbsp; \u201cN\u00e3o tenhais medo! Sei que procurais Jesus, que foi crucificado. Ele n\u00e3o est\u00e1 aqui!&#8230;<\/p>\n","protected":false},"author":6,"featured_media":6582,"comment_status":"closed","ping_status":"closed","sticky":false,"template":"","format":"standard","meta":{"_acf_changed":false,"footnotes":""},"categories":[13],"tags":[],"class_list":["post-6602","post","type-post","status-publish","format-standard","has-post-thumbnail","hentry","category-reflexaodoevagelho"],"acf":[],"yoast_head":"<!-- This site is optimized with the Yoast SEO plugin v27.3 - https:\/\/yoast.com\/product\/yoast-seo-wordpress\/ -->\n<title>08\/04 - N\u00e3o tenhais medo! Sei que procurais Jesus, que foi crucificado. Ele n\u00e3o est\u00e1 aqui! Ressuscitou, como havia dito! - Pastoral Universit\u00e1ria UniSALESIANO<\/title>\n<meta name=\"robots\" content=\"index, follow, max-snippet:-1, max-image-preview:large, max-video-preview:-1\" \/>\n<link rel=\"canonical\" href=\"https:\/\/unisale.com.br\/novo\/08-04-nao-tenhais-medo-sei-que-procurais-jesus-que-foi-crucificado-ele-nao-esta-aqui-ressuscitou-como-havia-dito\/\" \/>\n<meta property=\"og:locale\" content=\"pt_BR\" \/>\n<meta property=\"og:type\" content=\"article\" \/>\n<meta property=\"og:title\" content=\"08\/04 - N\u00e3o tenhais medo! Sei que procurais Jesus, que foi crucificado. Ele n\u00e3o est\u00e1 aqui! Ressuscitou, como havia dito! - Pastoral Universit\u00e1ria UniSALESIANO\" \/>\n<meta property=\"og:description\" content=\"S\u00e1bado, 08 de abril de 2023. &nbsp; Evangelho (Mt 28,1-10) &nbsp; \u201cN\u00e3o tenhais medo! Sei que procurais Jesus, que foi crucificado. Ele n\u00e3o est\u00e1 aqui!...\" \/>\n<meta property=\"og:url\" content=\"https:\/\/unisale.com.br\/novo\/08-04-nao-tenhais-medo-sei-que-procurais-jesus-que-foi-crucificado-ele-nao-esta-aqui-ressuscitou-como-havia-dito\/\" \/>\n<meta property=\"og:site_name\" content=\"Pastoral Universit\u00e1ria UniSALESIANO\" \/>\n<meta property=\"article:published_time\" content=\"2023-03-30T11:47:41+00:00\" \/>\n<meta property=\"og:image\" content=\"https:\/\/unisale.com.br\/novo\/wp-content\/uploads\/2023\/03\/Ev-08-1.jpg\" \/>\n\t<meta property=\"og:image:width\" content=\"900\" \/>\n\t<meta property=\"og:image:height\" content=\"591\" \/>\n\t<meta property=\"og:image:type\" content=\"image\/jpeg\" \/>\n<meta name=\"author\" content=\"Luiz Alexandre Marinho Lanzoni\" \/>\n<meta name=\"twitter:card\" content=\"summary_large_image\" \/>\n<meta name=\"twitter:label1\" content=\"Escrito por\" \/>\n\t<meta name=\"twitter:data1\" content=\"Luiz Alexandre Marinho Lanzoni\" \/>\n\t<meta name=\"twitter:label2\" content=\"Est. tempo de leitura\" \/>\n\t<meta name=\"twitter:data2\" content=\"3 minutos\" \/>\n<script type=\"application\/ld+json\" class=\"yoast-schema-graph\">{\"@context\":\"https:\\\/\\\/schema.org\",\"@graph\":[{\"@type\":\"Article\",\"@id\":\"https:\\\/\\\/unisale.com.br\\\/novo\\\/08-04-nao-tenhais-medo-sei-que-procurais-jesus-que-foi-crucificado-ele-nao-esta-aqui-ressuscitou-como-havia-dito\\\/#article\",\"isPartOf\":{\"@id\":\"https:\\\/\\\/unisale.com.br\\\/novo\\\/08-04-nao-tenhais-medo-sei-que-procurais-jesus-que-foi-crucificado-ele-nao-esta-aqui-ressuscitou-como-havia-dito\\\/\"},\"author\":{\"name\":\"Luiz Alexandre Marinho Lanzoni\",\"@id\":\"https:\\\/\\\/unisale.com.br\\\/pastoral\\\/#\\\/schema\\\/person\\\/492d3d7bfe53a8302576d39485aff2c4\"},\"headline\":\"08\\\/04 &#8211; N\u00e3o tenhais medo! Sei que procurais Jesus, que foi crucificado. Ele n\u00e3o est\u00e1 aqui! Ressuscitou, como havia dito!\",\"datePublished\":\"2023-03-30T11:47:41+00:00\",\"mainEntityOfPage\":{\"@id\":\"https:\\\/\\\/unisale.com.br\\\/novo\\\/08-04-nao-tenhais-medo-sei-que-procurais-jesus-que-foi-crucificado-ele-nao-esta-aqui-ressuscitou-como-havia-dito\\\/\"},\"wordCount\":632,\"image\":{\"@id\":\"https:\\\/\\\/unisale.com.br\\\/novo\\\/08-04-nao-tenhais-medo-sei-que-procurais-jesus-que-foi-crucificado-ele-nao-esta-aqui-ressuscitou-como-havia-dito\\\/#primaryimage\"},\"thumbnailUrl\":\"https:\\\/\\\/unisale.com.br\\\/pastoral\\\/wp-content\\\/uploads\\\/2023\\\/03\\\/Ev-08-1.jpg\",\"articleSection\":[\"Reflex\u00e3o do Evangelho\"],\"inLanguage\":\"pt-BR\"},{\"@type\":\"WebPage\",\"@id\":\"https:\\\/\\\/unisale.com.br\\\/novo\\\/08-04-nao-tenhais-medo-sei-que-procurais-jesus-que-foi-crucificado-ele-nao-esta-aqui-ressuscitou-como-havia-dito\\\/\",\"url\":\"https:\\\/\\\/unisale.com.br\\\/novo\\\/08-04-nao-tenhais-medo-sei-que-procurais-jesus-que-foi-crucificado-ele-nao-esta-aqui-ressuscitou-como-havia-dito\\\/\",\"name\":\"08\\\/04 - N\u00e3o tenhais medo! Sei que procurais Jesus, que foi crucificado. Ele n\u00e3o est\u00e1 aqui! Ressuscitou, como havia dito! - Pastoral Universit\u00e1ria UniSALESIANO\",\"isPartOf\":{\"@id\":\"https:\\\/\\\/unisale.com.br\\\/pastoral\\\/#website\"},\"primaryImageOfPage\":{\"@id\":\"https:\\\/\\\/unisale.com.br\\\/novo\\\/08-04-nao-tenhais-medo-sei-que-procurais-jesus-que-foi-crucificado-ele-nao-esta-aqui-ressuscitou-como-havia-dito\\\/#primaryimage\"},\"image\":{\"@id\":\"https:\\\/\\\/unisale.com.br\\\/novo\\\/08-04-nao-tenhais-medo-sei-que-procurais-jesus-que-foi-crucificado-ele-nao-esta-aqui-ressuscitou-como-havia-dito\\\/#primaryimage\"},\"thumbnailUrl\":\"https:\\\/\\\/unisale.com.br\\\/pastoral\\\/wp-content\\\/uploads\\\/2023\\\/03\\\/Ev-08-1.jpg\",\"datePublished\":\"2023-03-30T11:47:41+00:00\",\"author\":{\"@id\":\"https:\\\/\\\/unisale.com.br\\\/pastoral\\\/#\\\/schema\\\/person\\\/492d3d7bfe53a8302576d39485aff2c4\"},\"inLanguage\":\"pt-BR\",\"potentialAction\":[{\"@type\":\"ReadAction\",\"target\":[\"https:\\\/\\\/unisale.com.br\\\/novo\\\/08-04-nao-tenhais-medo-sei-que-procurais-jesus-que-foi-crucificado-ele-nao-esta-aqui-ressuscitou-como-havia-dito\\\/\"]}]},{\"@type\":\"ImageObject\",\"inLanguage\":\"pt-BR\",\"@id\":\"https:\\\/\\\/unisale.com.br\\\/novo\\\/08-04-nao-tenhais-medo-sei-que-procurais-jesus-que-foi-crucificado-ele-nao-esta-aqui-ressuscitou-como-havia-dito\\\/#primaryimage\",\"url\":\"https:\\\/\\\/unisale.com.br\\\/pastoral\\\/wp-content\\\/uploads\\\/2023\\\/03\\\/Ev-08-1.jpg\",\"contentUrl\":\"https:\\\/\\\/unisale.com.br\\\/pastoral\\\/wp-content\\\/uploads\\\/2023\\\/03\\\/Ev-08-1.jpg\",\"width\":761,\"height\":500},{\"@type\":\"WebSite\",\"@id\":\"https:\\\/\\\/unisale.com.br\\\/pastoral\\\/#website\",\"url\":\"https:\\\/\\\/unisale.com.br\\\/pastoral\\\/\",\"name\":\"Pastoral Universit\u00e1ria UniSALESIANO\",\"description\":\"Site da Pastoral Universit\u00e1ria do UniSALESIANO\",\"potentialAction\":[{\"@type\":\"SearchAction\",\"target\":{\"@type\":\"EntryPoint\",\"urlTemplate\":\"https:\\\/\\\/unisale.com.br\\\/pastoral\\\/?s={search_term_string}\"},\"query-input\":{\"@type\":\"PropertyValueSpecification\",\"valueRequired\":true,\"valueName\":\"search_term_string\"}}],\"inLanguage\":\"pt-BR\"},{\"@type\":\"Person\",\"@id\":\"https:\\\/\\\/unisale.com.br\\\/pastoral\\\/#\\\/schema\\\/person\\\/492d3d7bfe53a8302576d39485aff2c4\",\"name\":\"Luiz Alexandre Marinho Lanzoni\",\"url\":\"https:\\\/\\\/unisale.com.br\\\/pastoral\\\/author\\\/luiz\\\/\"}]}<\/script>\n<!-- \/ Yoast SEO plugin. -->","yoast_head_json":{"title":"08\/04 - N\u00e3o tenhais medo! Sei que procurais Jesus, que foi crucificado. Ele n\u00e3o est\u00e1 aqui! Ressuscitou, como havia dito! - Pastoral Universit\u00e1ria UniSALESIANO","robots":{"index":"index","follow":"follow","max-snippet":"max-snippet:-1","max-image-preview":"max-image-preview:large","max-video-preview":"max-video-preview:-1"},"canonical":"https:\/\/unisale.com.br\/novo\/08-04-nao-tenhais-medo-sei-que-procurais-jesus-que-foi-crucificado-ele-nao-esta-aqui-ressuscitou-como-havia-dito\/","og_locale":"pt_BR","og_type":"article","og_title":"08\/04 - N\u00e3o tenhais medo! Sei que procurais Jesus, que foi crucificado. Ele n\u00e3o est\u00e1 aqui! Ressuscitou, como havia dito! - Pastoral Universit\u00e1ria UniSALESIANO","og_description":"S\u00e1bado, 08 de abril de 2023. &nbsp; Evangelho (Mt 28,1-10) &nbsp; \u201cN\u00e3o tenhais medo! Sei que procurais Jesus, que foi crucificado. Ele n\u00e3o est\u00e1 aqui!...","og_url":"https:\/\/unisale.com.br\/novo\/08-04-nao-tenhais-medo-sei-que-procurais-jesus-que-foi-crucificado-ele-nao-esta-aqui-ressuscitou-como-havia-dito\/","og_site_name":"Pastoral Universit\u00e1ria UniSALESIANO","article_published_time":"2023-03-30T11:47:41+00:00","og_image":[{"width":900,"height":591,"url":"https:\/\/unisale.com.br\/novo\/wp-content\/uploads\/2023\/03\/Ev-08-1.jpg","type":"image\/jpeg"}],"author":"Luiz Alexandre Marinho Lanzoni","twitter_card":"summary_large_image","twitter_misc":{"Escrito por":"Luiz Alexandre Marinho Lanzoni","Est. tempo de leitura":"3 minutos"},"schema":{"@context":"https:\/\/schema.org","@graph":[{"@type":"Article","@id":"https:\/\/unisale.com.br\/novo\/08-04-nao-tenhais-medo-sei-que-procurais-jesus-que-foi-crucificado-ele-nao-esta-aqui-ressuscitou-como-havia-dito\/#article","isPartOf":{"@id":"https:\/\/unisale.com.br\/novo\/08-04-nao-tenhais-medo-sei-que-procurais-jesus-que-foi-crucificado-ele-nao-esta-aqui-ressuscitou-como-havia-dito\/"},"author":{"name":"Luiz Alexandre Marinho Lanzoni","@id":"https:\/\/unisale.com.br\/pastoral\/#\/schema\/person\/492d3d7bfe53a8302576d39485aff2c4"},"headline":"08\/04 &#8211; N\u00e3o tenhais medo! Sei que procurais Jesus, que foi crucificado. Ele n\u00e3o est\u00e1 aqui! Ressuscitou, como havia dito!","datePublished":"2023-03-30T11:47:41+00:00","mainEntityOfPage":{"@id":"https:\/\/unisale.com.br\/novo\/08-04-nao-tenhais-medo-sei-que-procurais-jesus-que-foi-crucificado-ele-nao-esta-aqui-ressuscitou-como-havia-dito\/"},"wordCount":632,"image":{"@id":"https:\/\/unisale.com.br\/novo\/08-04-nao-tenhais-medo-sei-que-procurais-jesus-que-foi-crucificado-ele-nao-esta-aqui-ressuscitou-como-havia-dito\/#primaryimage"},"thumbnailUrl":"https:\/\/unisale.com.br\/pastoral\/wp-content\/uploads\/2023\/03\/Ev-08-1.jpg","articleSection":["Reflex\u00e3o do Evangelho"],"inLanguage":"pt-BR"},{"@type":"WebPage","@id":"https:\/\/unisale.com.br\/novo\/08-04-nao-tenhais-medo-sei-que-procurais-jesus-que-foi-crucificado-ele-nao-esta-aqui-ressuscitou-como-havia-dito\/","url":"https:\/\/unisale.com.br\/novo\/08-04-nao-tenhais-medo-sei-que-procurais-jesus-que-foi-crucificado-ele-nao-esta-aqui-ressuscitou-como-havia-dito\/","name":"08\/04 - N\u00e3o tenhais medo! Sei que procurais Jesus, que foi crucificado. Ele n\u00e3o est\u00e1 aqui! Ressuscitou, como havia dito! - Pastoral Universit\u00e1ria UniSALESIANO","isPartOf":{"@id":"https:\/\/unisale.com.br\/pastoral\/#website"},"primaryImageOfPage":{"@id":"https:\/\/unisale.com.br\/novo\/08-04-nao-tenhais-medo-sei-que-procurais-jesus-que-foi-crucificado-ele-nao-esta-aqui-ressuscitou-como-havia-dito\/#primaryimage"},"image":{"@id":"https:\/\/unisale.com.br\/novo\/08-04-nao-tenhais-medo-sei-que-procurais-jesus-que-foi-crucificado-ele-nao-esta-aqui-ressuscitou-como-havia-dito\/#primaryimage"},"thumbnailUrl":"https:\/\/unisale.com.br\/pastoral\/wp-content\/uploads\/2023\/03\/Ev-08-1.jpg","datePublished":"2023-03-30T11:47:41+00:00","author":{"@id":"https:\/\/unisale.com.br\/pastoral\/#\/schema\/person\/492d3d7bfe53a8302576d39485aff2c4"},"inLanguage":"pt-BR","potentialAction":[{"@type":"ReadAction","target":["https:\/\/unisale.com.br\/novo\/08-04-nao-tenhais-medo-sei-que-procurais-jesus-que-foi-crucificado-ele-nao-esta-aqui-ressuscitou-como-havia-dito\/"]}]},{"@type":"ImageObject","inLanguage":"pt-BR","@id":"https:\/\/unisale.com.br\/novo\/08-04-nao-tenhais-medo-sei-que-procurais-jesus-que-foi-crucificado-ele-nao-esta-aqui-ressuscitou-como-havia-dito\/#primaryimage","url":"https:\/\/unisale.com.br\/pastoral\/wp-content\/uploads\/2023\/03\/Ev-08-1.jpg","contentUrl":"https:\/\/unisale.com.br\/pastoral\/wp-content\/uploads\/2023\/03\/Ev-08-1.jpg","width":761,"height":500},{"@type":"WebSite","@id":"https:\/\/unisale.com.br\/pastoral\/#website","url":"https:\/\/unisale.com.br\/pastoral\/","name":"Pastoral Universit\u00e1ria UniSALESIANO","description":"Site da Pastoral Universit\u00e1ria do UniSALESIANO","potentialAction":[{"@type":"SearchAction","target":{"@type":"EntryPoint","urlTemplate":"https:\/\/unisale.com.br\/pastoral\/?s={search_term_string}"},"query-input":{"@type":"PropertyValueSpecification","valueRequired":true,"valueName":"search_term_string"}}],"inLanguage":"pt-BR"},{"@type":"Person","@id":"https:\/\/unisale.com.br\/pastoral\/#\/schema\/person\/492d3d7bfe53a8302576d39485aff2c4","name":"Luiz Alexandre Marinho Lanzoni","url":"https:\/\/unisale.com.br\/pastoral\/author\/luiz\/"}]}},"_links":{"self":[{"href":"https:\/\/unisale.com.br\/pastoral\/wp-json\/wp\/v2\/posts\/6602","targetHints":{"allow":["GET"]}}],"collection":[{"href":"https:\/\/unisale.com.br\/pastoral\/wp-json\/wp\/v2\/posts"}],"about":[{"href":"https:\/\/unisale.com.br\/pastoral\/wp-json\/wp\/v2\/types\/post"}],"author":[{"embeddable":true,"href":"https:\/\/unisale.com.br\/pastoral\/wp-json\/wp\/v2\/users\/6"}],"replies":[{"embeddable":true,"href":"https:\/\/unisale.com.br\/pastoral\/wp-json\/wp\/v2\/comments?post=6602"}],"version-history":[{"count":0,"href":"https:\/\/unisale.com.br\/pastoral\/wp-json\/wp\/v2\/posts\/6602\/revisions"}],"wp:featuredmedia":[{"embeddable":true,"href":"https:\/\/unisale.com.br\/pastoral\/wp-json\/wp\/v2\/media\/6582"}],"wp:attachment":[{"href":"https:\/\/unisale.com.br\/pastoral\/wp-json\/wp\/v2\/media?parent=6602"}],"wp:term":[{"taxonomy":"category","embeddable":true,"href":"https:\/\/unisale.com.br\/pastoral\/wp-json\/wp\/v2\/categories?post=6602"},{"taxonomy":"post_tag","embeddable":true,"href":"https:\/\/unisale.com.br\/pastoral\/wp-json\/wp\/v2\/tags?post=6602"}],"curies":[{"name":"wp","href":"https:\/\/api.w.org\/{rel}","templated":true}]}}