{"id":6645,"date":"2023-04-10T17:09:09","date_gmt":"2023-04-10T17:09:09","guid":{"rendered":"https:\/\/unisale.com.br\/pastoral\/?p=6645"},"modified":"2023-04-10T17:09:09","modified_gmt":"2023-04-10T17:09:09","slug":"17-04-em-verdade-em-verdade-te-digo-se-alguem-nao-nasce-do-alto-nao-pode-ver-o-reino-de-deus","status":"publish","type":"post","link":"https:\/\/unisale.com.br\/pastoral\/17-04-em-verdade-em-verdade-te-digo-se-alguem-nao-nasce-do-alto-nao-pode-ver-o-reino-de-deus\/","title":{"rendered":"17\/04 &#8211; Em verdade, em verdade, te digo, se algu\u00e9m n\u00e3o nasce do alto, n\u00e3o pode ver o Reino de Deus."},"content":{"rendered":"<p>Segunda-feira, 17 de abril de 2023.<\/p>\n<p>&nbsp;<\/p>\n<p>Evangelho (Jo 3,1-8)<\/p>\n<p>&nbsp;<\/p>\n<p><strong>\u201cEm verdade, em verdade, te digo, se algu\u00e9m n\u00e3o nasce do alto, n\u00e3o pode ver o Reino de Deus\u201d.<\/strong><\/p>\n<p>&nbsp;<\/p>\n<p><sup>1<\/sup>Havia um chefe judaico, membro do grupo dos fariseus, chamado Nicodemos, <sup>2<\/sup>que foi ter com Jesus, de noite, e lhe disse: \u201cRabi, sabemos que vieste como mestre da parte de Deus. De fato, ningu\u00e9m pode realizar os sinais que tu fazes, a n\u00e3o ser que Deus esteja com ele\u201d. <sup>3<\/sup>Jesus respondeu: \u201cEm verdade, em verdade, te digo, se algu\u00e9m n\u00e3o nasce do alto, n\u00e3o pode ver o Reino de Deus\u201d. <sup>4<\/sup>Nicodemos disse: \u201cComo \u00e9 que algu\u00e9m pode nascer, se j\u00e1 \u00e9 velho? Poder\u00e1 entrar outra vez no ventre de sua m\u00e3e?\u201d <sup>5<\/sup>Jesus respondeu: \u201cEm verdade, em verdade, te digo, se algu\u00e9m n\u00e3o nasce da \u00e1gua e do Esp\u00edrito, n\u00e3o pode entrar no Reino de Deus. <sup>6<\/sup>Quem nasce da carne \u00e9 carne; quem nasce do Esp\u00edrito \u00e9 esp\u00edrito. <sup>7<\/sup>N\u00e3o te admires por eu haver dito: V\u00f3s deveis nascer do alto. <sup>8<\/sup>O vento sopra onde quer e tu podes ouvir o seu ru\u00eddo, mas n\u00e3o sabes de onde vem, nem para onde vai. Assim acontece a todo aquele que nasceu do Esp\u00edrito\u201d.<\/p>\n<p>&nbsp;<\/p>\n<p><strong>Reflex\u00e3o<\/strong><\/p>\n<p>&nbsp;<\/p>\n<p>\u201cEm verdade, em verdade, te digo, se algu\u00e9m n\u00e3o nasce do alto, n\u00e3o pode ver o Reino de Deus\u201d. Estas s\u00e3o as palavras de Jesus dirigidas a Nicodemos nos recordam o clima que nos envolve neste per\u00edodo da P\u00e1scoa. A Ressurrei\u00e7\u00e3o \u00e9 um renascimento, exatamente como o sacramento do batismo. \u00c9 justamente atrav\u00e9s deste renascimento que podemos ver o \u201creino de Deus\u201d, isto \u00e9, encontramos um significado para os acontecimentos desta vida. Este significado \u00e9 o que d\u00e1 fundamento a tudo, \u00e9 a vida eterna, \u00e9 Deus mesmo. Eis porque todo o caminho crist\u00e3o \u00e9 um caminho de renova\u00e7\u00e3o, isto \u00e9, um modo novo de ver as mesmas coisas:<sup> \u201c<\/sup>Nicodemos disse: \u201cComo \u00e9 que algu\u00e9m pode nascer, se j\u00e1 \u00e9 velho? Poder\u00e1 entrar outra vez no ventre de sua m\u00e3e?\u201d. As resist\u00eancias de Nicodemos representam um pouco as nossas resist\u00eancias. Tamb\u00e9m n\u00f3s queremos entender em que sentido podemos de fato ser renovados: <sup>\u201c<\/sup>N\u00e3o te admires por eu haver dito: V\u00f3s deveis nascer do alto. O vento sopra onde quer e tu podes ouvir o seu ru\u00eddo, mas n\u00e3o sabes de onde vem, nem para onde vai. Assim acontece a todo aquele que nasceu do Esp\u00edrito\u201d. \u00a0Jesus parece querer nos dizer que o grande dom que se recebe quando nos deixamos introduzir pelo nascimento pascal \u00e9 aquele de ver brotar dentro de n\u00f3s a vida do Esp\u00edrito. E a vida espiritual n\u00e3o \u00e9 mais a simples vida guiada pela lei da nossa natureza de necessidades ou biol\u00f3gica. Esta \u00e9 uma vida que manifesta em n\u00f3s uma liberdade imprevis\u00edvel. Se a nossa natureza nos constringe ao mecanismo da \u201ccausa e efeito\u201d, a vida espiritual nos doa no fim de tudo uma liberdade radical, que \u00e9 aquela de \u201ccausa e imprevisto\u201d. Segundo a nossa natureza n\u00f3s somos j\u00e1 programados. Segundo o Esp\u00edrito n\u00f3s somos um Mist\u00e9rio que se revelando manifestar\u00e1 uma novidade jamais vista. No fundo a partir de Jesus, todos os santos s\u00e3o \u00fanicos no mundo.<\/p>\n<p><b>Pe. Paulo Eduardo\u00a0J\u00e1como, SDB.<\/b><\/p>\n","protected":false},"excerpt":{"rendered":"<p>Segunda-feira, 17 de abril de 2023. &nbsp; Evangelho (Jo 3,1-8) &nbsp; \u201cEm verdade, em verdade, te digo, se algu\u00e9m n\u00e3o nasce do alto, n\u00e3o pode&#8230;<\/p>\n","protected":false},"author":6,"featured_media":6643,"comment_status":"closed","ping_status":"closed","sticky":false,"template":"","format":"standard","meta":{"_acf_changed":false,"footnotes":""},"categories":[13],"tags":[],"class_list":["post-6645","post","type-post","status-publish","format-standard","has-post-thumbnail","hentry","category-reflexaodoevagelho"],"acf":[],"yoast_head":"<!-- This site is optimized with the Yoast SEO plugin v27.3 - https:\/\/yoast.com\/product\/yoast-seo-wordpress\/ -->\n<title>17\/04 - Em verdade, em verdade, te digo, se algu\u00e9m n\u00e3o nasce do alto, n\u00e3o pode ver o Reino de Deus. - Pastoral Universit\u00e1ria UniSALESIANO<\/title>\n<meta name=\"robots\" content=\"index, follow, max-snippet:-1, max-image-preview:large, max-video-preview:-1\" \/>\n<link rel=\"canonical\" href=\"https:\/\/unisale.com.br\/novo\/17-04-em-verdade-em-verdade-te-digo-se-alguem-nao-nasce-do-alto-nao-pode-ver-o-reino-de-deus\/\" \/>\n<meta property=\"og:locale\" content=\"pt_BR\" \/>\n<meta property=\"og:type\" content=\"article\" \/>\n<meta property=\"og:title\" content=\"17\/04 - Em verdade, em verdade, te digo, se algu\u00e9m n\u00e3o nasce do alto, n\u00e3o pode ver o Reino de Deus. - Pastoral Universit\u00e1ria UniSALESIANO\" \/>\n<meta property=\"og:description\" content=\"Segunda-feira, 17 de abril de 2023. &nbsp; Evangelho (Jo 3,1-8) &nbsp; \u201cEm verdade, em verdade, te digo, se algu\u00e9m n\u00e3o nasce do alto, n\u00e3o pode...\" \/>\n<meta property=\"og:url\" content=\"https:\/\/unisale.com.br\/novo\/17-04-em-verdade-em-verdade-te-digo-se-alguem-nao-nasce-do-alto-nao-pode-ver-o-reino-de-deus\/\" \/>\n<meta property=\"og:site_name\" content=\"Pastoral Universit\u00e1ria UniSALESIANO\" \/>\n<meta property=\"article:published_time\" content=\"2023-04-10T17:09:09+00:00\" \/>\n<meta property=\"og:image\" content=\"https:\/\/unisale.com.br\/novo\/wp-content\/uploads\/2023\/04\/Ev-17.jpg\" \/>\n\t<meta property=\"og:image:width\" content=\"300\" \/>\n\t<meta property=\"og:image:height\" content=\"212\" \/>\n\t<meta property=\"og:image:type\" content=\"image\/jpeg\" \/>\n<meta name=\"author\" content=\"Luiz Alexandre Marinho Lanzoni\" \/>\n<meta name=\"twitter:card\" content=\"summary_large_image\" \/>\n<meta name=\"twitter:label1\" content=\"Escrito por\" \/>\n\t<meta name=\"twitter:data1\" content=\"Luiz Alexandre Marinho Lanzoni\" \/>\n\t<meta name=\"twitter:label2\" content=\"Est. tempo de leitura\" \/>\n\t<meta name=\"twitter:data2\" content=\"3 minutos\" \/>\n<script type=\"application\/ld+json\" class=\"yoast-schema-graph\">{\"@context\":\"https:\\\/\\\/schema.org\",\"@graph\":[{\"@type\":\"Article\",\"@id\":\"https:\\\/\\\/unisale.com.br\\\/novo\\\/17-04-em-verdade-em-verdade-te-digo-se-alguem-nao-nasce-do-alto-nao-pode-ver-o-reino-de-deus\\\/#article\",\"isPartOf\":{\"@id\":\"https:\\\/\\\/unisale.com.br\\\/novo\\\/17-04-em-verdade-em-verdade-te-digo-se-alguem-nao-nasce-do-alto-nao-pode-ver-o-reino-de-deus\\\/\"},\"author\":{\"name\":\"Luiz Alexandre Marinho Lanzoni\",\"@id\":\"https:\\\/\\\/unisale.com.br\\\/pastoral\\\/#\\\/schema\\\/person\\\/492d3d7bfe53a8302576d39485aff2c4\"},\"headline\":\"17\\\/04 &#8211; Em verdade, em verdade, te digo, se algu\u00e9m n\u00e3o nasce do alto, n\u00e3o pode ver o Reino de Deus.\",\"datePublished\":\"2023-04-10T17:09:09+00:00\",\"mainEntityOfPage\":{\"@id\":\"https:\\\/\\\/unisale.com.br\\\/novo\\\/17-04-em-verdade-em-verdade-te-digo-se-alguem-nao-nasce-do-alto-nao-pode-ver-o-reino-de-deus\\\/\"},\"wordCount\":591,\"image\":{\"@id\":\"https:\\\/\\\/unisale.com.br\\\/novo\\\/17-04-em-verdade-em-verdade-te-digo-se-alguem-nao-nasce-do-alto-nao-pode-ver-o-reino-de-deus\\\/#primaryimage\"},\"thumbnailUrl\":\"https:\\\/\\\/unisale.com.br\\\/pastoral\\\/wp-content\\\/uploads\\\/2023\\\/04\\\/Ev-17.jpg\",\"articleSection\":[\"Reflex\u00e3o do Evangelho\"],\"inLanguage\":\"pt-BR\"},{\"@type\":\"WebPage\",\"@id\":\"https:\\\/\\\/unisale.com.br\\\/novo\\\/17-04-em-verdade-em-verdade-te-digo-se-alguem-nao-nasce-do-alto-nao-pode-ver-o-reino-de-deus\\\/\",\"url\":\"https:\\\/\\\/unisale.com.br\\\/novo\\\/17-04-em-verdade-em-verdade-te-digo-se-alguem-nao-nasce-do-alto-nao-pode-ver-o-reino-de-deus\\\/\",\"name\":\"17\\\/04 - Em verdade, em verdade, te digo, se algu\u00e9m n\u00e3o nasce do alto, n\u00e3o pode ver o Reino de Deus. - Pastoral Universit\u00e1ria UniSALESIANO\",\"isPartOf\":{\"@id\":\"https:\\\/\\\/unisale.com.br\\\/pastoral\\\/#website\"},\"primaryImageOfPage\":{\"@id\":\"https:\\\/\\\/unisale.com.br\\\/novo\\\/17-04-em-verdade-em-verdade-te-digo-se-alguem-nao-nasce-do-alto-nao-pode-ver-o-reino-de-deus\\\/#primaryimage\"},\"image\":{\"@id\":\"https:\\\/\\\/unisale.com.br\\\/novo\\\/17-04-em-verdade-em-verdade-te-digo-se-alguem-nao-nasce-do-alto-nao-pode-ver-o-reino-de-deus\\\/#primaryimage\"},\"thumbnailUrl\":\"https:\\\/\\\/unisale.com.br\\\/pastoral\\\/wp-content\\\/uploads\\\/2023\\\/04\\\/Ev-17.jpg\",\"datePublished\":\"2023-04-10T17:09:09+00:00\",\"author\":{\"@id\":\"https:\\\/\\\/unisale.com.br\\\/pastoral\\\/#\\\/schema\\\/person\\\/492d3d7bfe53a8302576d39485aff2c4\"},\"inLanguage\":\"pt-BR\",\"potentialAction\":[{\"@type\":\"ReadAction\",\"target\":[\"https:\\\/\\\/unisale.com.br\\\/novo\\\/17-04-em-verdade-em-verdade-te-digo-se-alguem-nao-nasce-do-alto-nao-pode-ver-o-reino-de-deus\\\/\"]}]},{\"@type\":\"ImageObject\",\"inLanguage\":\"pt-BR\",\"@id\":\"https:\\\/\\\/unisale.com.br\\\/novo\\\/17-04-em-verdade-em-verdade-te-digo-se-alguem-nao-nasce-do-alto-nao-pode-ver-o-reino-de-deus\\\/#primaryimage\",\"url\":\"https:\\\/\\\/unisale.com.br\\\/pastoral\\\/wp-content\\\/uploads\\\/2023\\\/04\\\/Ev-17.jpg\",\"contentUrl\":\"https:\\\/\\\/unisale.com.br\\\/pastoral\\\/wp-content\\\/uploads\\\/2023\\\/04\\\/Ev-17.jpg\",\"width\":300,\"height\":212},{\"@type\":\"WebSite\",\"@id\":\"https:\\\/\\\/unisale.com.br\\\/pastoral\\\/#website\",\"url\":\"https:\\\/\\\/unisale.com.br\\\/pastoral\\\/\",\"name\":\"Pastoral Universit\u00e1ria UniSALESIANO\",\"description\":\"Site da Pastoral Universit\u00e1ria do UniSALESIANO\",\"potentialAction\":[{\"@type\":\"SearchAction\",\"target\":{\"@type\":\"EntryPoint\",\"urlTemplate\":\"https:\\\/\\\/unisale.com.br\\\/pastoral\\\/?s={search_term_string}\"},\"query-input\":{\"@type\":\"PropertyValueSpecification\",\"valueRequired\":true,\"valueName\":\"search_term_string\"}}],\"inLanguage\":\"pt-BR\"},{\"@type\":\"Person\",\"@id\":\"https:\\\/\\\/unisale.com.br\\\/pastoral\\\/#\\\/schema\\\/person\\\/492d3d7bfe53a8302576d39485aff2c4\",\"name\":\"Luiz Alexandre Marinho Lanzoni\",\"url\":\"https:\\\/\\\/unisale.com.br\\\/pastoral\\\/author\\\/luiz\\\/\"}]}<\/script>\n<!-- \/ Yoast SEO plugin. -->","yoast_head_json":{"title":"17\/04 - Em verdade, em verdade, te digo, se algu\u00e9m n\u00e3o nasce do alto, n\u00e3o pode ver o Reino de Deus. - Pastoral Universit\u00e1ria UniSALESIANO","robots":{"index":"index","follow":"follow","max-snippet":"max-snippet:-1","max-image-preview":"max-image-preview:large","max-video-preview":"max-video-preview:-1"},"canonical":"https:\/\/unisale.com.br\/novo\/17-04-em-verdade-em-verdade-te-digo-se-alguem-nao-nasce-do-alto-nao-pode-ver-o-reino-de-deus\/","og_locale":"pt_BR","og_type":"article","og_title":"17\/04 - Em verdade, em verdade, te digo, se algu\u00e9m n\u00e3o nasce do alto, n\u00e3o pode ver o Reino de Deus. - Pastoral Universit\u00e1ria UniSALESIANO","og_description":"Segunda-feira, 17 de abril de 2023. &nbsp; Evangelho (Jo 3,1-8) &nbsp; \u201cEm verdade, em verdade, te digo, se algu\u00e9m n\u00e3o nasce do alto, n\u00e3o pode...","og_url":"https:\/\/unisale.com.br\/novo\/17-04-em-verdade-em-verdade-te-digo-se-alguem-nao-nasce-do-alto-nao-pode-ver-o-reino-de-deus\/","og_site_name":"Pastoral Universit\u00e1ria UniSALESIANO","article_published_time":"2023-04-10T17:09:09+00:00","og_image":[{"width":300,"height":212,"url":"https:\/\/unisale.com.br\/novo\/wp-content\/uploads\/2023\/04\/Ev-17.jpg","type":"image\/jpeg"}],"author":"Luiz Alexandre Marinho Lanzoni","twitter_card":"summary_large_image","twitter_misc":{"Escrito por":"Luiz Alexandre Marinho Lanzoni","Est. tempo de leitura":"3 minutos"},"schema":{"@context":"https:\/\/schema.org","@graph":[{"@type":"Article","@id":"https:\/\/unisale.com.br\/novo\/17-04-em-verdade-em-verdade-te-digo-se-alguem-nao-nasce-do-alto-nao-pode-ver-o-reino-de-deus\/#article","isPartOf":{"@id":"https:\/\/unisale.com.br\/novo\/17-04-em-verdade-em-verdade-te-digo-se-alguem-nao-nasce-do-alto-nao-pode-ver-o-reino-de-deus\/"},"author":{"name":"Luiz Alexandre Marinho Lanzoni","@id":"https:\/\/unisale.com.br\/pastoral\/#\/schema\/person\/492d3d7bfe53a8302576d39485aff2c4"},"headline":"17\/04 &#8211; Em verdade, em verdade, te digo, se algu\u00e9m n\u00e3o nasce do alto, n\u00e3o pode ver o Reino de Deus.","datePublished":"2023-04-10T17:09:09+00:00","mainEntityOfPage":{"@id":"https:\/\/unisale.com.br\/novo\/17-04-em-verdade-em-verdade-te-digo-se-alguem-nao-nasce-do-alto-nao-pode-ver-o-reino-de-deus\/"},"wordCount":591,"image":{"@id":"https:\/\/unisale.com.br\/novo\/17-04-em-verdade-em-verdade-te-digo-se-alguem-nao-nasce-do-alto-nao-pode-ver-o-reino-de-deus\/#primaryimage"},"thumbnailUrl":"https:\/\/unisale.com.br\/pastoral\/wp-content\/uploads\/2023\/04\/Ev-17.jpg","articleSection":["Reflex\u00e3o do Evangelho"],"inLanguage":"pt-BR"},{"@type":"WebPage","@id":"https:\/\/unisale.com.br\/novo\/17-04-em-verdade-em-verdade-te-digo-se-alguem-nao-nasce-do-alto-nao-pode-ver-o-reino-de-deus\/","url":"https:\/\/unisale.com.br\/novo\/17-04-em-verdade-em-verdade-te-digo-se-alguem-nao-nasce-do-alto-nao-pode-ver-o-reino-de-deus\/","name":"17\/04 - Em verdade, em verdade, te digo, se algu\u00e9m n\u00e3o nasce do alto, n\u00e3o pode ver o Reino de Deus. - Pastoral Universit\u00e1ria UniSALESIANO","isPartOf":{"@id":"https:\/\/unisale.com.br\/pastoral\/#website"},"primaryImageOfPage":{"@id":"https:\/\/unisale.com.br\/novo\/17-04-em-verdade-em-verdade-te-digo-se-alguem-nao-nasce-do-alto-nao-pode-ver-o-reino-de-deus\/#primaryimage"},"image":{"@id":"https:\/\/unisale.com.br\/novo\/17-04-em-verdade-em-verdade-te-digo-se-alguem-nao-nasce-do-alto-nao-pode-ver-o-reino-de-deus\/#primaryimage"},"thumbnailUrl":"https:\/\/unisale.com.br\/pastoral\/wp-content\/uploads\/2023\/04\/Ev-17.jpg","datePublished":"2023-04-10T17:09:09+00:00","author":{"@id":"https:\/\/unisale.com.br\/pastoral\/#\/schema\/person\/492d3d7bfe53a8302576d39485aff2c4"},"inLanguage":"pt-BR","potentialAction":[{"@type":"ReadAction","target":["https:\/\/unisale.com.br\/novo\/17-04-em-verdade-em-verdade-te-digo-se-alguem-nao-nasce-do-alto-nao-pode-ver-o-reino-de-deus\/"]}]},{"@type":"ImageObject","inLanguage":"pt-BR","@id":"https:\/\/unisale.com.br\/novo\/17-04-em-verdade-em-verdade-te-digo-se-alguem-nao-nasce-do-alto-nao-pode-ver-o-reino-de-deus\/#primaryimage","url":"https:\/\/unisale.com.br\/pastoral\/wp-content\/uploads\/2023\/04\/Ev-17.jpg","contentUrl":"https:\/\/unisale.com.br\/pastoral\/wp-content\/uploads\/2023\/04\/Ev-17.jpg","width":300,"height":212},{"@type":"WebSite","@id":"https:\/\/unisale.com.br\/pastoral\/#website","url":"https:\/\/unisale.com.br\/pastoral\/","name":"Pastoral Universit\u00e1ria UniSALESIANO","description":"Site da Pastoral Universit\u00e1ria do UniSALESIANO","potentialAction":[{"@type":"SearchAction","target":{"@type":"EntryPoint","urlTemplate":"https:\/\/unisale.com.br\/pastoral\/?s={search_term_string}"},"query-input":{"@type":"PropertyValueSpecification","valueRequired":true,"valueName":"search_term_string"}}],"inLanguage":"pt-BR"},{"@type":"Person","@id":"https:\/\/unisale.com.br\/pastoral\/#\/schema\/person\/492d3d7bfe53a8302576d39485aff2c4","name":"Luiz Alexandre Marinho Lanzoni","url":"https:\/\/unisale.com.br\/pastoral\/author\/luiz\/"}]}},"_links":{"self":[{"href":"https:\/\/unisale.com.br\/pastoral\/wp-json\/wp\/v2\/posts\/6645","targetHints":{"allow":["GET"]}}],"collection":[{"href":"https:\/\/unisale.com.br\/pastoral\/wp-json\/wp\/v2\/posts"}],"about":[{"href":"https:\/\/unisale.com.br\/pastoral\/wp-json\/wp\/v2\/types\/post"}],"author":[{"embeddable":true,"href":"https:\/\/unisale.com.br\/pastoral\/wp-json\/wp\/v2\/users\/6"}],"replies":[{"embeddable":true,"href":"https:\/\/unisale.com.br\/pastoral\/wp-json\/wp\/v2\/comments?post=6645"}],"version-history":[{"count":0,"href":"https:\/\/unisale.com.br\/pastoral\/wp-json\/wp\/v2\/posts\/6645\/revisions"}],"wp:featuredmedia":[{"embeddable":true,"href":"https:\/\/unisale.com.br\/pastoral\/wp-json\/wp\/v2\/media\/6643"}],"wp:attachment":[{"href":"https:\/\/unisale.com.br\/pastoral\/wp-json\/wp\/v2\/media?parent=6645"}],"wp:term":[{"taxonomy":"category","embeddable":true,"href":"https:\/\/unisale.com.br\/pastoral\/wp-json\/wp\/v2\/categories?post=6645"},{"taxonomy":"post_tag","embeddable":true,"href":"https:\/\/unisale.com.br\/pastoral\/wp-json\/wp\/v2\/tags?post=6645"}],"curies":[{"name":"wp","href":"https:\/\/api.w.org\/{rel}","templated":true}]}}