{"id":6649,"date":"2023-04-10T17:12:50","date_gmt":"2023-04-10T17:12:50","guid":{"rendered":"https:\/\/unisale.com.br\/pastoral\/?p=6649"},"modified":"2023-04-10T17:12:50","modified_gmt":"2023-04-10T17:12:50","slug":"19-04-mas-quem-age-conforme-a-verdade-aproxima-se-da-luz-para-que-se-manifeste-que-suas-acoes-sao-realizadas-em-deus","status":"publish","type":"post","link":"https:\/\/unisale.com.br\/pastoral\/19-04-mas-quem-age-conforme-a-verdade-aproxima-se-da-luz-para-que-se-manifeste-que-suas-acoes-sao-realizadas-em-deus\/","title":{"rendered":"19\/04 &#8211; Mas quem age conforme a verdade aproxima-se da luz, para que se manifeste que suas a\u00e7\u00f5es s\u00e3o realizadas em Deus."},"content":{"rendered":"<p>Quarta-feira, 19 de abril de 2023.<\/p>\n<p>&nbsp;<\/p>\n<p>Evangelho (Jo 3,16-21)<\/p>\n<p>&nbsp;<\/p>\n<p><strong>\u201cMas quem age conforme a verdade aproxima-se da luz, para que se manifeste que suas a\u00e7\u00f5es s\u00e3o realizadas em Deus\u201d <\/strong><\/p>\n<p><sup>\u00a0<\/sup><\/p>\n<p><sup>16<\/sup>Deus amou tanto o mundo, que deu o seu Filho unig\u00eanito, para que n\u00e3o morra todo o que nele crer, mas tenha a vida eterna. <sup>17<\/sup>De fato, Deus n\u00e3o enviou o seu Filho ao mundo para condenar o mundo, mas para que o mundo seja salvo por ele. <sup>18<\/sup>Quem nele cr\u00ea n\u00e3o \u00e9 condenado, mas quem n\u00e3o cr\u00ea j\u00e1 est\u00e1 condenado, porque n\u00e3o acreditou no nome do Filho unig\u00eanito. <sup>19<\/sup>Ora, o julgamento \u00e9 este: a luz veio ao mundo, mas os homens preferiram as trevas \u00e0 luz, porque suas a\u00e7\u00f5es eram m\u00e1s. <sup>20<\/sup>Quem pratica o mal odeia a luz e n\u00e3o se aproxima da luz, para que suas a\u00e7\u00f5es n\u00e3o sejam denunciadas. <sup>21<\/sup>Mas quem age conforme a verdade aproxima-se da luz, para que se manifeste que suas a\u00e7\u00f5es s\u00e3o realizadas em Deus.<\/p>\n<p>&nbsp;<\/p>\n<p><strong>Reflex\u00e3o<\/strong><\/p>\n<p>&nbsp;<\/p>\n<p>\u201cDeus amou tanto o mundo, que deu o seu Filho unig\u00eanito, para que n\u00e3o morra todo o que nele crer, mas tenha a vida eterna.\u201d. Como gostaria que l\u00eassemos mais e mais vezes estas palavras o Evangelho de hoje. As deix\u00e1ssemos penetrar at\u00e9 o profundo do nosso cora\u00e7\u00e3o. Elas me comovem. Saber-me amado a tal ponto de saber que Deus pediu ao pr\u00f3prio Filho de sacrificar-se por mim n\u00e3o me deixa indiferente. A f\u00e9 n\u00e3o \u00e9 tanto crer nas coisas sobre Deus, mas crer mais em n\u00f3s mesmos aceitando em sermos verdadeiramente amados. Nos valorizamos pouco. Acreditamos muitos nas nossas \u201ctrevas\u201d do que na luz com a qual somos iluminados: \u201cmas os homens preferiram as trevas \u00e0\u00a0 luz, porque suas a\u00e7\u00f5es eram m\u00e1s\u201d.\u00a0 Aos nossos olhos \u00e9 vais cred\u00edvel o copo meio vazio. Nos olhamos quase sempre com julgamentos, com sentimento de culpa e n\u00e3o conseguimos acolher o olhar de Deus sobre n\u00f3s. Um olhar que nos diz: \u201cvoc\u00ea \u00e9 precioso! Precioso ao ponto de que morri por ti\u201d. N\u00e3o nos diz isso para fazer nascer em n\u00f3s gratid\u00e3o ou sentimento de culpa. Deus n\u00e3o precisa do nosso \u201cobrigado\u201d, ou das nossas frustra\u00e7\u00f5es. Ele precisa da nossa felicidade. A \u00fanica coisa que verdadeiramente nos faz dar gl\u00f3ria a Deus \u00e9 a nossa felicidade. Porque a \u00fanica coisa que satisfaz uma pessoa que ama \u00e9 saber que quem est\u00e1 amando \u00e9 feliz. Por esta felicidade sacrificaria at\u00e9 a si mesmo. E Deus o fez verdadeiramente. Sob a luz de um amor assim, devemos reler toda a nossa vida e ter a coragem de desfazer-se do que \u00e9 incerto: \u201cQuem pratica o mal odeia a luz e n\u00e3o se aproxima da luz, para que suas a\u00e7\u00f5es n\u00e3o sejam denunciadas. Mas quem age conforme a verdade aproxima-se da luz, para que se manifeste que suas a\u00e7\u00f5es s\u00e3o realizadas em Deus\u201d. No fundo \u00e9 isto o que pede Jesus: caminhar ao encontro do Seu Amor e escolher na vida aquilo que est\u00e1 de acordo com isso. Todo o resto \u00e9 somente uma antecipa\u00e7\u00e3o da morte, tamb\u00e9m se n\u00e3o nos damos conta disso rapidamente. De fato, o malvado pensa ser esperto, mas depois, qual \u00e9 o seu fim?<\/p>\n<p>&nbsp;<\/p>\n<p><b>Pe. Paulo Eduardo J\u00e1como, SDB.<\/b><\/p>\n","protected":false},"excerpt":{"rendered":"<p>Quarta-feira, 19 de abril de 2023. &nbsp; Evangelho (Jo 3,16-21) &nbsp; \u201cMas quem age conforme a verdade aproxima-se da luz, para que se manifeste que&#8230;<\/p>\n","protected":false},"author":6,"featured_media":6635,"comment_status":"closed","ping_status":"closed","sticky":false,"template":"","format":"standard","meta":{"_acf_changed":false,"footnotes":""},"categories":[13],"tags":[],"class_list":["post-6649","post","type-post","status-publish","format-standard","has-post-thumbnail","hentry","category-reflexaodoevagelho"],"acf":[],"yoast_head":"<!-- This site is optimized with the Yoast SEO plugin v27.3 - https:\/\/yoast.com\/product\/yoast-seo-wordpress\/ -->\n<title>19\/04 - Mas quem age conforme a verdade aproxima-se da luz, para que se manifeste que suas a\u00e7\u00f5es s\u00e3o realizadas em Deus. - Pastoral Universit\u00e1ria UniSALESIANO<\/title>\n<meta name=\"robots\" content=\"index, follow, max-snippet:-1, max-image-preview:large, max-video-preview:-1\" \/>\n<link rel=\"canonical\" href=\"https:\/\/unisale.com.br\/novo\/19-04-mas-quem-age-conforme-a-verdade-aproxima-se-da-luz-para-que-se-manifeste-que-suas-acoes-sao-realizadas-em-deus\/\" \/>\n<meta property=\"og:locale\" content=\"pt_BR\" \/>\n<meta property=\"og:type\" content=\"article\" \/>\n<meta property=\"og:title\" content=\"19\/04 - Mas quem age conforme a verdade aproxima-se da luz, para que se manifeste que suas a\u00e7\u00f5es s\u00e3o realizadas em Deus. - Pastoral Universit\u00e1ria UniSALESIANO\" \/>\n<meta property=\"og:description\" content=\"Quarta-feira, 19 de abril de 2023. &nbsp; Evangelho (Jo 3,16-21) &nbsp; \u201cMas quem age conforme a verdade aproxima-se da luz, para que se manifeste que...\" \/>\n<meta property=\"og:url\" content=\"https:\/\/unisale.com.br\/novo\/19-04-mas-quem-age-conforme-a-verdade-aproxima-se-da-luz-para-que-se-manifeste-que-suas-acoes-sao-realizadas-em-deus\/\" \/>\n<meta property=\"og:site_name\" content=\"Pastoral Universit\u00e1ria UniSALESIANO\" \/>\n<meta property=\"article:published_time\" content=\"2023-04-10T17:12:50+00:00\" \/>\n<meta property=\"og:image\" content=\"https:\/\/unisale.com.br\/novo\/wp-content\/uploads\/2023\/04\/Ev-19.png\" \/>\n\t<meta property=\"og:image:width\" content=\"453\" \/>\n\t<meta property=\"og:image:height\" content=\"266\" \/>\n\t<meta property=\"og:image:type\" content=\"image\/png\" \/>\n<meta name=\"author\" content=\"Luiz Alexandre Marinho Lanzoni\" \/>\n<meta name=\"twitter:card\" content=\"summary_large_image\" \/>\n<meta name=\"twitter:label1\" content=\"Escrito por\" \/>\n\t<meta name=\"twitter:data1\" content=\"Luiz Alexandre Marinho Lanzoni\" \/>\n\t<meta name=\"twitter:label2\" content=\"Est. tempo de leitura\" \/>\n\t<meta name=\"twitter:data2\" content=\"3 minutos\" \/>\n<script type=\"application\/ld+json\" class=\"yoast-schema-graph\">{\"@context\":\"https:\\\/\\\/schema.org\",\"@graph\":[{\"@type\":\"Article\",\"@id\":\"https:\\\/\\\/unisale.com.br\\\/novo\\\/19-04-mas-quem-age-conforme-a-verdade-aproxima-se-da-luz-para-que-se-manifeste-que-suas-acoes-sao-realizadas-em-deus\\\/#article\",\"isPartOf\":{\"@id\":\"https:\\\/\\\/unisale.com.br\\\/novo\\\/19-04-mas-quem-age-conforme-a-verdade-aproxima-se-da-luz-para-que-se-manifeste-que-suas-acoes-sao-realizadas-em-deus\\\/\"},\"author\":{\"name\":\"Luiz Alexandre Marinho Lanzoni\",\"@id\":\"https:\\\/\\\/unisale.com.br\\\/pastoral\\\/#\\\/schema\\\/person\\\/492d3d7bfe53a8302576d39485aff2c4\"},\"headline\":\"19\\\/04 &#8211; Mas quem age conforme a verdade aproxima-se da luz, para que se manifeste que suas a\u00e7\u00f5es s\u00e3o realizadas em Deus.\",\"datePublished\":\"2023-04-10T17:12:50+00:00\",\"mainEntityOfPage\":{\"@id\":\"https:\\\/\\\/unisale.com.br\\\/novo\\\/19-04-mas-quem-age-conforme-a-verdade-aproxima-se-da-luz-para-que-se-manifeste-que-suas-acoes-sao-realizadas-em-deus\\\/\"},\"wordCount\":588,\"image\":{\"@id\":\"https:\\\/\\\/unisale.com.br\\\/novo\\\/19-04-mas-quem-age-conforme-a-verdade-aproxima-se-da-luz-para-que-se-manifeste-que-suas-acoes-sao-realizadas-em-deus\\\/#primaryimage\"},\"thumbnailUrl\":\"https:\\\/\\\/unisale.com.br\\\/pastoral\\\/wp-content\\\/uploads\\\/2023\\\/04\\\/Ev-19.png\",\"articleSection\":[\"Reflex\u00e3o do Evangelho\"],\"inLanguage\":\"pt-BR\"},{\"@type\":\"WebPage\",\"@id\":\"https:\\\/\\\/unisale.com.br\\\/novo\\\/19-04-mas-quem-age-conforme-a-verdade-aproxima-se-da-luz-para-que-se-manifeste-que-suas-acoes-sao-realizadas-em-deus\\\/\",\"url\":\"https:\\\/\\\/unisale.com.br\\\/novo\\\/19-04-mas-quem-age-conforme-a-verdade-aproxima-se-da-luz-para-que-se-manifeste-que-suas-acoes-sao-realizadas-em-deus\\\/\",\"name\":\"19\\\/04 - Mas quem age conforme a verdade aproxima-se da luz, para que se manifeste que suas a\u00e7\u00f5es s\u00e3o realizadas em Deus. - Pastoral Universit\u00e1ria UniSALESIANO\",\"isPartOf\":{\"@id\":\"https:\\\/\\\/unisale.com.br\\\/pastoral\\\/#website\"},\"primaryImageOfPage\":{\"@id\":\"https:\\\/\\\/unisale.com.br\\\/novo\\\/19-04-mas-quem-age-conforme-a-verdade-aproxima-se-da-luz-para-que-se-manifeste-que-suas-acoes-sao-realizadas-em-deus\\\/#primaryimage\"},\"image\":{\"@id\":\"https:\\\/\\\/unisale.com.br\\\/novo\\\/19-04-mas-quem-age-conforme-a-verdade-aproxima-se-da-luz-para-que-se-manifeste-que-suas-acoes-sao-realizadas-em-deus\\\/#primaryimage\"},\"thumbnailUrl\":\"https:\\\/\\\/unisale.com.br\\\/pastoral\\\/wp-content\\\/uploads\\\/2023\\\/04\\\/Ev-19.png\",\"datePublished\":\"2023-04-10T17:12:50+00:00\",\"author\":{\"@id\":\"https:\\\/\\\/unisale.com.br\\\/pastoral\\\/#\\\/schema\\\/person\\\/492d3d7bfe53a8302576d39485aff2c4\"},\"inLanguage\":\"pt-BR\",\"potentialAction\":[{\"@type\":\"ReadAction\",\"target\":[\"https:\\\/\\\/unisale.com.br\\\/novo\\\/19-04-mas-quem-age-conforme-a-verdade-aproxima-se-da-luz-para-que-se-manifeste-que-suas-acoes-sao-realizadas-em-deus\\\/\"]}]},{\"@type\":\"ImageObject\",\"inLanguage\":\"pt-BR\",\"@id\":\"https:\\\/\\\/unisale.com.br\\\/novo\\\/19-04-mas-quem-age-conforme-a-verdade-aproxima-se-da-luz-para-que-se-manifeste-que-suas-acoes-sao-realizadas-em-deus\\\/#primaryimage\",\"url\":\"https:\\\/\\\/unisale.com.br\\\/pastoral\\\/wp-content\\\/uploads\\\/2023\\\/04\\\/Ev-19.png\",\"contentUrl\":\"https:\\\/\\\/unisale.com.br\\\/pastoral\\\/wp-content\\\/uploads\\\/2023\\\/04\\\/Ev-19.png\",\"width\":453,\"height\":266},{\"@type\":\"WebSite\",\"@id\":\"https:\\\/\\\/unisale.com.br\\\/pastoral\\\/#website\",\"url\":\"https:\\\/\\\/unisale.com.br\\\/pastoral\\\/\",\"name\":\"Pastoral Universit\u00e1ria UniSALESIANO\",\"description\":\"Site da Pastoral Universit\u00e1ria do UniSALESIANO\",\"potentialAction\":[{\"@type\":\"SearchAction\",\"target\":{\"@type\":\"EntryPoint\",\"urlTemplate\":\"https:\\\/\\\/unisale.com.br\\\/pastoral\\\/?s={search_term_string}\"},\"query-input\":{\"@type\":\"PropertyValueSpecification\",\"valueRequired\":true,\"valueName\":\"search_term_string\"}}],\"inLanguage\":\"pt-BR\"},{\"@type\":\"Person\",\"@id\":\"https:\\\/\\\/unisale.com.br\\\/pastoral\\\/#\\\/schema\\\/person\\\/492d3d7bfe53a8302576d39485aff2c4\",\"name\":\"Luiz Alexandre Marinho Lanzoni\",\"url\":\"https:\\\/\\\/unisale.com.br\\\/pastoral\\\/author\\\/luiz\\\/\"}]}<\/script>\n<!-- \/ Yoast SEO plugin. -->","yoast_head_json":{"title":"19\/04 - Mas quem age conforme a verdade aproxima-se da luz, para que se manifeste que suas a\u00e7\u00f5es s\u00e3o realizadas em Deus. - Pastoral Universit\u00e1ria UniSALESIANO","robots":{"index":"index","follow":"follow","max-snippet":"max-snippet:-1","max-image-preview":"max-image-preview:large","max-video-preview":"max-video-preview:-1"},"canonical":"https:\/\/unisale.com.br\/novo\/19-04-mas-quem-age-conforme-a-verdade-aproxima-se-da-luz-para-que-se-manifeste-que-suas-acoes-sao-realizadas-em-deus\/","og_locale":"pt_BR","og_type":"article","og_title":"19\/04 - Mas quem age conforme a verdade aproxima-se da luz, para que se manifeste que suas a\u00e7\u00f5es s\u00e3o realizadas em Deus. - Pastoral Universit\u00e1ria UniSALESIANO","og_description":"Quarta-feira, 19 de abril de 2023. &nbsp; Evangelho (Jo 3,16-21) &nbsp; \u201cMas quem age conforme a verdade aproxima-se da luz, para que se manifeste que...","og_url":"https:\/\/unisale.com.br\/novo\/19-04-mas-quem-age-conforme-a-verdade-aproxima-se-da-luz-para-que-se-manifeste-que-suas-acoes-sao-realizadas-em-deus\/","og_site_name":"Pastoral Universit\u00e1ria UniSALESIANO","article_published_time":"2023-04-10T17:12:50+00:00","og_image":[{"width":453,"height":266,"url":"https:\/\/unisale.com.br\/novo\/wp-content\/uploads\/2023\/04\/Ev-19.png","type":"image\/png"}],"author":"Luiz Alexandre Marinho Lanzoni","twitter_card":"summary_large_image","twitter_misc":{"Escrito por":"Luiz Alexandre Marinho Lanzoni","Est. tempo de leitura":"3 minutos"},"schema":{"@context":"https:\/\/schema.org","@graph":[{"@type":"Article","@id":"https:\/\/unisale.com.br\/novo\/19-04-mas-quem-age-conforme-a-verdade-aproxima-se-da-luz-para-que-se-manifeste-que-suas-acoes-sao-realizadas-em-deus\/#article","isPartOf":{"@id":"https:\/\/unisale.com.br\/novo\/19-04-mas-quem-age-conforme-a-verdade-aproxima-se-da-luz-para-que-se-manifeste-que-suas-acoes-sao-realizadas-em-deus\/"},"author":{"name":"Luiz Alexandre Marinho Lanzoni","@id":"https:\/\/unisale.com.br\/pastoral\/#\/schema\/person\/492d3d7bfe53a8302576d39485aff2c4"},"headline":"19\/04 &#8211; Mas quem age conforme a verdade aproxima-se da luz, para que se manifeste que suas a\u00e7\u00f5es s\u00e3o realizadas em Deus.","datePublished":"2023-04-10T17:12:50+00:00","mainEntityOfPage":{"@id":"https:\/\/unisale.com.br\/novo\/19-04-mas-quem-age-conforme-a-verdade-aproxima-se-da-luz-para-que-se-manifeste-que-suas-acoes-sao-realizadas-em-deus\/"},"wordCount":588,"image":{"@id":"https:\/\/unisale.com.br\/novo\/19-04-mas-quem-age-conforme-a-verdade-aproxima-se-da-luz-para-que-se-manifeste-que-suas-acoes-sao-realizadas-em-deus\/#primaryimage"},"thumbnailUrl":"https:\/\/unisale.com.br\/pastoral\/wp-content\/uploads\/2023\/04\/Ev-19.png","articleSection":["Reflex\u00e3o do Evangelho"],"inLanguage":"pt-BR"},{"@type":"WebPage","@id":"https:\/\/unisale.com.br\/novo\/19-04-mas-quem-age-conforme-a-verdade-aproxima-se-da-luz-para-que-se-manifeste-que-suas-acoes-sao-realizadas-em-deus\/","url":"https:\/\/unisale.com.br\/novo\/19-04-mas-quem-age-conforme-a-verdade-aproxima-se-da-luz-para-que-se-manifeste-que-suas-acoes-sao-realizadas-em-deus\/","name":"19\/04 - Mas quem age conforme a verdade aproxima-se da luz, para que se manifeste que suas a\u00e7\u00f5es s\u00e3o realizadas em Deus. - Pastoral Universit\u00e1ria UniSALESIANO","isPartOf":{"@id":"https:\/\/unisale.com.br\/pastoral\/#website"},"primaryImageOfPage":{"@id":"https:\/\/unisale.com.br\/novo\/19-04-mas-quem-age-conforme-a-verdade-aproxima-se-da-luz-para-que-se-manifeste-que-suas-acoes-sao-realizadas-em-deus\/#primaryimage"},"image":{"@id":"https:\/\/unisale.com.br\/novo\/19-04-mas-quem-age-conforme-a-verdade-aproxima-se-da-luz-para-que-se-manifeste-que-suas-acoes-sao-realizadas-em-deus\/#primaryimage"},"thumbnailUrl":"https:\/\/unisale.com.br\/pastoral\/wp-content\/uploads\/2023\/04\/Ev-19.png","datePublished":"2023-04-10T17:12:50+00:00","author":{"@id":"https:\/\/unisale.com.br\/pastoral\/#\/schema\/person\/492d3d7bfe53a8302576d39485aff2c4"},"inLanguage":"pt-BR","potentialAction":[{"@type":"ReadAction","target":["https:\/\/unisale.com.br\/novo\/19-04-mas-quem-age-conforme-a-verdade-aproxima-se-da-luz-para-que-se-manifeste-que-suas-acoes-sao-realizadas-em-deus\/"]}]},{"@type":"ImageObject","inLanguage":"pt-BR","@id":"https:\/\/unisale.com.br\/novo\/19-04-mas-quem-age-conforme-a-verdade-aproxima-se-da-luz-para-que-se-manifeste-que-suas-acoes-sao-realizadas-em-deus\/#primaryimage","url":"https:\/\/unisale.com.br\/pastoral\/wp-content\/uploads\/2023\/04\/Ev-19.png","contentUrl":"https:\/\/unisale.com.br\/pastoral\/wp-content\/uploads\/2023\/04\/Ev-19.png","width":453,"height":266},{"@type":"WebSite","@id":"https:\/\/unisale.com.br\/pastoral\/#website","url":"https:\/\/unisale.com.br\/pastoral\/","name":"Pastoral Universit\u00e1ria UniSALESIANO","description":"Site da Pastoral Universit\u00e1ria do UniSALESIANO","potentialAction":[{"@type":"SearchAction","target":{"@type":"EntryPoint","urlTemplate":"https:\/\/unisale.com.br\/pastoral\/?s={search_term_string}"},"query-input":{"@type":"PropertyValueSpecification","valueRequired":true,"valueName":"search_term_string"}}],"inLanguage":"pt-BR"},{"@type":"Person","@id":"https:\/\/unisale.com.br\/pastoral\/#\/schema\/person\/492d3d7bfe53a8302576d39485aff2c4","name":"Luiz Alexandre Marinho Lanzoni","url":"https:\/\/unisale.com.br\/pastoral\/author\/luiz\/"}]}},"_links":{"self":[{"href":"https:\/\/unisale.com.br\/pastoral\/wp-json\/wp\/v2\/posts\/6649","targetHints":{"allow":["GET"]}}],"collection":[{"href":"https:\/\/unisale.com.br\/pastoral\/wp-json\/wp\/v2\/posts"}],"about":[{"href":"https:\/\/unisale.com.br\/pastoral\/wp-json\/wp\/v2\/types\/post"}],"author":[{"embeddable":true,"href":"https:\/\/unisale.com.br\/pastoral\/wp-json\/wp\/v2\/users\/6"}],"replies":[{"embeddable":true,"href":"https:\/\/unisale.com.br\/pastoral\/wp-json\/wp\/v2\/comments?post=6649"}],"version-history":[{"count":0,"href":"https:\/\/unisale.com.br\/pastoral\/wp-json\/wp\/v2\/posts\/6649\/revisions"}],"wp:featuredmedia":[{"embeddable":true,"href":"https:\/\/unisale.com.br\/pastoral\/wp-json\/wp\/v2\/media\/6635"}],"wp:attachment":[{"href":"https:\/\/unisale.com.br\/pastoral\/wp-json\/wp\/v2\/media?parent=6649"}],"wp:term":[{"taxonomy":"category","embeddable":true,"href":"https:\/\/unisale.com.br\/pastoral\/wp-json\/wp\/v2\/categories?post=6649"},{"taxonomy":"post_tag","embeddable":true,"href":"https:\/\/unisale.com.br\/pastoral\/wp-json\/wp\/v2\/tags?post=6649"}],"curies":[{"name":"wp","href":"https:\/\/api.w.org\/{rel}","templated":true}]}}