{"id":6653,"date":"2023-04-10T17:17:28","date_gmt":"2023-04-10T17:17:28","guid":{"rendered":"https:\/\/unisale.com.br\/pastoral\/?p=6653"},"modified":"2023-04-10T17:17:28","modified_gmt":"2023-04-10T17:17:28","slug":"21-04-jesus-tomou-os-paes-deu-gracas-e-distribuiu-os-aos-que-estavam-sentados-tanto-quanto-queriam","status":"publish","type":"post","link":"https:\/\/unisale.com.br\/pastoral\/21-04-jesus-tomou-os-paes-deu-gracas-e-distribuiu-os-aos-que-estavam-sentados-tanto-quanto-queriam\/","title":{"rendered":"21\/04 &#8211; Jesus tomou os p\u00e3es, deu gra\u00e7as e distribuiu-os aos que estavam sentados, tanto quanto queriam."},"content":{"rendered":"<p>Sexta-feira, 21 de abril de 2023.<\/p>\n<p>&nbsp;<\/p>\n<p>Evangelho (Jo 6,1-15)<\/p>\n<p>&nbsp;<\/p>\n<p><strong>\u201cJesus tomou os p\u00e3es, deu gra\u00e7as e distribuiu-os aos que estavam sentados, tanto quanto queriam\u201d<\/strong><\/p>\n<p>&nbsp;<\/p>\n<p>Naquele tempo, <sup>1<\/sup>Jesus foi para o outro lado do mar da Galileia, tamb\u00e9m chamado de Tiber\u00edades. <sup>2<\/sup>Uma grande multid\u00e3o o seguia, porque via os sinais que ele operava a favor dos doentes. <sup>3<\/sup>Jesus subiu ao monte e sentou-se a\u00ed, com os seus disc\u00edpulos. <sup>4<\/sup>Estava pr\u00f3xima a P\u00e1scoa, a festa dos judeus. <sup>5<\/sup>Levantando os olhos e vendo que uma grande multid\u00e3o estava vindo ao seu encontro, Jesus disse a Filipe: \u201cOnde vamos comprar p\u00e3o para que eles possam comer?\u201d <sup>6<\/sup>Disse isso para p\u00f4-lo \u00e0 prova, pois ele mesmo sabia muito bem o que ia fazer. <sup>7<\/sup>Filipe respondeu: \u201cNem duzentas moedas de prata bastariam para dar um peda\u00e7o de p\u00e3o a cada um\u201d. <sup>8<\/sup>Um dos disc\u00edpulos, Andr\u00e9, o irm\u00e3o de Sim\u00e3o Pedro, disse: <sup>9<\/sup>\u201cEst\u00e1 aqui um menino com cinco p\u00e3es de cevada e dois peixes. Mas o que \u00e9 isto para tanta gente?\u201d <sup>10<\/sup>Jesus disse: \u201cFazei sentar as pessoas\u201d. Havia muita relva naquele lugar, e l\u00e1 se sentaram, aproximadamente, cinco mil homens. <sup>11<\/sup>Jesus tomou os p\u00e3es, deu gra\u00e7as e distribuiu-os aos que estavam sentados, tanto quanto queriam. E fez o mesmo com os peixes. <sup>12<\/sup>Quando todos ficaram satisfeitos, Jesus disse aos disc\u00edpulos: \u201cRecolhei os peda\u00e7os que sobraram, para que nada se perca!\u201d <sup>13<\/sup>Recolheram os peda\u00e7os e encheram doze cestos com as sobras dos cinco p\u00e3es, deixadas pelos que haviam comido. <sup>14<\/sup>Vendo o sinal que Jesus tinha realizado, aqueles homens exclamavam: \u201cEste \u00e9 verdadeiramente o Profeta, aquele que deve vir ao mundo\u201d. <sup>15<\/sup>Mas, quando notou que estavam querendo lev\u00e1-lo para proclam\u00e1-lo rei, Jesus retirou-se de novo, sozinho, para o monte.<\/p>\n<p>&nbsp;<\/p>\n<p><strong>Reflex\u00e3o<\/strong><\/p>\n<p>&nbsp;<\/p>\n<p>Uma multid\u00e3o segue Jesus atra\u00edda por seus milagres. Mas, S\u00e3o Jo\u00e3o ao narrar a passagem do evangelho de hoje, nos diz que Jesus est\u00e1 para realizar um milagre ainda maior. S. Jo\u00e3o diz que o epis\u00f3dio da passagem de hoje aconteceu pr\u00f3ximo \u00e0 P\u00e1scoa com todas as suas recorda\u00e7\u00f5es: liberta\u00e7\u00e3o do Egito, \u00eaxodo, o man\u00e1 que alimentou o povo faminto. E Jesus est\u00e1 para fazer o mesmo. Jesus pede a Filipe que alimente a multid\u00e3o ali presente e o disc\u00edpulo responde a Jesus que isso seria imposs\u00edvel. Mas ent\u00e3o, aparece um jovem que p\u00f5e em comum o pouco que tem: \u201ccinco p\u00e3es e dois peixes\u201d. Eis aqui o \u201cextraordin\u00e1rio\u201d, o milagre n\u00e3o se realiza a partir do nada, mas de uma partilha modesta daquilo que um jovem possu\u00eda. Jesus n\u00e3o pede aquilo de que n\u00e3o dispomos, mas faz-nos ver que se cada um oferecer o pouco que tiver, pode realizar-se sempre de novo o milagre: Deus \u00e9 capaz de multiplicar o nosso pequeno gesto de amor e tornar-nos part\u00edcipes do seu dom\u201d (Bento XVI).<\/p>\n<p>Jesus mesmo \u201ctoma em suas m\u00e3os os p\u00e3es e d\u00e1 gra\u00e7as\u201d, a refei\u00e7\u00e3o passa de suas m\u00e3os para os presentes e multiplica-se prodigiosamente. A ele cabe dar o p\u00e3o porque simboliza a Sua pessoa. O gesto Jesus fez agora, Ele vai repetir na \u00daltima Ceia. A insist\u00eancia sobre o tema do \u201cp\u00e3o\u201d, que \u00e9 compartilhado, e sobre a a\u00e7\u00e3o de gra\u00e7as, evocam a Eucaristia, o Sacrif\u00edcio de Cristo para a Salva\u00e7\u00e3o do mundo. Cristo Se faz P\u00e3o da Vida para os homens. A Eucaristia \u00e9 o grande encontro permanente do homem com Deus, em que o Senhor se faz nosso alimento, em que se oferece a Si pr\u00f3prio para nos transformar n\u2019Ele mesmo.<\/p>\n<p>Pe\u00e7amos ao Senhor que nos fa\u00e7a redescobrir a import\u00e2ncia de nos alimentarmos n\u00e3o somente de P\u00e3o, mas do Corpo de Cristo, Ele que \u00e9 Verdade e Amor, participando fielmente e com consci\u00eancia da Eucaristia, para podermos estar cada vez mais intimamente unidos a Ele. \u201cCom efeito, n\u00e3o \u00e9 o Alimento Eucar\u00edstico que se transforma em n\u00f3s, mas somos n\u00f3s que acabamos misteriosamente mudados por ele (Bento XVI).<\/p>\n<p>Rezemos a fim de que jamais falte a ningu\u00e9m o p\u00e3o necess\u00e1rio para uma vida digna, e sejam abatidas as desigualdades n\u00e3o com as armas da viol\u00eancia, mas com a partilha e o amor.<\/p>\n<p><strong>Pe. Paulo Eduardo J\u00e1como, SDB.<\/strong><\/p>\n","protected":false},"excerpt":{"rendered":"<p>Sexta-feira, 21 de abril de 2023. &nbsp; Evangelho (Jo 6,1-15) &nbsp; \u201cJesus tomou os p\u00e3es, deu gra\u00e7as e distribuiu-os aos que estavam sentados, tanto quanto&#8230;<\/p>\n","protected":false},"author":6,"featured_media":6637,"comment_status":"closed","ping_status":"closed","sticky":false,"template":"","format":"standard","meta":{"_acf_changed":false,"footnotes":""},"categories":[13],"tags":[],"class_list":["post-6653","post","type-post","status-publish","format-standard","has-post-thumbnail","hentry","category-reflexaodoevagelho"],"acf":[],"yoast_head":"<!-- This site is optimized with the Yoast SEO plugin v27.3 - https:\/\/yoast.com\/product\/yoast-seo-wordpress\/ -->\n<title>21\/04 - Jesus tomou os p\u00e3es, deu gra\u00e7as e distribuiu-os aos que estavam sentados, tanto quanto queriam. - Pastoral Universit\u00e1ria UniSALESIANO<\/title>\n<meta name=\"robots\" content=\"index, follow, max-snippet:-1, max-image-preview:large, max-video-preview:-1\" \/>\n<link rel=\"canonical\" href=\"https:\/\/unisale.com.br\/novo\/21-04-jesus-tomou-os-paes-deu-gracas-e-distribuiu-os-aos-que-estavam-sentados-tanto-quanto-queriam\/\" \/>\n<meta property=\"og:locale\" content=\"pt_BR\" \/>\n<meta property=\"og:type\" content=\"article\" \/>\n<meta property=\"og:title\" content=\"21\/04 - Jesus tomou os p\u00e3es, deu gra\u00e7as e distribuiu-os aos que estavam sentados, tanto quanto queriam. - Pastoral Universit\u00e1ria UniSALESIANO\" \/>\n<meta property=\"og:description\" content=\"Sexta-feira, 21 de abril de 2023. &nbsp; Evangelho (Jo 6,1-15) &nbsp; \u201cJesus tomou os p\u00e3es, deu gra\u00e7as e distribuiu-os aos que estavam sentados, tanto quanto...\" \/>\n<meta property=\"og:url\" content=\"https:\/\/unisale.com.br\/novo\/21-04-jesus-tomou-os-paes-deu-gracas-e-distribuiu-os-aos-que-estavam-sentados-tanto-quanto-queriam\/\" \/>\n<meta property=\"og:site_name\" content=\"Pastoral Universit\u00e1ria UniSALESIANO\" \/>\n<meta property=\"article:published_time\" content=\"2023-04-10T17:17:28+00:00\" \/>\n<meta property=\"og:image\" content=\"https:\/\/unisale.com.br\/novo\/wp-content\/uploads\/2023\/04\/Ev-21.jpg\" \/>\n\t<meta property=\"og:image:width\" content=\"630\" \/>\n\t<meta property=\"og:image:height\" content=\"434\" \/>\n\t<meta property=\"og:image:type\" content=\"image\/jpeg\" \/>\n<meta name=\"author\" content=\"Luiz Alexandre Marinho Lanzoni\" \/>\n<meta name=\"twitter:card\" content=\"summary_large_image\" \/>\n<meta name=\"twitter:label1\" content=\"Escrito por\" \/>\n\t<meta name=\"twitter:data1\" content=\"Luiz Alexandre Marinho Lanzoni\" \/>\n\t<meta name=\"twitter:label2\" content=\"Est. tempo de leitura\" \/>\n\t<meta name=\"twitter:data2\" content=\"4 minutos\" \/>\n<script type=\"application\/ld+json\" class=\"yoast-schema-graph\">{\"@context\":\"https:\\\/\\\/schema.org\",\"@graph\":[{\"@type\":\"Article\",\"@id\":\"https:\\\/\\\/unisale.com.br\\\/novo\\\/21-04-jesus-tomou-os-paes-deu-gracas-e-distribuiu-os-aos-que-estavam-sentados-tanto-quanto-queriam\\\/#article\",\"isPartOf\":{\"@id\":\"https:\\\/\\\/unisale.com.br\\\/novo\\\/21-04-jesus-tomou-os-paes-deu-gracas-e-distribuiu-os-aos-que-estavam-sentados-tanto-quanto-queriam\\\/\"},\"author\":{\"name\":\"Luiz Alexandre Marinho Lanzoni\",\"@id\":\"https:\\\/\\\/unisale.com.br\\\/pastoral\\\/#\\\/schema\\\/person\\\/492d3d7bfe53a8302576d39485aff2c4\"},\"headline\":\"21\\\/04 &#8211; Jesus tomou os p\u00e3es, deu gra\u00e7as e distribuiu-os aos que estavam sentados, tanto quanto queriam.\",\"datePublished\":\"2023-04-10T17:17:28+00:00\",\"mainEntityOfPage\":{\"@id\":\"https:\\\/\\\/unisale.com.br\\\/novo\\\/21-04-jesus-tomou-os-paes-deu-gracas-e-distribuiu-os-aos-que-estavam-sentados-tanto-quanto-queriam\\\/\"},\"wordCount\":766,\"image\":{\"@id\":\"https:\\\/\\\/unisale.com.br\\\/novo\\\/21-04-jesus-tomou-os-paes-deu-gracas-e-distribuiu-os-aos-que-estavam-sentados-tanto-quanto-queriam\\\/#primaryimage\"},\"thumbnailUrl\":\"https:\\\/\\\/unisale.com.br\\\/pastoral\\\/wp-content\\\/uploads\\\/2023\\\/04\\\/Ev-21.jpg\",\"articleSection\":[\"Reflex\u00e3o do Evangelho\"],\"inLanguage\":\"pt-BR\"},{\"@type\":\"WebPage\",\"@id\":\"https:\\\/\\\/unisale.com.br\\\/novo\\\/21-04-jesus-tomou-os-paes-deu-gracas-e-distribuiu-os-aos-que-estavam-sentados-tanto-quanto-queriam\\\/\",\"url\":\"https:\\\/\\\/unisale.com.br\\\/novo\\\/21-04-jesus-tomou-os-paes-deu-gracas-e-distribuiu-os-aos-que-estavam-sentados-tanto-quanto-queriam\\\/\",\"name\":\"21\\\/04 - Jesus tomou os p\u00e3es, deu gra\u00e7as e distribuiu-os aos que estavam sentados, tanto quanto queriam. - Pastoral Universit\u00e1ria UniSALESIANO\",\"isPartOf\":{\"@id\":\"https:\\\/\\\/unisale.com.br\\\/pastoral\\\/#website\"},\"primaryImageOfPage\":{\"@id\":\"https:\\\/\\\/unisale.com.br\\\/novo\\\/21-04-jesus-tomou-os-paes-deu-gracas-e-distribuiu-os-aos-que-estavam-sentados-tanto-quanto-queriam\\\/#primaryimage\"},\"image\":{\"@id\":\"https:\\\/\\\/unisale.com.br\\\/novo\\\/21-04-jesus-tomou-os-paes-deu-gracas-e-distribuiu-os-aos-que-estavam-sentados-tanto-quanto-queriam\\\/#primaryimage\"},\"thumbnailUrl\":\"https:\\\/\\\/unisale.com.br\\\/pastoral\\\/wp-content\\\/uploads\\\/2023\\\/04\\\/Ev-21.jpg\",\"datePublished\":\"2023-04-10T17:17:28+00:00\",\"author\":{\"@id\":\"https:\\\/\\\/unisale.com.br\\\/pastoral\\\/#\\\/schema\\\/person\\\/492d3d7bfe53a8302576d39485aff2c4\"},\"inLanguage\":\"pt-BR\",\"potentialAction\":[{\"@type\":\"ReadAction\",\"target\":[\"https:\\\/\\\/unisale.com.br\\\/novo\\\/21-04-jesus-tomou-os-paes-deu-gracas-e-distribuiu-os-aos-que-estavam-sentados-tanto-quanto-queriam\\\/\"]}]},{\"@type\":\"ImageObject\",\"inLanguage\":\"pt-BR\",\"@id\":\"https:\\\/\\\/unisale.com.br\\\/novo\\\/21-04-jesus-tomou-os-paes-deu-gracas-e-distribuiu-os-aos-que-estavam-sentados-tanto-quanto-queriam\\\/#primaryimage\",\"url\":\"https:\\\/\\\/unisale.com.br\\\/pastoral\\\/wp-content\\\/uploads\\\/2023\\\/04\\\/Ev-21.jpg\",\"contentUrl\":\"https:\\\/\\\/unisale.com.br\\\/pastoral\\\/wp-content\\\/uploads\\\/2023\\\/04\\\/Ev-21.jpg\",\"width\":630,\"height\":434},{\"@type\":\"WebSite\",\"@id\":\"https:\\\/\\\/unisale.com.br\\\/pastoral\\\/#website\",\"url\":\"https:\\\/\\\/unisale.com.br\\\/pastoral\\\/\",\"name\":\"Pastoral Universit\u00e1ria UniSALESIANO\",\"description\":\"Site da Pastoral Universit\u00e1ria do UniSALESIANO\",\"potentialAction\":[{\"@type\":\"SearchAction\",\"target\":{\"@type\":\"EntryPoint\",\"urlTemplate\":\"https:\\\/\\\/unisale.com.br\\\/pastoral\\\/?s={search_term_string}\"},\"query-input\":{\"@type\":\"PropertyValueSpecification\",\"valueRequired\":true,\"valueName\":\"search_term_string\"}}],\"inLanguage\":\"pt-BR\"},{\"@type\":\"Person\",\"@id\":\"https:\\\/\\\/unisale.com.br\\\/pastoral\\\/#\\\/schema\\\/person\\\/492d3d7bfe53a8302576d39485aff2c4\",\"name\":\"Luiz Alexandre Marinho Lanzoni\",\"url\":\"https:\\\/\\\/unisale.com.br\\\/pastoral\\\/author\\\/luiz\\\/\"}]}<\/script>\n<!-- \/ Yoast SEO plugin. -->","yoast_head_json":{"title":"21\/04 - Jesus tomou os p\u00e3es, deu gra\u00e7as e distribuiu-os aos que estavam sentados, tanto quanto queriam. - Pastoral Universit\u00e1ria UniSALESIANO","robots":{"index":"index","follow":"follow","max-snippet":"max-snippet:-1","max-image-preview":"max-image-preview:large","max-video-preview":"max-video-preview:-1"},"canonical":"https:\/\/unisale.com.br\/novo\/21-04-jesus-tomou-os-paes-deu-gracas-e-distribuiu-os-aos-que-estavam-sentados-tanto-quanto-queriam\/","og_locale":"pt_BR","og_type":"article","og_title":"21\/04 - Jesus tomou os p\u00e3es, deu gra\u00e7as e distribuiu-os aos que estavam sentados, tanto quanto queriam. - Pastoral Universit\u00e1ria UniSALESIANO","og_description":"Sexta-feira, 21 de abril de 2023. &nbsp; Evangelho (Jo 6,1-15) &nbsp; \u201cJesus tomou os p\u00e3es, deu gra\u00e7as e distribuiu-os aos que estavam sentados, tanto quanto...","og_url":"https:\/\/unisale.com.br\/novo\/21-04-jesus-tomou-os-paes-deu-gracas-e-distribuiu-os-aos-que-estavam-sentados-tanto-quanto-queriam\/","og_site_name":"Pastoral Universit\u00e1ria UniSALESIANO","article_published_time":"2023-04-10T17:17:28+00:00","og_image":[{"width":630,"height":434,"url":"https:\/\/unisale.com.br\/novo\/wp-content\/uploads\/2023\/04\/Ev-21.jpg","type":"image\/jpeg"}],"author":"Luiz Alexandre Marinho Lanzoni","twitter_card":"summary_large_image","twitter_misc":{"Escrito por":"Luiz Alexandre Marinho Lanzoni","Est. tempo de leitura":"4 minutos"},"schema":{"@context":"https:\/\/schema.org","@graph":[{"@type":"Article","@id":"https:\/\/unisale.com.br\/novo\/21-04-jesus-tomou-os-paes-deu-gracas-e-distribuiu-os-aos-que-estavam-sentados-tanto-quanto-queriam\/#article","isPartOf":{"@id":"https:\/\/unisale.com.br\/novo\/21-04-jesus-tomou-os-paes-deu-gracas-e-distribuiu-os-aos-que-estavam-sentados-tanto-quanto-queriam\/"},"author":{"name":"Luiz Alexandre Marinho Lanzoni","@id":"https:\/\/unisale.com.br\/pastoral\/#\/schema\/person\/492d3d7bfe53a8302576d39485aff2c4"},"headline":"21\/04 &#8211; Jesus tomou os p\u00e3es, deu gra\u00e7as e distribuiu-os aos que estavam sentados, tanto quanto queriam.","datePublished":"2023-04-10T17:17:28+00:00","mainEntityOfPage":{"@id":"https:\/\/unisale.com.br\/novo\/21-04-jesus-tomou-os-paes-deu-gracas-e-distribuiu-os-aos-que-estavam-sentados-tanto-quanto-queriam\/"},"wordCount":766,"image":{"@id":"https:\/\/unisale.com.br\/novo\/21-04-jesus-tomou-os-paes-deu-gracas-e-distribuiu-os-aos-que-estavam-sentados-tanto-quanto-queriam\/#primaryimage"},"thumbnailUrl":"https:\/\/unisale.com.br\/pastoral\/wp-content\/uploads\/2023\/04\/Ev-21.jpg","articleSection":["Reflex\u00e3o do Evangelho"],"inLanguage":"pt-BR"},{"@type":"WebPage","@id":"https:\/\/unisale.com.br\/novo\/21-04-jesus-tomou-os-paes-deu-gracas-e-distribuiu-os-aos-que-estavam-sentados-tanto-quanto-queriam\/","url":"https:\/\/unisale.com.br\/novo\/21-04-jesus-tomou-os-paes-deu-gracas-e-distribuiu-os-aos-que-estavam-sentados-tanto-quanto-queriam\/","name":"21\/04 - Jesus tomou os p\u00e3es, deu gra\u00e7as e distribuiu-os aos que estavam sentados, tanto quanto queriam. - Pastoral Universit\u00e1ria UniSALESIANO","isPartOf":{"@id":"https:\/\/unisale.com.br\/pastoral\/#website"},"primaryImageOfPage":{"@id":"https:\/\/unisale.com.br\/novo\/21-04-jesus-tomou-os-paes-deu-gracas-e-distribuiu-os-aos-que-estavam-sentados-tanto-quanto-queriam\/#primaryimage"},"image":{"@id":"https:\/\/unisale.com.br\/novo\/21-04-jesus-tomou-os-paes-deu-gracas-e-distribuiu-os-aos-que-estavam-sentados-tanto-quanto-queriam\/#primaryimage"},"thumbnailUrl":"https:\/\/unisale.com.br\/pastoral\/wp-content\/uploads\/2023\/04\/Ev-21.jpg","datePublished":"2023-04-10T17:17:28+00:00","author":{"@id":"https:\/\/unisale.com.br\/pastoral\/#\/schema\/person\/492d3d7bfe53a8302576d39485aff2c4"},"inLanguage":"pt-BR","potentialAction":[{"@type":"ReadAction","target":["https:\/\/unisale.com.br\/novo\/21-04-jesus-tomou-os-paes-deu-gracas-e-distribuiu-os-aos-que-estavam-sentados-tanto-quanto-queriam\/"]}]},{"@type":"ImageObject","inLanguage":"pt-BR","@id":"https:\/\/unisale.com.br\/novo\/21-04-jesus-tomou-os-paes-deu-gracas-e-distribuiu-os-aos-que-estavam-sentados-tanto-quanto-queriam\/#primaryimage","url":"https:\/\/unisale.com.br\/pastoral\/wp-content\/uploads\/2023\/04\/Ev-21.jpg","contentUrl":"https:\/\/unisale.com.br\/pastoral\/wp-content\/uploads\/2023\/04\/Ev-21.jpg","width":630,"height":434},{"@type":"WebSite","@id":"https:\/\/unisale.com.br\/pastoral\/#website","url":"https:\/\/unisale.com.br\/pastoral\/","name":"Pastoral Universit\u00e1ria UniSALESIANO","description":"Site da Pastoral Universit\u00e1ria do UniSALESIANO","potentialAction":[{"@type":"SearchAction","target":{"@type":"EntryPoint","urlTemplate":"https:\/\/unisale.com.br\/pastoral\/?s={search_term_string}"},"query-input":{"@type":"PropertyValueSpecification","valueRequired":true,"valueName":"search_term_string"}}],"inLanguage":"pt-BR"},{"@type":"Person","@id":"https:\/\/unisale.com.br\/pastoral\/#\/schema\/person\/492d3d7bfe53a8302576d39485aff2c4","name":"Luiz Alexandre Marinho Lanzoni","url":"https:\/\/unisale.com.br\/pastoral\/author\/luiz\/"}]}},"_links":{"self":[{"href":"https:\/\/unisale.com.br\/pastoral\/wp-json\/wp\/v2\/posts\/6653","targetHints":{"allow":["GET"]}}],"collection":[{"href":"https:\/\/unisale.com.br\/pastoral\/wp-json\/wp\/v2\/posts"}],"about":[{"href":"https:\/\/unisale.com.br\/pastoral\/wp-json\/wp\/v2\/types\/post"}],"author":[{"embeddable":true,"href":"https:\/\/unisale.com.br\/pastoral\/wp-json\/wp\/v2\/users\/6"}],"replies":[{"embeddable":true,"href":"https:\/\/unisale.com.br\/pastoral\/wp-json\/wp\/v2\/comments?post=6653"}],"version-history":[{"count":0,"href":"https:\/\/unisale.com.br\/pastoral\/wp-json\/wp\/v2\/posts\/6653\/revisions"}],"wp:featuredmedia":[{"embeddable":true,"href":"https:\/\/unisale.com.br\/pastoral\/wp-json\/wp\/v2\/media\/6637"}],"wp:attachment":[{"href":"https:\/\/unisale.com.br\/pastoral\/wp-json\/wp\/v2\/media?parent=6653"}],"wp:term":[{"taxonomy":"category","embeddable":true,"href":"https:\/\/unisale.com.br\/pastoral\/wp-json\/wp\/v2\/categories?post=6653"},{"taxonomy":"post_tag","embeddable":true,"href":"https:\/\/unisale.com.br\/pastoral\/wp-json\/wp\/v2\/tags?post=6653"}],"curies":[{"name":"wp","href":"https:\/\/api.w.org\/{rel}","templated":true}]}}