{"id":6661,"date":"2023-04-10T17:25:11","date_gmt":"2023-04-10T17:25:11","guid":{"rendered":"https:\/\/unisale.com.br\/pastoral\/?p=6661"},"modified":"2023-04-10T17:25:11","modified_gmt":"2023-04-10T17:25:11","slug":"25-04-ide-pelo-mundo-inteiro-e-anunciai-o-evangelho-a-toda-criatura-2","status":"publish","type":"post","link":"https:\/\/unisale.com.br\/pastoral\/25-04-ide-pelo-mundo-inteiro-e-anunciai-o-evangelho-a-toda-criatura-2\/","title":{"rendered":"25\/04 &#8211; Ide pelo mundo inteiro e anunciai o Evangelho a toda criatura!"},"content":{"rendered":"<p>Ter\u00e7a-feira, 25 de abril de 2023. S\u00e3o Marcos Evangelista<\/p>\n<p>Evangelho (Mc 16,15-20)<\/p>\n<p><strong>\u00a0<\/strong><\/p>\n<p><strong><em>\u201cIde pelo mundo inteiro e anunciai o Evangelho a toda criatura!\u201d<\/em><\/strong><\/p>\n<p>Naquele tempo, Jesus se manifestou aos onze disc\u00edpulos e <sup>15<\/sup>disse-lhes: \u201cIde pelo mundo inteiro e anunciai o Evangelho a toda criatura! <sup>16<\/sup>Quem crer e for batizado ser\u00e1 salvo. Quem n\u00e3o crer ser\u00e1 condenado. <sup>17<\/sup>Os sinais que acompanhar\u00e3o aqueles que crerem ser\u00e3o estes: expulsar\u00e3o dem\u00f4nios em meu nome, falar\u00e3o novas l\u00ednguas; <sup>18<\/sup>se pegarem em serpentes ou beberem algum veneno mortal, n\u00e3o lhes far\u00e1 mal algum; quando impuserem as m\u00e3os sobre os doentes, eles ficar\u00e3o curados\u201d. <sup>19<\/sup>Depois de falar com os disc\u00edpulos, o Senhor Jesus foi levado ao c\u00e9u e sentou-se \u00e0 direita de Deus. <sup>20<\/sup>Os disc\u00edpulos ent\u00e3o sa\u00edram e pregaram por toda parte. O senhor os ajudava e confirmava sua palavra por meio dos sinais que o acompanhavam\u201d.<\/p>\n<p>&nbsp;<\/p>\n<p><strong>Reflex\u00e3o<\/strong><\/p>\n<p>Estamos diante da narra\u00e7\u00e3o da Ascens\u00e3o do Senhor segundo Marcos. Ao se despedir de seus disc\u00edpulos antes do momento de Sua ascens\u00e3o, depois de ter feito tantas recomenda\u00e7\u00f5es e de falar dos riscos, Jesus d\u00e1 uma ordem: Ide pelo mundo inteiro e anunciai o Evangelho a toda criatura\u201d. O evangelista Marcos ao relatar o acontecimento da Ascens\u00e3o de Jesus, tra\u00e7a uma rela\u00e7\u00e3o entre Palavra e obras (sinais que acompanham o an\u00fancio). Os sinais n\u00e3o t\u00eam sentido se n\u00e3o acompanharem a Palavra, pois dependem da evangeliza\u00e7\u00e3o e n\u00e3o o contr\u00e1rio. Jesus tamb\u00e9m ao proclamar o Evangelho de Deus realizou sinais que acompanhavam tal an\u00fancio.<\/p>\n<p>O primeiro sinal que Jesus realizou no evangelho de Marcos foi justamente expulsar um esp\u00edrito impuro, um endemoninhado na sinagoga de Cafarnaum (Mc 1,21-28). Os mission\u00e1rios expulsar\u00e3o os esp\u00edritos maus \u00e0 medida que a sua prega\u00e7\u00e3o tiver coer\u00eancia, o que lhes dar\u00e1 autoridade e, portanto, diante disso ningu\u00e9m poder\u00e1 resistir (Mc 13,13).<\/p>\n<p>\u201cFalar\u00e3o novas l\u00ednguas\u201d: a expans\u00e3o do Evangelho exige cruzar fronteiras n\u00e3o apenas geogr\u00e1ficas, mas tamb\u00e9m culturais. Jesus tamb\u00e9m ultrapassou as fronteiras culturais e geogr\u00e1ficas do seu \u201cpa\u00eds\u201d.<\/p>\n<p>\u201cPegar\u00e3o em serpentes e se beberem algum veneno mort\u00edfero, nada sofrer\u00e3o\u201d. A serpente tornou-se um s\u00edmbolo da sedu\u00e7\u00e3o, da trai\u00e7\u00e3o, da falsidade. Esta advert\u00eancia de Jesus garante aos seus enviados que se eles estiverem alicer\u00e7ados na verdadeira f\u00e9, n\u00e3o se deixar\u00e3o confundir nem persuadir por falsos profetas. Jesus tamb\u00e9m foi v\u00edtima de traidores e pessoas falsas. Contudo n\u00e3o se deixou enganar, mesmo tendo que pagar um alto pre\u00e7o pela coer\u00eancia da miss\u00e3o.<\/p>\n<p>\u201cImpor\u00e3o as m\u00e3os sobre os enfermos e estes ficar\u00e3o curados\u201d: por fim, este sinal tamb\u00e9m acompanha a prega\u00e7\u00e3o de Jesus. Indica que a Boa not\u00edcia chegou aos seus primeiros destinat\u00e1rios, isto \u00e9, os sofredores, doentes, marginalizados.<\/p>\n<p>Os disc\u00edpulos, em nome de Jesus, devem continuar no tempo e no espa\u00e7o, ao longo da hist\u00f3ria, a mesma miss\u00e3o do seu Senhor. Jesus d\u00e1 uma miss\u00e3o, envia, Ele sabe da necessidade de evangelizar sempre.\u00a0 Mais do que nunca se faz necess\u00e1rio ir onde Jesus n\u00e3o \u00e9 conhecido e onde Jesus \u00e9 perseguido ou desfigurado, para proclamar o verdadeiro Evangelho.<\/p>\n<p>&nbsp;<\/p>\n<p><strong>Pe. Paulo Eduardo J\u00e1como, SDB.<\/strong><\/p>\n","protected":false},"excerpt":{"rendered":"<p>Ter\u00e7a-feira, 25 de abril de 2023. S\u00e3o Marcos Evangelista Evangelho (Mc 16,15-20) \u00a0 \u201cIde pelo mundo inteiro e anunciai o Evangelho a toda criatura!\u201d Naquele&#8230;<\/p>\n","protected":false},"author":6,"featured_media":6641,"comment_status":"closed","ping_status":"closed","sticky":false,"template":"","format":"standard","meta":{"_acf_changed":false,"footnotes":""},"categories":[13],"tags":[],"class_list":["post-6661","post","type-post","status-publish","format-standard","has-post-thumbnail","hentry","category-reflexaodoevagelho"],"acf":[],"yoast_head":"<!-- This site is optimized with the Yoast SEO plugin v27.3 - https:\/\/yoast.com\/product\/yoast-seo-wordpress\/ -->\n<title>25\/04 - Ide pelo mundo inteiro e anunciai o Evangelho a toda criatura! - Pastoral Universit\u00e1ria UniSALESIANO<\/title>\n<meta name=\"robots\" content=\"index, follow, max-snippet:-1, max-image-preview:large, max-video-preview:-1\" \/>\n<link rel=\"canonical\" href=\"https:\/\/unisale.com.br\/novo\/25-04-ide-pelo-mundo-inteiro-e-anunciai-o-evangelho-a-toda-criatura-2\/\" \/>\n<meta property=\"og:locale\" content=\"pt_BR\" \/>\n<meta property=\"og:type\" content=\"article\" \/>\n<meta property=\"og:title\" content=\"25\/04 - Ide pelo mundo inteiro e anunciai o Evangelho a toda criatura! - Pastoral Universit\u00e1ria UniSALESIANO\" \/>\n<meta property=\"og:description\" content=\"Ter\u00e7a-feira, 25 de abril de 2023. S\u00e3o Marcos Evangelista Evangelho (Mc 16,15-20) \u00a0 \u201cIde pelo mundo inteiro e anunciai o Evangelho a toda criatura!\u201d Naquele...\" \/>\n<meta property=\"og:url\" content=\"https:\/\/unisale.com.br\/novo\/25-04-ide-pelo-mundo-inteiro-e-anunciai-o-evangelho-a-toda-criatura-2\/\" \/>\n<meta property=\"og:site_name\" content=\"Pastoral Universit\u00e1ria UniSALESIANO\" \/>\n<meta property=\"article:published_time\" content=\"2023-04-10T17:25:11+00:00\" \/>\n<meta property=\"og:image\" content=\"https:\/\/unisale.com.br\/novo\/wp-content\/uploads\/2023\/04\/Ev-25.jpeg\" \/>\n\t<meta property=\"og:image:width\" content=\"1280\" \/>\n\t<meta property=\"og:image:height\" content=\"720\" \/>\n\t<meta property=\"og:image:type\" content=\"image\/jpeg\" \/>\n<meta name=\"author\" content=\"Luiz Alexandre Marinho Lanzoni\" \/>\n<meta name=\"twitter:card\" content=\"summary_large_image\" \/>\n<meta name=\"twitter:label1\" content=\"Escrito por\" \/>\n\t<meta name=\"twitter:data1\" content=\"Luiz Alexandre Marinho Lanzoni\" \/>\n\t<meta name=\"twitter:label2\" content=\"Est. tempo de leitura\" \/>\n\t<meta name=\"twitter:data2\" content=\"3 minutos\" \/>\n<script type=\"application\/ld+json\" class=\"yoast-schema-graph\">{\"@context\":\"https:\\\/\\\/schema.org\",\"@graph\":[{\"@type\":\"Article\",\"@id\":\"https:\\\/\\\/unisale.com.br\\\/novo\\\/25-04-ide-pelo-mundo-inteiro-e-anunciai-o-evangelho-a-toda-criatura-2\\\/#article\",\"isPartOf\":{\"@id\":\"https:\\\/\\\/unisale.com.br\\\/novo\\\/25-04-ide-pelo-mundo-inteiro-e-anunciai-o-evangelho-a-toda-criatura-2\\\/\"},\"author\":{\"name\":\"Luiz Alexandre Marinho Lanzoni\",\"@id\":\"https:\\\/\\\/unisale.com.br\\\/pastoral\\\/#\\\/schema\\\/person\\\/492d3d7bfe53a8302576d39485aff2c4\"},\"headline\":\"25\\\/04 &#8211; Ide pelo mundo inteiro e anunciai o Evangelho a toda criatura!\",\"datePublished\":\"2023-04-10T17:25:11+00:00\",\"mainEntityOfPage\":{\"@id\":\"https:\\\/\\\/unisale.com.br\\\/novo\\\/25-04-ide-pelo-mundo-inteiro-e-anunciai-o-evangelho-a-toda-criatura-2\\\/\"},\"wordCount\":585,\"image\":{\"@id\":\"https:\\\/\\\/unisale.com.br\\\/novo\\\/25-04-ide-pelo-mundo-inteiro-e-anunciai-o-evangelho-a-toda-criatura-2\\\/#primaryimage\"},\"thumbnailUrl\":\"https:\\\/\\\/unisale.com.br\\\/pastoral\\\/wp-content\\\/uploads\\\/2023\\\/04\\\/Ev-25.jpeg\",\"articleSection\":[\"Reflex\u00e3o do Evangelho\"],\"inLanguage\":\"pt-BR\"},{\"@type\":\"WebPage\",\"@id\":\"https:\\\/\\\/unisale.com.br\\\/novo\\\/25-04-ide-pelo-mundo-inteiro-e-anunciai-o-evangelho-a-toda-criatura-2\\\/\",\"url\":\"https:\\\/\\\/unisale.com.br\\\/novo\\\/25-04-ide-pelo-mundo-inteiro-e-anunciai-o-evangelho-a-toda-criatura-2\\\/\",\"name\":\"25\\\/04 - Ide pelo mundo inteiro e anunciai o Evangelho a toda criatura! - Pastoral Universit\u00e1ria UniSALESIANO\",\"isPartOf\":{\"@id\":\"https:\\\/\\\/unisale.com.br\\\/pastoral\\\/#website\"},\"primaryImageOfPage\":{\"@id\":\"https:\\\/\\\/unisale.com.br\\\/novo\\\/25-04-ide-pelo-mundo-inteiro-e-anunciai-o-evangelho-a-toda-criatura-2\\\/#primaryimage\"},\"image\":{\"@id\":\"https:\\\/\\\/unisale.com.br\\\/novo\\\/25-04-ide-pelo-mundo-inteiro-e-anunciai-o-evangelho-a-toda-criatura-2\\\/#primaryimage\"},\"thumbnailUrl\":\"https:\\\/\\\/unisale.com.br\\\/pastoral\\\/wp-content\\\/uploads\\\/2023\\\/04\\\/Ev-25.jpeg\",\"datePublished\":\"2023-04-10T17:25:11+00:00\",\"author\":{\"@id\":\"https:\\\/\\\/unisale.com.br\\\/pastoral\\\/#\\\/schema\\\/person\\\/492d3d7bfe53a8302576d39485aff2c4\"},\"inLanguage\":\"pt-BR\",\"potentialAction\":[{\"@type\":\"ReadAction\",\"target\":[\"https:\\\/\\\/unisale.com.br\\\/novo\\\/25-04-ide-pelo-mundo-inteiro-e-anunciai-o-evangelho-a-toda-criatura-2\\\/\"]}]},{\"@type\":\"ImageObject\",\"inLanguage\":\"pt-BR\",\"@id\":\"https:\\\/\\\/unisale.com.br\\\/novo\\\/25-04-ide-pelo-mundo-inteiro-e-anunciai-o-evangelho-a-toda-criatura-2\\\/#primaryimage\",\"url\":\"https:\\\/\\\/unisale.com.br\\\/pastoral\\\/wp-content\\\/uploads\\\/2023\\\/04\\\/Ev-25.jpeg\",\"contentUrl\":\"https:\\\/\\\/unisale.com.br\\\/pastoral\\\/wp-content\\\/uploads\\\/2023\\\/04\\\/Ev-25.jpeg\",\"width\":889,\"height\":500},{\"@type\":\"WebSite\",\"@id\":\"https:\\\/\\\/unisale.com.br\\\/pastoral\\\/#website\",\"url\":\"https:\\\/\\\/unisale.com.br\\\/pastoral\\\/\",\"name\":\"Pastoral Universit\u00e1ria UniSALESIANO\",\"description\":\"Site da Pastoral Universit\u00e1ria do UniSALESIANO\",\"potentialAction\":[{\"@type\":\"SearchAction\",\"target\":{\"@type\":\"EntryPoint\",\"urlTemplate\":\"https:\\\/\\\/unisale.com.br\\\/pastoral\\\/?s={search_term_string}\"},\"query-input\":{\"@type\":\"PropertyValueSpecification\",\"valueRequired\":true,\"valueName\":\"search_term_string\"}}],\"inLanguage\":\"pt-BR\"},{\"@type\":\"Person\",\"@id\":\"https:\\\/\\\/unisale.com.br\\\/pastoral\\\/#\\\/schema\\\/person\\\/492d3d7bfe53a8302576d39485aff2c4\",\"name\":\"Luiz Alexandre Marinho Lanzoni\",\"url\":\"https:\\\/\\\/unisale.com.br\\\/pastoral\\\/author\\\/luiz\\\/\"}]}<\/script>\n<!-- \/ Yoast SEO plugin. -->","yoast_head_json":{"title":"25\/04 - Ide pelo mundo inteiro e anunciai o Evangelho a toda criatura! - Pastoral Universit\u00e1ria UniSALESIANO","robots":{"index":"index","follow":"follow","max-snippet":"max-snippet:-1","max-image-preview":"max-image-preview:large","max-video-preview":"max-video-preview:-1"},"canonical":"https:\/\/unisale.com.br\/novo\/25-04-ide-pelo-mundo-inteiro-e-anunciai-o-evangelho-a-toda-criatura-2\/","og_locale":"pt_BR","og_type":"article","og_title":"25\/04 - Ide pelo mundo inteiro e anunciai o Evangelho a toda criatura! - Pastoral Universit\u00e1ria UniSALESIANO","og_description":"Ter\u00e7a-feira, 25 de abril de 2023. S\u00e3o Marcos Evangelista Evangelho (Mc 16,15-20) \u00a0 \u201cIde pelo mundo inteiro e anunciai o Evangelho a toda criatura!\u201d Naquele...","og_url":"https:\/\/unisale.com.br\/novo\/25-04-ide-pelo-mundo-inteiro-e-anunciai-o-evangelho-a-toda-criatura-2\/","og_site_name":"Pastoral Universit\u00e1ria UniSALESIANO","article_published_time":"2023-04-10T17:25:11+00:00","og_image":[{"width":1280,"height":720,"url":"https:\/\/unisale.com.br\/novo\/wp-content\/uploads\/2023\/04\/Ev-25.jpeg","type":"image\/jpeg"}],"author":"Luiz Alexandre Marinho Lanzoni","twitter_card":"summary_large_image","twitter_misc":{"Escrito por":"Luiz Alexandre Marinho Lanzoni","Est. tempo de leitura":"3 minutos"},"schema":{"@context":"https:\/\/schema.org","@graph":[{"@type":"Article","@id":"https:\/\/unisale.com.br\/novo\/25-04-ide-pelo-mundo-inteiro-e-anunciai-o-evangelho-a-toda-criatura-2\/#article","isPartOf":{"@id":"https:\/\/unisale.com.br\/novo\/25-04-ide-pelo-mundo-inteiro-e-anunciai-o-evangelho-a-toda-criatura-2\/"},"author":{"name":"Luiz Alexandre Marinho Lanzoni","@id":"https:\/\/unisale.com.br\/pastoral\/#\/schema\/person\/492d3d7bfe53a8302576d39485aff2c4"},"headline":"25\/04 &#8211; Ide pelo mundo inteiro e anunciai o Evangelho a toda criatura!","datePublished":"2023-04-10T17:25:11+00:00","mainEntityOfPage":{"@id":"https:\/\/unisale.com.br\/novo\/25-04-ide-pelo-mundo-inteiro-e-anunciai-o-evangelho-a-toda-criatura-2\/"},"wordCount":585,"image":{"@id":"https:\/\/unisale.com.br\/novo\/25-04-ide-pelo-mundo-inteiro-e-anunciai-o-evangelho-a-toda-criatura-2\/#primaryimage"},"thumbnailUrl":"https:\/\/unisale.com.br\/pastoral\/wp-content\/uploads\/2023\/04\/Ev-25.jpeg","articleSection":["Reflex\u00e3o do Evangelho"],"inLanguage":"pt-BR"},{"@type":"WebPage","@id":"https:\/\/unisale.com.br\/novo\/25-04-ide-pelo-mundo-inteiro-e-anunciai-o-evangelho-a-toda-criatura-2\/","url":"https:\/\/unisale.com.br\/novo\/25-04-ide-pelo-mundo-inteiro-e-anunciai-o-evangelho-a-toda-criatura-2\/","name":"25\/04 - Ide pelo mundo inteiro e anunciai o Evangelho a toda criatura! - Pastoral Universit\u00e1ria UniSALESIANO","isPartOf":{"@id":"https:\/\/unisale.com.br\/pastoral\/#website"},"primaryImageOfPage":{"@id":"https:\/\/unisale.com.br\/novo\/25-04-ide-pelo-mundo-inteiro-e-anunciai-o-evangelho-a-toda-criatura-2\/#primaryimage"},"image":{"@id":"https:\/\/unisale.com.br\/novo\/25-04-ide-pelo-mundo-inteiro-e-anunciai-o-evangelho-a-toda-criatura-2\/#primaryimage"},"thumbnailUrl":"https:\/\/unisale.com.br\/pastoral\/wp-content\/uploads\/2023\/04\/Ev-25.jpeg","datePublished":"2023-04-10T17:25:11+00:00","author":{"@id":"https:\/\/unisale.com.br\/pastoral\/#\/schema\/person\/492d3d7bfe53a8302576d39485aff2c4"},"inLanguage":"pt-BR","potentialAction":[{"@type":"ReadAction","target":["https:\/\/unisale.com.br\/novo\/25-04-ide-pelo-mundo-inteiro-e-anunciai-o-evangelho-a-toda-criatura-2\/"]}]},{"@type":"ImageObject","inLanguage":"pt-BR","@id":"https:\/\/unisale.com.br\/novo\/25-04-ide-pelo-mundo-inteiro-e-anunciai-o-evangelho-a-toda-criatura-2\/#primaryimage","url":"https:\/\/unisale.com.br\/pastoral\/wp-content\/uploads\/2023\/04\/Ev-25.jpeg","contentUrl":"https:\/\/unisale.com.br\/pastoral\/wp-content\/uploads\/2023\/04\/Ev-25.jpeg","width":889,"height":500},{"@type":"WebSite","@id":"https:\/\/unisale.com.br\/pastoral\/#website","url":"https:\/\/unisale.com.br\/pastoral\/","name":"Pastoral Universit\u00e1ria UniSALESIANO","description":"Site da Pastoral Universit\u00e1ria do UniSALESIANO","potentialAction":[{"@type":"SearchAction","target":{"@type":"EntryPoint","urlTemplate":"https:\/\/unisale.com.br\/pastoral\/?s={search_term_string}"},"query-input":{"@type":"PropertyValueSpecification","valueRequired":true,"valueName":"search_term_string"}}],"inLanguage":"pt-BR"},{"@type":"Person","@id":"https:\/\/unisale.com.br\/pastoral\/#\/schema\/person\/492d3d7bfe53a8302576d39485aff2c4","name":"Luiz Alexandre Marinho Lanzoni","url":"https:\/\/unisale.com.br\/pastoral\/author\/luiz\/"}]}},"_links":{"self":[{"href":"https:\/\/unisale.com.br\/pastoral\/wp-json\/wp\/v2\/posts\/6661","targetHints":{"allow":["GET"]}}],"collection":[{"href":"https:\/\/unisale.com.br\/pastoral\/wp-json\/wp\/v2\/posts"}],"about":[{"href":"https:\/\/unisale.com.br\/pastoral\/wp-json\/wp\/v2\/types\/post"}],"author":[{"embeddable":true,"href":"https:\/\/unisale.com.br\/pastoral\/wp-json\/wp\/v2\/users\/6"}],"replies":[{"embeddable":true,"href":"https:\/\/unisale.com.br\/pastoral\/wp-json\/wp\/v2\/comments?post=6661"}],"version-history":[{"count":0,"href":"https:\/\/unisale.com.br\/pastoral\/wp-json\/wp\/v2\/posts\/6661\/revisions"}],"wp:featuredmedia":[{"embeddable":true,"href":"https:\/\/unisale.com.br\/pastoral\/wp-json\/wp\/v2\/media\/6641"}],"wp:attachment":[{"href":"https:\/\/unisale.com.br\/pastoral\/wp-json\/wp\/v2\/media?parent=6661"}],"wp:term":[{"taxonomy":"category","embeddable":true,"href":"https:\/\/unisale.com.br\/pastoral\/wp-json\/wp\/v2\/categories?post=6661"},{"taxonomy":"post_tag","embeddable":true,"href":"https:\/\/unisale.com.br\/pastoral\/wp-json\/wp\/v2\/tags?post=6661"}],"curies":[{"name":"wp","href":"https:\/\/api.w.org\/{rel}","templated":true}]}}