{"id":6740,"date":"2023-05-05T16:56:50","date_gmt":"2023-05-05T16:56:50","guid":{"rendered":"https:\/\/unisale.com.br\/pastoral\/?p=6740"},"modified":"2023-05-05T16:56:50","modified_gmt":"2023-05-05T16:56:50","slug":"06-05-acreditai-me-eu-estou-no-pai-e-o-pai-esta-em-mim","status":"publish","type":"post","link":"https:\/\/unisale.com.br\/pastoral\/06-05-acreditai-me-eu-estou-no-pai-e-o-pai-esta-em-mim\/","title":{"rendered":"06\/05 &#8211; Acreditai-me: eu estou no Pai e o Pai est\u00e1 em mim."},"content":{"rendered":"<p>S\u00e1bado, 06 de maio de 2023.<\/p>\n<p>&nbsp;<\/p>\n<p>Evangelho (Jo 14,7-14)<\/p>\n<p>&nbsp;<\/p>\n<p><strong>\u201cAcreditai-me: eu estou no Pai e o Pai est\u00e1 em mim.\u201d<\/strong><\/p>\n<p>&nbsp;<\/p>\n<p>Naquele tempo, disse Jesus a seus disc\u00edpulos: <sup>7<\/sup>\u201cSe v\u00f3s me conhec\u00easseis, conhecer\u00edeis tamb\u00e9m o meu Pai. E desde agora o conheceis e o vistes\u201d. <sup>8<\/sup>Disse Filipe: \u201cSenhor, mostra-nos o Pai, isso nos basta!\u201d <sup>9<\/sup>Jesus respondeu: \u201cH\u00e1 tanto tempo estou convosco, e n\u00e3o me conheces Filipe? Quem me viu, viu o Pai. Como \u00e9 que tu dizes: \u2018Mostra-nos o Pai\u201d? <sup>10<\/sup>N\u00e3o acreditas que eu estou no Pai e o Pai est\u00e1 em mim? As palavras que eu vos digo, n\u00e3o as digo por mim mesmo, mas \u00e9 o Pai que, permanecendo em mim, realiza as suas obras. <sup>11<\/sup>Acreditai-me: eu estou no Pai e o Pai est\u00e1 em mim. Acreditai, ao menos, por causa destas mesmas obras. <sup>12<\/sup>Em verdade, em verdade vos digo, quem acredita em mim far\u00e1 as obras que eu fa\u00e7o, e far\u00e1 ainda maiores do que estas. Pois eu vou para o Pai, <sup>13<\/sup>e o que pedirdes em meu nome, eu o realizarei, a fim de que o Pai seja glorificado no Filho. <sup>14<\/sup>Se pedirdes algo em meu nome, eu o realizarei.<\/p>\n<p>&nbsp;<\/p>\n<p><strong>Reflex\u00e3o<\/strong><\/p>\n<p>&nbsp;<\/p>\n<p>\u201cQuem me viu, viu o Pai\u201d, \u00e9 a palavra de Jesus no Evangelho de hoje. No Conc\u00edlio de Nic\u00e9a, no ano 787, aconteceu uma s\u00e9ria discuss\u00e3o a respeito da iconoclastia. A pergunta era sobre a possibilidade de se venerar ou n\u00e3o a imagem de Jesus, de Nossa Senhora, dos santos, quando o Antigo Testamento pro\u00edbe isso expressamente. E a resposta dos Padres foi clara: o que se contempla n\u00e3o \u00e9 a imagem esculpida em algo, mas o olhar vai para al\u00e9m da imagem. A mesma coisa acontece hoje quando Jesus pede que nele vejamos a imagem do Pai. E Deus pode ser contemplado tamb\u00e9m na imagem de Maria, dos Santos. Tudo o que \u00e9 puro e belo se torna transparente e faz ver Deus. Toda obra de bem \u00e9 atribu\u00edda \u00e0 gra\u00e7a de Deus e \u00e9 igualmente obra nossa. Jesus \u00e9 claro ao dizer aos seus disc\u00edpulos que em tudo o que Ele faz est\u00e1 presente o Pai. \u00c9 a fus\u00e3o entre o divino e o humano. Tamb\u00e9m os ap\u00f3stolos andar\u00e3o pelo mundo realizando milagres, mas com eles estar\u00e1 o Espirito Santo e tamb\u00e9m o Filho e o Pai. A atividade da Igreja e de todos os crist\u00e3os, por terem um sentido e desejarem um fim, ser\u00e1 sempre uma obra humana e ao mesmo tempo divina.<\/p>\n<p>&nbsp;<\/p>\n<p><strong>Pe. Paulo Eduardo J\u00e1como, SDB.<\/strong><\/p>\n","protected":false},"excerpt":{"rendered":"<p>S\u00e1bado, 06 de maio de 2023. &nbsp; Evangelho (Jo 14,7-14) &nbsp; \u201cAcreditai-me: eu estou no Pai e o Pai est\u00e1 em mim.\u201d &nbsp; Naquele tempo,&#8230;<\/p>\n","protected":false},"author":1,"featured_media":10387,"comment_status":"closed","ping_status":"closed","sticky":false,"template":"","format":"standard","meta":{"_acf_changed":false,"footnotes":""},"categories":[13],"tags":[],"class_list":["post-6740","post","type-post","status-publish","format-standard","has-post-thumbnail","hentry","category-reflexaodoevagelho"],"acf":[],"yoast_head":"<!-- This site is optimized with the Yoast SEO plugin v27.3 - https:\/\/yoast.com\/product\/yoast-seo-wordpress\/ -->\n<title>06\/05 - Acreditai-me: eu estou no Pai e o Pai est\u00e1 em mim. - Pastoral Universit\u00e1ria UniSALESIANO<\/title>\n<meta name=\"robots\" content=\"index, follow, max-snippet:-1, max-image-preview:large, max-video-preview:-1\" \/>\n<link rel=\"canonical\" href=\"https:\/\/unisale.com.br\/novo\/06-05-acreditai-me-eu-estou-no-pai-e-o-pai-esta-em-mim\/\" \/>\n<meta property=\"og:locale\" content=\"pt_BR\" \/>\n<meta property=\"og:type\" content=\"article\" \/>\n<meta property=\"og:title\" content=\"06\/05 - Acreditai-me: eu estou no Pai e o Pai est\u00e1 em mim. - Pastoral Universit\u00e1ria UniSALESIANO\" \/>\n<meta property=\"og:description\" content=\"S\u00e1bado, 06 de maio de 2023. &nbsp; Evangelho (Jo 14,7-14) &nbsp; \u201cAcreditai-me: eu estou no Pai e o Pai est\u00e1 em mim.\u201d &nbsp; Naquele tempo,...\" \/>\n<meta property=\"og:url\" content=\"https:\/\/unisale.com.br\/novo\/06-05-acreditai-me-eu-estou-no-pai-e-o-pai-esta-em-mim\/\" \/>\n<meta property=\"og:site_name\" content=\"Pastoral Universit\u00e1ria UniSALESIANO\" \/>\n<meta property=\"article:published_time\" content=\"2023-05-05T16:56:50+00:00\" \/>\n<meta name=\"author\" content=\"pastoral\" \/>\n<meta name=\"twitter:card\" content=\"summary_large_image\" \/>\n<meta name=\"twitter:label1\" content=\"Escrito por\" \/>\n\t<meta name=\"twitter:data1\" content=\"pastoral\" \/>\n\t<meta name=\"twitter:label2\" content=\"Est. tempo de leitura\" \/>\n\t<meta name=\"twitter:data2\" content=\"2 minutos\" \/>\n<script type=\"application\/ld+json\" class=\"yoast-schema-graph\">{\"@context\":\"https:\\\/\\\/schema.org\",\"@graph\":[{\"@type\":\"Article\",\"@id\":\"https:\\\/\\\/unisale.com.br\\\/novo\\\/06-05-acreditai-me-eu-estou-no-pai-e-o-pai-esta-em-mim\\\/#article\",\"isPartOf\":{\"@id\":\"https:\\\/\\\/unisale.com.br\\\/novo\\\/06-05-acreditai-me-eu-estou-no-pai-e-o-pai-esta-em-mim\\\/\"},\"author\":{\"name\":\"pastoral\",\"@id\":\"https:\\\/\\\/unisale.com.br\\\/pastoral\\\/#\\\/schema\\\/person\\\/a16ba711a0f7dec9cb6b44563144d5a3\"},\"headline\":\"06\\\/05 &#8211; Acreditai-me: eu estou no Pai e o Pai est\u00e1 em mim.\",\"datePublished\":\"2023-05-05T16:56:50+00:00\",\"mainEntityOfPage\":{\"@id\":\"https:\\\/\\\/unisale.com.br\\\/novo\\\/06-05-acreditai-me-eu-estou-no-pai-e-o-pai-esta-em-mim\\\/\"},\"wordCount\":450,\"image\":{\"@id\":\"https:\\\/\\\/unisale.com.br\\\/novo\\\/06-05-acreditai-me-eu-estou-no-pai-e-o-pai-esta-em-mim\\\/#primaryimage\"},\"thumbnailUrl\":\"https:\\\/\\\/unisale.com.br\\\/pastoral\\\/wp-content\\\/uploads\\\/2023\\\/05\\\/Ev-06.jpg\",\"articleSection\":[\"Reflex\u00e3o do Evangelho\"],\"inLanguage\":\"pt-BR\"},{\"@type\":\"WebPage\",\"@id\":\"https:\\\/\\\/unisale.com.br\\\/novo\\\/06-05-acreditai-me-eu-estou-no-pai-e-o-pai-esta-em-mim\\\/\",\"url\":\"https:\\\/\\\/unisale.com.br\\\/novo\\\/06-05-acreditai-me-eu-estou-no-pai-e-o-pai-esta-em-mim\\\/\",\"name\":\"06\\\/05 - Acreditai-me: eu estou no Pai e o Pai est\u00e1 em mim. - Pastoral Universit\u00e1ria UniSALESIANO\",\"isPartOf\":{\"@id\":\"https:\\\/\\\/unisale.com.br\\\/pastoral\\\/#website\"},\"primaryImageOfPage\":{\"@id\":\"https:\\\/\\\/unisale.com.br\\\/novo\\\/06-05-acreditai-me-eu-estou-no-pai-e-o-pai-esta-em-mim\\\/#primaryimage\"},\"image\":{\"@id\":\"https:\\\/\\\/unisale.com.br\\\/novo\\\/06-05-acreditai-me-eu-estou-no-pai-e-o-pai-esta-em-mim\\\/#primaryimage\"},\"thumbnailUrl\":\"https:\\\/\\\/unisale.com.br\\\/pastoral\\\/wp-content\\\/uploads\\\/2023\\\/05\\\/Ev-06.jpg\",\"datePublished\":\"2023-05-05T16:56:50+00:00\",\"author\":{\"@id\":\"https:\\\/\\\/unisale.com.br\\\/pastoral\\\/#\\\/schema\\\/person\\\/a16ba711a0f7dec9cb6b44563144d5a3\"},\"inLanguage\":\"pt-BR\",\"potentialAction\":[{\"@type\":\"ReadAction\",\"target\":[\"https:\\\/\\\/unisale.com.br\\\/novo\\\/06-05-acreditai-me-eu-estou-no-pai-e-o-pai-esta-em-mim\\\/\"]}]},{\"@type\":\"ImageObject\",\"inLanguage\":\"pt-BR\",\"@id\":\"https:\\\/\\\/unisale.com.br\\\/novo\\\/06-05-acreditai-me-eu-estou-no-pai-e-o-pai-esta-em-mim\\\/#primaryimage\",\"url\":\"https:\\\/\\\/unisale.com.br\\\/pastoral\\\/wp-content\\\/uploads\\\/2023\\\/05\\\/Ev-06.jpg\",\"contentUrl\":\"https:\\\/\\\/unisale.com.br\\\/pastoral\\\/wp-content\\\/uploads\\\/2023\\\/05\\\/Ev-06.jpg\",\"width\":875,\"height\":500},{\"@type\":\"WebSite\",\"@id\":\"https:\\\/\\\/unisale.com.br\\\/pastoral\\\/#website\",\"url\":\"https:\\\/\\\/unisale.com.br\\\/pastoral\\\/\",\"name\":\"Pastoral Universit\u00e1ria UniSALESIANO\",\"description\":\"Site da Pastoral Universit\u00e1ria do UniSALESIANO\",\"potentialAction\":[{\"@type\":\"SearchAction\",\"target\":{\"@type\":\"EntryPoint\",\"urlTemplate\":\"https:\\\/\\\/unisale.com.br\\\/pastoral\\\/?s={search_term_string}\"},\"query-input\":{\"@type\":\"PropertyValueSpecification\",\"valueRequired\":true,\"valueName\":\"search_term_string\"}}],\"inLanguage\":\"pt-BR\"},{\"@type\":\"Person\",\"@id\":\"https:\\\/\\\/unisale.com.br\\\/pastoral\\\/#\\\/schema\\\/person\\\/a16ba711a0f7dec9cb6b44563144d5a3\",\"name\":\"pastoral\",\"url\":\"https:\\\/\\\/unisale.com.br\\\/pastoral\\\/author\\\/pastoral\\\/\"}]}<\/script>\n<!-- \/ Yoast SEO plugin. -->","yoast_head_json":{"title":"06\/05 - Acreditai-me: eu estou no Pai e o Pai est\u00e1 em mim. - Pastoral Universit\u00e1ria UniSALESIANO","robots":{"index":"index","follow":"follow","max-snippet":"max-snippet:-1","max-image-preview":"max-image-preview:large","max-video-preview":"max-video-preview:-1"},"canonical":"https:\/\/unisale.com.br\/novo\/06-05-acreditai-me-eu-estou-no-pai-e-o-pai-esta-em-mim\/","og_locale":"pt_BR","og_type":"article","og_title":"06\/05 - Acreditai-me: eu estou no Pai e o Pai est\u00e1 em mim. - Pastoral Universit\u00e1ria UniSALESIANO","og_description":"S\u00e1bado, 06 de maio de 2023. &nbsp; Evangelho (Jo 14,7-14) &nbsp; \u201cAcreditai-me: eu estou no Pai e o Pai est\u00e1 em mim.\u201d &nbsp; Naquele tempo,...","og_url":"https:\/\/unisale.com.br\/novo\/06-05-acreditai-me-eu-estou-no-pai-e-o-pai-esta-em-mim\/","og_site_name":"Pastoral Universit\u00e1ria UniSALESIANO","article_published_time":"2023-05-05T16:56:50+00:00","author":"pastoral","twitter_card":"summary_large_image","twitter_misc":{"Escrito por":"pastoral","Est. tempo de leitura":"2 minutos"},"schema":{"@context":"https:\/\/schema.org","@graph":[{"@type":"Article","@id":"https:\/\/unisale.com.br\/novo\/06-05-acreditai-me-eu-estou-no-pai-e-o-pai-esta-em-mim\/#article","isPartOf":{"@id":"https:\/\/unisale.com.br\/novo\/06-05-acreditai-me-eu-estou-no-pai-e-o-pai-esta-em-mim\/"},"author":{"name":"pastoral","@id":"https:\/\/unisale.com.br\/pastoral\/#\/schema\/person\/a16ba711a0f7dec9cb6b44563144d5a3"},"headline":"06\/05 &#8211; Acreditai-me: eu estou no Pai e o Pai est\u00e1 em mim.","datePublished":"2023-05-05T16:56:50+00:00","mainEntityOfPage":{"@id":"https:\/\/unisale.com.br\/novo\/06-05-acreditai-me-eu-estou-no-pai-e-o-pai-esta-em-mim\/"},"wordCount":450,"image":{"@id":"https:\/\/unisale.com.br\/novo\/06-05-acreditai-me-eu-estou-no-pai-e-o-pai-esta-em-mim\/#primaryimage"},"thumbnailUrl":"https:\/\/unisale.com.br\/pastoral\/wp-content\/uploads\/2023\/05\/Ev-06.jpg","articleSection":["Reflex\u00e3o do Evangelho"],"inLanguage":"pt-BR"},{"@type":"WebPage","@id":"https:\/\/unisale.com.br\/novo\/06-05-acreditai-me-eu-estou-no-pai-e-o-pai-esta-em-mim\/","url":"https:\/\/unisale.com.br\/novo\/06-05-acreditai-me-eu-estou-no-pai-e-o-pai-esta-em-mim\/","name":"06\/05 - Acreditai-me: eu estou no Pai e o Pai est\u00e1 em mim. - Pastoral Universit\u00e1ria UniSALESIANO","isPartOf":{"@id":"https:\/\/unisale.com.br\/pastoral\/#website"},"primaryImageOfPage":{"@id":"https:\/\/unisale.com.br\/novo\/06-05-acreditai-me-eu-estou-no-pai-e-o-pai-esta-em-mim\/#primaryimage"},"image":{"@id":"https:\/\/unisale.com.br\/novo\/06-05-acreditai-me-eu-estou-no-pai-e-o-pai-esta-em-mim\/#primaryimage"},"thumbnailUrl":"https:\/\/unisale.com.br\/pastoral\/wp-content\/uploads\/2023\/05\/Ev-06.jpg","datePublished":"2023-05-05T16:56:50+00:00","author":{"@id":"https:\/\/unisale.com.br\/pastoral\/#\/schema\/person\/a16ba711a0f7dec9cb6b44563144d5a3"},"inLanguage":"pt-BR","potentialAction":[{"@type":"ReadAction","target":["https:\/\/unisale.com.br\/novo\/06-05-acreditai-me-eu-estou-no-pai-e-o-pai-esta-em-mim\/"]}]},{"@type":"ImageObject","inLanguage":"pt-BR","@id":"https:\/\/unisale.com.br\/novo\/06-05-acreditai-me-eu-estou-no-pai-e-o-pai-esta-em-mim\/#primaryimage","url":"https:\/\/unisale.com.br\/pastoral\/wp-content\/uploads\/2023\/05\/Ev-06.jpg","contentUrl":"https:\/\/unisale.com.br\/pastoral\/wp-content\/uploads\/2023\/05\/Ev-06.jpg","width":875,"height":500},{"@type":"WebSite","@id":"https:\/\/unisale.com.br\/pastoral\/#website","url":"https:\/\/unisale.com.br\/pastoral\/","name":"Pastoral Universit\u00e1ria UniSALESIANO","description":"Site da Pastoral Universit\u00e1ria do UniSALESIANO","potentialAction":[{"@type":"SearchAction","target":{"@type":"EntryPoint","urlTemplate":"https:\/\/unisale.com.br\/pastoral\/?s={search_term_string}"},"query-input":{"@type":"PropertyValueSpecification","valueRequired":true,"valueName":"search_term_string"}}],"inLanguage":"pt-BR"},{"@type":"Person","@id":"https:\/\/unisale.com.br\/pastoral\/#\/schema\/person\/a16ba711a0f7dec9cb6b44563144d5a3","name":"pastoral","url":"https:\/\/unisale.com.br\/pastoral\/author\/pastoral\/"}]}},"_links":{"self":[{"href":"https:\/\/unisale.com.br\/pastoral\/wp-json\/wp\/v2\/posts\/6740","targetHints":{"allow":["GET"]}}],"collection":[{"href":"https:\/\/unisale.com.br\/pastoral\/wp-json\/wp\/v2\/posts"}],"about":[{"href":"https:\/\/unisale.com.br\/pastoral\/wp-json\/wp\/v2\/types\/post"}],"author":[{"embeddable":true,"href":"https:\/\/unisale.com.br\/pastoral\/wp-json\/wp\/v2\/users\/1"}],"replies":[{"embeddable":true,"href":"https:\/\/unisale.com.br\/pastoral\/wp-json\/wp\/v2\/comments?post=6740"}],"version-history":[{"count":0,"href":"https:\/\/unisale.com.br\/pastoral\/wp-json\/wp\/v2\/posts\/6740\/revisions"}],"wp:featuredmedia":[{"embeddable":true,"href":"https:\/\/unisale.com.br\/pastoral\/wp-json\/wp\/v2\/media\/10387"}],"wp:attachment":[{"href":"https:\/\/unisale.com.br\/pastoral\/wp-json\/wp\/v2\/media?parent=6740"}],"wp:term":[{"taxonomy":"category","embeddable":true,"href":"https:\/\/unisale.com.br\/pastoral\/wp-json\/wp\/v2\/categories?post=6740"},{"taxonomy":"post_tag","embeddable":true,"href":"https:\/\/unisale.com.br\/pastoral\/wp-json\/wp\/v2\/tags?post=6740"}],"curies":[{"name":"wp","href":"https:\/\/api.w.org\/{rel}","templated":true}]}}