{"id":6745,"date":"2023-05-05T16:57:58","date_gmt":"2023-05-05T16:57:58","guid":{"rendered":"https:\/\/unisale.com.br\/pastoral\/?p=6745"},"modified":"2023-05-05T16:57:58","modified_gmt":"2023-05-05T16:57:58","slug":"07-05-nao-se-perturbe-o-vosso-coracao","status":"publish","type":"post","link":"https:\/\/unisale.com.br\/pastoral\/07-05-nao-se-perturbe-o-vosso-coracao\/","title":{"rendered":"07\/05 &#8211; N\u00e3o se perturbe o vosso cora\u00e7\u00e3o."},"content":{"rendered":"<p>Domingo, 07 de maio de 2023.<\/p>\n<p>&nbsp;<\/p>\n<p>Evangelho (Jo 14,1-12)<\/p>\n<p>&nbsp;<\/p>\n<p>&nbsp;<\/p>\n<p><strong>\u201cN\u00e3o se perturbe o vosso cora\u00e7\u00e3o.\u201d<\/strong><\/p>\n<p>&nbsp;<\/p>\n<p>Naquele tempo, disse Jesus a seus disc\u00edpulos: <sup>1<\/sup>&#8220;N\u00e3o se perturbe o vosso cora\u00e7\u00e3o. Tendes f\u00e9 em Deus, tende f\u00e9 em mim tamb\u00e9m. <sup>2<\/sup>Na casa de meu Pai h\u00e1 muitas moradas. Se assim n\u00e3o fosse, eu vos teria dito. Vou preparar um lugar para v\u00f3s <sup>3<\/sup>e, quando eu tiver ido preparar-vos um lugar, voltarei e vos levarei comigo, a fim de que onde eu estiver estejais tamb\u00e9m v\u00f3s. <sup>4<\/sup>E, para onde eu vou, v\u00f3s conheceis o caminho\u201d. <sup>5<\/sup>Tom\u00e9 disse a Jesus: \u201cSenhor, n\u00f3s n\u00e3o sabemos para onde vais. Como podemos conhecer o caminho?\u201d <sup>6<\/sup>Jesus respondeu: \u201cEu sou o Caminho, a Verdade e a Vida. Ningu\u00e9m vai ao Pai sen\u00e3o por mim. <sup>7<\/sup>Se v\u00f3s me conhec\u00easseis, conhecer\u00edeis tamb\u00e9m o meu Pai. E desde agora o conheceis e o vistes\u201d. <sup>8<\/sup>Disse Felipe: \u201cSenhor, mostra-nos o Pai, isso nos basta!\u201d <sup>9<\/sup>Jesus respondeu: \u201cH\u00e1 tanto tempo estou convosco, e n\u00e3o me conheces, Felipe? Quem me viu, viu o Pai. Como \u00e9 que tu dizes: \u2018Mostra-nos o Pai\u2019? <sup>10<\/sup>N\u00e3o acreditas que eu estou no Pai e o Pai est\u00e1 em mim? As palavras que eu vos digo, n\u00e3o as digo por mim mesmo, mas \u00e9 o Pai, que, permanecendo em mim, realiza as suas obras. <sup>11<\/sup>Acreditai-me: eu estou no Pai e o Pai est\u00e1 em mim. Acreditai, ao menos, por causa destas mesmas obras. <sup>12<\/sup>Em verdade, em verdade vos digo, quem acredita em mim far\u00e1 as obras que eu fa\u00e7o, e far\u00e1 ainda maiores do que estas. Pois eu vou para o Pai\u201d.<\/p>\n<p>&nbsp;<\/p>\n<p><strong>Reflex\u00e3o<\/strong><\/p>\n<p>&nbsp;<\/p>\n<p>Domingo passado Jesus se apresentou como a \u201cporta\u201d atrav\u00e9s da qual se deve passar para ser salvo e encontrar pastagem segura. No evangelho de hoje Jesus se declara tamb\u00e9m como \u201cestrada\u201d, o caminho indispens\u00e1vel para se chegar \u00e0 verdade e entrar na vida dos filhos de Deus. A estrada \u00e9 uma met\u00e1fora, mas tamb\u00e9m uma experi\u00eancia. A estrada evoca fasc\u00ednio e atra\u00e7\u00e3o, mas ao mesmo tempo evoca medo e incerteza. Jesus busca acompanhar os seus disc\u00edpulos neste caminho que leva ao Pai e Jesus conhece o medo que todos carregam no cora\u00e7\u00e3o sobre esta incerteza do fim. Mas Jesus nos acalma ao dizer que n\u00e3o s\u00f3 fomos esperados, mas tamb\u00e9m desejados. <sup>\u201c<\/sup>Na casa de meu Pai h\u00e1 muitas moradas. Se assim n\u00e3o fosse, eu vos teria dito. Vou preparar um lugar para v\u00f3s&#8230;\u201d A not\u00edcia de que existe um lugar reservado para n\u00f3s \u00e9 necess\u00e1ria para a nossa necessidade de pertencer a algu\u00e9m e de ter o direito a um lugar por tempo indeterminado. Depois de ter dito que havia um lugar, Jesus indica o caminho: \u201c&#8230;e, quando eu tiver ido preparar-vos um lugar, voltarei e vos levarei comigo, a fim de que onde eu estiver estejais tamb\u00e9m v\u00f3s. E, para onde eu vou, v\u00f3s conheceis o caminho\u201d. A estrada indicada por Jesus \u00e9 muito particular: \u201cEu sou o Caminho, a Verdade e a Vida. Ningu\u00e9m vai ao Pai sen\u00e3o por mim\u201d. A estrada sobre a qual se ultrapassa o medo de viver e de morrer \u00e9 o mesmo Senhor Jesus, que se oferece a todos n\u00e3o como uma ideologia \u00e0 qual aderir, mas como uma pessoa junto a qual afrontar a realidade. Somente a rela\u00e7\u00e3o com ele, a escuta humilde e atenta de sua palavra, s\u00e3o a verdadeira resposta aos mil questionamentos que, todos os dias, colocam em agita\u00e7\u00e3o e \u00e2nsia tamb\u00e9m os esp\u00edritos mais \u201ctemperantes\u201d. A busca pela nossa liberdade e b\u00fassola do nosso intuito s\u00e3o instrumentos suficientes para caminhar em dire\u00e7\u00e3o ao Pai, sob a guia do Espirito Santo. De resto, sabemos que quando a estrada \u00e9 boa nos toma e nos leva at\u00e9 o ponto de chegada, sem a necessidade de ser continuamente verificada ou colocada em discuss\u00e3o. N\u00e3o temos nada a temer se queremos viver o nosso tempo como um retorno a Deus, caminhando junto com cada um de n\u00f3s em dire\u00e7\u00e3o ao Reino. N\u00e3o servem caminhos preferenciais, nem equipamentos melhores daqueles que a vida e a provid\u00eancia de Deus nos d\u00e3o. Aquilo que somos, a nossa vida como \u00e9 agora, se pode abrir ao des\u00edgnio de Deus e \u00e0 sua misteriosa fecundidade j\u00e1 neste mundo: <sup>\u201c<\/sup>Em verdade, em verdade vos digo, quem acredita em mim far\u00e1 as obras que eu fa\u00e7o, e far\u00e1 ainda maiores do que estas. Pois eu vou para o Pai\u201d. Devemos somente entrar seriamente e fielmente no n\u00famero de disc\u00edpulos que obedecem a Palavra. Agora se torna suficiente a promessa do Senhor: \u201cN\u00e3o se perturbe o vosso cora\u00e7\u00e3o. Tendes f\u00e9 em Deus, tende f\u00e9 em mim tamb\u00e9m\u201d.<\/p>\n<p><strong>Pe. Paulo Eduardo J\u00e1como, SDB.<\/strong><\/p>\n","protected":false},"excerpt":{"rendered":"<p>Domingo, 07 de maio de 2023. &nbsp; Evangelho (Jo 14,1-12) &nbsp; &nbsp; \u201cN\u00e3o se perturbe o vosso cora\u00e7\u00e3o.\u201d &nbsp; Naquele tempo, disse Jesus a seus&#8230;<\/p>\n","protected":false},"author":1,"featured_media":6743,"comment_status":"closed","ping_status":"closed","sticky":false,"template":"","format":"standard","meta":{"_acf_changed":false,"footnotes":""},"categories":[13],"tags":[],"class_list":["post-6745","post","type-post","status-publish","format-standard","has-post-thumbnail","hentry","category-reflexaodoevagelho"],"acf":[],"yoast_head":"<!-- This site is optimized with the Yoast SEO plugin v27.3 - https:\/\/yoast.com\/product\/yoast-seo-wordpress\/ -->\n<title>07\/05 - N\u00e3o se perturbe o vosso cora\u00e7\u00e3o. - Pastoral Universit\u00e1ria UniSALESIANO<\/title>\n<meta name=\"robots\" content=\"index, follow, max-snippet:-1, max-image-preview:large, max-video-preview:-1\" \/>\n<link rel=\"canonical\" href=\"https:\/\/unisale.com.br\/novo\/07-05-nao-se-perturbe-o-vosso-coracao\/\" \/>\n<meta property=\"og:locale\" content=\"pt_BR\" \/>\n<meta property=\"og:type\" content=\"article\" \/>\n<meta property=\"og:title\" content=\"07\/05 - N\u00e3o se perturbe o vosso cora\u00e7\u00e3o. - Pastoral Universit\u00e1ria UniSALESIANO\" \/>\n<meta property=\"og:description\" content=\"Domingo, 07 de maio de 2023. &nbsp; Evangelho (Jo 14,1-12) &nbsp; &nbsp; \u201cN\u00e3o se perturbe o vosso cora\u00e7\u00e3o.\u201d &nbsp; Naquele tempo, disse Jesus a seus...\" \/>\n<meta property=\"og:url\" content=\"https:\/\/unisale.com.br\/novo\/07-05-nao-se-perturbe-o-vosso-coracao\/\" \/>\n<meta property=\"og:site_name\" content=\"Pastoral Universit\u00e1ria UniSALESIANO\" \/>\n<meta property=\"article:published_time\" content=\"2023-05-05T16:57:58+00:00\" \/>\n<meta name=\"author\" content=\"pastoral\" \/>\n<meta name=\"twitter:card\" content=\"summary_large_image\" \/>\n<meta name=\"twitter:label1\" content=\"Escrito por\" \/>\n\t<meta name=\"twitter:data1\" content=\"pastoral\" \/>\n\t<meta name=\"twitter:label2\" content=\"Est. tempo de leitura\" \/>\n\t<meta name=\"twitter:data2\" content=\"4 minutos\" \/>\n<script type=\"application\/ld+json\" class=\"yoast-schema-graph\">{\"@context\":\"https:\\\/\\\/schema.org\",\"@graph\":[{\"@type\":\"Article\",\"@id\":\"https:\\\/\\\/unisale.com.br\\\/novo\\\/07-05-nao-se-perturbe-o-vosso-coracao\\\/#article\",\"isPartOf\":{\"@id\":\"https:\\\/\\\/unisale.com.br\\\/novo\\\/07-05-nao-se-perturbe-o-vosso-coracao\\\/\"},\"author\":{\"name\":\"pastoral\",\"@id\":\"https:\\\/\\\/unisale.com.br\\\/pastoral\\\/#\\\/schema\\\/person\\\/a16ba711a0f7dec9cb6b44563144d5a3\"},\"headline\":\"07\\\/05 &#8211; N\u00e3o se perturbe o vosso cora\u00e7\u00e3o.\",\"datePublished\":\"2023-05-05T16:57:58+00:00\",\"mainEntityOfPage\":{\"@id\":\"https:\\\/\\\/unisale.com.br\\\/novo\\\/07-05-nao-se-perturbe-o-vosso-coracao\\\/\"},\"wordCount\":838,\"image\":{\"@id\":\"https:\\\/\\\/unisale.com.br\\\/novo\\\/07-05-nao-se-perturbe-o-vosso-coracao\\\/#primaryimage\"},\"thumbnailUrl\":\"https:\\\/\\\/unisale.com.br\\\/pastoral\\\/wp-content\\\/uploads\\\/2023\\\/05\\\/Ev-07.png\",\"articleSection\":[\"Reflex\u00e3o do Evangelho\"],\"inLanguage\":\"pt-BR\"},{\"@type\":\"WebPage\",\"@id\":\"https:\\\/\\\/unisale.com.br\\\/novo\\\/07-05-nao-se-perturbe-o-vosso-coracao\\\/\",\"url\":\"https:\\\/\\\/unisale.com.br\\\/novo\\\/07-05-nao-se-perturbe-o-vosso-coracao\\\/\",\"name\":\"07\\\/05 - N\u00e3o se perturbe o vosso cora\u00e7\u00e3o. - Pastoral Universit\u00e1ria UniSALESIANO\",\"isPartOf\":{\"@id\":\"https:\\\/\\\/unisale.com.br\\\/pastoral\\\/#website\"},\"primaryImageOfPage\":{\"@id\":\"https:\\\/\\\/unisale.com.br\\\/novo\\\/07-05-nao-se-perturbe-o-vosso-coracao\\\/#primaryimage\"},\"image\":{\"@id\":\"https:\\\/\\\/unisale.com.br\\\/novo\\\/07-05-nao-se-perturbe-o-vosso-coracao\\\/#primaryimage\"},\"thumbnailUrl\":\"https:\\\/\\\/unisale.com.br\\\/pastoral\\\/wp-content\\\/uploads\\\/2023\\\/05\\\/Ev-07.png\",\"datePublished\":\"2023-05-05T16:57:58+00:00\",\"author\":{\"@id\":\"https:\\\/\\\/unisale.com.br\\\/pastoral\\\/#\\\/schema\\\/person\\\/a16ba711a0f7dec9cb6b44563144d5a3\"},\"inLanguage\":\"pt-BR\",\"potentialAction\":[{\"@type\":\"ReadAction\",\"target\":[\"https:\\\/\\\/unisale.com.br\\\/novo\\\/07-05-nao-se-perturbe-o-vosso-coracao\\\/\"]}]},{\"@type\":\"ImageObject\",\"inLanguage\":\"pt-BR\",\"@id\":\"https:\\\/\\\/unisale.com.br\\\/novo\\\/07-05-nao-se-perturbe-o-vosso-coracao\\\/#primaryimage\",\"url\":\"https:\\\/\\\/unisale.com.br\\\/pastoral\\\/wp-content\\\/uploads\\\/2023\\\/05\\\/Ev-07.png\",\"contentUrl\":\"https:\\\/\\\/unisale.com.br\\\/pastoral\\\/wp-content\\\/uploads\\\/2023\\\/05\\\/Ev-07.png\",\"width\":563,\"height\":224},{\"@type\":\"WebSite\",\"@id\":\"https:\\\/\\\/unisale.com.br\\\/pastoral\\\/#website\",\"url\":\"https:\\\/\\\/unisale.com.br\\\/pastoral\\\/\",\"name\":\"Pastoral Universit\u00e1ria UniSALESIANO\",\"description\":\"Site da Pastoral Universit\u00e1ria do UniSALESIANO\",\"potentialAction\":[{\"@type\":\"SearchAction\",\"target\":{\"@type\":\"EntryPoint\",\"urlTemplate\":\"https:\\\/\\\/unisale.com.br\\\/pastoral\\\/?s={search_term_string}\"},\"query-input\":{\"@type\":\"PropertyValueSpecification\",\"valueRequired\":true,\"valueName\":\"search_term_string\"}}],\"inLanguage\":\"pt-BR\"},{\"@type\":\"Person\",\"@id\":\"https:\\\/\\\/unisale.com.br\\\/pastoral\\\/#\\\/schema\\\/person\\\/a16ba711a0f7dec9cb6b44563144d5a3\",\"name\":\"pastoral\",\"url\":\"https:\\\/\\\/unisale.com.br\\\/pastoral\\\/author\\\/pastoral\\\/\"}]}<\/script>\n<!-- \/ Yoast SEO plugin. -->","yoast_head_json":{"title":"07\/05 - N\u00e3o se perturbe o vosso cora\u00e7\u00e3o. - Pastoral Universit\u00e1ria UniSALESIANO","robots":{"index":"index","follow":"follow","max-snippet":"max-snippet:-1","max-image-preview":"max-image-preview:large","max-video-preview":"max-video-preview:-1"},"canonical":"https:\/\/unisale.com.br\/novo\/07-05-nao-se-perturbe-o-vosso-coracao\/","og_locale":"pt_BR","og_type":"article","og_title":"07\/05 - N\u00e3o se perturbe o vosso cora\u00e7\u00e3o. - Pastoral Universit\u00e1ria UniSALESIANO","og_description":"Domingo, 07 de maio de 2023. &nbsp; Evangelho (Jo 14,1-12) &nbsp; &nbsp; \u201cN\u00e3o se perturbe o vosso cora\u00e7\u00e3o.\u201d &nbsp; Naquele tempo, disse Jesus a seus...","og_url":"https:\/\/unisale.com.br\/novo\/07-05-nao-se-perturbe-o-vosso-coracao\/","og_site_name":"Pastoral Universit\u00e1ria UniSALESIANO","article_published_time":"2023-05-05T16:57:58+00:00","author":"pastoral","twitter_card":"summary_large_image","twitter_misc":{"Escrito por":"pastoral","Est. tempo de leitura":"4 minutos"},"schema":{"@context":"https:\/\/schema.org","@graph":[{"@type":"Article","@id":"https:\/\/unisale.com.br\/novo\/07-05-nao-se-perturbe-o-vosso-coracao\/#article","isPartOf":{"@id":"https:\/\/unisale.com.br\/novo\/07-05-nao-se-perturbe-o-vosso-coracao\/"},"author":{"name":"pastoral","@id":"https:\/\/unisale.com.br\/pastoral\/#\/schema\/person\/a16ba711a0f7dec9cb6b44563144d5a3"},"headline":"07\/05 &#8211; N\u00e3o se perturbe o vosso cora\u00e7\u00e3o.","datePublished":"2023-05-05T16:57:58+00:00","mainEntityOfPage":{"@id":"https:\/\/unisale.com.br\/novo\/07-05-nao-se-perturbe-o-vosso-coracao\/"},"wordCount":838,"image":{"@id":"https:\/\/unisale.com.br\/novo\/07-05-nao-se-perturbe-o-vosso-coracao\/#primaryimage"},"thumbnailUrl":"https:\/\/unisale.com.br\/pastoral\/wp-content\/uploads\/2023\/05\/Ev-07.png","articleSection":["Reflex\u00e3o do Evangelho"],"inLanguage":"pt-BR"},{"@type":"WebPage","@id":"https:\/\/unisale.com.br\/novo\/07-05-nao-se-perturbe-o-vosso-coracao\/","url":"https:\/\/unisale.com.br\/novo\/07-05-nao-se-perturbe-o-vosso-coracao\/","name":"07\/05 - N\u00e3o se perturbe o vosso cora\u00e7\u00e3o. - Pastoral Universit\u00e1ria UniSALESIANO","isPartOf":{"@id":"https:\/\/unisale.com.br\/pastoral\/#website"},"primaryImageOfPage":{"@id":"https:\/\/unisale.com.br\/novo\/07-05-nao-se-perturbe-o-vosso-coracao\/#primaryimage"},"image":{"@id":"https:\/\/unisale.com.br\/novo\/07-05-nao-se-perturbe-o-vosso-coracao\/#primaryimage"},"thumbnailUrl":"https:\/\/unisale.com.br\/pastoral\/wp-content\/uploads\/2023\/05\/Ev-07.png","datePublished":"2023-05-05T16:57:58+00:00","author":{"@id":"https:\/\/unisale.com.br\/pastoral\/#\/schema\/person\/a16ba711a0f7dec9cb6b44563144d5a3"},"inLanguage":"pt-BR","potentialAction":[{"@type":"ReadAction","target":["https:\/\/unisale.com.br\/novo\/07-05-nao-se-perturbe-o-vosso-coracao\/"]}]},{"@type":"ImageObject","inLanguage":"pt-BR","@id":"https:\/\/unisale.com.br\/novo\/07-05-nao-se-perturbe-o-vosso-coracao\/#primaryimage","url":"https:\/\/unisale.com.br\/pastoral\/wp-content\/uploads\/2023\/05\/Ev-07.png","contentUrl":"https:\/\/unisale.com.br\/pastoral\/wp-content\/uploads\/2023\/05\/Ev-07.png","width":563,"height":224},{"@type":"WebSite","@id":"https:\/\/unisale.com.br\/pastoral\/#website","url":"https:\/\/unisale.com.br\/pastoral\/","name":"Pastoral Universit\u00e1ria UniSALESIANO","description":"Site da Pastoral Universit\u00e1ria do UniSALESIANO","potentialAction":[{"@type":"SearchAction","target":{"@type":"EntryPoint","urlTemplate":"https:\/\/unisale.com.br\/pastoral\/?s={search_term_string}"},"query-input":{"@type":"PropertyValueSpecification","valueRequired":true,"valueName":"search_term_string"}}],"inLanguage":"pt-BR"},{"@type":"Person","@id":"https:\/\/unisale.com.br\/pastoral\/#\/schema\/person\/a16ba711a0f7dec9cb6b44563144d5a3","name":"pastoral","url":"https:\/\/unisale.com.br\/pastoral\/author\/pastoral\/"}]}},"_links":{"self":[{"href":"https:\/\/unisale.com.br\/pastoral\/wp-json\/wp\/v2\/posts\/6745","targetHints":{"allow":["GET"]}}],"collection":[{"href":"https:\/\/unisale.com.br\/pastoral\/wp-json\/wp\/v2\/posts"}],"about":[{"href":"https:\/\/unisale.com.br\/pastoral\/wp-json\/wp\/v2\/types\/post"}],"author":[{"embeddable":true,"href":"https:\/\/unisale.com.br\/pastoral\/wp-json\/wp\/v2\/users\/1"}],"replies":[{"embeddable":true,"href":"https:\/\/unisale.com.br\/pastoral\/wp-json\/wp\/v2\/comments?post=6745"}],"version-history":[{"count":0,"href":"https:\/\/unisale.com.br\/pastoral\/wp-json\/wp\/v2\/posts\/6745\/revisions"}],"wp:featuredmedia":[{"embeddable":true,"href":"https:\/\/unisale.com.br\/pastoral\/wp-json\/wp\/v2\/media\/6743"}],"wp:attachment":[{"href":"https:\/\/unisale.com.br\/pastoral\/wp-json\/wp\/v2\/media?parent=6745"}],"wp:term":[{"taxonomy":"category","embeddable":true,"href":"https:\/\/unisale.com.br\/pastoral\/wp-json\/wp\/v2\/categories?post=6745"},{"taxonomy":"post_tag","embeddable":true,"href":"https:\/\/unisale.com.br\/pastoral\/wp-json\/wp\/v2\/tags?post=6745"}],"curies":[{"name":"wp","href":"https:\/\/api.w.org\/{rel}","templated":true}]}}