{"id":6752,"date":"2023-05-10T11:10:39","date_gmt":"2023-05-10T11:10:39","guid":{"rendered":"https:\/\/unisale.com.br\/pastoral\/?p=6752"},"modified":"2023-05-10T11:10:39","modified_gmt":"2023-05-10T11:10:39","slug":"10-05-permanecei-em-mim-e-eu-permanecerei-em-vos","status":"publish","type":"post","link":"https:\/\/unisale.com.br\/pastoral\/10-05-permanecei-em-mim-e-eu-permanecerei-em-vos\/","title":{"rendered":"10\/05 &#8211; Permanecei em mim e eu permanecerei em v\u00f3s."},"content":{"rendered":"<p>Quarta-feira, 10 de maio de 2023.<\/p>\n<p>&nbsp;<\/p>\n<p>Evangelho (Jo 15,1-8)<\/p>\n<p>&nbsp;<\/p>\n<p><strong>\u201cPermanecei em mim e eu permanecerei em v\u00f3s.\u201d<\/strong><\/p>\n<p>&nbsp;<\/p>\n<p>Naquele tempo, disse Jesus a seus disc\u00edpulos: <sup>1<\/sup>\u201cEu sou a videira verdadeira, e meu Pai \u00e9 o agricultor. <sup>2<\/sup>Todo ramo que em mim n\u00e3o d\u00e1 fruto ele o corta; e todo ramo que d\u00e1 fruto, ele o limpa, para que d\u00ea mais fruto ainda. <sup>3<\/sup>V\u00f3s j\u00e1 estais limpos por causa da palavra que eu vos falei. <sup>4<\/sup>Permanecei em mim e eu permanecerei em v\u00f3s. Como o ramo n\u00e3o pode dar fruto por si mesmo, se n\u00e3o permanecer na videira, assim tamb\u00e9m v\u00f3s n\u00e3o podereis dar fruto, se n\u00e3o permanecerdes em mim. <sup>5<\/sup>Eu sou a videira e v\u00f3s os ramos. Aquele que permanece em mim e eu nele, esse produz muito fruto; porque sem mim nada podeis fazer. <sup>6<\/sup>Quem n\u00e3o permanecer em mim, ser\u00e1 lan\u00e7ado fora como um ramo e secar\u00e1. Tais ramos s\u00e3o recolhidos, lan\u00e7ados no fogo e queimados. <sup>7<\/sup>Se permanecerdes em mim e minhas palavras permanecerem em v\u00f3s, pedi o que quiserdes e vos ser\u00e1 dado. <sup>8<\/sup>Nisto meu Pai \u00e9 glorificado: que deis muito fruto e vos torneis meus disc\u00edpulos.<\/p>\n<p>&nbsp;<\/p>\n<p><strong>Reflex\u00e3o<\/strong><\/p>\n<p>&nbsp;<\/p>\n<p>\u201cEu sou a videira verdadeira, e meu Pai \u00e9 o agricultor. <sup>2<\/sup>Todo ramo que em mim n\u00e3o d\u00e1 fruto ele o corta; e todo ramo que d\u00e1 fruto, ele o limpa, para que d\u00ea mais fruto ainda.\u201d<\/p>\n<p>&nbsp;<\/p>\n<p>Uma leitura atenta deste trecho do evangelho de hoje nos diz claramente que n\u00e3o devemos pensar que a prova da nossa f\u00e9 reside no quanto somos capazes de escapar dos \u201ccortes\u201d que a vida nos imp\u00f5e.\u00a0 A prova verdadeira est\u00e1 no que ser\u00e1 de n\u00f3s depois dos \u201ctalhos\u201d que as circunst\u00e2ncias nos imp\u00f5em. O evangelho nos diz que as circunst\u00e2ncias adversas da nossa vida podem nos destruir ou fazer-nos passar de uma l\u00f3gica da apar\u00eancia \u00e0quela mais substanciosa, ou seja, aquela que nos faz produzir frutos. A fecundidade da vida de uma pessoa muitas vezes \u00e9 fruto das diversas provas e sofrimentos que deve enfrentar. Neste sentido n\u00e3o devemos passa a vida buscando somente evitar as coisas dif\u00edceis, devemos procurar perguntar-nos se somos ou n\u00e3o ligados a Cristo: \u201cPermanecei em mim e eu permanecerei em v\u00f3s. Como o ramo n\u00e3o pode dar fruto por si mesmo, se n\u00e3o permanecer na videira, assim tamb\u00e9m v\u00f3s n\u00e3o podereis dar fruto, se n\u00e3o permanecerdes em mim. Eu sou a videira e v\u00f3s os ramos. Aquele que permanece em mim e eu nele, esse produz muito fruto; porque sem mim nada podeis fazer. Quem n\u00e3o permanecer em mim, ser\u00e1 lan\u00e7ado fora como um ramo e secar\u00e1. Tais ramos s\u00e3o recolhidos, lan\u00e7ados no fogo e queimados\u201d. Muitas vezes acontece que o sofrimento nos isola, nos fecha em n\u00f3s mesmos, nos separa de tudo e de todos, inclusive de Deus. A arma que nos d\u00e1 a f\u00e9 \u00e9 combater a tenta\u00e7\u00e3o de nos fecharmos onde n\u00f3s sofremos. E a primeira maneira \u00e9 n\u00e3o renunciar a comunicar, a confiar-se a algu\u00e9m. A comunica\u00e7\u00e3o \u00e9 o primeiro modo para n\u00e3o romper a comunh\u00e3o com Cristo. A verdadeira pergunta, por\u00e9m, \u00e9 se na vida existe algu\u00e9m que esteja disposta a nos escutar seriamente. Talvez seja esta a verdadeira ora\u00e7\u00e3o que devemos fazer hoje, movidos pela convic\u00e7\u00e3o de que Jesus mesmo nos oferece ao final do epis\u00f3dio do evangelho de hoje: <sup>\u201c<\/sup>Se permanecerdes em mim e minhas palavras permanecerem em v\u00f3s, pedi o que quiserdes e vos ser\u00e1 dado\u201d.<\/p>\n<p><strong>Pe. Paulo Eduardo J\u00e1como, SDB.<\/strong><\/p>\n<p>&nbsp;<\/p>\n","protected":false},"excerpt":{"rendered":"<p>Quarta-feira, 10 de maio de 2023. &nbsp; Evangelho (Jo 15,1-8) &nbsp; \u201cPermanecei em mim e eu permanecerei em v\u00f3s.\u201d &nbsp; Naquele tempo, disse Jesus a&#8230;<\/p>\n","protected":false},"author":1,"featured_media":6753,"comment_status":"closed","ping_status":"closed","sticky":false,"template":"","format":"standard","meta":{"_acf_changed":false,"footnotes":""},"categories":[13],"tags":[],"class_list":["post-6752","post","type-post","status-publish","format-standard","has-post-thumbnail","hentry","category-reflexaodoevagelho"],"acf":[],"yoast_head":"<!-- This site is optimized with the Yoast SEO plugin v27.3 - https:\/\/yoast.com\/product\/yoast-seo-wordpress\/ -->\n<title>10\/05 - Permanecei em mim e eu permanecerei em v\u00f3s. - Pastoral Universit\u00e1ria UniSALESIANO<\/title>\n<meta name=\"robots\" content=\"index, follow, max-snippet:-1, max-image-preview:large, max-video-preview:-1\" \/>\n<link rel=\"canonical\" href=\"https:\/\/unisale.com.br\/novo\/10-05-permanecei-em-mim-e-eu-permanecerei-em-vos\/\" \/>\n<meta property=\"og:locale\" content=\"pt_BR\" \/>\n<meta property=\"og:type\" content=\"article\" \/>\n<meta property=\"og:title\" content=\"10\/05 - Permanecei em mim e eu permanecerei em v\u00f3s. - Pastoral Universit\u00e1ria UniSALESIANO\" \/>\n<meta property=\"og:description\" content=\"Quarta-feira, 10 de maio de 2023. &nbsp; Evangelho (Jo 15,1-8) &nbsp; \u201cPermanecei em mim e eu permanecerei em v\u00f3s.\u201d &nbsp; Naquele tempo, disse Jesus a...\" \/>\n<meta property=\"og:url\" content=\"https:\/\/unisale.com.br\/novo\/10-05-permanecei-em-mim-e-eu-permanecerei-em-vos\/\" \/>\n<meta property=\"og:site_name\" content=\"Pastoral Universit\u00e1ria UniSALESIANO\" \/>\n<meta property=\"article:published_time\" content=\"2023-05-10T11:10:39+00:00\" \/>\n<meta name=\"author\" content=\"pastoral\" \/>\n<meta name=\"twitter:card\" content=\"summary_large_image\" \/>\n<meta name=\"twitter:label1\" content=\"Escrito por\" \/>\n\t<meta name=\"twitter:data1\" content=\"pastoral\" \/>\n\t<meta name=\"twitter:label2\" content=\"Est. tempo de leitura\" \/>\n\t<meta name=\"twitter:data2\" content=\"3 minutos\" \/>\n<script type=\"application\/ld+json\" class=\"yoast-schema-graph\">{\"@context\":\"https:\\\/\\\/schema.org\",\"@graph\":[{\"@type\":\"Article\",\"@id\":\"https:\\\/\\\/unisale.com.br\\\/novo\\\/10-05-permanecei-em-mim-e-eu-permanecerei-em-vos\\\/#article\",\"isPartOf\":{\"@id\":\"https:\\\/\\\/unisale.com.br\\\/novo\\\/10-05-permanecei-em-mim-e-eu-permanecerei-em-vos\\\/\"},\"author\":{\"name\":\"pastoral\",\"@id\":\"https:\\\/\\\/unisale.com.br\\\/pastoral\\\/#\\\/schema\\\/person\\\/a16ba711a0f7dec9cb6b44563144d5a3\"},\"headline\":\"10\\\/05 &#8211; Permanecei em mim e eu permanecerei em v\u00f3s.\",\"datePublished\":\"2023-05-10T11:10:39+00:00\",\"mainEntityOfPage\":{\"@id\":\"https:\\\/\\\/unisale.com.br\\\/novo\\\/10-05-permanecei-em-mim-e-eu-permanecerei-em-vos\\\/\"},\"wordCount\":635,\"image\":{\"@id\":\"https:\\\/\\\/unisale.com.br\\\/novo\\\/10-05-permanecei-em-mim-e-eu-permanecerei-em-vos\\\/#primaryimage\"},\"thumbnailUrl\":\"https:\\\/\\\/unisale.com.br\\\/pastoral\\\/wp-content\\\/uploads\\\/2023\\\/05\\\/Ev-10.jpg\",\"articleSection\":[\"Reflex\u00e3o do Evangelho\"],\"inLanguage\":\"pt-BR\"},{\"@type\":\"WebPage\",\"@id\":\"https:\\\/\\\/unisale.com.br\\\/novo\\\/10-05-permanecei-em-mim-e-eu-permanecerei-em-vos\\\/\",\"url\":\"https:\\\/\\\/unisale.com.br\\\/novo\\\/10-05-permanecei-em-mim-e-eu-permanecerei-em-vos\\\/\",\"name\":\"10\\\/05 - Permanecei em mim e eu permanecerei em v\u00f3s. - Pastoral Universit\u00e1ria UniSALESIANO\",\"isPartOf\":{\"@id\":\"https:\\\/\\\/unisale.com.br\\\/pastoral\\\/#website\"},\"primaryImageOfPage\":{\"@id\":\"https:\\\/\\\/unisale.com.br\\\/novo\\\/10-05-permanecei-em-mim-e-eu-permanecerei-em-vos\\\/#primaryimage\"},\"image\":{\"@id\":\"https:\\\/\\\/unisale.com.br\\\/novo\\\/10-05-permanecei-em-mim-e-eu-permanecerei-em-vos\\\/#primaryimage\"},\"thumbnailUrl\":\"https:\\\/\\\/unisale.com.br\\\/pastoral\\\/wp-content\\\/uploads\\\/2023\\\/05\\\/Ev-10.jpg\",\"datePublished\":\"2023-05-10T11:10:39+00:00\",\"author\":{\"@id\":\"https:\\\/\\\/unisale.com.br\\\/pastoral\\\/#\\\/schema\\\/person\\\/a16ba711a0f7dec9cb6b44563144d5a3\"},\"inLanguage\":\"pt-BR\",\"potentialAction\":[{\"@type\":\"ReadAction\",\"target\":[\"https:\\\/\\\/unisale.com.br\\\/novo\\\/10-05-permanecei-em-mim-e-eu-permanecerei-em-vos\\\/\"]}]},{\"@type\":\"ImageObject\",\"inLanguage\":\"pt-BR\",\"@id\":\"https:\\\/\\\/unisale.com.br\\\/novo\\\/10-05-permanecei-em-mim-e-eu-permanecerei-em-vos\\\/#primaryimage\",\"url\":\"https:\\\/\\\/unisale.com.br\\\/pastoral\\\/wp-content\\\/uploads\\\/2023\\\/05\\\/Ev-10.jpg\",\"contentUrl\":\"https:\\\/\\\/unisale.com.br\\\/pastoral\\\/wp-content\\\/uploads\\\/2023\\\/05\\\/Ev-10.jpg\",\"width\":889,\"height\":500},{\"@type\":\"WebSite\",\"@id\":\"https:\\\/\\\/unisale.com.br\\\/pastoral\\\/#website\",\"url\":\"https:\\\/\\\/unisale.com.br\\\/pastoral\\\/\",\"name\":\"Pastoral Universit\u00e1ria UniSALESIANO\",\"description\":\"Site da Pastoral Universit\u00e1ria do UniSALESIANO\",\"potentialAction\":[{\"@type\":\"SearchAction\",\"target\":{\"@type\":\"EntryPoint\",\"urlTemplate\":\"https:\\\/\\\/unisale.com.br\\\/pastoral\\\/?s={search_term_string}\"},\"query-input\":{\"@type\":\"PropertyValueSpecification\",\"valueRequired\":true,\"valueName\":\"search_term_string\"}}],\"inLanguage\":\"pt-BR\"},{\"@type\":\"Person\",\"@id\":\"https:\\\/\\\/unisale.com.br\\\/pastoral\\\/#\\\/schema\\\/person\\\/a16ba711a0f7dec9cb6b44563144d5a3\",\"name\":\"pastoral\",\"url\":\"https:\\\/\\\/unisale.com.br\\\/pastoral\\\/author\\\/pastoral\\\/\"}]}<\/script>\n<!-- \/ Yoast SEO plugin. -->","yoast_head_json":{"title":"10\/05 - Permanecei em mim e eu permanecerei em v\u00f3s. - Pastoral Universit\u00e1ria UniSALESIANO","robots":{"index":"index","follow":"follow","max-snippet":"max-snippet:-1","max-image-preview":"max-image-preview:large","max-video-preview":"max-video-preview:-1"},"canonical":"https:\/\/unisale.com.br\/novo\/10-05-permanecei-em-mim-e-eu-permanecerei-em-vos\/","og_locale":"pt_BR","og_type":"article","og_title":"10\/05 - Permanecei em mim e eu permanecerei em v\u00f3s. - Pastoral Universit\u00e1ria UniSALESIANO","og_description":"Quarta-feira, 10 de maio de 2023. &nbsp; Evangelho (Jo 15,1-8) &nbsp; \u201cPermanecei em mim e eu permanecerei em v\u00f3s.\u201d &nbsp; Naquele tempo, disse Jesus a...","og_url":"https:\/\/unisale.com.br\/novo\/10-05-permanecei-em-mim-e-eu-permanecerei-em-vos\/","og_site_name":"Pastoral Universit\u00e1ria UniSALESIANO","article_published_time":"2023-05-10T11:10:39+00:00","author":"pastoral","twitter_card":"summary_large_image","twitter_misc":{"Escrito por":"pastoral","Est. tempo de leitura":"3 minutos"},"schema":{"@context":"https:\/\/schema.org","@graph":[{"@type":"Article","@id":"https:\/\/unisale.com.br\/novo\/10-05-permanecei-em-mim-e-eu-permanecerei-em-vos\/#article","isPartOf":{"@id":"https:\/\/unisale.com.br\/novo\/10-05-permanecei-em-mim-e-eu-permanecerei-em-vos\/"},"author":{"name":"pastoral","@id":"https:\/\/unisale.com.br\/pastoral\/#\/schema\/person\/a16ba711a0f7dec9cb6b44563144d5a3"},"headline":"10\/05 &#8211; Permanecei em mim e eu permanecerei em v\u00f3s.","datePublished":"2023-05-10T11:10:39+00:00","mainEntityOfPage":{"@id":"https:\/\/unisale.com.br\/novo\/10-05-permanecei-em-mim-e-eu-permanecerei-em-vos\/"},"wordCount":635,"image":{"@id":"https:\/\/unisale.com.br\/novo\/10-05-permanecei-em-mim-e-eu-permanecerei-em-vos\/#primaryimage"},"thumbnailUrl":"https:\/\/unisale.com.br\/pastoral\/wp-content\/uploads\/2023\/05\/Ev-10.jpg","articleSection":["Reflex\u00e3o do Evangelho"],"inLanguage":"pt-BR"},{"@type":"WebPage","@id":"https:\/\/unisale.com.br\/novo\/10-05-permanecei-em-mim-e-eu-permanecerei-em-vos\/","url":"https:\/\/unisale.com.br\/novo\/10-05-permanecei-em-mim-e-eu-permanecerei-em-vos\/","name":"10\/05 - Permanecei em mim e eu permanecerei em v\u00f3s. - Pastoral Universit\u00e1ria UniSALESIANO","isPartOf":{"@id":"https:\/\/unisale.com.br\/pastoral\/#website"},"primaryImageOfPage":{"@id":"https:\/\/unisale.com.br\/novo\/10-05-permanecei-em-mim-e-eu-permanecerei-em-vos\/#primaryimage"},"image":{"@id":"https:\/\/unisale.com.br\/novo\/10-05-permanecei-em-mim-e-eu-permanecerei-em-vos\/#primaryimage"},"thumbnailUrl":"https:\/\/unisale.com.br\/pastoral\/wp-content\/uploads\/2023\/05\/Ev-10.jpg","datePublished":"2023-05-10T11:10:39+00:00","author":{"@id":"https:\/\/unisale.com.br\/pastoral\/#\/schema\/person\/a16ba711a0f7dec9cb6b44563144d5a3"},"inLanguage":"pt-BR","potentialAction":[{"@type":"ReadAction","target":["https:\/\/unisale.com.br\/novo\/10-05-permanecei-em-mim-e-eu-permanecerei-em-vos\/"]}]},{"@type":"ImageObject","inLanguage":"pt-BR","@id":"https:\/\/unisale.com.br\/novo\/10-05-permanecei-em-mim-e-eu-permanecerei-em-vos\/#primaryimage","url":"https:\/\/unisale.com.br\/pastoral\/wp-content\/uploads\/2023\/05\/Ev-10.jpg","contentUrl":"https:\/\/unisale.com.br\/pastoral\/wp-content\/uploads\/2023\/05\/Ev-10.jpg","width":889,"height":500},{"@type":"WebSite","@id":"https:\/\/unisale.com.br\/pastoral\/#website","url":"https:\/\/unisale.com.br\/pastoral\/","name":"Pastoral Universit\u00e1ria UniSALESIANO","description":"Site da Pastoral Universit\u00e1ria do UniSALESIANO","potentialAction":[{"@type":"SearchAction","target":{"@type":"EntryPoint","urlTemplate":"https:\/\/unisale.com.br\/pastoral\/?s={search_term_string}"},"query-input":{"@type":"PropertyValueSpecification","valueRequired":true,"valueName":"search_term_string"}}],"inLanguage":"pt-BR"},{"@type":"Person","@id":"https:\/\/unisale.com.br\/pastoral\/#\/schema\/person\/a16ba711a0f7dec9cb6b44563144d5a3","name":"pastoral","url":"https:\/\/unisale.com.br\/pastoral\/author\/pastoral\/"}]}},"_links":{"self":[{"href":"https:\/\/unisale.com.br\/pastoral\/wp-json\/wp\/v2\/posts\/6752","targetHints":{"allow":["GET"]}}],"collection":[{"href":"https:\/\/unisale.com.br\/pastoral\/wp-json\/wp\/v2\/posts"}],"about":[{"href":"https:\/\/unisale.com.br\/pastoral\/wp-json\/wp\/v2\/types\/post"}],"author":[{"embeddable":true,"href":"https:\/\/unisale.com.br\/pastoral\/wp-json\/wp\/v2\/users\/1"}],"replies":[{"embeddable":true,"href":"https:\/\/unisale.com.br\/pastoral\/wp-json\/wp\/v2\/comments?post=6752"}],"version-history":[{"count":0,"href":"https:\/\/unisale.com.br\/pastoral\/wp-json\/wp\/v2\/posts\/6752\/revisions"}],"wp:featuredmedia":[{"embeddable":true,"href":"https:\/\/unisale.com.br\/pastoral\/wp-json\/wp\/v2\/media\/6753"}],"wp:attachment":[{"href":"https:\/\/unisale.com.br\/pastoral\/wp-json\/wp\/v2\/media?parent=6752"}],"wp:term":[{"taxonomy":"category","embeddable":true,"href":"https:\/\/unisale.com.br\/pastoral\/wp-json\/wp\/v2\/categories?post=6752"},{"taxonomy":"post_tag","embeddable":true,"href":"https:\/\/unisale.com.br\/pastoral\/wp-json\/wp\/v2\/tags?post=6752"}],"curies":[{"name":"wp","href":"https:\/\/api.w.org\/{rel}","templated":true}]}}