{"id":6799,"date":"2023-08-11T17:18:23","date_gmt":"2023-08-11T17:18:23","guid":{"rendered":"https:\/\/unisale.com.br\/pastoral\/?p=6799"},"modified":"2023-08-15T18:12:17","modified_gmt":"2023-08-15T18:12:17","slug":"romaria-a-aparecida-esta-com-inscricoes-abertas-ate-o-dia-15-de-setembro","status":"publish","type":"post","link":"https:\/\/unisale.com.br\/pastoral\/romaria-a-aparecida-esta-com-inscricoes-abertas-ate-o-dia-15-de-setembro\/","title":{"rendered":"Romaria a Aparecida est\u00e1 com inscri\u00e7\u00f5es abertas at\u00e9 o dia 15 de setembro"},"content":{"rendered":"<h3><\/h3>\n<h3>O embarque est\u00e1 programado para o dia 27 de outubro<\/h3>\n<p>&nbsp;<\/p>\n<p>O UniSALESIANO est\u00e1 prestes a reviver uma das maiores peregrina\u00e7\u00f5es universit\u00e1rias do pa\u00eds. As inscri\u00e7\u00f5es para a Romaria a Aparecida podem ser feitas at\u00e9 o dia 15 de setembro, na Pastoral Universit\u00e1ria, localizada no 2\u00ba andar, Bloco B, Sala 33.<\/p>\n<p>A viagem da Romaria, que possui vagas limitadas, est\u00e1 aberta para estudantes e colaboradores do UniSALESIANO. O embarque para Aparecida est\u00e1 programado para o dia 27 de outubro, \u00e0 noite, com retorno no dia seguinte, 28.<\/p>\n<p>Conforme explicado pelo\u00a0<strong>Pr\u00f3-Reitor de Pastoral, Pe. Paulo Eduardo J\u00e1como, SDB<\/strong>, a inten\u00e7\u00e3o da Romaria do UniSALESIANO \u00e9 proporcionar a viv\u00eancia mariana, onde a comunidade acad\u00eamica se dirige \u00e0 Casa da M\u00e3e Aparecida para expressar gratid\u00e3o e buscar sua intercess\u00e3o.<\/p>\n<p>\u201cDom Bosco deixou como heran\u00e7a aos seus salesianos e jovens, o precioso legado de amor por Maria, reconhecendo-a como Mestra, Guia, Auxiliadora e Protetora\u201d, declarou.<\/p>\n<p><strong>F\u00c9<\/strong><\/p>\n<p>O prop\u00f3sito principal da Romaria \u00e9 proporcionar aos participantes a oportunidade de vivenciar um momento de f\u00e9, reflex\u00e3o e devo\u00e7\u00e3o \u00e0 Virgem Maria, sob a orienta\u00e7\u00e3o dos princ\u00edpios e valores salesianos, que s\u00e3o fundamentais para a institui\u00e7\u00e3o. Durante a peregrina\u00e7\u00e3o, os participantes t\u00eam a chance de expressar gratid\u00e3o, fazer preces e pedidos de intercess\u00e3o \u00e0 M\u00e3e Aparecida, que \u00e9 uma figura de refer\u00eancia na f\u00e9 cat\u00f3lica.<\/p>\n<p>A Romaria envolve n\u00e3o apenas aspectos religiosos, mas tamb\u00e9m culturais e sociais, unindo a comunidade acad\u00eamica em um ambiente de conviv\u00eancia e confraterniza\u00e7\u00e3o. Al\u00e9m da participa\u00e7\u00e3o nas celebra\u00e7\u00f5es religiosas, os peregrinos t\u00eam a oportunidade de conhecer os locais de culto, realizar momentos de reflex\u00e3o, al\u00e9m de compartilhar experi\u00eancias e fortalecer la\u00e7os entre os membros da institui\u00e7\u00e3o.<\/p>\n","protected":false},"excerpt":{"rendered":"<p>O embarque est\u00e1 programado para o dia 27 de outubro &nbsp; O UniSALESIANO est\u00e1 prestes a reviver uma das maiores peregrina\u00e7\u00f5es universit\u00e1rias do pa\u00eds. As&#8230;<\/p>\n","protected":false},"author":6,"featured_media":6806,"comment_status":"closed","ping_status":"closed","sticky":false,"template":"","format":"standard","meta":{"_acf_changed":false,"footnotes":""},"categories":[3],"tags":[],"class_list":["post-6799","post","type-post","status-publish","format-standard","has-post-thumbnail","hentry","category-not"],"acf":[],"yoast_head":"<!-- This site is optimized with the Yoast SEO plugin v27.3 - https:\/\/yoast.com\/product\/yoast-seo-wordpress\/ -->\n<title>Romaria a Aparecida est\u00e1 com inscri\u00e7\u00f5es abertas at\u00e9 o dia 15 de setembro - Pastoral Universit\u00e1ria UniSALESIANO<\/title>\n<meta name=\"robots\" content=\"index, follow, max-snippet:-1, max-image-preview:large, max-video-preview:-1\" \/>\n<link rel=\"canonical\" href=\"https:\/\/unisale.com.br\/novo\/romaria-a-aparecida-esta-com-inscricoes-abertas-ate-o-dia-15-de-setembro\/\" \/>\n<meta property=\"og:locale\" content=\"pt_BR\" \/>\n<meta property=\"og:type\" content=\"article\" \/>\n<meta property=\"og:title\" content=\"Romaria a Aparecida est\u00e1 com inscri\u00e7\u00f5es abertas at\u00e9 o dia 15 de setembro - Pastoral Universit\u00e1ria UniSALESIANO\" \/>\n<meta property=\"og:description\" content=\"O embarque est\u00e1 programado para o dia 27 de outubro &nbsp; O UniSALESIANO est\u00e1 prestes a reviver uma das maiores peregrina\u00e7\u00f5es universit\u00e1rias do pa\u00eds. As...\" \/>\n<meta property=\"og:url\" content=\"https:\/\/unisale.com.br\/novo\/romaria-a-aparecida-esta-com-inscricoes-abertas-ate-o-dia-15-de-setembro\/\" \/>\n<meta property=\"og:site_name\" content=\"Pastoral Universit\u00e1ria UniSALESIANO\" \/>\n<meta property=\"article:published_time\" content=\"2023-08-11T17:18:23+00:00\" \/>\n<meta property=\"article:modified_time\" content=\"2023-08-15T18:12:17+00:00\" \/>\n<meta property=\"og:image\" content=\"https:\/\/unisale.com.br\/novo\/wp-content\/uploads\/2023\/08\/FEED-768x768-1.png\" \/>\n\t<meta property=\"og:image:width\" content=\"768\" \/>\n\t<meta property=\"og:image:height\" content=\"768\" \/>\n\t<meta property=\"og:image:type\" content=\"image\/png\" \/>\n<meta name=\"author\" content=\"Luiz Alexandre Marinho Lanzoni\" \/>\n<meta name=\"twitter:card\" content=\"summary_large_image\" \/>\n<meta name=\"twitter:label1\" content=\"Escrito por\" \/>\n\t<meta name=\"twitter:data1\" content=\"Luiz Alexandre Marinho Lanzoni\" \/>\n\t<meta name=\"twitter:label2\" content=\"Est. tempo de leitura\" \/>\n\t<meta name=\"twitter:data2\" content=\"2 minutos\" \/>\n<script type=\"application\/ld+json\" class=\"yoast-schema-graph\">{\"@context\":\"https:\\\/\\\/schema.org\",\"@graph\":[{\"@type\":\"Article\",\"@id\":\"https:\\\/\\\/unisale.com.br\\\/novo\\\/romaria-a-aparecida-esta-com-inscricoes-abertas-ate-o-dia-15-de-setembro\\\/#article\",\"isPartOf\":{\"@id\":\"https:\\\/\\\/unisale.com.br\\\/novo\\\/romaria-a-aparecida-esta-com-inscricoes-abertas-ate-o-dia-15-de-setembro\\\/\"},\"author\":{\"name\":\"Luiz Alexandre Marinho Lanzoni\",\"@id\":\"https:\\\/\\\/unisale.com.br\\\/pastoral\\\/#\\\/schema\\\/person\\\/492d3d7bfe53a8302576d39485aff2c4\"},\"headline\":\"Romaria a Aparecida est\u00e1 com inscri\u00e7\u00f5es abertas at\u00e9 o dia 15 de setembro\",\"datePublished\":\"2023-08-11T17:18:23+00:00\",\"dateModified\":\"2023-08-15T18:12:17+00:00\",\"mainEntityOfPage\":{\"@id\":\"https:\\\/\\\/unisale.com.br\\\/novo\\\/romaria-a-aparecida-esta-com-inscricoes-abertas-ate-o-dia-15-de-setembro\\\/\"},\"wordCount\":317,\"image\":{\"@id\":\"https:\\\/\\\/unisale.com.br\\\/novo\\\/romaria-a-aparecida-esta-com-inscricoes-abertas-ate-o-dia-15-de-setembro\\\/#primaryimage\"},\"thumbnailUrl\":\"https:\\\/\\\/unisale.com.br\\\/pastoral\\\/wp-content\\\/uploads\\\/2023\\\/08\\\/FEED-768x768-1.png\",\"articleSection\":[\"Not\u00edcias\"],\"inLanguage\":\"pt-BR\"},{\"@type\":\"WebPage\",\"@id\":\"https:\\\/\\\/unisale.com.br\\\/novo\\\/romaria-a-aparecida-esta-com-inscricoes-abertas-ate-o-dia-15-de-setembro\\\/\",\"url\":\"https:\\\/\\\/unisale.com.br\\\/novo\\\/romaria-a-aparecida-esta-com-inscricoes-abertas-ate-o-dia-15-de-setembro\\\/\",\"name\":\"Romaria a Aparecida est\u00e1 com inscri\u00e7\u00f5es abertas at\u00e9 o dia 15 de setembro - Pastoral Universit\u00e1ria UniSALESIANO\",\"isPartOf\":{\"@id\":\"https:\\\/\\\/unisale.com.br\\\/pastoral\\\/#website\"},\"primaryImageOfPage\":{\"@id\":\"https:\\\/\\\/unisale.com.br\\\/novo\\\/romaria-a-aparecida-esta-com-inscricoes-abertas-ate-o-dia-15-de-setembro\\\/#primaryimage\"},\"image\":{\"@id\":\"https:\\\/\\\/unisale.com.br\\\/novo\\\/romaria-a-aparecida-esta-com-inscricoes-abertas-ate-o-dia-15-de-setembro\\\/#primaryimage\"},\"thumbnailUrl\":\"https:\\\/\\\/unisale.com.br\\\/pastoral\\\/wp-content\\\/uploads\\\/2023\\\/08\\\/FEED-768x768-1.png\",\"datePublished\":\"2023-08-11T17:18:23+00:00\",\"dateModified\":\"2023-08-15T18:12:17+00:00\",\"author\":{\"@id\":\"https:\\\/\\\/unisale.com.br\\\/pastoral\\\/#\\\/schema\\\/person\\\/492d3d7bfe53a8302576d39485aff2c4\"},\"inLanguage\":\"pt-BR\",\"potentialAction\":[{\"@type\":\"ReadAction\",\"target\":[\"https:\\\/\\\/unisale.com.br\\\/novo\\\/romaria-a-aparecida-esta-com-inscricoes-abertas-ate-o-dia-15-de-setembro\\\/\"]}]},{\"@type\":\"ImageObject\",\"inLanguage\":\"pt-BR\",\"@id\":\"https:\\\/\\\/unisale.com.br\\\/novo\\\/romaria-a-aparecida-esta-com-inscricoes-abertas-ate-o-dia-15-de-setembro\\\/#primaryimage\",\"url\":\"https:\\\/\\\/unisale.com.br\\\/pastoral\\\/wp-content\\\/uploads\\\/2023\\\/08\\\/FEED-768x768-1.png\",\"contentUrl\":\"https:\\\/\\\/unisale.com.br\\\/pastoral\\\/wp-content\\\/uploads\\\/2023\\\/08\\\/FEED-768x768-1.png\",\"width\":500,\"height\":500},{\"@type\":\"WebSite\",\"@id\":\"https:\\\/\\\/unisale.com.br\\\/pastoral\\\/#website\",\"url\":\"https:\\\/\\\/unisale.com.br\\\/pastoral\\\/\",\"name\":\"Pastoral Universit\u00e1ria UniSALESIANO\",\"description\":\"Site da Pastoral Universit\u00e1ria do UniSALESIANO\",\"potentialAction\":[{\"@type\":\"SearchAction\",\"target\":{\"@type\":\"EntryPoint\",\"urlTemplate\":\"https:\\\/\\\/unisale.com.br\\\/pastoral\\\/?s={search_term_string}\"},\"query-input\":{\"@type\":\"PropertyValueSpecification\",\"valueRequired\":true,\"valueName\":\"search_term_string\"}}],\"inLanguage\":\"pt-BR\"},{\"@type\":\"Person\",\"@id\":\"https:\\\/\\\/unisale.com.br\\\/pastoral\\\/#\\\/schema\\\/person\\\/492d3d7bfe53a8302576d39485aff2c4\",\"name\":\"Luiz Alexandre Marinho Lanzoni\",\"url\":\"https:\\\/\\\/unisale.com.br\\\/pastoral\\\/author\\\/luiz\\\/\"}]}<\/script>\n<!-- \/ Yoast SEO plugin. -->","yoast_head_json":{"title":"Romaria a Aparecida est\u00e1 com inscri\u00e7\u00f5es abertas at\u00e9 o dia 15 de setembro - Pastoral Universit\u00e1ria UniSALESIANO","robots":{"index":"index","follow":"follow","max-snippet":"max-snippet:-1","max-image-preview":"max-image-preview:large","max-video-preview":"max-video-preview:-1"},"canonical":"https:\/\/unisale.com.br\/novo\/romaria-a-aparecida-esta-com-inscricoes-abertas-ate-o-dia-15-de-setembro\/","og_locale":"pt_BR","og_type":"article","og_title":"Romaria a Aparecida est\u00e1 com inscri\u00e7\u00f5es abertas at\u00e9 o dia 15 de setembro - Pastoral Universit\u00e1ria UniSALESIANO","og_description":"O embarque est\u00e1 programado para o dia 27 de outubro &nbsp; O UniSALESIANO est\u00e1 prestes a reviver uma das maiores peregrina\u00e7\u00f5es universit\u00e1rias do pa\u00eds. As...","og_url":"https:\/\/unisale.com.br\/novo\/romaria-a-aparecida-esta-com-inscricoes-abertas-ate-o-dia-15-de-setembro\/","og_site_name":"Pastoral Universit\u00e1ria UniSALESIANO","article_published_time":"2023-08-11T17:18:23+00:00","article_modified_time":"2023-08-15T18:12:17+00:00","og_image":[{"width":768,"height":768,"url":"https:\/\/unisale.com.br\/novo\/wp-content\/uploads\/2023\/08\/FEED-768x768-1.png","type":"image\/png"}],"author":"Luiz Alexandre Marinho Lanzoni","twitter_card":"summary_large_image","twitter_misc":{"Escrito por":"Luiz Alexandre Marinho Lanzoni","Est. tempo de leitura":"2 minutos"},"schema":{"@context":"https:\/\/schema.org","@graph":[{"@type":"Article","@id":"https:\/\/unisale.com.br\/novo\/romaria-a-aparecida-esta-com-inscricoes-abertas-ate-o-dia-15-de-setembro\/#article","isPartOf":{"@id":"https:\/\/unisale.com.br\/novo\/romaria-a-aparecida-esta-com-inscricoes-abertas-ate-o-dia-15-de-setembro\/"},"author":{"name":"Luiz Alexandre Marinho Lanzoni","@id":"https:\/\/unisale.com.br\/pastoral\/#\/schema\/person\/492d3d7bfe53a8302576d39485aff2c4"},"headline":"Romaria a Aparecida est\u00e1 com inscri\u00e7\u00f5es abertas at\u00e9 o dia 15 de setembro","datePublished":"2023-08-11T17:18:23+00:00","dateModified":"2023-08-15T18:12:17+00:00","mainEntityOfPage":{"@id":"https:\/\/unisale.com.br\/novo\/romaria-a-aparecida-esta-com-inscricoes-abertas-ate-o-dia-15-de-setembro\/"},"wordCount":317,"image":{"@id":"https:\/\/unisale.com.br\/novo\/romaria-a-aparecida-esta-com-inscricoes-abertas-ate-o-dia-15-de-setembro\/#primaryimage"},"thumbnailUrl":"https:\/\/unisale.com.br\/pastoral\/wp-content\/uploads\/2023\/08\/FEED-768x768-1.png","articleSection":["Not\u00edcias"],"inLanguage":"pt-BR"},{"@type":"WebPage","@id":"https:\/\/unisale.com.br\/novo\/romaria-a-aparecida-esta-com-inscricoes-abertas-ate-o-dia-15-de-setembro\/","url":"https:\/\/unisale.com.br\/novo\/romaria-a-aparecida-esta-com-inscricoes-abertas-ate-o-dia-15-de-setembro\/","name":"Romaria a Aparecida est\u00e1 com inscri\u00e7\u00f5es abertas at\u00e9 o dia 15 de setembro - Pastoral Universit\u00e1ria UniSALESIANO","isPartOf":{"@id":"https:\/\/unisale.com.br\/pastoral\/#website"},"primaryImageOfPage":{"@id":"https:\/\/unisale.com.br\/novo\/romaria-a-aparecida-esta-com-inscricoes-abertas-ate-o-dia-15-de-setembro\/#primaryimage"},"image":{"@id":"https:\/\/unisale.com.br\/novo\/romaria-a-aparecida-esta-com-inscricoes-abertas-ate-o-dia-15-de-setembro\/#primaryimage"},"thumbnailUrl":"https:\/\/unisale.com.br\/pastoral\/wp-content\/uploads\/2023\/08\/FEED-768x768-1.png","datePublished":"2023-08-11T17:18:23+00:00","dateModified":"2023-08-15T18:12:17+00:00","author":{"@id":"https:\/\/unisale.com.br\/pastoral\/#\/schema\/person\/492d3d7bfe53a8302576d39485aff2c4"},"inLanguage":"pt-BR","potentialAction":[{"@type":"ReadAction","target":["https:\/\/unisale.com.br\/novo\/romaria-a-aparecida-esta-com-inscricoes-abertas-ate-o-dia-15-de-setembro\/"]}]},{"@type":"ImageObject","inLanguage":"pt-BR","@id":"https:\/\/unisale.com.br\/novo\/romaria-a-aparecida-esta-com-inscricoes-abertas-ate-o-dia-15-de-setembro\/#primaryimage","url":"https:\/\/unisale.com.br\/pastoral\/wp-content\/uploads\/2023\/08\/FEED-768x768-1.png","contentUrl":"https:\/\/unisale.com.br\/pastoral\/wp-content\/uploads\/2023\/08\/FEED-768x768-1.png","width":500,"height":500},{"@type":"WebSite","@id":"https:\/\/unisale.com.br\/pastoral\/#website","url":"https:\/\/unisale.com.br\/pastoral\/","name":"Pastoral Universit\u00e1ria UniSALESIANO","description":"Site da Pastoral Universit\u00e1ria do UniSALESIANO","potentialAction":[{"@type":"SearchAction","target":{"@type":"EntryPoint","urlTemplate":"https:\/\/unisale.com.br\/pastoral\/?s={search_term_string}"},"query-input":{"@type":"PropertyValueSpecification","valueRequired":true,"valueName":"search_term_string"}}],"inLanguage":"pt-BR"},{"@type":"Person","@id":"https:\/\/unisale.com.br\/pastoral\/#\/schema\/person\/492d3d7bfe53a8302576d39485aff2c4","name":"Luiz Alexandre Marinho Lanzoni","url":"https:\/\/unisale.com.br\/pastoral\/author\/luiz\/"}]}},"_links":{"self":[{"href":"https:\/\/unisale.com.br\/pastoral\/wp-json\/wp\/v2\/posts\/6799","targetHints":{"allow":["GET"]}}],"collection":[{"href":"https:\/\/unisale.com.br\/pastoral\/wp-json\/wp\/v2\/posts"}],"about":[{"href":"https:\/\/unisale.com.br\/pastoral\/wp-json\/wp\/v2\/types\/post"}],"author":[{"embeddable":true,"href":"https:\/\/unisale.com.br\/pastoral\/wp-json\/wp\/v2\/users\/6"}],"replies":[{"embeddable":true,"href":"https:\/\/unisale.com.br\/pastoral\/wp-json\/wp\/v2\/comments?post=6799"}],"version-history":[{"count":0,"href":"https:\/\/unisale.com.br\/pastoral\/wp-json\/wp\/v2\/posts\/6799\/revisions"}],"wp:featuredmedia":[{"embeddable":true,"href":"https:\/\/unisale.com.br\/pastoral\/wp-json\/wp\/v2\/media\/6806"}],"wp:attachment":[{"href":"https:\/\/unisale.com.br\/pastoral\/wp-json\/wp\/v2\/media?parent=6799"}],"wp:term":[{"taxonomy":"category","embeddable":true,"href":"https:\/\/unisale.com.br\/pastoral\/wp-json\/wp\/v2\/categories?post=6799"},{"taxonomy":"post_tag","embeddable":true,"href":"https:\/\/unisale.com.br\/pastoral\/wp-json\/wp\/v2\/tags?post=6799"}],"curies":[{"name":"wp","href":"https:\/\/api.w.org\/{rel}","templated":true}]}}