{"id":6807,"date":"2023-08-15T18:11:16","date_gmt":"2023-08-15T18:11:16","guid":{"rendered":"https:\/\/unisale.com.br\/pastoral\/?p=6807"},"modified":"2023-08-15T18:11:16","modified_gmt":"2023-08-15T18:11:16","slug":"imagem-de-dom-bosco-peregrina-setores-do-unisalesiano-no-mes-festivo-de-agosto","status":"publish","type":"post","link":"https:\/\/unisale.com.br\/pastoral\/imagem-de-dom-bosco-peregrina-setores-do-unisalesiano-no-mes-festivo-de-agosto\/","title":{"rendered":"Imagem de Dom Bosco peregrina setores do UniSALESIANO no m\u00eas festivo de agosto"},"content":{"rendered":"<p>Nascimento de S\u00e3o Jo\u00e3o Bosco, o fundador dos Salesianos, \u00e9 comemorado dia 16 de agosto.<\/p>\n<p>&nbsp;<\/p>\n<p>A atmosfera festiva toma conta do UniSALESIANO de Ara\u00e7atuba neste m\u00eas de agosto, marcante n\u00e3o somente por ser um m\u00eas vocacional, mas tamb\u00e9m porque \u00e9 comemorado o\u00a0<strong>nascimento de S\u00e3o Jo\u00e3o Bosco, o fundador dos Salesianos<\/strong>, cujo dia \u00e9 16 de agosto. Em honra a essa data significativa, a\u00a0<strong>Pastoral Universit\u00e1ria<\/strong>\u00a0preparou uma s\u00e9rie de a\u00e7\u00f5es religiosas destinadas a acad\u00eamicos, colaboradores e \u00e0 comunidade em geral.<\/p>\n<p>Dentre elas, est\u00e1 a peregrina\u00e7\u00e3o da imagem de Dom Bosco que, durante todo o m\u00eas, visitar\u00e1 os setores da Institui\u00e7\u00e3o e tamb\u00e9m da UNA (Universidade Aberta da Melhor Idade), localizada no Centro de Ara\u00e7atuba.<\/p>\n<p>Este itiner\u00e1rio simb\u00f3lico n\u00e3o apenas celebra a mem\u00f3ria de S\u00e3o Jo\u00e3o Bosco, mas tamb\u00e9m visa a envolver toda a comunidade acad\u00eamica e administrativa. O<strong>\u00a0Pr\u00f3-Reitor de Pastoral, Pe. Paulo Eduardo J\u00e1como, SDB<\/strong>, explicou que, em todas as visitas da imagem, uma pequena cerim\u00f4nia \u00e9 realizada, tendo como foco a import\u00e2ncia do legado deixado por Dom Bosco. Uma urna acompanha a imagem, oferecendo aos colaboradores a oportunidade de depositar pedidos e inten\u00e7\u00f5es pessoais.<\/p>\n<p>\u201cO legado de S\u00e3o Jo\u00e3o Bosco continua a inspirar gera\u00e7\u00f5es, demonstrando que os valores religiosos e educacionais podem convergir de maneira significativa no cen\u00e1rio universit\u00e1rio\u201d, disse.<\/p>\n<p>A a\u00e7\u00e3o \u00e9 realizada pelo Pe. Paulo, pelos agentes de Pastoral: Jo\u00e3o Paulo Galdino, Leosino Eduardo Sousa e Luiz Alexandre Lanzoni e pelo estagi\u00e1rio Luan Carlos Pires. Segundo eles, a decis\u00e3o de levar a imagem de Dom Bosco para os diferentes departamentos do UniSALESIANO foi motivada pelo desejo celebrar e recordar os valores e o carisma educacional que Dom Bosco representa.<\/p>\n<p>Eles explicaram que, ao trazer sua imagem para os departamentos, a Pastoral busca inspirar os colaboradores a incorporar esses princ\u00edpios em seu trabalho di\u00e1rio e a se esfor\u00e7ar para promover uma educa\u00e7\u00e3o de qualidade gerando um ambiente alegre e formativo.<\/p>\n<p>A visita da imagem de Dom Bosco sempre \u00e9 recebida com entusiasmo pelos colaboradores. Eles demonstram profundo respeito pelos valores representados por Dom Bosco, como empatia e dedica\u00e7\u00e3o \u00e0 educa\u00e7\u00e3o. Tamb\u00e9m fortalece o senso da fraternidade e da unidade entre eles, refor\u00e7ando o compromisso compartilhado de formar cidad\u00e3os \u00e9ticos e respons\u00e1veis.<\/p>\n<p>&nbsp;<\/p>\n<p>&nbsp;<\/p>\n<p><img fetchpriority=\"high\" decoding=\"async\" class=\"alignnone wp-image-6808 size-large\" src=\"https:\/\/unisale.com.br\/pastoral\/wp-content\/uploads\/2023\/08\/WhatsApp-Image-2023-08-08-at-10.56.03-1-1024x576.jpeg\" alt=\"\" width=\"1024\" height=\"576\" srcset=\"https:\/\/unisale.com.br\/pastoral\/wp-content\/uploads\/2023\/08\/WhatsApp-Image-2023-08-08-at-10.56.03-1-1024x576.jpeg 1024w, https:\/\/unisale.com.br\/pastoral\/wp-content\/uploads\/2023\/08\/WhatsApp-Image-2023-08-08-at-10.56.03-1-300x169.jpeg 300w, https:\/\/unisale.com.br\/pastoral\/wp-content\/uploads\/2023\/08\/WhatsApp-Image-2023-08-08-at-10.56.03-1-768x432.jpeg 768w, https:\/\/unisale.com.br\/pastoral\/wp-content\/uploads\/2023\/08\/WhatsApp-Image-2023-08-08-at-10.56.03-1-1536x864.jpeg 1536w, https:\/\/unisale.com.br\/pastoral\/wp-content\/uploads\/2023\/08\/WhatsApp-Image-2023-08-08-at-10.56.03-1.jpeg 889w\" sizes=\"(max-width: 1024px) 100vw, 1024px\" \/><\/p>\n<p><img decoding=\"async\" class=\"alignnone wp-image-6809 size-large\" src=\"https:\/\/unisale.com.br\/pastoral\/wp-content\/uploads\/2023\/08\/WhatsApp-Image-2023-08-08-at-10.55.38-1024x461.jpeg\" alt=\"\" width=\"1024\" height=\"461\" srcset=\"https:\/\/unisale.com.br\/pastoral\/wp-content\/uploads\/2023\/08\/WhatsApp-Image-2023-08-08-at-10.55.38-1024x461.jpeg 1024w, https:\/\/unisale.com.br\/pastoral\/wp-content\/uploads\/2023\/08\/WhatsApp-Image-2023-08-08-at-10.55.38-300x135.jpeg 300w, https:\/\/unisale.com.br\/pastoral\/wp-content\/uploads\/2023\/08\/WhatsApp-Image-2023-08-08-at-10.55.38-768x346.jpeg 768w, https:\/\/unisale.com.br\/pastoral\/wp-content\/uploads\/2023\/08\/WhatsApp-Image-2023-08-08-at-10.55.38-1536x691.jpeg 1536w, https:\/\/unisale.com.br\/pastoral\/wp-content\/uploads\/2023\/08\/WhatsApp-Image-2023-08-08-at-10.55.38.jpeg 1000w\" sizes=\"(max-width: 1024px) 100vw, 1024px\" \/><\/p>\n","protected":false},"excerpt":{"rendered":"<p>Nascimento de S\u00e3o Jo\u00e3o Bosco, o fundador dos Salesianos, \u00e9 comemorado dia 16 de agosto. &nbsp; A atmosfera festiva toma conta do UniSALESIANO de Ara\u00e7atuba&#8230;<\/p>\n","protected":false},"author":6,"featured_media":6810,"comment_status":"closed","ping_status":"closed","sticky":false,"template":"","format":"standard","meta":{"_acf_changed":false,"footnotes":""},"categories":[3],"tags":[],"class_list":["post-6807","post","type-post","status-publish","format-standard","has-post-thumbnail","hentry","category-not"],"acf":[],"yoast_head":"<!-- This site is optimized with the Yoast SEO plugin v27.3 - https:\/\/yoast.com\/product\/yoast-seo-wordpress\/ -->\n<title>Imagem de Dom Bosco peregrina setores do UniSALESIANO no m\u00eas festivo de agosto - Pastoral Universit\u00e1ria UniSALESIANO<\/title>\n<meta name=\"robots\" content=\"index, follow, max-snippet:-1, max-image-preview:large, max-video-preview:-1\" \/>\n<link rel=\"canonical\" href=\"https:\/\/unisale.com.br\/novo\/imagem-de-dom-bosco-peregrina-setores-do-unisalesiano-no-mes-festivo-de-agosto\/\" \/>\n<meta property=\"og:locale\" content=\"pt_BR\" \/>\n<meta property=\"og:type\" content=\"article\" \/>\n<meta property=\"og:title\" content=\"Imagem de Dom Bosco peregrina setores do UniSALESIANO no m\u00eas festivo de agosto - Pastoral Universit\u00e1ria UniSALESIANO\" \/>\n<meta property=\"og:description\" content=\"Nascimento de S\u00e3o Jo\u00e3o Bosco, o fundador dos Salesianos, \u00e9 comemorado dia 16 de agosto. &nbsp; A atmosfera festiva toma conta do UniSALESIANO de Ara\u00e7atuba...\" \/>\n<meta property=\"og:url\" content=\"https:\/\/unisale.com.br\/novo\/imagem-de-dom-bosco-peregrina-setores-do-unisalesiano-no-mes-festivo-de-agosto\/\" \/>\n<meta property=\"og:site_name\" content=\"Pastoral Universit\u00e1ria UniSALESIANO\" \/>\n<meta property=\"article:published_time\" content=\"2023-08-15T18:11:16+00:00\" \/>\n<meta property=\"og:image\" content=\"https:\/\/unisale.com.br\/novo\/wp-content\/uploads\/2023\/08\/WhatsApp-Image-2023-08-08-at-10.56.03-768x433-1.jpeg\" \/>\n\t<meta property=\"og:image:width\" content=\"768\" \/>\n\t<meta property=\"og:image:height\" content=\"433\" \/>\n\t<meta property=\"og:image:type\" content=\"image\/jpeg\" \/>\n<meta name=\"author\" content=\"Luiz Alexandre Marinho Lanzoni\" \/>\n<meta name=\"twitter:card\" content=\"summary_large_image\" \/>\n<meta name=\"twitter:label1\" content=\"Escrito por\" \/>\n\t<meta name=\"twitter:data1\" content=\"Luiz Alexandre Marinho Lanzoni\" \/>\n\t<meta name=\"twitter:label2\" content=\"Est. tempo de leitura\" \/>\n\t<meta name=\"twitter:data2\" content=\"3 minutos\" \/>\n<script type=\"application\/ld+json\" class=\"yoast-schema-graph\">{\"@context\":\"https:\\\/\\\/schema.org\",\"@graph\":[{\"@type\":\"Article\",\"@id\":\"https:\\\/\\\/unisale.com.br\\\/novo\\\/imagem-de-dom-bosco-peregrina-setores-do-unisalesiano-no-mes-festivo-de-agosto\\\/#article\",\"isPartOf\":{\"@id\":\"https:\\\/\\\/unisale.com.br\\\/novo\\\/imagem-de-dom-bosco-peregrina-setores-do-unisalesiano-no-mes-festivo-de-agosto\\\/\"},\"author\":{\"name\":\"Luiz Alexandre Marinho Lanzoni\",\"@id\":\"https:\\\/\\\/unisale.com.br\\\/pastoral\\\/#\\\/schema\\\/person\\\/492d3d7bfe53a8302576d39485aff2c4\"},\"headline\":\"Imagem de Dom Bosco peregrina setores do UniSALESIANO no m\u00eas festivo de agosto\",\"datePublished\":\"2023-08-15T18:11:16+00:00\",\"mainEntityOfPage\":{\"@id\":\"https:\\\/\\\/unisale.com.br\\\/novo\\\/imagem-de-dom-bosco-peregrina-setores-do-unisalesiano-no-mes-festivo-de-agosto\\\/\"},\"wordCount\":422,\"image\":{\"@id\":\"https:\\\/\\\/unisale.com.br\\\/novo\\\/imagem-de-dom-bosco-peregrina-setores-do-unisalesiano-no-mes-festivo-de-agosto\\\/#primaryimage\"},\"thumbnailUrl\":\"https:\\\/\\\/unisale.com.br\\\/pastoral\\\/wp-content\\\/uploads\\\/2023\\\/08\\\/WhatsApp-Image-2023-08-08-at-10.56.03-768x433-1.jpeg\",\"articleSection\":[\"Not\u00edcias\"],\"inLanguage\":\"pt-BR\"},{\"@type\":\"WebPage\",\"@id\":\"https:\\\/\\\/unisale.com.br\\\/novo\\\/imagem-de-dom-bosco-peregrina-setores-do-unisalesiano-no-mes-festivo-de-agosto\\\/\",\"url\":\"https:\\\/\\\/unisale.com.br\\\/novo\\\/imagem-de-dom-bosco-peregrina-setores-do-unisalesiano-no-mes-festivo-de-agosto\\\/\",\"name\":\"Imagem de Dom Bosco peregrina setores do UniSALESIANO no m\u00eas festivo de agosto - Pastoral Universit\u00e1ria UniSALESIANO\",\"isPartOf\":{\"@id\":\"https:\\\/\\\/unisale.com.br\\\/pastoral\\\/#website\"},\"primaryImageOfPage\":{\"@id\":\"https:\\\/\\\/unisale.com.br\\\/novo\\\/imagem-de-dom-bosco-peregrina-setores-do-unisalesiano-no-mes-festivo-de-agosto\\\/#primaryimage\"},\"image\":{\"@id\":\"https:\\\/\\\/unisale.com.br\\\/novo\\\/imagem-de-dom-bosco-peregrina-setores-do-unisalesiano-no-mes-festivo-de-agosto\\\/#primaryimage\"},\"thumbnailUrl\":\"https:\\\/\\\/unisale.com.br\\\/pastoral\\\/wp-content\\\/uploads\\\/2023\\\/08\\\/WhatsApp-Image-2023-08-08-at-10.56.03-768x433-1.jpeg\",\"datePublished\":\"2023-08-15T18:11:16+00:00\",\"author\":{\"@id\":\"https:\\\/\\\/unisale.com.br\\\/pastoral\\\/#\\\/schema\\\/person\\\/492d3d7bfe53a8302576d39485aff2c4\"},\"inLanguage\":\"pt-BR\",\"potentialAction\":[{\"@type\":\"ReadAction\",\"target\":[\"https:\\\/\\\/unisale.com.br\\\/novo\\\/imagem-de-dom-bosco-peregrina-setores-do-unisalesiano-no-mes-festivo-de-agosto\\\/\"]}]},{\"@type\":\"ImageObject\",\"inLanguage\":\"pt-BR\",\"@id\":\"https:\\\/\\\/unisale.com.br\\\/novo\\\/imagem-de-dom-bosco-peregrina-setores-do-unisalesiano-no-mes-festivo-de-agosto\\\/#primaryimage\",\"url\":\"https:\\\/\\\/unisale.com.br\\\/pastoral\\\/wp-content\\\/uploads\\\/2023\\\/08\\\/WhatsApp-Image-2023-08-08-at-10.56.03-768x433-1.jpeg\",\"contentUrl\":\"https:\\\/\\\/unisale.com.br\\\/pastoral\\\/wp-content\\\/uploads\\\/2023\\\/08\\\/WhatsApp-Image-2023-08-08-at-10.56.03-768x433-1.jpeg\",\"width\":768,\"height\":433},{\"@type\":\"WebSite\",\"@id\":\"https:\\\/\\\/unisale.com.br\\\/pastoral\\\/#website\",\"url\":\"https:\\\/\\\/unisale.com.br\\\/pastoral\\\/\",\"name\":\"Pastoral Universit\u00e1ria UniSALESIANO\",\"description\":\"Site da Pastoral Universit\u00e1ria do UniSALESIANO\",\"potentialAction\":[{\"@type\":\"SearchAction\",\"target\":{\"@type\":\"EntryPoint\",\"urlTemplate\":\"https:\\\/\\\/unisale.com.br\\\/pastoral\\\/?s={search_term_string}\"},\"query-input\":{\"@type\":\"PropertyValueSpecification\",\"valueRequired\":true,\"valueName\":\"search_term_string\"}}],\"inLanguage\":\"pt-BR\"},{\"@type\":\"Person\",\"@id\":\"https:\\\/\\\/unisale.com.br\\\/pastoral\\\/#\\\/schema\\\/person\\\/492d3d7bfe53a8302576d39485aff2c4\",\"name\":\"Luiz Alexandre Marinho Lanzoni\",\"url\":\"https:\\\/\\\/unisale.com.br\\\/pastoral\\\/author\\\/luiz\\\/\"}]}<\/script>\n<!-- \/ Yoast SEO plugin. -->","yoast_head_json":{"title":"Imagem de Dom Bosco peregrina setores do UniSALESIANO no m\u00eas festivo de agosto - Pastoral Universit\u00e1ria UniSALESIANO","robots":{"index":"index","follow":"follow","max-snippet":"max-snippet:-1","max-image-preview":"max-image-preview:large","max-video-preview":"max-video-preview:-1"},"canonical":"https:\/\/unisale.com.br\/novo\/imagem-de-dom-bosco-peregrina-setores-do-unisalesiano-no-mes-festivo-de-agosto\/","og_locale":"pt_BR","og_type":"article","og_title":"Imagem de Dom Bosco peregrina setores do UniSALESIANO no m\u00eas festivo de agosto - Pastoral Universit\u00e1ria UniSALESIANO","og_description":"Nascimento de S\u00e3o Jo\u00e3o Bosco, o fundador dos Salesianos, \u00e9 comemorado dia 16 de agosto. &nbsp; A atmosfera festiva toma conta do UniSALESIANO de Ara\u00e7atuba...","og_url":"https:\/\/unisale.com.br\/novo\/imagem-de-dom-bosco-peregrina-setores-do-unisalesiano-no-mes-festivo-de-agosto\/","og_site_name":"Pastoral Universit\u00e1ria UniSALESIANO","article_published_time":"2023-08-15T18:11:16+00:00","og_image":[{"width":768,"height":433,"url":"https:\/\/unisale.com.br\/novo\/wp-content\/uploads\/2023\/08\/WhatsApp-Image-2023-08-08-at-10.56.03-768x433-1.jpeg","type":"image\/jpeg"}],"author":"Luiz Alexandre Marinho Lanzoni","twitter_card":"summary_large_image","twitter_misc":{"Escrito por":"Luiz Alexandre Marinho Lanzoni","Est. tempo de leitura":"3 minutos"},"schema":{"@context":"https:\/\/schema.org","@graph":[{"@type":"Article","@id":"https:\/\/unisale.com.br\/novo\/imagem-de-dom-bosco-peregrina-setores-do-unisalesiano-no-mes-festivo-de-agosto\/#article","isPartOf":{"@id":"https:\/\/unisale.com.br\/novo\/imagem-de-dom-bosco-peregrina-setores-do-unisalesiano-no-mes-festivo-de-agosto\/"},"author":{"name":"Luiz Alexandre Marinho Lanzoni","@id":"https:\/\/unisale.com.br\/pastoral\/#\/schema\/person\/492d3d7bfe53a8302576d39485aff2c4"},"headline":"Imagem de Dom Bosco peregrina setores do UniSALESIANO no m\u00eas festivo de agosto","datePublished":"2023-08-15T18:11:16+00:00","mainEntityOfPage":{"@id":"https:\/\/unisale.com.br\/novo\/imagem-de-dom-bosco-peregrina-setores-do-unisalesiano-no-mes-festivo-de-agosto\/"},"wordCount":422,"image":{"@id":"https:\/\/unisale.com.br\/novo\/imagem-de-dom-bosco-peregrina-setores-do-unisalesiano-no-mes-festivo-de-agosto\/#primaryimage"},"thumbnailUrl":"https:\/\/unisale.com.br\/pastoral\/wp-content\/uploads\/2023\/08\/WhatsApp-Image-2023-08-08-at-10.56.03-768x433-1.jpeg","articleSection":["Not\u00edcias"],"inLanguage":"pt-BR"},{"@type":"WebPage","@id":"https:\/\/unisale.com.br\/novo\/imagem-de-dom-bosco-peregrina-setores-do-unisalesiano-no-mes-festivo-de-agosto\/","url":"https:\/\/unisale.com.br\/novo\/imagem-de-dom-bosco-peregrina-setores-do-unisalesiano-no-mes-festivo-de-agosto\/","name":"Imagem de Dom Bosco peregrina setores do UniSALESIANO no m\u00eas festivo de agosto - Pastoral Universit\u00e1ria UniSALESIANO","isPartOf":{"@id":"https:\/\/unisale.com.br\/pastoral\/#website"},"primaryImageOfPage":{"@id":"https:\/\/unisale.com.br\/novo\/imagem-de-dom-bosco-peregrina-setores-do-unisalesiano-no-mes-festivo-de-agosto\/#primaryimage"},"image":{"@id":"https:\/\/unisale.com.br\/novo\/imagem-de-dom-bosco-peregrina-setores-do-unisalesiano-no-mes-festivo-de-agosto\/#primaryimage"},"thumbnailUrl":"https:\/\/unisale.com.br\/pastoral\/wp-content\/uploads\/2023\/08\/WhatsApp-Image-2023-08-08-at-10.56.03-768x433-1.jpeg","datePublished":"2023-08-15T18:11:16+00:00","author":{"@id":"https:\/\/unisale.com.br\/pastoral\/#\/schema\/person\/492d3d7bfe53a8302576d39485aff2c4"},"inLanguage":"pt-BR","potentialAction":[{"@type":"ReadAction","target":["https:\/\/unisale.com.br\/novo\/imagem-de-dom-bosco-peregrina-setores-do-unisalesiano-no-mes-festivo-de-agosto\/"]}]},{"@type":"ImageObject","inLanguage":"pt-BR","@id":"https:\/\/unisale.com.br\/novo\/imagem-de-dom-bosco-peregrina-setores-do-unisalesiano-no-mes-festivo-de-agosto\/#primaryimage","url":"https:\/\/unisale.com.br\/pastoral\/wp-content\/uploads\/2023\/08\/WhatsApp-Image-2023-08-08-at-10.56.03-768x433-1.jpeg","contentUrl":"https:\/\/unisale.com.br\/pastoral\/wp-content\/uploads\/2023\/08\/WhatsApp-Image-2023-08-08-at-10.56.03-768x433-1.jpeg","width":768,"height":433},{"@type":"WebSite","@id":"https:\/\/unisale.com.br\/pastoral\/#website","url":"https:\/\/unisale.com.br\/pastoral\/","name":"Pastoral Universit\u00e1ria UniSALESIANO","description":"Site da Pastoral Universit\u00e1ria do UniSALESIANO","potentialAction":[{"@type":"SearchAction","target":{"@type":"EntryPoint","urlTemplate":"https:\/\/unisale.com.br\/pastoral\/?s={search_term_string}"},"query-input":{"@type":"PropertyValueSpecification","valueRequired":true,"valueName":"search_term_string"}}],"inLanguage":"pt-BR"},{"@type":"Person","@id":"https:\/\/unisale.com.br\/pastoral\/#\/schema\/person\/492d3d7bfe53a8302576d39485aff2c4","name":"Luiz Alexandre Marinho Lanzoni","url":"https:\/\/unisale.com.br\/pastoral\/author\/luiz\/"}]}},"_links":{"self":[{"href":"https:\/\/unisale.com.br\/pastoral\/wp-json\/wp\/v2\/posts\/6807","targetHints":{"allow":["GET"]}}],"collection":[{"href":"https:\/\/unisale.com.br\/pastoral\/wp-json\/wp\/v2\/posts"}],"about":[{"href":"https:\/\/unisale.com.br\/pastoral\/wp-json\/wp\/v2\/types\/post"}],"author":[{"embeddable":true,"href":"https:\/\/unisale.com.br\/pastoral\/wp-json\/wp\/v2\/users\/6"}],"replies":[{"embeddable":true,"href":"https:\/\/unisale.com.br\/pastoral\/wp-json\/wp\/v2\/comments?post=6807"}],"version-history":[{"count":0,"href":"https:\/\/unisale.com.br\/pastoral\/wp-json\/wp\/v2\/posts\/6807\/revisions"}],"wp:featuredmedia":[{"embeddable":true,"href":"https:\/\/unisale.com.br\/pastoral\/wp-json\/wp\/v2\/media\/6810"}],"wp:attachment":[{"href":"https:\/\/unisale.com.br\/pastoral\/wp-json\/wp\/v2\/media?parent=6807"}],"wp:term":[{"taxonomy":"category","embeddable":true,"href":"https:\/\/unisale.com.br\/pastoral\/wp-json\/wp\/v2\/categories?post=6807"},{"taxonomy":"post_tag","embeddable":true,"href":"https:\/\/unisale.com.br\/pastoral\/wp-json\/wp\/v2\/tags?post=6807"}],"curies":[{"name":"wp","href":"https:\/\/api.w.org\/{rel}","templated":true}]}}