{"id":6842,"date":"2023-08-16T18:26:54","date_gmt":"2023-08-16T18:26:54","guid":{"rendered":"https:\/\/unisale.com.br\/pastoral\/?p=6842"},"modified":"2023-08-16T18:26:54","modified_gmt":"2023-08-16T18:26:54","slug":"comunidade-academica-comemora-nascimento-de-dom-bosco-com-missas-reflexivas","status":"publish","type":"post","link":"https:\/\/unisale.com.br\/pastoral\/comunidade-academica-comemora-nascimento-de-dom-bosco-com-missas-reflexivas\/","title":{"rendered":"Comunidade acad\u00eamica comemora nascimento de Dom Bosco com missas reflexivas"},"content":{"rendered":"<h3>Todos foram convidados a enxergar o amor de maneira mais profunda e transformadora<\/h3>\n<p>&nbsp;<\/p>\n<p>O\u00a0<strong>nascimento de Dom Bosco<\/strong>, fundador dos salesianos, foi comemorado com duas missas no UniSALESIANO, realizadas na noite do dia 14 e na manh\u00e3 do dia 15 de agosto, no audit\u00f3rio Papa Francisco.<\/p>\n<p>Dom Bosco, cujo nome completo \u00e9\u00a0<strong>S\u00e3o Jo\u00e3o Bosco<\/strong>, nasceu em 16 de agosto de 1815, em Becchi, perto de Castelnuovo d\u2019Asti, no Piemonte, It\u00e1lia. Ele \u00e9 conhecido por seu trabalho dedicado \u00e0 educa\u00e7\u00e3o e forma\u00e7\u00e3o de jovens em situa\u00e7\u00e3o de vulnerabilidade.<\/p>\n<p>Na noite do dia 14 de agosto, o\u00a0<strong>Diretor-Geral do UniSALESIANO Ara\u00e7atuba, Pe. Erondi Tamandar\u00e9, SDB<\/strong>, compartilhou durante a celebra\u00e7\u00e3o uma perspectiva \u00fanica sobre o amor, destacando como ele transcende as no\u00e7\u00f5es convencionais.<\/p>\n<p>Pe. Erondi ressaltou que o amor, na Sagrada Escritura, \u00e9 sin\u00f4nimo de caridade, sendo um sentimento exigente que se transforma em a\u00e7\u00e3o. \u201cO amor \u00e9 mais profundo e transformador\u201d, comparou.<\/p>\n<p>No dia 15 de agosto, pela manh\u00e3,\u00a0<strong>o Pr\u00f3-Reitor de Pastoral, Pe. Paulo Eduardo J\u00e1como, SDB,\u00a0<\/strong>trouxe reflex\u00f5es sobre a forma como a pessoa busca merecer e oferecer amor. Ele destacou que o amor de Deus vai al\u00e9m desses conceitos, pois \u00e9 gratuito e se manifesta independentemente dos m\u00e9ritos.<\/p>\n<p>Os padres tamb\u00e9m abordaram a import\u00e2ncia de amar e ser amado. Eles destacaram como, muitas vezes, as pessoas enfrentam desafios para amar as pessoas ao seu redor, e tamb\u00e9m para aceitar o amor daqueles que as cercam. Ressaltaram que o amor de Deus age como mediador, sempre chamando e guiando, independentemente das dificuldades que s\u00e3o poss\u00edveis de serem enfrentadas.<\/p>\n<p>O Padre Erondi compartilhou palavras de incentivo aos jovens, lembrando-os de que a sa\u00fade espiritual \u00e9 crucial, especialmente em uma sociedade onde a sa\u00fade mental \u00e9 valorizada. \u201cO amor de Deus traz descanso e conforto, algo essencial em um mundo onde muitos recorrem a medica\u00e7\u00f5es para encontrar al\u00edvio\u201d, completou.<\/p>\n<p><strong>REFLEX\u00c3O<\/strong><\/p>\n<p>Em suma, as missas em comemora\u00e7\u00e3o ao nascimento de S\u00e3o Jo\u00e3o Bosco no UniSALESIANO foram momentos de profunda reflex\u00e3o sobre o amor, a a\u00e7\u00e3o divina e a import\u00e2ncia de cuidar da sa\u00fade espiritual. As palavras dos padres Erondi e Paulo incentivaram a comunidade a enxergar o amor de uma maneira mais profunda e transformadora, lembrando a todos que o chamado e o amor de Deus s\u00e3o sempre presentes, independentemente das circunst\u00e2ncias.<\/p>\n<p>Ao final das celebra\u00e7\u00f5es, os acad\u00eamicos receberam uma medalhinha de Dom Bosco. A medalha \u00e9 frequentemente usada por pessoas que desejam invocar sua intercess\u00e3o para obter prote\u00e7\u00e3o e orienta\u00e7\u00e3o, especialmente em rela\u00e7\u00e3o a quest\u00f5es relacionadas \u00e0 juventude e \u00e0 educa\u00e7\u00e3o.<\/p>\n<p>&nbsp;<\/p>\n<p>&nbsp;<\/p>\n\n\t\t<style type=\"text\/css\">\n\t\t\t#gallery-1 {\n\t\t\t\tmargin: auto;\n\t\t\t}\n\t\t\t#gallery-1 .gallery-item {\n\t\t\t\tfloat: left;\n\t\t\t\tmargin-top: 10px;\n\t\t\t\ttext-align: center;\n\t\t\t\twidth: 33%;\n\t\t\t}\n\t\t\t#gallery-1 img {\n\t\t\t\tborder: 2px solid #cfcfcf;\n\t\t\t}\n\t\t\t#gallery-1 .gallery-caption {\n\t\t\t\tmargin-left: 0;\n\t\t\t}\n\t\t\t\/* see gallery_shortcode() in wp-includes\/media.php *\/\n\t\t<\/style>\n\t\t<div id='gallery-1' class='gallery galleryid-6842 gallery-columns-3 gallery-size-medium'><dl class='gallery-item'>\n\t\t\t<dt class='gallery-icon landscape'>\n\t\t\t\t<a href='https:\/\/unisale.com.br\/pastoral\/comunidade-academica-comemora-nascimento-de-dom-bosco-com-missas-reflexivas\/img_1481-768x512-2\/'><img fetchpriority=\"high\" decoding=\"async\" width=\"300\" height=\"200\" src=\"https:\/\/unisale.com.br\/pastoral\/wp-content\/uploads\/2023\/08\/IMG_1481-768x512-2-300x200.jpg\" class=\"attachment-medium size-medium\" alt=\"\" srcset=\"https:\/\/unisale.com.br\/pastoral\/wp-content\/uploads\/2023\/08\/IMG_1481-768x512-2-300x200.jpg 300w, https:\/\/unisale.com.br\/pastoral\/wp-content\/uploads\/2023\/08\/IMG_1481-768x512-2.jpg 750w\" sizes=\"(max-width: 300px) 100vw, 300px\" \/><\/a>\n\t\t\t<\/dt><\/dl><dl class='gallery-item'>\n\t\t\t<dt class='gallery-icon landscape'>\n\t\t\t\t<a href='https:\/\/unisale.com.br\/pastoral\/comunidade-academica-comemora-nascimento-de-dom-bosco-com-missas-reflexivas\/img_1479-1024x683\/'><img decoding=\"async\" width=\"300\" height=\"200\" src=\"https:\/\/unisale.com.br\/pastoral\/wp-content\/uploads\/2023\/08\/IMG_1479-1024x683-1-300x200.jpg\" class=\"attachment-medium size-medium\" alt=\"\" srcset=\"https:\/\/unisale.com.br\/pastoral\/wp-content\/uploads\/2023\/08\/IMG_1479-1024x683-1-300x200.jpg 300w, https:\/\/unisale.com.br\/pastoral\/wp-content\/uploads\/2023\/08\/IMG_1479-1024x683-1-768x512.jpg 768w, https:\/\/unisale.com.br\/pastoral\/wp-content\/uploads\/2023\/08\/IMG_1479-1024x683-1.jpg 750w\" sizes=\"(max-width: 300px) 100vw, 300px\" \/><\/a>\n\t\t\t<\/dt><\/dl><dl class='gallery-item'>\n\t\t\t<dt class='gallery-icon landscape'>\n\t\t\t\t<a href='https:\/\/unisale.com.br\/pastoral\/comunidade-academica-comemora-nascimento-de-dom-bosco-com-missas-reflexivas\/img_1472-1024x683\/'><img decoding=\"async\" width=\"300\" height=\"200\" src=\"https:\/\/unisale.com.br\/pastoral\/wp-content\/uploads\/2023\/08\/IMG_1472-1024x683-1-300x200.jpg\" class=\"attachment-medium size-medium\" alt=\"\" srcset=\"https:\/\/unisale.com.br\/pastoral\/wp-content\/uploads\/2023\/08\/IMG_1472-1024x683-1-300x200.jpg 300w, https:\/\/unisale.com.br\/pastoral\/wp-content\/uploads\/2023\/08\/IMG_1472-1024x683-1-768x512.jpg 768w, https:\/\/unisale.com.br\/pastoral\/wp-content\/uploads\/2023\/08\/IMG_1472-1024x683-1.jpg 750w\" sizes=\"(max-width: 300px) 100vw, 300px\" \/><\/a>\n\t\t\t<\/dt><\/dl><br style=\"clear: both\" \/><dl class='gallery-item'>\n\t\t\t<dt class='gallery-icon landscape'>\n\t\t\t\t<a href='https:\/\/unisale.com.br\/pastoral\/comunidade-academica-comemora-nascimento-de-dom-bosco-com-missas-reflexivas\/img_1467-1024x683\/'><img loading=\"lazy\" decoding=\"async\" width=\"300\" height=\"200\" src=\"https:\/\/unisale.com.br\/pastoral\/wp-content\/uploads\/2023\/08\/IMG_1467-1024x683-1-300x200.jpg\" class=\"attachment-medium size-medium\" alt=\"\" srcset=\"https:\/\/unisale.com.br\/pastoral\/wp-content\/uploads\/2023\/08\/IMG_1467-1024x683-1-300x200.jpg 300w, https:\/\/unisale.com.br\/pastoral\/wp-content\/uploads\/2023\/08\/IMG_1467-1024x683-1-768x512.jpg 768w, https:\/\/unisale.com.br\/pastoral\/wp-content\/uploads\/2023\/08\/IMG_1467-1024x683-1.jpg 750w\" sizes=\"(max-width: 300px) 100vw, 300px\" \/><\/a>\n\t\t\t<\/dt><\/dl><dl class='gallery-item'>\n\t\t\t<dt class='gallery-icon landscape'>\n\t\t\t\t<a href='https:\/\/unisale.com.br\/pastoral\/comunidade-academica-comemora-nascimento-de-dom-bosco-com-missas-reflexivas\/img_1450-1024x683\/'><img loading=\"lazy\" decoding=\"async\" width=\"300\" height=\"200\" src=\"https:\/\/unisale.com.br\/pastoral\/wp-content\/uploads\/2023\/08\/IMG_1450-1024x683-1-300x200.jpg\" class=\"attachment-medium size-medium\" alt=\"\" srcset=\"https:\/\/unisale.com.br\/pastoral\/wp-content\/uploads\/2023\/08\/IMG_1450-1024x683-1-300x200.jpg 300w, https:\/\/unisale.com.br\/pastoral\/wp-content\/uploads\/2023\/08\/IMG_1450-1024x683-1-768x512.jpg 768w, https:\/\/unisale.com.br\/pastoral\/wp-content\/uploads\/2023\/08\/IMG_1450-1024x683-1.jpg 750w\" sizes=\"(max-width: 300px) 100vw, 300px\" \/><\/a>\n\t\t\t<\/dt><\/dl><dl class='gallery-item'>\n\t\t\t<dt class='gallery-icon landscape'>\n\t\t\t\t<a href='https:\/\/unisale.com.br\/pastoral\/comunidade-academica-comemora-nascimento-de-dom-bosco-com-missas-reflexivas\/attachment\/6857\/'><img loading=\"lazy\" decoding=\"async\" width=\"300\" height=\"200\" src=\"https:\/\/unisale.com.br\/pastoral\/wp-content\/uploads\/2023\/08\/unnamed-file-300x200.jpg\" class=\"attachment-medium size-medium\" alt=\"\" srcset=\"https:\/\/unisale.com.br\/pastoral\/wp-content\/uploads\/2023\/08\/unnamed-file-300x200.jpg 300w, https:\/\/unisale.com.br\/pastoral\/wp-content\/uploads\/2023\/08\/unnamed-file-768x512.jpg 768w, https:\/\/unisale.com.br\/pastoral\/wp-content\/uploads\/2023\/08\/unnamed-file.jpg 750w\" sizes=\"(max-width: 300px) 100vw, 300px\" \/><\/a>\n\t\t\t<\/dt><\/dl><br style=\"clear: both\" \/><dl class='gallery-item'>\n\t\t\t<dt class='gallery-icon landscape'>\n\t\t\t\t<a href='https:\/\/unisale.com.br\/pastoral\/comunidade-academica-comemora-nascimento-de-dom-bosco-com-missas-reflexivas\/img_1691-1024x683\/'><img loading=\"lazy\" decoding=\"async\" width=\"300\" height=\"200\" src=\"https:\/\/unisale.com.br\/pastoral\/wp-content\/uploads\/2023\/08\/IMG_1691-1024x683-1-300x200.jpg\" class=\"attachment-medium size-medium\" alt=\"\" srcset=\"https:\/\/unisale.com.br\/pastoral\/wp-content\/uploads\/2023\/08\/IMG_1691-1024x683-1-300x200.jpg 300w, https:\/\/unisale.com.br\/pastoral\/wp-content\/uploads\/2023\/08\/IMG_1691-1024x683-1-768x512.jpg 768w, https:\/\/unisale.com.br\/pastoral\/wp-content\/uploads\/2023\/08\/IMG_1691-1024x683-1.jpg 750w\" sizes=\"(max-width: 300px) 100vw, 300px\" \/><\/a>\n\t\t\t<\/dt><\/dl><dl class='gallery-item'>\n\t\t\t<dt class='gallery-icon landscape'>\n\t\t\t\t<a href='https:\/\/unisale.com.br\/pastoral\/comunidade-academica-comemora-nascimento-de-dom-bosco-com-missas-reflexivas\/img_1647-1024x683\/'><img loading=\"lazy\" decoding=\"async\" width=\"300\" height=\"200\" src=\"https:\/\/unisale.com.br\/pastoral\/wp-content\/uploads\/2023\/08\/IMG_1647-1024x683-1-300x200.jpg\" class=\"attachment-medium size-medium\" alt=\"\" srcset=\"https:\/\/unisale.com.br\/pastoral\/wp-content\/uploads\/2023\/08\/IMG_1647-1024x683-1-300x200.jpg 300w, https:\/\/unisale.com.br\/pastoral\/wp-content\/uploads\/2023\/08\/IMG_1647-1024x683-1-768x512.jpg 768w, https:\/\/unisale.com.br\/pastoral\/wp-content\/uploads\/2023\/08\/IMG_1647-1024x683-1.jpg 750w\" sizes=\"(max-width: 300px) 100vw, 300px\" \/><\/a>\n\t\t\t<\/dt><\/dl><dl class='gallery-item'>\n\t\t\t<dt class='gallery-icon landscape'>\n\t\t\t\t<a href='https:\/\/unisale.com.br\/pastoral\/comunidade-academica-comemora-nascimento-de-dom-bosco-com-missas-reflexivas\/img_1643-1024x683\/'><img loading=\"lazy\" decoding=\"async\" width=\"300\" height=\"200\" src=\"https:\/\/unisale.com.br\/pastoral\/wp-content\/uploads\/2023\/08\/IMG_1643-1024x683-1-300x200.jpg\" class=\"attachment-medium size-medium\" alt=\"\" srcset=\"https:\/\/unisale.com.br\/pastoral\/wp-content\/uploads\/2023\/08\/IMG_1643-1024x683-1-300x200.jpg 300w, https:\/\/unisale.com.br\/pastoral\/wp-content\/uploads\/2023\/08\/IMG_1643-1024x683-1-768x512.jpg 768w, https:\/\/unisale.com.br\/pastoral\/wp-content\/uploads\/2023\/08\/IMG_1643-1024x683-1.jpg 750w\" sizes=\"(max-width: 300px) 100vw, 300px\" \/><\/a>\n\t\t\t<\/dt><\/dl><br style=\"clear: both\" \/><dl class='gallery-item'>\n\t\t\t<dt class='gallery-icon landscape'>\n\t\t\t\t<a href='https:\/\/unisale.com.br\/pastoral\/comunidade-academica-comemora-nascimento-de-dom-bosco-com-missas-reflexivas\/img_1639-1024x683\/'><img loading=\"lazy\" decoding=\"async\" width=\"300\" height=\"200\" src=\"https:\/\/unisale.com.br\/pastoral\/wp-content\/uploads\/2023\/08\/IMG_1639-1024x683-1-300x200.jpg\" class=\"attachment-medium size-medium\" alt=\"\" srcset=\"https:\/\/unisale.com.br\/pastoral\/wp-content\/uploads\/2023\/08\/IMG_1639-1024x683-1-300x200.jpg 300w, https:\/\/unisale.com.br\/pastoral\/wp-content\/uploads\/2023\/08\/IMG_1639-1024x683-1-768x512.jpg 768w, https:\/\/unisale.com.br\/pastoral\/wp-content\/uploads\/2023\/08\/IMG_1639-1024x683-1.jpg 750w\" sizes=\"(max-width: 300px) 100vw, 300px\" \/><\/a>\n\t\t\t<\/dt><\/dl><dl class='gallery-item'>\n\t\t\t<dt class='gallery-icon landscape'>\n\t\t\t\t<a href='https:\/\/unisale.com.br\/pastoral\/comunidade-academica-comemora-nascimento-de-dom-bosco-com-missas-reflexivas\/img_1632-1024x683\/'><img loading=\"lazy\" decoding=\"async\" width=\"300\" height=\"200\" src=\"https:\/\/unisale.com.br\/pastoral\/wp-content\/uploads\/2023\/08\/IMG_1632-1024x683-1-300x200.jpg\" class=\"attachment-medium size-medium\" alt=\"\" srcset=\"https:\/\/unisale.com.br\/pastoral\/wp-content\/uploads\/2023\/08\/IMG_1632-1024x683-1-300x200.jpg 300w, https:\/\/unisale.com.br\/pastoral\/wp-content\/uploads\/2023\/08\/IMG_1632-1024x683-1-768x512.jpg 768w, https:\/\/unisale.com.br\/pastoral\/wp-content\/uploads\/2023\/08\/IMG_1632-1024x683-1.jpg 750w\" sizes=\"(max-width: 300px) 100vw, 300px\" \/><\/a>\n\t\t\t<\/dt><\/dl><dl class='gallery-item'>\n\t\t\t<dt class='gallery-icon landscape'>\n\t\t\t\t<a href='https:\/\/unisale.com.br\/pastoral\/comunidade-academica-comemora-nascimento-de-dom-bosco-com-missas-reflexivas\/img_1627-1024x683\/'><img loading=\"lazy\" decoding=\"async\" width=\"300\" height=\"200\" src=\"https:\/\/unisale.com.br\/pastoral\/wp-content\/uploads\/2023\/08\/IMG_1627-1024x683-1-300x200.jpg\" class=\"attachment-medium size-medium\" alt=\"\" srcset=\"https:\/\/unisale.com.br\/pastoral\/wp-content\/uploads\/2023\/08\/IMG_1627-1024x683-1-300x200.jpg 300w, https:\/\/unisale.com.br\/pastoral\/wp-content\/uploads\/2023\/08\/IMG_1627-1024x683-1-768x512.jpg 768w, https:\/\/unisale.com.br\/pastoral\/wp-content\/uploads\/2023\/08\/IMG_1627-1024x683-1.jpg 750w\" sizes=\"(max-width: 300px) 100vw, 300px\" \/><\/a>\n\t\t\t<\/dt><\/dl><br style=\"clear: both\" \/><dl class='gallery-item'>\n\t\t\t<dt class='gallery-icon landscape'>\n\t\t\t\t<a href='https:\/\/unisale.com.br\/pastoral\/comunidade-academica-comemora-nascimento-de-dom-bosco-com-missas-reflexivas\/img_1617-1024x683\/'><img loading=\"lazy\" decoding=\"async\" width=\"300\" height=\"200\" src=\"https:\/\/unisale.com.br\/pastoral\/wp-content\/uploads\/2023\/08\/IMG_1617-1024x683-1-300x200.jpg\" class=\"attachment-medium size-medium\" alt=\"\" srcset=\"https:\/\/unisale.com.br\/pastoral\/wp-content\/uploads\/2023\/08\/IMG_1617-1024x683-1-300x200.jpg 300w, https:\/\/unisale.com.br\/pastoral\/wp-content\/uploads\/2023\/08\/IMG_1617-1024x683-1-768x512.jpg 768w, https:\/\/unisale.com.br\/pastoral\/wp-content\/uploads\/2023\/08\/IMG_1617-1024x683-1.jpg 750w\" sizes=\"(max-width: 300px) 100vw, 300px\" \/><\/a>\n\t\t\t<\/dt><\/dl><dl class='gallery-item'>\n\t\t\t<dt class='gallery-icon landscape'>\n\t\t\t\t<a href='https:\/\/unisale.com.br\/pastoral\/comunidade-academica-comemora-nascimento-de-dom-bosco-com-missas-reflexivas\/img_1597-1024x683\/'><img loading=\"lazy\" decoding=\"async\" width=\"300\" height=\"200\" src=\"https:\/\/unisale.com.br\/pastoral\/wp-content\/uploads\/2023\/08\/IMG_1597-1024x683-1-300x200.jpg\" class=\"attachment-medium size-medium\" alt=\"\" srcset=\"https:\/\/unisale.com.br\/pastoral\/wp-content\/uploads\/2023\/08\/IMG_1597-1024x683-1-300x200.jpg 300w, https:\/\/unisale.com.br\/pastoral\/wp-content\/uploads\/2023\/08\/IMG_1597-1024x683-1-768x512.jpg 768w, https:\/\/unisale.com.br\/pastoral\/wp-content\/uploads\/2023\/08\/IMG_1597-1024x683-1.jpg 750w\" sizes=\"(max-width: 300px) 100vw, 300px\" \/><\/a>\n\t\t\t<\/dt><\/dl><dl class='gallery-item'>\n\t\t\t<dt class='gallery-icon landscape'>\n\t\t\t\t<a href='https:\/\/unisale.com.br\/pastoral\/comunidade-academica-comemora-nascimento-de-dom-bosco-com-missas-reflexivas\/img_1509-1024x683\/'><img loading=\"lazy\" decoding=\"async\" width=\"300\" height=\"200\" src=\"https:\/\/unisale.com.br\/pastoral\/wp-content\/uploads\/2023\/08\/IMG_1509-1024x683-1-300x200.jpg\" class=\"attachment-medium size-medium\" alt=\"\" srcset=\"https:\/\/unisale.com.br\/pastoral\/wp-content\/uploads\/2023\/08\/IMG_1509-1024x683-1-300x200.jpg 300w, https:\/\/unisale.com.br\/pastoral\/wp-content\/uploads\/2023\/08\/IMG_1509-1024x683-1-768x512.jpg 768w, https:\/\/unisale.com.br\/pastoral\/wp-content\/uploads\/2023\/08\/IMG_1509-1024x683-1.jpg 750w\" sizes=\"(max-width: 300px) 100vw, 300px\" \/><\/a>\n\t\t\t<\/dt><\/dl><br style=\"clear: both\" \/><dl class='gallery-item'>\n\t\t\t<dt class='gallery-icon landscape'>\n\t\t\t\t<a href='https:\/\/unisale.com.br\/pastoral\/comunidade-academica-comemora-nascimento-de-dom-bosco-com-missas-reflexivas\/img_1494-1024x683\/'><img loading=\"lazy\" decoding=\"async\" width=\"300\" height=\"200\" src=\"https:\/\/unisale.com.br\/pastoral\/wp-content\/uploads\/2023\/08\/IMG_1494-1024x683-1-300x200.jpg\" class=\"attachment-medium size-medium\" alt=\"\" srcset=\"https:\/\/unisale.com.br\/pastoral\/wp-content\/uploads\/2023\/08\/IMG_1494-1024x683-1-300x200.jpg 300w, https:\/\/unisale.com.br\/pastoral\/wp-content\/uploads\/2023\/08\/IMG_1494-1024x683-1-768x512.jpg 768w, https:\/\/unisale.com.br\/pastoral\/wp-content\/uploads\/2023\/08\/IMG_1494-1024x683-1.jpg 750w\" sizes=\"(max-width: 300px) 100vw, 300px\" \/><\/a>\n\t\t\t<\/dt><\/dl><dl class='gallery-item'>\n\t\t\t<dt class='gallery-icon landscape'>\n\t\t\t\t<a href='https:\/\/unisale.com.br\/pastoral\/comunidade-academica-comemora-nascimento-de-dom-bosco-com-missas-reflexivas\/img_1486-1024x683\/'><img loading=\"lazy\" decoding=\"async\" width=\"300\" height=\"200\" src=\"https:\/\/unisale.com.br\/pastoral\/wp-content\/uploads\/2023\/08\/IMG_1486-1024x683-1-300x200.jpg\" class=\"attachment-medium size-medium\" alt=\"\" srcset=\"https:\/\/unisale.com.br\/pastoral\/wp-content\/uploads\/2023\/08\/IMG_1486-1024x683-1-300x200.jpg 300w, https:\/\/unisale.com.br\/pastoral\/wp-content\/uploads\/2023\/08\/IMG_1486-1024x683-1-768x512.jpg 768w, https:\/\/unisale.com.br\/pastoral\/wp-content\/uploads\/2023\/08\/IMG_1486-1024x683-1.jpg 750w\" sizes=\"(max-width: 300px) 100vw, 300px\" \/><\/a>\n\t\t\t<\/dt><\/dl><dl class='gallery-item'>\n\t\t\t<dt class='gallery-icon landscape'>\n\t\t\t\t<a href='https:\/\/unisale.com.br\/pastoral\/comunidade-academica-comemora-nascimento-de-dom-bosco-com-missas-reflexivas\/img_1484-1024x683\/'><img loading=\"lazy\" decoding=\"async\" width=\"300\" height=\"200\" src=\"https:\/\/unisale.com.br\/pastoral\/wp-content\/uploads\/2023\/08\/IMG_1484-1024x683-1-300x200.jpg\" class=\"attachment-medium size-medium\" alt=\"\" srcset=\"https:\/\/unisale.com.br\/pastoral\/wp-content\/uploads\/2023\/08\/IMG_1484-1024x683-1-300x200.jpg 300w, https:\/\/unisale.com.br\/pastoral\/wp-content\/uploads\/2023\/08\/IMG_1484-1024x683-1-768x512.jpg 768w, https:\/\/unisale.com.br\/pastoral\/wp-content\/uploads\/2023\/08\/IMG_1484-1024x683-1.jpg 750w\" sizes=\"(max-width: 300px) 100vw, 300px\" \/><\/a>\n\t\t\t<\/dt><\/dl><br style=\"clear: both\" \/>\n\t\t<\/div>\n\n","protected":false},"excerpt":{"rendered":"<p>Todos foram convidados a enxergar o amor de maneira mais profunda e transformadora &nbsp; O\u00a0nascimento de Dom Bosco, fundador dos salesianos, foi comemorado com duas&#8230;<\/p>\n","protected":false},"author":6,"featured_media":6862,"comment_status":"closed","ping_status":"closed","sticky":false,"template":"","format":"standard","meta":{"_acf_changed":false,"footnotes":""},"categories":[3],"tags":[],"class_list":["post-6842","post","type-post","status-publish","format-standard","has-post-thumbnail","hentry","category-not"],"acf":[],"yoast_head":"<!-- This site is optimized with the Yoast SEO plugin v27.3 - https:\/\/yoast.com\/product\/yoast-seo-wordpress\/ -->\n<title>Comunidade acad\u00eamica comemora nascimento de Dom Bosco com missas reflexivas - Pastoral Universit\u00e1ria UniSALESIANO<\/title>\n<meta name=\"robots\" content=\"index, follow, max-snippet:-1, max-image-preview:large, max-video-preview:-1\" \/>\n<link rel=\"canonical\" href=\"https:\/\/unisale.com.br\/novo\/comunidade-academica-comemora-nascimento-de-dom-bosco-com-missas-reflexivas\/\" \/>\n<meta property=\"og:locale\" content=\"pt_BR\" \/>\n<meta property=\"og:type\" content=\"article\" \/>\n<meta property=\"og:title\" content=\"Comunidade acad\u00eamica comemora nascimento de Dom Bosco com missas reflexivas - Pastoral Universit\u00e1ria UniSALESIANO\" \/>\n<meta property=\"og:description\" content=\"Todos foram convidados a enxergar o amor de maneira mais profunda e transformadora &nbsp; O\u00a0nascimento de Dom Bosco, fundador dos salesianos, foi comemorado com duas...\" \/>\n<meta property=\"og:url\" content=\"https:\/\/unisale.com.br\/novo\/comunidade-academica-comemora-nascimento-de-dom-bosco-com-missas-reflexivas\/\" \/>\n<meta property=\"og:site_name\" content=\"Pastoral Universit\u00e1ria UniSALESIANO\" \/>\n<meta property=\"article:published_time\" content=\"2023-08-16T18:26:54+00:00\" \/>\n<meta property=\"og:image\" content=\"https:\/\/unisale.com.br\/novo\/wp-content\/uploads\/2023\/08\/IMG_1481-768x512-2.jpg\" \/>\n\t<meta property=\"og:image:width\" content=\"768\" \/>\n\t<meta property=\"og:image:height\" content=\"512\" \/>\n\t<meta property=\"og:image:type\" content=\"image\/jpeg\" \/>\n<meta name=\"author\" content=\"Luiz Alexandre Marinho Lanzoni\" \/>\n<meta name=\"twitter:card\" content=\"summary_large_image\" \/>\n<meta name=\"twitter:label1\" content=\"Escrito por\" \/>\n\t<meta name=\"twitter:data1\" content=\"Luiz Alexandre Marinho Lanzoni\" \/>\n\t<meta name=\"twitter:label2\" content=\"Est. tempo de leitura\" \/>\n\t<meta name=\"twitter:data2\" content=\"3 minutos\" \/>\n<script type=\"application\/ld+json\" class=\"yoast-schema-graph\">{\"@context\":\"https:\\\/\\\/schema.org\",\"@graph\":[{\"@type\":\"Article\",\"@id\":\"https:\\\/\\\/unisale.com.br\\\/novo\\\/comunidade-academica-comemora-nascimento-de-dom-bosco-com-missas-reflexivas\\\/#article\",\"isPartOf\":{\"@id\":\"https:\\\/\\\/unisale.com.br\\\/novo\\\/comunidade-academica-comemora-nascimento-de-dom-bosco-com-missas-reflexivas\\\/\"},\"author\":{\"name\":\"Luiz Alexandre Marinho Lanzoni\",\"@id\":\"https:\\\/\\\/unisale.com.br\\\/pastoral\\\/#\\\/schema\\\/person\\\/492d3d7bfe53a8302576d39485aff2c4\"},\"headline\":\"Comunidade acad\u00eamica comemora nascimento de Dom Bosco com missas reflexivas\",\"datePublished\":\"2023-08-16T18:26:54+00:00\",\"mainEntityOfPage\":{\"@id\":\"https:\\\/\\\/unisale.com.br\\\/novo\\\/comunidade-academica-comemora-nascimento-de-dom-bosco-com-missas-reflexivas\\\/\"},\"wordCount\":466,\"image\":{\"@id\":\"https:\\\/\\\/unisale.com.br\\\/novo\\\/comunidade-academica-comemora-nascimento-de-dom-bosco-com-missas-reflexivas\\\/#primaryimage\"},\"thumbnailUrl\":\"https:\\\/\\\/unisale.com.br\\\/pastoral\\\/wp-content\\\/uploads\\\/2023\\\/08\\\/IMG_1481-768x512-2.jpg\",\"articleSection\":[\"Not\u00edcias\"],\"inLanguage\":\"pt-BR\"},{\"@type\":\"WebPage\",\"@id\":\"https:\\\/\\\/unisale.com.br\\\/novo\\\/comunidade-academica-comemora-nascimento-de-dom-bosco-com-missas-reflexivas\\\/\",\"url\":\"https:\\\/\\\/unisale.com.br\\\/novo\\\/comunidade-academica-comemora-nascimento-de-dom-bosco-com-missas-reflexivas\\\/\",\"name\":\"Comunidade acad\u00eamica comemora nascimento de Dom Bosco com missas reflexivas - Pastoral Universit\u00e1ria UniSALESIANO\",\"isPartOf\":{\"@id\":\"https:\\\/\\\/unisale.com.br\\\/pastoral\\\/#website\"},\"primaryImageOfPage\":{\"@id\":\"https:\\\/\\\/unisale.com.br\\\/novo\\\/comunidade-academica-comemora-nascimento-de-dom-bosco-com-missas-reflexivas\\\/#primaryimage\"},\"image\":{\"@id\":\"https:\\\/\\\/unisale.com.br\\\/novo\\\/comunidade-academica-comemora-nascimento-de-dom-bosco-com-missas-reflexivas\\\/#primaryimage\"},\"thumbnailUrl\":\"https:\\\/\\\/unisale.com.br\\\/pastoral\\\/wp-content\\\/uploads\\\/2023\\\/08\\\/IMG_1481-768x512-2.jpg\",\"datePublished\":\"2023-08-16T18:26:54+00:00\",\"author\":{\"@id\":\"https:\\\/\\\/unisale.com.br\\\/pastoral\\\/#\\\/schema\\\/person\\\/492d3d7bfe53a8302576d39485aff2c4\"},\"inLanguage\":\"pt-BR\",\"potentialAction\":[{\"@type\":\"ReadAction\",\"target\":[\"https:\\\/\\\/unisale.com.br\\\/novo\\\/comunidade-academica-comemora-nascimento-de-dom-bosco-com-missas-reflexivas\\\/\"]}]},{\"@type\":\"ImageObject\",\"inLanguage\":\"pt-BR\",\"@id\":\"https:\\\/\\\/unisale.com.br\\\/novo\\\/comunidade-academica-comemora-nascimento-de-dom-bosco-com-missas-reflexivas\\\/#primaryimage\",\"url\":\"https:\\\/\\\/unisale.com.br\\\/pastoral\\\/wp-content\\\/uploads\\\/2023\\\/08\\\/IMG_1481-768x512-2.jpg\",\"contentUrl\":\"https:\\\/\\\/unisale.com.br\\\/pastoral\\\/wp-content\\\/uploads\\\/2023\\\/08\\\/IMG_1481-768x512-2.jpg\",\"width\":750,\"height\":500},{\"@type\":\"WebSite\",\"@id\":\"https:\\\/\\\/unisale.com.br\\\/pastoral\\\/#website\",\"url\":\"https:\\\/\\\/unisale.com.br\\\/pastoral\\\/\",\"name\":\"Pastoral Universit\u00e1ria UniSALESIANO\",\"description\":\"Site da Pastoral Universit\u00e1ria do UniSALESIANO\",\"potentialAction\":[{\"@type\":\"SearchAction\",\"target\":{\"@type\":\"EntryPoint\",\"urlTemplate\":\"https:\\\/\\\/unisale.com.br\\\/pastoral\\\/?s={search_term_string}\"},\"query-input\":{\"@type\":\"PropertyValueSpecification\",\"valueRequired\":true,\"valueName\":\"search_term_string\"}}],\"inLanguage\":\"pt-BR\"},{\"@type\":\"Person\",\"@id\":\"https:\\\/\\\/unisale.com.br\\\/pastoral\\\/#\\\/schema\\\/person\\\/492d3d7bfe53a8302576d39485aff2c4\",\"name\":\"Luiz Alexandre Marinho Lanzoni\",\"url\":\"https:\\\/\\\/unisale.com.br\\\/pastoral\\\/author\\\/luiz\\\/\"}]}<\/script>\n<!-- \/ Yoast SEO plugin. -->","yoast_head_json":{"title":"Comunidade acad\u00eamica comemora nascimento de Dom Bosco com missas reflexivas - Pastoral Universit\u00e1ria UniSALESIANO","robots":{"index":"index","follow":"follow","max-snippet":"max-snippet:-1","max-image-preview":"max-image-preview:large","max-video-preview":"max-video-preview:-1"},"canonical":"https:\/\/unisale.com.br\/novo\/comunidade-academica-comemora-nascimento-de-dom-bosco-com-missas-reflexivas\/","og_locale":"pt_BR","og_type":"article","og_title":"Comunidade acad\u00eamica comemora nascimento de Dom Bosco com missas reflexivas - Pastoral Universit\u00e1ria UniSALESIANO","og_description":"Todos foram convidados a enxergar o amor de maneira mais profunda e transformadora &nbsp; O\u00a0nascimento de Dom Bosco, fundador dos salesianos, foi comemorado com duas...","og_url":"https:\/\/unisale.com.br\/novo\/comunidade-academica-comemora-nascimento-de-dom-bosco-com-missas-reflexivas\/","og_site_name":"Pastoral Universit\u00e1ria UniSALESIANO","article_published_time":"2023-08-16T18:26:54+00:00","og_image":[{"width":768,"height":512,"url":"https:\/\/unisale.com.br\/novo\/wp-content\/uploads\/2023\/08\/IMG_1481-768x512-2.jpg","type":"image\/jpeg"}],"author":"Luiz Alexandre Marinho Lanzoni","twitter_card":"summary_large_image","twitter_misc":{"Escrito por":"Luiz Alexandre Marinho Lanzoni","Est. tempo de leitura":"3 minutos"},"schema":{"@context":"https:\/\/schema.org","@graph":[{"@type":"Article","@id":"https:\/\/unisale.com.br\/novo\/comunidade-academica-comemora-nascimento-de-dom-bosco-com-missas-reflexivas\/#article","isPartOf":{"@id":"https:\/\/unisale.com.br\/novo\/comunidade-academica-comemora-nascimento-de-dom-bosco-com-missas-reflexivas\/"},"author":{"name":"Luiz Alexandre Marinho Lanzoni","@id":"https:\/\/unisale.com.br\/pastoral\/#\/schema\/person\/492d3d7bfe53a8302576d39485aff2c4"},"headline":"Comunidade acad\u00eamica comemora nascimento de Dom Bosco com missas reflexivas","datePublished":"2023-08-16T18:26:54+00:00","mainEntityOfPage":{"@id":"https:\/\/unisale.com.br\/novo\/comunidade-academica-comemora-nascimento-de-dom-bosco-com-missas-reflexivas\/"},"wordCount":466,"image":{"@id":"https:\/\/unisale.com.br\/novo\/comunidade-academica-comemora-nascimento-de-dom-bosco-com-missas-reflexivas\/#primaryimage"},"thumbnailUrl":"https:\/\/unisale.com.br\/pastoral\/wp-content\/uploads\/2023\/08\/IMG_1481-768x512-2.jpg","articleSection":["Not\u00edcias"],"inLanguage":"pt-BR"},{"@type":"WebPage","@id":"https:\/\/unisale.com.br\/novo\/comunidade-academica-comemora-nascimento-de-dom-bosco-com-missas-reflexivas\/","url":"https:\/\/unisale.com.br\/novo\/comunidade-academica-comemora-nascimento-de-dom-bosco-com-missas-reflexivas\/","name":"Comunidade acad\u00eamica comemora nascimento de Dom Bosco com missas reflexivas - Pastoral Universit\u00e1ria UniSALESIANO","isPartOf":{"@id":"https:\/\/unisale.com.br\/pastoral\/#website"},"primaryImageOfPage":{"@id":"https:\/\/unisale.com.br\/novo\/comunidade-academica-comemora-nascimento-de-dom-bosco-com-missas-reflexivas\/#primaryimage"},"image":{"@id":"https:\/\/unisale.com.br\/novo\/comunidade-academica-comemora-nascimento-de-dom-bosco-com-missas-reflexivas\/#primaryimage"},"thumbnailUrl":"https:\/\/unisale.com.br\/pastoral\/wp-content\/uploads\/2023\/08\/IMG_1481-768x512-2.jpg","datePublished":"2023-08-16T18:26:54+00:00","author":{"@id":"https:\/\/unisale.com.br\/pastoral\/#\/schema\/person\/492d3d7bfe53a8302576d39485aff2c4"},"inLanguage":"pt-BR","potentialAction":[{"@type":"ReadAction","target":["https:\/\/unisale.com.br\/novo\/comunidade-academica-comemora-nascimento-de-dom-bosco-com-missas-reflexivas\/"]}]},{"@type":"ImageObject","inLanguage":"pt-BR","@id":"https:\/\/unisale.com.br\/novo\/comunidade-academica-comemora-nascimento-de-dom-bosco-com-missas-reflexivas\/#primaryimage","url":"https:\/\/unisale.com.br\/pastoral\/wp-content\/uploads\/2023\/08\/IMG_1481-768x512-2.jpg","contentUrl":"https:\/\/unisale.com.br\/pastoral\/wp-content\/uploads\/2023\/08\/IMG_1481-768x512-2.jpg","width":750,"height":500},{"@type":"WebSite","@id":"https:\/\/unisale.com.br\/pastoral\/#website","url":"https:\/\/unisale.com.br\/pastoral\/","name":"Pastoral Universit\u00e1ria UniSALESIANO","description":"Site da Pastoral Universit\u00e1ria do UniSALESIANO","potentialAction":[{"@type":"SearchAction","target":{"@type":"EntryPoint","urlTemplate":"https:\/\/unisale.com.br\/pastoral\/?s={search_term_string}"},"query-input":{"@type":"PropertyValueSpecification","valueRequired":true,"valueName":"search_term_string"}}],"inLanguage":"pt-BR"},{"@type":"Person","@id":"https:\/\/unisale.com.br\/pastoral\/#\/schema\/person\/492d3d7bfe53a8302576d39485aff2c4","name":"Luiz Alexandre Marinho Lanzoni","url":"https:\/\/unisale.com.br\/pastoral\/author\/luiz\/"}]}},"_links":{"self":[{"href":"https:\/\/unisale.com.br\/pastoral\/wp-json\/wp\/v2\/posts\/6842","targetHints":{"allow":["GET"]}}],"collection":[{"href":"https:\/\/unisale.com.br\/pastoral\/wp-json\/wp\/v2\/posts"}],"about":[{"href":"https:\/\/unisale.com.br\/pastoral\/wp-json\/wp\/v2\/types\/post"}],"author":[{"embeddable":true,"href":"https:\/\/unisale.com.br\/pastoral\/wp-json\/wp\/v2\/users\/6"}],"replies":[{"embeddable":true,"href":"https:\/\/unisale.com.br\/pastoral\/wp-json\/wp\/v2\/comments?post=6842"}],"version-history":[{"count":0,"href":"https:\/\/unisale.com.br\/pastoral\/wp-json\/wp\/v2\/posts\/6842\/revisions"}],"wp:featuredmedia":[{"embeddable":true,"href":"https:\/\/unisale.com.br\/pastoral\/wp-json\/wp\/v2\/media\/6862"}],"wp:attachment":[{"href":"https:\/\/unisale.com.br\/pastoral\/wp-json\/wp\/v2\/media?parent=6842"}],"wp:term":[{"taxonomy":"category","embeddable":true,"href":"https:\/\/unisale.com.br\/pastoral\/wp-json\/wp\/v2\/categories?post=6842"},{"taxonomy":"post_tag","embeddable":true,"href":"https:\/\/unisale.com.br\/pastoral\/wp-json\/wp\/v2\/tags?post=6842"}],"curies":[{"name":"wp","href":"https:\/\/api.w.org\/{rel}","templated":true}]}}