{"id":6904,"date":"2023-08-31T16:51:36","date_gmt":"2023-08-31T16:51:36","guid":{"rendered":"https:\/\/unisale.com.br\/pastoral\/?p=6904"},"modified":"2023-08-31T16:51:36","modified_gmt":"2023-08-31T16:51:36","slug":"unisalesiano-institui-o-dia-s-para-formar-colaboradores-em-salesianidade","status":"publish","type":"post","link":"https:\/\/unisale.com.br\/pastoral\/unisalesiano-institui-o-dia-s-para-formar-colaboradores-em-salesianidade\/","title":{"rendered":"UniSALESIANO institui o \u201cDia S\u201d para formar colaboradores em salesianidade"},"content":{"rendered":"<h3>A forma\u00e7\u00e3o ser\u00e1 realizada mensalmente, sempre na \u00faltima sexta-feira do m\u00eas<\/h3>\n<p>&nbsp;<\/p>\n<p>O UniSALESIANO deu in\u00edcio ao\u00a0<strong>\u201cDia S\u201d,<\/strong>\u00a0evento que tem por objetivo formar seus colaboradores em salesianidade. O primeiro encontro foi realizado no dia 25 de agosto, na capela do Centro de Conviv\u00eancia do campus de Ara\u00e7atuba, pela Pastoral Universit\u00e1ria. No mesmo instante, foi realizado no UniSALESIANO de Lins, tamb\u00e9m pela Pastoral Universit\u00e1ria.<\/p>\n<p>De acordo com o\u00a0<strong>Pr\u00f3-Reitor de Pastoral, Pe. Eduardo J\u00e1como, SDB<\/strong>, o intuito da forma\u00e7\u00e3o \u00e9 proporcionar aos participantes um conhecimento aprofundado sobre a identidade salesiana, a fim de que possam atuar de forma mais alinhada com os princ\u00edpios e valores de Dom Bosco.<\/p>\n<p>Segundo ele, a forma\u00e7\u00e3o ser\u00e1 realizada mensalmente, sempre na \u00faltima sexta-feira do m\u00eas. Ser\u00e3o abordados temas como a vida de Dom Bosco, o sistema educativo salesiano, a presen\u00e7a dos leigos na miss\u00e3o e a espiritualidade salesiana.<\/p>\n<p>O primeiro encontro foi ministrado pelo\u00a0<strong>Reitor do UniSALESIANO, Pe. Paulo Vendrame, SDB, e pelo Pr\u00f3-Reitor de Pastoral, Pe. Eduardo J\u00e1como, SDB<\/strong>.<\/p>\n<p>Pe. Paulo Vendrame falou sobre a import\u00e2ncia da forma\u00e7\u00e3o para os colaboradores. \u201c\u00c9 fundamental que todos que trabalham nas obras salesianas conhe\u00e7am a salesianidade\u201d, disse. \u201cEssa forma\u00e7\u00e3o ajudar\u00e1 voc\u00eas a entenderem melhor nossa miss\u00e3o e a atuarem com o jeito salesiano de ser.\u201d<\/p>\n<p>J\u00e1 Pe. Eduardo J\u00e1como destacou a vida de Dom Bosco, sua voca\u00e7\u00e3o religiosa, seu amor aos jovens e sua dedica\u00e7\u00e3o \u00e0 educa\u00e7\u00e3o.<\/p>\n<p>&nbsp;<\/p>\n<p>&nbsp;<\/p>\n\n\t\t<style type=\"text\/css\">\n\t\t\t#gallery-1 {\n\t\t\t\tmargin: auto;\n\t\t\t}\n\t\t\t#gallery-1 .gallery-item {\n\t\t\t\tfloat: left;\n\t\t\t\tmargin-top: 10px;\n\t\t\t\ttext-align: center;\n\t\t\t\twidth: 25%;\n\t\t\t}\n\t\t\t#gallery-1 img {\n\t\t\t\tborder: 2px solid #cfcfcf;\n\t\t\t}\n\t\t\t#gallery-1 .gallery-caption {\n\t\t\t\tmargin-left: 0;\n\t\t\t}\n\t\t\t\/* see gallery_shortcode() in wp-includes\/media.php *\/\n\t\t<\/style>\n\t\t<div id='gallery-1' class='gallery galleryid-6904 gallery-columns-4 gallery-size-medium'><dl class='gallery-item'>\n\t\t\t<dt class='gallery-icon landscape'>\n\t\t\t\t<a href='https:\/\/unisale.com.br\/pastoral\/wp-content\/uploads\/2023\/08\/IMG_7665-1024x683-1.jpg'><img fetchpriority=\"high\" decoding=\"async\" width=\"300\" height=\"200\" src=\"https:\/\/unisale.com.br\/pastoral\/wp-content\/uploads\/2023\/08\/IMG_7665-1024x683-1-300x200.jpg\" class=\"attachment-medium size-medium\" alt=\"\" srcset=\"https:\/\/unisale.com.br\/pastoral\/wp-content\/uploads\/2023\/08\/IMG_7665-1024x683-1-300x200.jpg 300w, https:\/\/unisale.com.br\/pastoral\/wp-content\/uploads\/2023\/08\/IMG_7665-1024x683-1-768x512.jpg 768w, https:\/\/unisale.com.br\/pastoral\/wp-content\/uploads\/2023\/08\/IMG_7665-1024x683-1.jpg 750w\" sizes=\"(max-width: 300px) 100vw, 300px\" \/><\/a>\n\t\t\t<\/dt><\/dl><dl class='gallery-item'>\n\t\t\t<dt class='gallery-icon landscape'>\n\t\t\t\t<a href='https:\/\/unisale.com.br\/pastoral\/wp-content\/uploads\/2023\/08\/IMG_7627-1024x683-1.jpg'><img decoding=\"async\" width=\"300\" height=\"200\" src=\"https:\/\/unisale.com.br\/pastoral\/wp-content\/uploads\/2023\/08\/IMG_7627-1024x683-1-300x200.jpg\" class=\"attachment-medium size-medium\" alt=\"\" srcset=\"https:\/\/unisale.com.br\/pastoral\/wp-content\/uploads\/2023\/08\/IMG_7627-1024x683-1-300x200.jpg 300w, https:\/\/unisale.com.br\/pastoral\/wp-content\/uploads\/2023\/08\/IMG_7627-1024x683-1-768x512.jpg 768w, https:\/\/unisale.com.br\/pastoral\/wp-content\/uploads\/2023\/08\/IMG_7627-1024x683-1.jpg 750w\" sizes=\"(max-width: 300px) 100vw, 300px\" \/><\/a>\n\t\t\t<\/dt><\/dl><dl class='gallery-item'>\n\t\t\t<dt class='gallery-icon landscape'>\n\t\t\t\t<a href='https:\/\/unisale.com.br\/pastoral\/wp-content\/uploads\/2023\/08\/IMG_7624-1024x683-1.jpg'><img decoding=\"async\" width=\"300\" height=\"200\" src=\"https:\/\/unisale.com.br\/pastoral\/wp-content\/uploads\/2023\/08\/IMG_7624-1024x683-1-300x200.jpg\" class=\"attachment-medium size-medium\" alt=\"\" srcset=\"https:\/\/unisale.com.br\/pastoral\/wp-content\/uploads\/2023\/08\/IMG_7624-1024x683-1-300x200.jpg 300w, https:\/\/unisale.com.br\/pastoral\/wp-content\/uploads\/2023\/08\/IMG_7624-1024x683-1-768x512.jpg 768w, https:\/\/unisale.com.br\/pastoral\/wp-content\/uploads\/2023\/08\/IMG_7624-1024x683-1.jpg 750w\" sizes=\"(max-width: 300px) 100vw, 300px\" \/><\/a>\n\t\t\t<\/dt><\/dl><dl class='gallery-item'>\n\t\t\t<dt class='gallery-icon landscape'>\n\t\t\t\t<a href='https:\/\/unisale.com.br\/pastoral\/wp-content\/uploads\/2023\/08\/IMG_7633-1024x683-1.jpg'><img loading=\"lazy\" decoding=\"async\" width=\"300\" height=\"200\" src=\"https:\/\/unisale.com.br\/pastoral\/wp-content\/uploads\/2023\/08\/IMG_7633-1024x683-1-300x200.jpg\" class=\"attachment-medium size-medium\" alt=\"\" srcset=\"https:\/\/unisale.com.br\/pastoral\/wp-content\/uploads\/2023\/08\/IMG_7633-1024x683-1-300x200.jpg 300w, https:\/\/unisale.com.br\/pastoral\/wp-content\/uploads\/2023\/08\/IMG_7633-1024x683-1-768x512.jpg 768w, https:\/\/unisale.com.br\/pastoral\/wp-content\/uploads\/2023\/08\/IMG_7633-1024x683-1.jpg 750w\" sizes=\"(max-width: 300px) 100vw, 300px\" \/><\/a>\n\t\t\t<\/dt><\/dl><br style=\"clear: both\" \/>\n\t\t<\/div>\n\n","protected":false},"excerpt":{"rendered":"<p>A forma\u00e7\u00e3o ser\u00e1 realizada mensalmente, sempre na \u00faltima sexta-feira do m\u00eas &nbsp; O UniSALESIANO deu in\u00edcio ao\u00a0\u201cDia S\u201d,\u00a0evento que tem por objetivo formar seus colaboradores&#8230;<\/p>\n","protected":false},"author":6,"featured_media":6908,"comment_status":"closed","ping_status":"closed","sticky":false,"template":"","format":"standard","meta":{"_acf_changed":false,"footnotes":""},"categories":[3],"tags":[],"class_list":["post-6904","post","type-post","status-publish","format-standard","has-post-thumbnail","hentry","category-not"],"acf":[],"yoast_head":"<!-- This site is optimized with the Yoast SEO plugin v27.3 - https:\/\/yoast.com\/product\/yoast-seo-wordpress\/ -->\n<title>UniSALESIANO institui o \u201cDia S\u201d para formar colaboradores em salesianidade - Pastoral Universit\u00e1ria UniSALESIANO<\/title>\n<meta name=\"robots\" content=\"index, follow, max-snippet:-1, max-image-preview:large, max-video-preview:-1\" \/>\n<link rel=\"canonical\" href=\"https:\/\/unisale.com.br\/novo\/unisalesiano-institui-o-dia-s-para-formar-colaboradores-em-salesianidade\/\" \/>\n<meta property=\"og:locale\" content=\"pt_BR\" \/>\n<meta property=\"og:type\" content=\"article\" \/>\n<meta property=\"og:title\" content=\"UniSALESIANO institui o \u201cDia S\u201d para formar colaboradores em salesianidade - Pastoral Universit\u00e1ria UniSALESIANO\" \/>\n<meta property=\"og:description\" content=\"A forma\u00e7\u00e3o ser\u00e1 realizada mensalmente, sempre na \u00faltima sexta-feira do m\u00eas &nbsp; O UniSALESIANO deu in\u00edcio ao\u00a0\u201cDia S\u201d,\u00a0evento que tem por objetivo formar seus colaboradores...\" \/>\n<meta property=\"og:url\" content=\"https:\/\/unisale.com.br\/novo\/unisalesiano-institui-o-dia-s-para-formar-colaboradores-em-salesianidade\/\" \/>\n<meta property=\"og:site_name\" content=\"Pastoral Universit\u00e1ria UniSALESIANO\" \/>\n<meta property=\"article:published_time\" content=\"2023-08-31T16:51:36+00:00\" \/>\n<meta property=\"og:image\" content=\"https:\/\/unisale.com.br\/novo\/wp-content\/uploads\/2023\/08\/IMG_7634-1024x683-1.jpg\" \/>\n\t<meta property=\"og:image:width\" content=\"1024\" \/>\n\t<meta property=\"og:image:height\" content=\"683\" \/>\n\t<meta property=\"og:image:type\" content=\"image\/jpeg\" \/>\n<meta name=\"author\" content=\"Luiz Alexandre Marinho Lanzoni\" \/>\n<meta name=\"twitter:card\" content=\"summary_large_image\" \/>\n<meta name=\"twitter:label1\" content=\"Escrito por\" \/>\n\t<meta name=\"twitter:data1\" content=\"Luiz Alexandre Marinho Lanzoni\" \/>\n\t<meta name=\"twitter:label2\" content=\"Est. tempo de leitura\" \/>\n\t<meta name=\"twitter:data2\" content=\"2 minutos\" \/>\n<script type=\"application\/ld+json\" class=\"yoast-schema-graph\">{\"@context\":\"https:\\\/\\\/schema.org\",\"@graph\":[{\"@type\":\"Article\",\"@id\":\"https:\\\/\\\/unisale.com.br\\\/novo\\\/unisalesiano-institui-o-dia-s-para-formar-colaboradores-em-salesianidade\\\/#article\",\"isPartOf\":{\"@id\":\"https:\\\/\\\/unisale.com.br\\\/novo\\\/unisalesiano-institui-o-dia-s-para-formar-colaboradores-em-salesianidade\\\/\"},\"author\":{\"name\":\"Luiz Alexandre Marinho Lanzoni\",\"@id\":\"https:\\\/\\\/unisale.com.br\\\/pastoral\\\/#\\\/schema\\\/person\\\/492d3d7bfe53a8302576d39485aff2c4\"},\"headline\":\"UniSALESIANO institui o \u201cDia S\u201d para formar colaboradores em salesianidade\",\"datePublished\":\"2023-08-31T16:51:36+00:00\",\"mainEntityOfPage\":{\"@id\":\"https:\\\/\\\/unisale.com.br\\\/novo\\\/unisalesiano-institui-o-dia-s-para-formar-colaboradores-em-salesianidade\\\/\"},\"wordCount\":276,\"image\":{\"@id\":\"https:\\\/\\\/unisale.com.br\\\/novo\\\/unisalesiano-institui-o-dia-s-para-formar-colaboradores-em-salesianidade\\\/#primaryimage\"},\"thumbnailUrl\":\"https:\\\/\\\/unisale.com.br\\\/pastoral\\\/wp-content\\\/uploads\\\/2023\\\/08\\\/IMG_7634-1024x683-1.jpg\",\"articleSection\":[\"Not\u00edcias\"],\"inLanguage\":\"pt-BR\"},{\"@type\":\"WebPage\",\"@id\":\"https:\\\/\\\/unisale.com.br\\\/novo\\\/unisalesiano-institui-o-dia-s-para-formar-colaboradores-em-salesianidade\\\/\",\"url\":\"https:\\\/\\\/unisale.com.br\\\/novo\\\/unisalesiano-institui-o-dia-s-para-formar-colaboradores-em-salesianidade\\\/\",\"name\":\"UniSALESIANO institui o \u201cDia S\u201d para formar colaboradores em salesianidade - Pastoral Universit\u00e1ria UniSALESIANO\",\"isPartOf\":{\"@id\":\"https:\\\/\\\/unisale.com.br\\\/pastoral\\\/#website\"},\"primaryImageOfPage\":{\"@id\":\"https:\\\/\\\/unisale.com.br\\\/novo\\\/unisalesiano-institui-o-dia-s-para-formar-colaboradores-em-salesianidade\\\/#primaryimage\"},\"image\":{\"@id\":\"https:\\\/\\\/unisale.com.br\\\/novo\\\/unisalesiano-institui-o-dia-s-para-formar-colaboradores-em-salesianidade\\\/#primaryimage\"},\"thumbnailUrl\":\"https:\\\/\\\/unisale.com.br\\\/pastoral\\\/wp-content\\\/uploads\\\/2023\\\/08\\\/IMG_7634-1024x683-1.jpg\",\"datePublished\":\"2023-08-31T16:51:36+00:00\",\"author\":{\"@id\":\"https:\\\/\\\/unisale.com.br\\\/pastoral\\\/#\\\/schema\\\/person\\\/492d3d7bfe53a8302576d39485aff2c4\"},\"inLanguage\":\"pt-BR\",\"potentialAction\":[{\"@type\":\"ReadAction\",\"target\":[\"https:\\\/\\\/unisale.com.br\\\/novo\\\/unisalesiano-institui-o-dia-s-para-formar-colaboradores-em-salesianidade\\\/\"]}]},{\"@type\":\"ImageObject\",\"inLanguage\":\"pt-BR\",\"@id\":\"https:\\\/\\\/unisale.com.br\\\/novo\\\/unisalesiano-institui-o-dia-s-para-formar-colaboradores-em-salesianidade\\\/#primaryimage\",\"url\":\"https:\\\/\\\/unisale.com.br\\\/pastoral\\\/wp-content\\\/uploads\\\/2023\\\/08\\\/IMG_7634-1024x683-1.jpg\",\"contentUrl\":\"https:\\\/\\\/unisale.com.br\\\/pastoral\\\/wp-content\\\/uploads\\\/2023\\\/08\\\/IMG_7634-1024x683-1.jpg\",\"width\":750,\"height\":500},{\"@type\":\"WebSite\",\"@id\":\"https:\\\/\\\/unisale.com.br\\\/pastoral\\\/#website\",\"url\":\"https:\\\/\\\/unisale.com.br\\\/pastoral\\\/\",\"name\":\"Pastoral Universit\u00e1ria UniSALESIANO\",\"description\":\"Site da Pastoral Universit\u00e1ria do UniSALESIANO\",\"potentialAction\":[{\"@type\":\"SearchAction\",\"target\":{\"@type\":\"EntryPoint\",\"urlTemplate\":\"https:\\\/\\\/unisale.com.br\\\/pastoral\\\/?s={search_term_string}\"},\"query-input\":{\"@type\":\"PropertyValueSpecification\",\"valueRequired\":true,\"valueName\":\"search_term_string\"}}],\"inLanguage\":\"pt-BR\"},{\"@type\":\"Person\",\"@id\":\"https:\\\/\\\/unisale.com.br\\\/pastoral\\\/#\\\/schema\\\/person\\\/492d3d7bfe53a8302576d39485aff2c4\",\"name\":\"Luiz Alexandre Marinho Lanzoni\",\"url\":\"https:\\\/\\\/unisale.com.br\\\/pastoral\\\/author\\\/luiz\\\/\"}]}<\/script>\n<!-- \/ Yoast SEO plugin. -->","yoast_head_json":{"title":"UniSALESIANO institui o \u201cDia S\u201d para formar colaboradores em salesianidade - Pastoral Universit\u00e1ria UniSALESIANO","robots":{"index":"index","follow":"follow","max-snippet":"max-snippet:-1","max-image-preview":"max-image-preview:large","max-video-preview":"max-video-preview:-1"},"canonical":"https:\/\/unisale.com.br\/novo\/unisalesiano-institui-o-dia-s-para-formar-colaboradores-em-salesianidade\/","og_locale":"pt_BR","og_type":"article","og_title":"UniSALESIANO institui o \u201cDia S\u201d para formar colaboradores em salesianidade - Pastoral Universit\u00e1ria UniSALESIANO","og_description":"A forma\u00e7\u00e3o ser\u00e1 realizada mensalmente, sempre na \u00faltima sexta-feira do m\u00eas &nbsp; O UniSALESIANO deu in\u00edcio ao\u00a0\u201cDia S\u201d,\u00a0evento que tem por objetivo formar seus colaboradores...","og_url":"https:\/\/unisale.com.br\/novo\/unisalesiano-institui-o-dia-s-para-formar-colaboradores-em-salesianidade\/","og_site_name":"Pastoral Universit\u00e1ria UniSALESIANO","article_published_time":"2023-08-31T16:51:36+00:00","og_image":[{"width":1024,"height":683,"url":"https:\/\/unisale.com.br\/novo\/wp-content\/uploads\/2023\/08\/IMG_7634-1024x683-1.jpg","type":"image\/jpeg"}],"author":"Luiz Alexandre Marinho Lanzoni","twitter_card":"summary_large_image","twitter_misc":{"Escrito por":"Luiz Alexandre Marinho Lanzoni","Est. tempo de leitura":"2 minutos"},"schema":{"@context":"https:\/\/schema.org","@graph":[{"@type":"Article","@id":"https:\/\/unisale.com.br\/novo\/unisalesiano-institui-o-dia-s-para-formar-colaboradores-em-salesianidade\/#article","isPartOf":{"@id":"https:\/\/unisale.com.br\/novo\/unisalesiano-institui-o-dia-s-para-formar-colaboradores-em-salesianidade\/"},"author":{"name":"Luiz Alexandre Marinho Lanzoni","@id":"https:\/\/unisale.com.br\/pastoral\/#\/schema\/person\/492d3d7bfe53a8302576d39485aff2c4"},"headline":"UniSALESIANO institui o \u201cDia S\u201d para formar colaboradores em salesianidade","datePublished":"2023-08-31T16:51:36+00:00","mainEntityOfPage":{"@id":"https:\/\/unisale.com.br\/novo\/unisalesiano-institui-o-dia-s-para-formar-colaboradores-em-salesianidade\/"},"wordCount":276,"image":{"@id":"https:\/\/unisale.com.br\/novo\/unisalesiano-institui-o-dia-s-para-formar-colaboradores-em-salesianidade\/#primaryimage"},"thumbnailUrl":"https:\/\/unisale.com.br\/pastoral\/wp-content\/uploads\/2023\/08\/IMG_7634-1024x683-1.jpg","articleSection":["Not\u00edcias"],"inLanguage":"pt-BR"},{"@type":"WebPage","@id":"https:\/\/unisale.com.br\/novo\/unisalesiano-institui-o-dia-s-para-formar-colaboradores-em-salesianidade\/","url":"https:\/\/unisale.com.br\/novo\/unisalesiano-institui-o-dia-s-para-formar-colaboradores-em-salesianidade\/","name":"UniSALESIANO institui o \u201cDia S\u201d para formar colaboradores em salesianidade - Pastoral Universit\u00e1ria UniSALESIANO","isPartOf":{"@id":"https:\/\/unisale.com.br\/pastoral\/#website"},"primaryImageOfPage":{"@id":"https:\/\/unisale.com.br\/novo\/unisalesiano-institui-o-dia-s-para-formar-colaboradores-em-salesianidade\/#primaryimage"},"image":{"@id":"https:\/\/unisale.com.br\/novo\/unisalesiano-institui-o-dia-s-para-formar-colaboradores-em-salesianidade\/#primaryimage"},"thumbnailUrl":"https:\/\/unisale.com.br\/pastoral\/wp-content\/uploads\/2023\/08\/IMG_7634-1024x683-1.jpg","datePublished":"2023-08-31T16:51:36+00:00","author":{"@id":"https:\/\/unisale.com.br\/pastoral\/#\/schema\/person\/492d3d7bfe53a8302576d39485aff2c4"},"inLanguage":"pt-BR","potentialAction":[{"@type":"ReadAction","target":["https:\/\/unisale.com.br\/novo\/unisalesiano-institui-o-dia-s-para-formar-colaboradores-em-salesianidade\/"]}]},{"@type":"ImageObject","inLanguage":"pt-BR","@id":"https:\/\/unisale.com.br\/novo\/unisalesiano-institui-o-dia-s-para-formar-colaboradores-em-salesianidade\/#primaryimage","url":"https:\/\/unisale.com.br\/pastoral\/wp-content\/uploads\/2023\/08\/IMG_7634-1024x683-1.jpg","contentUrl":"https:\/\/unisale.com.br\/pastoral\/wp-content\/uploads\/2023\/08\/IMG_7634-1024x683-1.jpg","width":750,"height":500},{"@type":"WebSite","@id":"https:\/\/unisale.com.br\/pastoral\/#website","url":"https:\/\/unisale.com.br\/pastoral\/","name":"Pastoral Universit\u00e1ria UniSALESIANO","description":"Site da Pastoral Universit\u00e1ria do UniSALESIANO","potentialAction":[{"@type":"SearchAction","target":{"@type":"EntryPoint","urlTemplate":"https:\/\/unisale.com.br\/pastoral\/?s={search_term_string}"},"query-input":{"@type":"PropertyValueSpecification","valueRequired":true,"valueName":"search_term_string"}}],"inLanguage":"pt-BR"},{"@type":"Person","@id":"https:\/\/unisale.com.br\/pastoral\/#\/schema\/person\/492d3d7bfe53a8302576d39485aff2c4","name":"Luiz Alexandre Marinho Lanzoni","url":"https:\/\/unisale.com.br\/pastoral\/author\/luiz\/"}]}},"_links":{"self":[{"href":"https:\/\/unisale.com.br\/pastoral\/wp-json\/wp\/v2\/posts\/6904","targetHints":{"allow":["GET"]}}],"collection":[{"href":"https:\/\/unisale.com.br\/pastoral\/wp-json\/wp\/v2\/posts"}],"about":[{"href":"https:\/\/unisale.com.br\/pastoral\/wp-json\/wp\/v2\/types\/post"}],"author":[{"embeddable":true,"href":"https:\/\/unisale.com.br\/pastoral\/wp-json\/wp\/v2\/users\/6"}],"replies":[{"embeddable":true,"href":"https:\/\/unisale.com.br\/pastoral\/wp-json\/wp\/v2\/comments?post=6904"}],"version-history":[{"count":0,"href":"https:\/\/unisale.com.br\/pastoral\/wp-json\/wp\/v2\/posts\/6904\/revisions"}],"wp:featuredmedia":[{"embeddable":true,"href":"https:\/\/unisale.com.br\/pastoral\/wp-json\/wp\/v2\/media\/6908"}],"wp:attachment":[{"href":"https:\/\/unisale.com.br\/pastoral\/wp-json\/wp\/v2\/media?parent=6904"}],"wp:term":[{"taxonomy":"category","embeddable":true,"href":"https:\/\/unisale.com.br\/pastoral\/wp-json\/wp\/v2\/categories?post=6904"},{"taxonomy":"post_tag","embeddable":true,"href":"https:\/\/unisale.com.br\/pastoral\/wp-json\/wp\/v2\/tags?post=6904"}],"curies":[{"name":"wp","href":"https:\/\/api.w.org\/{rel}","templated":true}]}}