{"id":6973,"date":"2023-05-22T11:30:10","date_gmt":"2023-05-22T11:30:10","guid":{"rendered":"https:\/\/unisale.com.br\/pastoral\/?p=6973"},"modified":"2023-05-22T11:30:10","modified_gmt":"2023-05-22T11:30:10","slug":"27-05-tu-segue-me","status":"publish","type":"post","link":"https:\/\/unisale.com.br\/pastoral\/27-05-tu-segue-me\/","title":{"rendered":"27\/05 &#8211; Tu, segue-me!"},"content":{"rendered":"<p>S\u00e1bado, 27 de maio de 2023.<\/p>\n<p>&nbsp;<\/p>\n<p>Evangelho (Jo 21,20-25)<\/p>\n<p>&nbsp;<\/p>\n<p><strong>\u201cTu, segue-me!\u201d<\/strong><\/p>\n<p>&nbsp;<\/p>\n<p>Naquele tempo, <sup>20<\/sup>Pedro virou-se e viu atr\u00e1s de si aquele outro disc\u00edpulo que Jesus amava, o mesmo que se reclinara sobre o peito de Jesus durante a ceia e lhe perguntara: \u201cSenhor, quem \u00e9 que te vai entregar?\u201d <sup>21<\/sup>Quando Pedro viu aquele disc\u00edpulo, perguntou a Jesus: \u201cSenhor, o que vai ser deste?\u201d <sup>22<\/sup>Jesus respondeu: \u201cSe eu quero que ele permane\u00e7a at\u00e9 que eu venha, que te importa isso? Tu, segue-me!\u201d <sup>23<\/sup>Ent\u00e3o, correu entre os disc\u00edpulos a not\u00edcia de que aquele disc\u00edpulo n\u00e3o morreria. Jesus n\u00e3o disse que ele n\u00e3o morreria, mas apenas: \u201cSe eu quero que ele permane\u00e7a at\u00e9 que eu venha, que te importa?\u201d <sup>24<\/sup>Este \u00e9 o disc\u00edpulo que d\u00e1 testemunho dessas coisas e que as escreveu; e sabemos que o seu testemunho \u00e9 verdadeiro. <sup>25<\/sup>Jesus fez ainda muitas outras coisas, mas, se fossem escritas todas, penso que n\u00e3o caberiam no mundo os livros que deveriam ser escritos.<\/p>\n<p>&nbsp;<\/p>\n<p><strong>Reflex\u00e3o<\/strong><\/p>\n<p>&nbsp;<\/p>\n<p>Existe algo apaixonante na pessoa de Pedro. Nele encontramos reflexos e t\u00edpicos defeitos que n\u00f3s carregamos sobre n\u00f3s, misturados, por\u00e9m, com extraordin\u00e1rios \u00edmpetos, generosos, sinceros, imediatos de cora\u00e7\u00e3o puro. No Evangelho de hoje temos um exemplo t\u00edpico, pelo menos para a primeira parte do seu personagem. Pedro apenas terminou de falar do amor e do seguimento com Jesus Ressuscitado at\u00e9 ouvir por tr\u00eas vezes \u201cApascenta as minhas ovelhas\u201d e eis que com \u201crabo de olho\u201d v\u00ea o disc\u00edpulo Jo\u00e3o que lhe segue e diz: \u201cSenhor, o que vai ser deste?\u201d. Tamb\u00e9m Pedro \u00e9 v\u00edtima daquela mania na qual parece irrenunci\u00e1vel querer ditar as regras da vida e da experi\u00eancia dos outros. Olhamos a vida do outro com o irrefre\u00e1vel instinto de colocar-se a comparar a nossa vida com a vida dos outros. \u201cJesus respondeu: \u201cSe eu quero que ele permane\u00e7a at\u00e9 que eu venha, que te importa isso? Tu, segue-me!\u201d, isto \u00e9, voc\u00ea tenha a preocupa\u00e7\u00e3o somente em me seguir e n\u00e3o a de pensar em Jo\u00e3o. Mas no fundo a B\u00edblia se abre com a inveja de Caim que olha o irm\u00e3o Abel e se convence que \u00e9 o predileto de Deus em detrimento a ele. Ser\u00e1 uma ferida do pecado original que todos n\u00f3s carregamos, incluindo Pedro. Uma ferida de inveja que se cura somente com um radical seguimento de Cristo. Somente quando nos concentramos em fazer-nos santos ent\u00e3o paramos tamb\u00e9m de preocupar-nos excessivamente com a vida dos outros. Quando melhorar\u00e3o as nossas comunidades, as nossas experi\u00eancias eclesiais, mas tamb\u00e9m os nossos lugares de trabalho, os ambientes no qual vivemos, se par\u00e1ssemos sobretudo de pensar como Pedro e v\u00edssemos ao inv\u00e9s os defeitos dos outros ou o bem que fazem como uma provoca\u00e7\u00e3o ao empenho de nos fazermos santos. Muitas vezes ao inv\u00e9s o ar polu\u00eddo dos ambientes fechados sufoca at\u00e9 a beleza das palavras que Jesus nos anunciou no Evangelho. A reprova\u00e7\u00e3o que sofreu Pedro \u00e9 um convite \u00e0 nossa convers\u00e3o.<\/p>\n<p><strong>Pe. Paulo Eduardo J\u00e1como, SDB<\/strong><\/p>\n","protected":false},"excerpt":{"rendered":"<p>S\u00e1bado, 27 de maio de 2023. &nbsp; Evangelho (Jo 21,20-25) &nbsp; \u201cTu, segue-me!\u201d &nbsp; Naquele tempo, 20Pedro virou-se e viu atr\u00e1s de si aquele outro&#8230;<\/p>\n","protected":false},"author":1,"featured_media":10407,"comment_status":"closed","ping_status":"closed","sticky":false,"template":"","format":"standard","meta":{"_acf_changed":false,"footnotes":""},"categories":[13],"tags":[],"class_list":["post-6973","post","type-post","status-publish","format-standard","has-post-thumbnail","hentry","category-reflexaodoevagelho"],"acf":[],"yoast_head":"<!-- This site is optimized with the Yoast SEO plugin v27.3 - https:\/\/yoast.com\/product\/yoast-seo-wordpress\/ -->\n<title>27\/05 - Tu, segue-me! - Pastoral Universit\u00e1ria UniSALESIANO<\/title>\n<meta name=\"robots\" content=\"index, follow, max-snippet:-1, max-image-preview:large, max-video-preview:-1\" \/>\n<link rel=\"canonical\" href=\"https:\/\/unisale.com.br\/novo\/27-05-tu-segue-me\/\" \/>\n<meta property=\"og:locale\" content=\"pt_BR\" \/>\n<meta property=\"og:type\" content=\"article\" \/>\n<meta property=\"og:title\" content=\"27\/05 - Tu, segue-me! - Pastoral Universit\u00e1ria UniSALESIANO\" \/>\n<meta property=\"og:description\" content=\"S\u00e1bado, 27 de maio de 2023. &nbsp; Evangelho (Jo 21,20-25) &nbsp; \u201cTu, segue-me!\u201d &nbsp; Naquele tempo, 20Pedro virou-se e viu atr\u00e1s de si aquele outro...\" \/>\n<meta property=\"og:url\" content=\"https:\/\/unisale.com.br\/novo\/27-05-tu-segue-me\/\" \/>\n<meta property=\"og:site_name\" content=\"Pastoral Universit\u00e1ria UniSALESIANO\" \/>\n<meta property=\"article:published_time\" content=\"2023-05-22T11:30:10+00:00\" \/>\n<meta name=\"author\" content=\"pastoral\" \/>\n<meta name=\"twitter:card\" content=\"summary_large_image\" \/>\n<meta name=\"twitter:label1\" content=\"Escrito por\" \/>\n\t<meta name=\"twitter:data1\" content=\"pastoral\" \/>\n\t<meta name=\"twitter:label2\" content=\"Est. tempo de leitura\" \/>\n\t<meta name=\"twitter:data2\" content=\"3 minutos\" \/>\n<script type=\"application\/ld+json\" class=\"yoast-schema-graph\">{\"@context\":\"https:\\\/\\\/schema.org\",\"@graph\":[{\"@type\":\"Article\",\"@id\":\"https:\\\/\\\/unisale.com.br\\\/novo\\\/27-05-tu-segue-me\\\/#article\",\"isPartOf\":{\"@id\":\"https:\\\/\\\/unisale.com.br\\\/novo\\\/27-05-tu-segue-me\\\/\"},\"author\":{\"name\":\"pastoral\",\"@id\":\"https:\\\/\\\/unisale.com.br\\\/pastoral\\\/#\\\/schema\\\/person\\\/a16ba711a0f7dec9cb6b44563144d5a3\"},\"headline\":\"27\\\/05 &#8211; Tu, segue-me!\",\"datePublished\":\"2023-05-22T11:30:10+00:00\",\"mainEntityOfPage\":{\"@id\":\"https:\\\/\\\/unisale.com.br\\\/novo\\\/27-05-tu-segue-me\\\/\"},\"wordCount\":540,\"image\":{\"@id\":\"https:\\\/\\\/unisale.com.br\\\/novo\\\/27-05-tu-segue-me\\\/#primaryimage\"},\"thumbnailUrl\":\"https:\\\/\\\/unisale.com.br\\\/pastoral\\\/wp-content\\\/uploads\\\/2023\\\/05\\\/Ev-27.jpg\",\"articleSection\":[\"Reflex\u00e3o do Evangelho\"],\"inLanguage\":\"pt-BR\"},{\"@type\":\"WebPage\",\"@id\":\"https:\\\/\\\/unisale.com.br\\\/novo\\\/27-05-tu-segue-me\\\/\",\"url\":\"https:\\\/\\\/unisale.com.br\\\/novo\\\/27-05-tu-segue-me\\\/\",\"name\":\"27\\\/05 - Tu, segue-me! - Pastoral Universit\u00e1ria UniSALESIANO\",\"isPartOf\":{\"@id\":\"https:\\\/\\\/unisale.com.br\\\/pastoral\\\/#website\"},\"primaryImageOfPage\":{\"@id\":\"https:\\\/\\\/unisale.com.br\\\/novo\\\/27-05-tu-segue-me\\\/#primaryimage\"},\"image\":{\"@id\":\"https:\\\/\\\/unisale.com.br\\\/novo\\\/27-05-tu-segue-me\\\/#primaryimage\"},\"thumbnailUrl\":\"https:\\\/\\\/unisale.com.br\\\/pastoral\\\/wp-content\\\/uploads\\\/2023\\\/05\\\/Ev-27.jpg\",\"datePublished\":\"2023-05-22T11:30:10+00:00\",\"author\":{\"@id\":\"https:\\\/\\\/unisale.com.br\\\/pastoral\\\/#\\\/schema\\\/person\\\/a16ba711a0f7dec9cb6b44563144d5a3\"},\"inLanguage\":\"pt-BR\",\"potentialAction\":[{\"@type\":\"ReadAction\",\"target\":[\"https:\\\/\\\/unisale.com.br\\\/novo\\\/27-05-tu-segue-me\\\/\"]}]},{\"@type\":\"ImageObject\",\"inLanguage\":\"pt-BR\",\"@id\":\"https:\\\/\\\/unisale.com.br\\\/novo\\\/27-05-tu-segue-me\\\/#primaryimage\",\"url\":\"https:\\\/\\\/unisale.com.br\\\/pastoral\\\/wp-content\\\/uploads\\\/2023\\\/05\\\/Ev-27.jpg\",\"contentUrl\":\"https:\\\/\\\/unisale.com.br\\\/pastoral\\\/wp-content\\\/uploads\\\/2023\\\/05\\\/Ev-27.jpg\",\"width\":300,\"height\":169},{\"@type\":\"WebSite\",\"@id\":\"https:\\\/\\\/unisale.com.br\\\/pastoral\\\/#website\",\"url\":\"https:\\\/\\\/unisale.com.br\\\/pastoral\\\/\",\"name\":\"Pastoral Universit\u00e1ria UniSALESIANO\",\"description\":\"Site da Pastoral Universit\u00e1ria do UniSALESIANO\",\"potentialAction\":[{\"@type\":\"SearchAction\",\"target\":{\"@type\":\"EntryPoint\",\"urlTemplate\":\"https:\\\/\\\/unisale.com.br\\\/pastoral\\\/?s={search_term_string}\"},\"query-input\":{\"@type\":\"PropertyValueSpecification\",\"valueRequired\":true,\"valueName\":\"search_term_string\"}}],\"inLanguage\":\"pt-BR\"},{\"@type\":\"Person\",\"@id\":\"https:\\\/\\\/unisale.com.br\\\/pastoral\\\/#\\\/schema\\\/person\\\/a16ba711a0f7dec9cb6b44563144d5a3\",\"name\":\"pastoral\",\"url\":\"https:\\\/\\\/unisale.com.br\\\/pastoral\\\/author\\\/pastoral\\\/\"}]}<\/script>\n<!-- \/ Yoast SEO plugin. -->","yoast_head_json":{"title":"27\/05 - Tu, segue-me! - Pastoral Universit\u00e1ria UniSALESIANO","robots":{"index":"index","follow":"follow","max-snippet":"max-snippet:-1","max-image-preview":"max-image-preview:large","max-video-preview":"max-video-preview:-1"},"canonical":"https:\/\/unisale.com.br\/novo\/27-05-tu-segue-me\/","og_locale":"pt_BR","og_type":"article","og_title":"27\/05 - Tu, segue-me! - Pastoral Universit\u00e1ria UniSALESIANO","og_description":"S\u00e1bado, 27 de maio de 2023. &nbsp; Evangelho (Jo 21,20-25) &nbsp; \u201cTu, segue-me!\u201d &nbsp; Naquele tempo, 20Pedro virou-se e viu atr\u00e1s de si aquele outro...","og_url":"https:\/\/unisale.com.br\/novo\/27-05-tu-segue-me\/","og_site_name":"Pastoral Universit\u00e1ria UniSALESIANO","article_published_time":"2023-05-22T11:30:10+00:00","author":"pastoral","twitter_card":"summary_large_image","twitter_misc":{"Escrito por":"pastoral","Est. tempo de leitura":"3 minutos"},"schema":{"@context":"https:\/\/schema.org","@graph":[{"@type":"Article","@id":"https:\/\/unisale.com.br\/novo\/27-05-tu-segue-me\/#article","isPartOf":{"@id":"https:\/\/unisale.com.br\/novo\/27-05-tu-segue-me\/"},"author":{"name":"pastoral","@id":"https:\/\/unisale.com.br\/pastoral\/#\/schema\/person\/a16ba711a0f7dec9cb6b44563144d5a3"},"headline":"27\/05 &#8211; Tu, segue-me!","datePublished":"2023-05-22T11:30:10+00:00","mainEntityOfPage":{"@id":"https:\/\/unisale.com.br\/novo\/27-05-tu-segue-me\/"},"wordCount":540,"image":{"@id":"https:\/\/unisale.com.br\/novo\/27-05-tu-segue-me\/#primaryimage"},"thumbnailUrl":"https:\/\/unisale.com.br\/pastoral\/wp-content\/uploads\/2023\/05\/Ev-27.jpg","articleSection":["Reflex\u00e3o do Evangelho"],"inLanguage":"pt-BR"},{"@type":"WebPage","@id":"https:\/\/unisale.com.br\/novo\/27-05-tu-segue-me\/","url":"https:\/\/unisale.com.br\/novo\/27-05-tu-segue-me\/","name":"27\/05 - Tu, segue-me! - Pastoral Universit\u00e1ria UniSALESIANO","isPartOf":{"@id":"https:\/\/unisale.com.br\/pastoral\/#website"},"primaryImageOfPage":{"@id":"https:\/\/unisale.com.br\/novo\/27-05-tu-segue-me\/#primaryimage"},"image":{"@id":"https:\/\/unisale.com.br\/novo\/27-05-tu-segue-me\/#primaryimage"},"thumbnailUrl":"https:\/\/unisale.com.br\/pastoral\/wp-content\/uploads\/2023\/05\/Ev-27.jpg","datePublished":"2023-05-22T11:30:10+00:00","author":{"@id":"https:\/\/unisale.com.br\/pastoral\/#\/schema\/person\/a16ba711a0f7dec9cb6b44563144d5a3"},"inLanguage":"pt-BR","potentialAction":[{"@type":"ReadAction","target":["https:\/\/unisale.com.br\/novo\/27-05-tu-segue-me\/"]}]},{"@type":"ImageObject","inLanguage":"pt-BR","@id":"https:\/\/unisale.com.br\/novo\/27-05-tu-segue-me\/#primaryimage","url":"https:\/\/unisale.com.br\/pastoral\/wp-content\/uploads\/2023\/05\/Ev-27.jpg","contentUrl":"https:\/\/unisale.com.br\/pastoral\/wp-content\/uploads\/2023\/05\/Ev-27.jpg","width":300,"height":169},{"@type":"WebSite","@id":"https:\/\/unisale.com.br\/pastoral\/#website","url":"https:\/\/unisale.com.br\/pastoral\/","name":"Pastoral Universit\u00e1ria UniSALESIANO","description":"Site da Pastoral Universit\u00e1ria do UniSALESIANO","potentialAction":[{"@type":"SearchAction","target":{"@type":"EntryPoint","urlTemplate":"https:\/\/unisale.com.br\/pastoral\/?s={search_term_string}"},"query-input":{"@type":"PropertyValueSpecification","valueRequired":true,"valueName":"search_term_string"}}],"inLanguage":"pt-BR"},{"@type":"Person","@id":"https:\/\/unisale.com.br\/pastoral\/#\/schema\/person\/a16ba711a0f7dec9cb6b44563144d5a3","name":"pastoral","url":"https:\/\/unisale.com.br\/pastoral\/author\/pastoral\/"}]}},"_links":{"self":[{"href":"https:\/\/unisale.com.br\/pastoral\/wp-json\/wp\/v2\/posts\/6973","targetHints":{"allow":["GET"]}}],"collection":[{"href":"https:\/\/unisale.com.br\/pastoral\/wp-json\/wp\/v2\/posts"}],"about":[{"href":"https:\/\/unisale.com.br\/pastoral\/wp-json\/wp\/v2\/types\/post"}],"author":[{"embeddable":true,"href":"https:\/\/unisale.com.br\/pastoral\/wp-json\/wp\/v2\/users\/1"}],"replies":[{"embeddable":true,"href":"https:\/\/unisale.com.br\/pastoral\/wp-json\/wp\/v2\/comments?post=6973"}],"version-history":[{"count":0,"href":"https:\/\/unisale.com.br\/pastoral\/wp-json\/wp\/v2\/posts\/6973\/revisions"}],"wp:featuredmedia":[{"embeddable":true,"href":"https:\/\/unisale.com.br\/pastoral\/wp-json\/wp\/v2\/media\/10407"}],"wp:attachment":[{"href":"https:\/\/unisale.com.br\/pastoral\/wp-json\/wp\/v2\/media?parent=6973"}],"wp:term":[{"taxonomy":"category","embeddable":true,"href":"https:\/\/unisale.com.br\/pastoral\/wp-json\/wp\/v2\/categories?post=6973"},{"taxonomy":"post_tag","embeddable":true,"href":"https:\/\/unisale.com.br\/pastoral\/wp-json\/wp\/v2\/tags?post=6973"}],"curies":[{"name":"wp","href":"https:\/\/api.w.org\/{rel}","templated":true}]}}