{"id":6981,"date":"2023-05-22T11:34:37","date_gmt":"2023-05-22T11:34:37","guid":{"rendered":"https:\/\/unisale.com.br\/pastoral\/?p=6981"},"modified":"2023-05-22T11:34:37","modified_gmt":"2023-05-22T11:34:37","slug":"31-05-a-minha-alma-engradece-o-senhor-2","status":"publish","type":"post","link":"https:\/\/unisale.com.br\/pastoral\/31-05-a-minha-alma-engradece-o-senhor-2\/","title":{"rendered":"31\/05 &#8211; A minha alma engradece o Senhor&#8230;"},"content":{"rendered":"<p>Ter\u00e7a-feira, 31 de maio de 2023.<\/p>\n<p>&nbsp;<\/p>\n<p>Evangelho (Lc 1,39-56)<\/p>\n<p>&nbsp;<\/p>\n<p><strong>\u201cA minha alma engradece o Senhor&#8230;\u201d<\/strong><\/p>\n<p>&nbsp;<\/p>\n<p><sup>39<\/sup>Naqueles dias, Maria partiu para a regi\u00e3o montanhosa, dirigindo-se, apressadamente, a uma cidade da Judeia. <sup>40<\/sup>Entrou na casa de Zacarias e cumprimentou Isabel. <sup>41<\/sup>Quando Isabel ouviu a sauda\u00e7\u00e3o de Maria, a crian\u00e7a pulou no seu ventre e Isabel ficou cheia do Esp\u00edrito Santo. <sup>42<\/sup>Com um grande grito exclamou: \u201cBendita \u00e9s tu entre as mulheres e bendito \u00e9 o fruto de teu ventre!\u201d <sup>43<\/sup>Como posso merecer que a m\u00e3e do meu Senhor me venha visitar? <sup>44<\/sup>Logo que a tua sauda\u00e7\u00e3o chegou aos meus ouvidos, a crian\u00e7a pulou de alegria no meu ventre. <sup>45<\/sup>Bem-aventurada aquela que acreditou, porque ser\u00e1 cumprido o que o Senhor lhe prometeu\u201d. <sup>46<\/sup>Maria disse: \u201cA minha alma engrandece o Senhor, <sup>47<\/sup>e o meu esp\u00edrito se alegra em Deus, meu Salvador, <sup>48<\/sup>porque olhou para a humildade de sua serva. Doravante todas as gera\u00e7\u00f5es me chamar\u00e3o bem-aventurada, <sup>49<\/sup>porque o Todo-poderoso fez grandes coisas em meu favor. O seu nome \u00e9 santo, <sup>50<\/sup>e sua miseric\u00f3rdia se estende, de gera\u00e7\u00e3o em gera\u00e7\u00e3o, a todos os que o temem. <sup>51<\/sup>Ele mostrou a for\u00e7a de seu bra\u00e7o: dispersou os soberbos de cora\u00e7\u00e3o. <sup>52<\/sup>Derrubou do trono os poderosos e elevou os humildes. <sup>53<\/sup>Encheu de bens os famintos, e despediu os ricos de m\u00e3os vazias. <sup>54<\/sup>Socorreu Israel, seu servo, lembrando-se de sua miseric\u00f3rdia, <sup>55<\/sup>conforme prometera aos nossos pais, em favor de Abra\u00e3o e de sua descend\u00eancia, para sempre\u201d. <sup>56<\/sup>Maria ficou tr\u00eas meses com Isabel; depois voltou para casa.<\/p>\n<p>&nbsp;<\/p>\n<p><strong>Reflex\u00e3o<\/strong><\/p>\n<p>&nbsp;<\/p>\n<p>A festa da Visita\u00e7\u00e3o \u00e9 uma daquelas festas que nos anima a nos colocarmos a caminho, ou pelo menos a colocar-nos num caminho seguindo a narra\u00e7\u00e3o do Evangelho. Maria \u00e9 a protagonista de um gesto demasiado revolucion\u00e1rio que permanecer\u00e1 como exemplo para todos aqueles que querem tomar a s\u00e9rio Deus. Ela diante do an\u00fancio do anjo n\u00e3o se retira em uma ora\u00e7\u00e3o solit\u00e1ria, mas sente a urg\u00eancia de transformar em caridade o dom recebido. \u00c9 justamente nisto que Maria reencontra a palavra para si, isto \u00e9, a releitura sabia de tudo o que aconteceu. De fato, as palavras que Ele pronuncia no Evangelho de hoje, s\u00e3o a direta consequ\u00eancia das palavras de Isabel. Maria canta a sua hist\u00f3ria, a reconta, a compartilha. E enquanto nos olha internamente v\u00ea tamb\u00e9m os sinais do amanh\u00e3 e n\u00e3o somente os tra\u00e7os do passado. Quando olhamos a nossa vida n\u00e3o devemos somente tirar as conclus\u00f5es das nossas experi\u00eancia, devemos ter a coragem de olhar tamb\u00e9m adiante, o futuro, e recordarmos que somos filhos de um Deus que dispersa os soberbos de cora\u00e7\u00e3o, derruba os poderosos dos tronos e eleva os humildes, enche de bens os famintos e despede os ricos de m\u00e3os vazias. Maria disse tudo isto enquanto sabia que deveria enfrentar os ataques de Erodes, as incompreens\u00f5es dos vizinhos, a desocupa\u00e7\u00e3o de Jos\u00e9, a pobreza do ex\u00edlio for\u00e7ado no Egito. Ela sabe que a cr\u00f4nica \u00e9 muitas vezes escura, mas n\u00e3o obstante a isto sabe cantar a luz escondida. A experi\u00eancia da f\u00e9 n\u00e3o \u00e9 a experi\u00eancia de se ver resolvido todos os problemas e por isso sentir-se grato, \u00e9 ao inv\u00e9s a experi\u00eancia de saber descobrir um misterioso bem onde todos veem somente injusti\u00e7a e imprevistos. Mas o dom deste olhar vem doado somente aqueles que sabem colocar-se no jogo da caridade concreta, assim como fez Maria. Antes, \u00e9 justamente Ela que nos diz que no fundo o verdadeiro objetivo de cada caridade praticada \u00e9 levar a alegria aos outros. Quem faz isto encontra a alegria por si mesmo.<\/p>\n<p><strong>Pe. Paulo Eduardo J\u00e1como, SDB.<\/strong><\/p>\n","protected":false},"excerpt":{"rendered":"<p>Ter\u00e7a-feira, 31 de maio de 2023. &nbsp; Evangelho (Lc 1,39-56) &nbsp; \u201cA minha alma engradece o Senhor&#8230;\u201d &nbsp; 39Naqueles dias, Maria partiu para a regi\u00e3o&#8230;<\/p>\n","protected":false},"author":1,"featured_media":10411,"comment_status":"closed","ping_status":"closed","sticky":false,"template":"","format":"standard","meta":{"_acf_changed":false,"footnotes":""},"categories":[13],"tags":[],"class_list":["post-6981","post","type-post","status-publish","format-standard","has-post-thumbnail","hentry","category-reflexaodoevagelho"],"acf":[],"yoast_head":"<!-- This site is optimized with the Yoast SEO plugin v27.3 - https:\/\/yoast.com\/product\/yoast-seo-wordpress\/ -->\n<title>31\/05 - A minha alma engradece o Senhor... - Pastoral Universit\u00e1ria UniSALESIANO<\/title>\n<meta name=\"robots\" content=\"index, follow, max-snippet:-1, max-image-preview:large, max-video-preview:-1\" \/>\n<link rel=\"canonical\" href=\"https:\/\/unisale.com.br\/novo\/31-05-a-minha-alma-engradece-o-senhor-2\/\" \/>\n<meta property=\"og:locale\" content=\"pt_BR\" \/>\n<meta property=\"og:type\" content=\"article\" \/>\n<meta property=\"og:title\" content=\"31\/05 - A minha alma engradece o Senhor... - Pastoral Universit\u00e1ria UniSALESIANO\" \/>\n<meta property=\"og:description\" content=\"Ter\u00e7a-feira, 31 de maio de 2023. &nbsp; Evangelho (Lc 1,39-56) &nbsp; \u201cA minha alma engradece o Senhor&#8230;\u201d &nbsp; 39Naqueles dias, Maria partiu para a regi\u00e3o...\" \/>\n<meta property=\"og:url\" content=\"https:\/\/unisale.com.br\/novo\/31-05-a-minha-alma-engradece-o-senhor-2\/\" \/>\n<meta property=\"og:site_name\" content=\"Pastoral Universit\u00e1ria UniSALESIANO\" \/>\n<meta property=\"article:published_time\" content=\"2023-05-22T11:34:37+00:00\" \/>\n<meta name=\"author\" content=\"pastoral\" \/>\n<meta name=\"twitter:card\" content=\"summary_large_image\" \/>\n<meta name=\"twitter:label1\" content=\"Escrito por\" \/>\n\t<meta name=\"twitter:data1\" content=\"pastoral\" \/>\n\t<meta name=\"twitter:label2\" content=\"Est. tempo de leitura\" \/>\n\t<meta name=\"twitter:data2\" content=\"3 minutos\" \/>\n<script type=\"application\/ld+json\" class=\"yoast-schema-graph\">{\"@context\":\"https:\\\/\\\/schema.org\",\"@graph\":[{\"@type\":\"Article\",\"@id\":\"https:\\\/\\\/unisale.com.br\\\/novo\\\/31-05-a-minha-alma-engradece-o-senhor-2\\\/#article\",\"isPartOf\":{\"@id\":\"https:\\\/\\\/unisale.com.br\\\/novo\\\/31-05-a-minha-alma-engradece-o-senhor-2\\\/\"},\"author\":{\"name\":\"pastoral\",\"@id\":\"https:\\\/\\\/unisale.com.br\\\/pastoral\\\/#\\\/schema\\\/person\\\/a16ba711a0f7dec9cb6b44563144d5a3\"},\"headline\":\"31\\\/05 &#8211; A minha alma engradece o Senhor&#8230;\",\"datePublished\":\"2023-05-22T11:34:37+00:00\",\"mainEntityOfPage\":{\"@id\":\"https:\\\/\\\/unisale.com.br\\\/novo\\\/31-05-a-minha-alma-engradece-o-senhor-2\\\/\"},\"wordCount\":646,\"image\":{\"@id\":\"https:\\\/\\\/unisale.com.br\\\/novo\\\/31-05-a-minha-alma-engradece-o-senhor-2\\\/#primaryimage\"},\"thumbnailUrl\":\"https:\\\/\\\/unisale.com.br\\\/pastoral\\\/wp-content\\\/uploads\\\/2023\\\/05\\\/Ev-31.jpg\",\"articleSection\":[\"Reflex\u00e3o do Evangelho\"],\"inLanguage\":\"pt-BR\"},{\"@type\":\"WebPage\",\"@id\":\"https:\\\/\\\/unisale.com.br\\\/novo\\\/31-05-a-minha-alma-engradece-o-senhor-2\\\/\",\"url\":\"https:\\\/\\\/unisale.com.br\\\/novo\\\/31-05-a-minha-alma-engradece-o-senhor-2\\\/\",\"name\":\"31\\\/05 - A minha alma engradece o Senhor... - Pastoral Universit\u00e1ria UniSALESIANO\",\"isPartOf\":{\"@id\":\"https:\\\/\\\/unisale.com.br\\\/pastoral\\\/#website\"},\"primaryImageOfPage\":{\"@id\":\"https:\\\/\\\/unisale.com.br\\\/novo\\\/31-05-a-minha-alma-engradece-o-senhor-2\\\/#primaryimage\"},\"image\":{\"@id\":\"https:\\\/\\\/unisale.com.br\\\/novo\\\/31-05-a-minha-alma-engradece-o-senhor-2\\\/#primaryimage\"},\"thumbnailUrl\":\"https:\\\/\\\/unisale.com.br\\\/pastoral\\\/wp-content\\\/uploads\\\/2023\\\/05\\\/Ev-31.jpg\",\"datePublished\":\"2023-05-22T11:34:37+00:00\",\"author\":{\"@id\":\"https:\\\/\\\/unisale.com.br\\\/pastoral\\\/#\\\/schema\\\/person\\\/a16ba711a0f7dec9cb6b44563144d5a3\"},\"inLanguage\":\"pt-BR\",\"potentialAction\":[{\"@type\":\"ReadAction\",\"target\":[\"https:\\\/\\\/unisale.com.br\\\/novo\\\/31-05-a-minha-alma-engradece-o-senhor-2\\\/\"]}]},{\"@type\":\"ImageObject\",\"inLanguage\":\"pt-BR\",\"@id\":\"https:\\\/\\\/unisale.com.br\\\/novo\\\/31-05-a-minha-alma-engradece-o-senhor-2\\\/#primaryimage\",\"url\":\"https:\\\/\\\/unisale.com.br\\\/pastoral\\\/wp-content\\\/uploads\\\/2023\\\/05\\\/Ev-31.jpg\",\"contentUrl\":\"https:\\\/\\\/unisale.com.br\\\/pastoral\\\/wp-content\\\/uploads\\\/2023\\\/05\\\/Ev-31.jpg\",\"width\":311,\"height\":162},{\"@type\":\"WebSite\",\"@id\":\"https:\\\/\\\/unisale.com.br\\\/pastoral\\\/#website\",\"url\":\"https:\\\/\\\/unisale.com.br\\\/pastoral\\\/\",\"name\":\"Pastoral Universit\u00e1ria UniSALESIANO\",\"description\":\"Site da Pastoral Universit\u00e1ria do UniSALESIANO\",\"potentialAction\":[{\"@type\":\"SearchAction\",\"target\":{\"@type\":\"EntryPoint\",\"urlTemplate\":\"https:\\\/\\\/unisale.com.br\\\/pastoral\\\/?s={search_term_string}\"},\"query-input\":{\"@type\":\"PropertyValueSpecification\",\"valueRequired\":true,\"valueName\":\"search_term_string\"}}],\"inLanguage\":\"pt-BR\"},{\"@type\":\"Person\",\"@id\":\"https:\\\/\\\/unisale.com.br\\\/pastoral\\\/#\\\/schema\\\/person\\\/a16ba711a0f7dec9cb6b44563144d5a3\",\"name\":\"pastoral\",\"url\":\"https:\\\/\\\/unisale.com.br\\\/pastoral\\\/author\\\/pastoral\\\/\"}]}<\/script>\n<!-- \/ Yoast SEO plugin. -->","yoast_head_json":{"title":"31\/05 - A minha alma engradece o Senhor... - Pastoral Universit\u00e1ria UniSALESIANO","robots":{"index":"index","follow":"follow","max-snippet":"max-snippet:-1","max-image-preview":"max-image-preview:large","max-video-preview":"max-video-preview:-1"},"canonical":"https:\/\/unisale.com.br\/novo\/31-05-a-minha-alma-engradece-o-senhor-2\/","og_locale":"pt_BR","og_type":"article","og_title":"31\/05 - A minha alma engradece o Senhor... - Pastoral Universit\u00e1ria UniSALESIANO","og_description":"Ter\u00e7a-feira, 31 de maio de 2023. &nbsp; Evangelho (Lc 1,39-56) &nbsp; \u201cA minha alma engradece o Senhor&#8230;\u201d &nbsp; 39Naqueles dias, Maria partiu para a regi\u00e3o...","og_url":"https:\/\/unisale.com.br\/novo\/31-05-a-minha-alma-engradece-o-senhor-2\/","og_site_name":"Pastoral Universit\u00e1ria UniSALESIANO","article_published_time":"2023-05-22T11:34:37+00:00","author":"pastoral","twitter_card":"summary_large_image","twitter_misc":{"Escrito por":"pastoral","Est. tempo de leitura":"3 minutos"},"schema":{"@context":"https:\/\/schema.org","@graph":[{"@type":"Article","@id":"https:\/\/unisale.com.br\/novo\/31-05-a-minha-alma-engradece-o-senhor-2\/#article","isPartOf":{"@id":"https:\/\/unisale.com.br\/novo\/31-05-a-minha-alma-engradece-o-senhor-2\/"},"author":{"name":"pastoral","@id":"https:\/\/unisale.com.br\/pastoral\/#\/schema\/person\/a16ba711a0f7dec9cb6b44563144d5a3"},"headline":"31\/05 &#8211; A minha alma engradece o Senhor&#8230;","datePublished":"2023-05-22T11:34:37+00:00","mainEntityOfPage":{"@id":"https:\/\/unisale.com.br\/novo\/31-05-a-minha-alma-engradece-o-senhor-2\/"},"wordCount":646,"image":{"@id":"https:\/\/unisale.com.br\/novo\/31-05-a-minha-alma-engradece-o-senhor-2\/#primaryimage"},"thumbnailUrl":"https:\/\/unisale.com.br\/pastoral\/wp-content\/uploads\/2023\/05\/Ev-31.jpg","articleSection":["Reflex\u00e3o do Evangelho"],"inLanguage":"pt-BR"},{"@type":"WebPage","@id":"https:\/\/unisale.com.br\/novo\/31-05-a-minha-alma-engradece-o-senhor-2\/","url":"https:\/\/unisale.com.br\/novo\/31-05-a-minha-alma-engradece-o-senhor-2\/","name":"31\/05 - A minha alma engradece o Senhor... - Pastoral Universit\u00e1ria UniSALESIANO","isPartOf":{"@id":"https:\/\/unisale.com.br\/pastoral\/#website"},"primaryImageOfPage":{"@id":"https:\/\/unisale.com.br\/novo\/31-05-a-minha-alma-engradece-o-senhor-2\/#primaryimage"},"image":{"@id":"https:\/\/unisale.com.br\/novo\/31-05-a-minha-alma-engradece-o-senhor-2\/#primaryimage"},"thumbnailUrl":"https:\/\/unisale.com.br\/pastoral\/wp-content\/uploads\/2023\/05\/Ev-31.jpg","datePublished":"2023-05-22T11:34:37+00:00","author":{"@id":"https:\/\/unisale.com.br\/pastoral\/#\/schema\/person\/a16ba711a0f7dec9cb6b44563144d5a3"},"inLanguage":"pt-BR","potentialAction":[{"@type":"ReadAction","target":["https:\/\/unisale.com.br\/novo\/31-05-a-minha-alma-engradece-o-senhor-2\/"]}]},{"@type":"ImageObject","inLanguage":"pt-BR","@id":"https:\/\/unisale.com.br\/novo\/31-05-a-minha-alma-engradece-o-senhor-2\/#primaryimage","url":"https:\/\/unisale.com.br\/pastoral\/wp-content\/uploads\/2023\/05\/Ev-31.jpg","contentUrl":"https:\/\/unisale.com.br\/pastoral\/wp-content\/uploads\/2023\/05\/Ev-31.jpg","width":311,"height":162},{"@type":"WebSite","@id":"https:\/\/unisale.com.br\/pastoral\/#website","url":"https:\/\/unisale.com.br\/pastoral\/","name":"Pastoral Universit\u00e1ria UniSALESIANO","description":"Site da Pastoral Universit\u00e1ria do UniSALESIANO","potentialAction":[{"@type":"SearchAction","target":{"@type":"EntryPoint","urlTemplate":"https:\/\/unisale.com.br\/pastoral\/?s={search_term_string}"},"query-input":{"@type":"PropertyValueSpecification","valueRequired":true,"valueName":"search_term_string"}}],"inLanguage":"pt-BR"},{"@type":"Person","@id":"https:\/\/unisale.com.br\/pastoral\/#\/schema\/person\/a16ba711a0f7dec9cb6b44563144d5a3","name":"pastoral","url":"https:\/\/unisale.com.br\/pastoral\/author\/pastoral\/"}]}},"_links":{"self":[{"href":"https:\/\/unisale.com.br\/pastoral\/wp-json\/wp\/v2\/posts\/6981","targetHints":{"allow":["GET"]}}],"collection":[{"href":"https:\/\/unisale.com.br\/pastoral\/wp-json\/wp\/v2\/posts"}],"about":[{"href":"https:\/\/unisale.com.br\/pastoral\/wp-json\/wp\/v2\/types\/post"}],"author":[{"embeddable":true,"href":"https:\/\/unisale.com.br\/pastoral\/wp-json\/wp\/v2\/users\/1"}],"replies":[{"embeddable":true,"href":"https:\/\/unisale.com.br\/pastoral\/wp-json\/wp\/v2\/comments?post=6981"}],"version-history":[{"count":0,"href":"https:\/\/unisale.com.br\/pastoral\/wp-json\/wp\/v2\/posts\/6981\/revisions"}],"wp:featuredmedia":[{"embeddable":true,"href":"https:\/\/unisale.com.br\/pastoral\/wp-json\/wp\/v2\/media\/10411"}],"wp:attachment":[{"href":"https:\/\/unisale.com.br\/pastoral\/wp-json\/wp\/v2\/media?parent=6981"}],"wp:term":[{"taxonomy":"category","embeddable":true,"href":"https:\/\/unisale.com.br\/pastoral\/wp-json\/wp\/v2\/categories?post=6981"},{"taxonomy":"post_tag","embeddable":true,"href":"https:\/\/unisale.com.br\/pastoral\/wp-json\/wp\/v2\/tags?post=6981"}],"curies":[{"name":"wp","href":"https:\/\/api.w.org\/{rel}","templated":true}]}}