{"id":7002,"date":"2023-05-31T16:34:22","date_gmt":"2023-05-31T16:34:22","guid":{"rendered":"https:\/\/unisale.com.br\/pastoral\/?p=7002"},"modified":"2023-05-31T16:34:22","modified_gmt":"2023-05-31T16:34:22","slug":"01-06-jesus-filho-de-davi-tem-piedade-de-mim","status":"publish","type":"post","link":"https:\/\/unisale.com.br\/pastoral\/01-06-jesus-filho-de-davi-tem-piedade-de-mim\/","title":{"rendered":"01\/06 &#8211; Jesus, filho de Davi, tem piedade de mim!"},"content":{"rendered":"<p>Quinta-feira, 01 de junho de 2023.<\/p>\n<p>&nbsp;<\/p>\n<p>Evangelho (Mc 10,46-52)<\/p>\n<p>&nbsp;<\/p>\n<p><strong>\u201cJesus, filho de Davi, tem piedade de mim!\u201d<\/strong><\/p>\n<p>&nbsp;<\/p>\n<p>Naquele tempo, <sup>46<\/sup>Jesus saiu de Jeric\u00f3, junto com seus disc\u00edpulos e uma grande multid\u00e3o. O filho de Timeu, Bartimeu, cego e mendigo, estava sentado \u00e0 beira do caminho. <sup>47<\/sup>Quando ouviu dizer que Jesus, o Nazareno, estava passando, come\u00e7ou a gritar: \u201cJesus, filho de Davi, tem piedade de mim!\u201d <sup>48<\/sup>Muitos o repreendiam para que se calasse. Mas ele gritava mais ainda: \u201cFilho de Davi, tem piedade de mim!\u201d <sup>49<\/sup>Ent\u00e3o Jesus parou e disse: \u201cChamai-o\u201d. Eles o chamaram e disseram: \u201cCoragem, levanta-te, Jesus te chama!\u201d <sup>50<\/sup>O cego jogou o manto, deu um pulo e foi at\u00e9 Jesus. <sup>51<\/sup>Ent\u00e3o Jesus lhe perguntou: \u201cO que queres que eu te fa\u00e7a?\u201d O cego respondeu: \u201cMestre, que eu veja!\u201d <sup>52<\/sup>Jesus disse: \u201cVai, a tua f\u00e9 te curou\u201d. No mesmo instante, ele recuperou a vista e seguia Jesus pelo caminho.<\/p>\n<p>&nbsp;<\/p>\n<p><strong>Reflex\u00e3o<\/strong><\/p>\n<p>&nbsp;<\/p>\n<p>Jesus passa pelas estradas de Jeric\u00f3, um cego chamado Bartimeu se dirige a Ele gritando: \u201cJesus, filho de Davi, tem piedade de mim!\u201d O grito deste homem comove o cora\u00e7\u00e3o de Jesus, que para, manda chama-lo e cura-o. \u00c9 um encontro que comove, o Senhor se encontra com aquele que sofre. Um se coloca diante do outro: Deus que quer curar e o homem que deseja ser curado. Duas vontades, duas liberdades: \u201cQue queres que Eu te fa\u00e7a?\u201d, pergunta Jesus. \u201cMestre, que eu veja!\u201d, responde o cego. \u201cVai, a tua f\u00e9 te salvou\u201d. E estas palavras fazem o milagre acontecer. Deus se alegrou, o homem se alegrou. E Bartimeu torna-se disc\u00edpulo e sobe com o Mestre para Jerusal\u00e9m, para participar com Jesus no grande Mist\u00e9rio da Salva\u00e7\u00e3o. Este epis\u00f3dio narra o caminho de todos n\u00f3s rumo a ilumina\u00e7\u00e3o. A f\u00e9 \u00e9 um caminho de ilumina\u00e7\u00e3o. Um caminho que parte da humildade de algu\u00e9m que se reconhece necessitado da salva\u00e7\u00e3o e chega ao encontro pessoal com Cristo que o chama a segui-l\u2019O pelo caminho do amor. Este \u00e9 o caminho da catequese, mas acredito que iluminados por esta Palavra do Evangelho de hoje, todos precisamos percorrer o caminho de redescoberta da f\u00e9 de maneira madura e consciente, para assumirmos depois um coerente compromisso de testemunho. \u00c9 preciso que redescubramos o valor do nosso pr\u00f3prio Batismo que est\u00e1 na base do compromisso mission\u00e1rio que devemos assumir como crist\u00e3os. O Evangelho nos mostra que quem se deixa fascinar por Cristo n\u00e3o pode viver sem dar testemunho da alegria de seguir seus passos. Estamos no m\u00eas de outubro, m\u00eas mission\u00e1rio, \u00e9 preciso que nos conscientizemos que justamente em virtude do nosso Batismo, possu\u00edmos uma voca\u00e7\u00e3o mission\u00e1rio. Bartimeu recebendo a gra\u00e7a do encontro com Jesus e da cura de sua cegueira, se tornou um grande mission\u00e1rio. Tamb\u00e9m n\u00f3s somos chamados a ser agradecidos a Jesus da mesma forma, isto \u00e9, somos chamados a sermos anunciadores de Jesus e do seu Evangelho.<\/p>\n<p><strong>Pe. Paulo Eduardo J\u00e1como, SDB.<\/strong><\/p>\n","protected":false},"excerpt":{"rendered":"<p>Quinta-feira, 01 de junho de 2023. &nbsp; Evangelho (Mc 10,46-52) &nbsp; \u201cJesus, filho de Davi, tem piedade de mim!\u201d &nbsp; Naquele tempo, 46Jesus saiu de&#8230;<\/p>\n","protected":false},"author":1,"featured_media":7004,"comment_status":"closed","ping_status":"closed","sticky":false,"template":"","format":"standard","meta":{"_acf_changed":false,"footnotes":""},"categories":[13],"tags":[],"class_list":["post-7002","post","type-post","status-publish","format-standard","has-post-thumbnail","hentry","category-reflexaodoevagelho"],"acf":[],"yoast_head":"<!-- This site is optimized with the Yoast SEO plugin v27.3 - https:\/\/yoast.com\/product\/yoast-seo-wordpress\/ -->\n<title>01\/06 - Jesus, filho de Davi, tem piedade de mim! - Pastoral Universit\u00e1ria UniSALESIANO<\/title>\n<meta name=\"robots\" content=\"index, follow, max-snippet:-1, max-image-preview:large, max-video-preview:-1\" \/>\n<link rel=\"canonical\" href=\"https:\/\/unisale.com.br\/novo\/01-06-jesus-filho-de-davi-tem-piedade-de-mim\/\" \/>\n<meta property=\"og:locale\" content=\"pt_BR\" \/>\n<meta property=\"og:type\" content=\"article\" \/>\n<meta property=\"og:title\" content=\"01\/06 - Jesus, filho de Davi, tem piedade de mim! - Pastoral Universit\u00e1ria UniSALESIANO\" \/>\n<meta property=\"og:description\" content=\"Quinta-feira, 01 de junho de 2023. &nbsp; Evangelho (Mc 10,46-52) &nbsp; \u201cJesus, filho de Davi, tem piedade de mim!\u201d &nbsp; Naquele tempo, 46Jesus saiu de...\" \/>\n<meta property=\"og:url\" content=\"https:\/\/unisale.com.br\/novo\/01-06-jesus-filho-de-davi-tem-piedade-de-mim\/\" \/>\n<meta property=\"og:site_name\" content=\"Pastoral Universit\u00e1ria UniSALESIANO\" \/>\n<meta property=\"article:published_time\" content=\"2023-05-31T16:34:22+00:00\" \/>\n<meta name=\"author\" content=\"pastoral\" \/>\n<meta name=\"twitter:card\" content=\"summary_large_image\" \/>\n<meta name=\"twitter:label1\" content=\"Escrito por\" \/>\n\t<meta name=\"twitter:data1\" content=\"pastoral\" \/>\n\t<meta name=\"twitter:label2\" content=\"Est. tempo de leitura\" \/>\n\t<meta name=\"twitter:data2\" content=\"3 minutos\" \/>\n<script type=\"application\/ld+json\" class=\"yoast-schema-graph\">{\"@context\":\"https:\\\/\\\/schema.org\",\"@graph\":[{\"@type\":\"Article\",\"@id\":\"https:\\\/\\\/unisale.com.br\\\/novo\\\/01-06-jesus-filho-de-davi-tem-piedade-de-mim\\\/#article\",\"isPartOf\":{\"@id\":\"https:\\\/\\\/unisale.com.br\\\/novo\\\/01-06-jesus-filho-de-davi-tem-piedade-de-mim\\\/\"},\"author\":{\"name\":\"pastoral\",\"@id\":\"https:\\\/\\\/unisale.com.br\\\/pastoral\\\/#\\\/schema\\\/person\\\/a16ba711a0f7dec9cb6b44563144d5a3\"},\"headline\":\"01\\\/06 &#8211; Jesus, filho de Davi, tem piedade de mim!\",\"datePublished\":\"2023-05-31T16:34:22+00:00\",\"mainEntityOfPage\":{\"@id\":\"https:\\\/\\\/unisale.com.br\\\/novo\\\/01-06-jesus-filho-de-davi-tem-piedade-de-mim\\\/\"},\"wordCount\":522,\"image\":{\"@id\":\"https:\\\/\\\/unisale.com.br\\\/novo\\\/01-06-jesus-filho-de-davi-tem-piedade-de-mim\\\/#primaryimage\"},\"thumbnailUrl\":\"https:\\\/\\\/unisale.com.br\\\/pastoral\\\/wp-content\\\/uploads\\\/2023\\\/05\\\/Ev-01.jpg\",\"articleSection\":[\"Reflex\u00e3o do Evangelho\"],\"inLanguage\":\"pt-BR\"},{\"@type\":\"WebPage\",\"@id\":\"https:\\\/\\\/unisale.com.br\\\/novo\\\/01-06-jesus-filho-de-davi-tem-piedade-de-mim\\\/\",\"url\":\"https:\\\/\\\/unisale.com.br\\\/novo\\\/01-06-jesus-filho-de-davi-tem-piedade-de-mim\\\/\",\"name\":\"01\\\/06 - Jesus, filho de Davi, tem piedade de mim! - Pastoral Universit\u00e1ria UniSALESIANO\",\"isPartOf\":{\"@id\":\"https:\\\/\\\/unisale.com.br\\\/pastoral\\\/#website\"},\"primaryImageOfPage\":{\"@id\":\"https:\\\/\\\/unisale.com.br\\\/novo\\\/01-06-jesus-filho-de-davi-tem-piedade-de-mim\\\/#primaryimage\"},\"image\":{\"@id\":\"https:\\\/\\\/unisale.com.br\\\/novo\\\/01-06-jesus-filho-de-davi-tem-piedade-de-mim\\\/#primaryimage\"},\"thumbnailUrl\":\"https:\\\/\\\/unisale.com.br\\\/pastoral\\\/wp-content\\\/uploads\\\/2023\\\/05\\\/Ev-01.jpg\",\"datePublished\":\"2023-05-31T16:34:22+00:00\",\"author\":{\"@id\":\"https:\\\/\\\/unisale.com.br\\\/pastoral\\\/#\\\/schema\\\/person\\\/a16ba711a0f7dec9cb6b44563144d5a3\"},\"inLanguage\":\"pt-BR\",\"potentialAction\":[{\"@type\":\"ReadAction\",\"target\":[\"https:\\\/\\\/unisale.com.br\\\/novo\\\/01-06-jesus-filho-de-davi-tem-piedade-de-mim\\\/\"]}]},{\"@type\":\"ImageObject\",\"inLanguage\":\"pt-BR\",\"@id\":\"https:\\\/\\\/unisale.com.br\\\/novo\\\/01-06-jesus-filho-de-davi-tem-piedade-de-mim\\\/#primaryimage\",\"url\":\"https:\\\/\\\/unisale.com.br\\\/pastoral\\\/wp-content\\\/uploads\\\/2023\\\/05\\\/Ev-01.jpg\",\"contentUrl\":\"https:\\\/\\\/unisale.com.br\\\/pastoral\\\/wp-content\\\/uploads\\\/2023\\\/05\\\/Ev-01.jpg\",\"width\":800,\"height\":445},{\"@type\":\"WebSite\",\"@id\":\"https:\\\/\\\/unisale.com.br\\\/pastoral\\\/#website\",\"url\":\"https:\\\/\\\/unisale.com.br\\\/pastoral\\\/\",\"name\":\"Pastoral Universit\u00e1ria UniSALESIANO\",\"description\":\"Site da Pastoral Universit\u00e1ria do UniSALESIANO\",\"potentialAction\":[{\"@type\":\"SearchAction\",\"target\":{\"@type\":\"EntryPoint\",\"urlTemplate\":\"https:\\\/\\\/unisale.com.br\\\/pastoral\\\/?s={search_term_string}\"},\"query-input\":{\"@type\":\"PropertyValueSpecification\",\"valueRequired\":true,\"valueName\":\"search_term_string\"}}],\"inLanguage\":\"pt-BR\"},{\"@type\":\"Person\",\"@id\":\"https:\\\/\\\/unisale.com.br\\\/pastoral\\\/#\\\/schema\\\/person\\\/a16ba711a0f7dec9cb6b44563144d5a3\",\"name\":\"pastoral\",\"url\":\"https:\\\/\\\/unisale.com.br\\\/pastoral\\\/author\\\/pastoral\\\/\"}]}<\/script>\n<!-- \/ Yoast SEO plugin. -->","yoast_head_json":{"title":"01\/06 - Jesus, filho de Davi, tem piedade de mim! - Pastoral Universit\u00e1ria UniSALESIANO","robots":{"index":"index","follow":"follow","max-snippet":"max-snippet:-1","max-image-preview":"max-image-preview:large","max-video-preview":"max-video-preview:-1"},"canonical":"https:\/\/unisale.com.br\/novo\/01-06-jesus-filho-de-davi-tem-piedade-de-mim\/","og_locale":"pt_BR","og_type":"article","og_title":"01\/06 - Jesus, filho de Davi, tem piedade de mim! - Pastoral Universit\u00e1ria UniSALESIANO","og_description":"Quinta-feira, 01 de junho de 2023. &nbsp; Evangelho (Mc 10,46-52) &nbsp; \u201cJesus, filho de Davi, tem piedade de mim!\u201d &nbsp; Naquele tempo, 46Jesus saiu de...","og_url":"https:\/\/unisale.com.br\/novo\/01-06-jesus-filho-de-davi-tem-piedade-de-mim\/","og_site_name":"Pastoral Universit\u00e1ria UniSALESIANO","article_published_time":"2023-05-31T16:34:22+00:00","author":"pastoral","twitter_card":"summary_large_image","twitter_misc":{"Escrito por":"pastoral","Est. tempo de leitura":"3 minutos"},"schema":{"@context":"https:\/\/schema.org","@graph":[{"@type":"Article","@id":"https:\/\/unisale.com.br\/novo\/01-06-jesus-filho-de-davi-tem-piedade-de-mim\/#article","isPartOf":{"@id":"https:\/\/unisale.com.br\/novo\/01-06-jesus-filho-de-davi-tem-piedade-de-mim\/"},"author":{"name":"pastoral","@id":"https:\/\/unisale.com.br\/pastoral\/#\/schema\/person\/a16ba711a0f7dec9cb6b44563144d5a3"},"headline":"01\/06 &#8211; Jesus, filho de Davi, tem piedade de mim!","datePublished":"2023-05-31T16:34:22+00:00","mainEntityOfPage":{"@id":"https:\/\/unisale.com.br\/novo\/01-06-jesus-filho-de-davi-tem-piedade-de-mim\/"},"wordCount":522,"image":{"@id":"https:\/\/unisale.com.br\/novo\/01-06-jesus-filho-de-davi-tem-piedade-de-mim\/#primaryimage"},"thumbnailUrl":"https:\/\/unisale.com.br\/pastoral\/wp-content\/uploads\/2023\/05\/Ev-01.jpg","articleSection":["Reflex\u00e3o do Evangelho"],"inLanguage":"pt-BR"},{"@type":"WebPage","@id":"https:\/\/unisale.com.br\/novo\/01-06-jesus-filho-de-davi-tem-piedade-de-mim\/","url":"https:\/\/unisale.com.br\/novo\/01-06-jesus-filho-de-davi-tem-piedade-de-mim\/","name":"01\/06 - Jesus, filho de Davi, tem piedade de mim! - Pastoral Universit\u00e1ria UniSALESIANO","isPartOf":{"@id":"https:\/\/unisale.com.br\/pastoral\/#website"},"primaryImageOfPage":{"@id":"https:\/\/unisale.com.br\/novo\/01-06-jesus-filho-de-davi-tem-piedade-de-mim\/#primaryimage"},"image":{"@id":"https:\/\/unisale.com.br\/novo\/01-06-jesus-filho-de-davi-tem-piedade-de-mim\/#primaryimage"},"thumbnailUrl":"https:\/\/unisale.com.br\/pastoral\/wp-content\/uploads\/2023\/05\/Ev-01.jpg","datePublished":"2023-05-31T16:34:22+00:00","author":{"@id":"https:\/\/unisale.com.br\/pastoral\/#\/schema\/person\/a16ba711a0f7dec9cb6b44563144d5a3"},"inLanguage":"pt-BR","potentialAction":[{"@type":"ReadAction","target":["https:\/\/unisale.com.br\/novo\/01-06-jesus-filho-de-davi-tem-piedade-de-mim\/"]}]},{"@type":"ImageObject","inLanguage":"pt-BR","@id":"https:\/\/unisale.com.br\/novo\/01-06-jesus-filho-de-davi-tem-piedade-de-mim\/#primaryimage","url":"https:\/\/unisale.com.br\/pastoral\/wp-content\/uploads\/2023\/05\/Ev-01.jpg","contentUrl":"https:\/\/unisale.com.br\/pastoral\/wp-content\/uploads\/2023\/05\/Ev-01.jpg","width":800,"height":445},{"@type":"WebSite","@id":"https:\/\/unisale.com.br\/pastoral\/#website","url":"https:\/\/unisale.com.br\/pastoral\/","name":"Pastoral Universit\u00e1ria UniSALESIANO","description":"Site da Pastoral Universit\u00e1ria do UniSALESIANO","potentialAction":[{"@type":"SearchAction","target":{"@type":"EntryPoint","urlTemplate":"https:\/\/unisale.com.br\/pastoral\/?s={search_term_string}"},"query-input":{"@type":"PropertyValueSpecification","valueRequired":true,"valueName":"search_term_string"}}],"inLanguage":"pt-BR"},{"@type":"Person","@id":"https:\/\/unisale.com.br\/pastoral\/#\/schema\/person\/a16ba711a0f7dec9cb6b44563144d5a3","name":"pastoral","url":"https:\/\/unisale.com.br\/pastoral\/author\/pastoral\/"}]}},"_links":{"self":[{"href":"https:\/\/unisale.com.br\/pastoral\/wp-json\/wp\/v2\/posts\/7002","targetHints":{"allow":["GET"]}}],"collection":[{"href":"https:\/\/unisale.com.br\/pastoral\/wp-json\/wp\/v2\/posts"}],"about":[{"href":"https:\/\/unisale.com.br\/pastoral\/wp-json\/wp\/v2\/types\/post"}],"author":[{"embeddable":true,"href":"https:\/\/unisale.com.br\/pastoral\/wp-json\/wp\/v2\/users\/1"}],"replies":[{"embeddable":true,"href":"https:\/\/unisale.com.br\/pastoral\/wp-json\/wp\/v2\/comments?post=7002"}],"version-history":[{"count":0,"href":"https:\/\/unisale.com.br\/pastoral\/wp-json\/wp\/v2\/posts\/7002\/revisions"}],"wp:featuredmedia":[{"embeddable":true,"href":"https:\/\/unisale.com.br\/pastoral\/wp-json\/wp\/v2\/media\/7004"}],"wp:attachment":[{"href":"https:\/\/unisale.com.br\/pastoral\/wp-json\/wp\/v2\/media?parent=7002"}],"wp:term":[{"taxonomy":"category","embeddable":true,"href":"https:\/\/unisale.com.br\/pastoral\/wp-json\/wp\/v2\/categories?post=7002"},{"taxonomy":"post_tag","embeddable":true,"href":"https:\/\/unisale.com.br\/pastoral\/wp-json\/wp\/v2\/tags?post=7002"}],"curies":[{"name":"wp","href":"https:\/\/api.w.org\/{rel}","templated":true}]}}