{"id":7010,"date":"2023-05-31T16:35:59","date_gmt":"2023-05-31T16:35:59","guid":{"rendered":"https:\/\/unisale.com.br\/pastoral\/?p=7010"},"modified":"2023-05-31T16:35:59","modified_gmt":"2023-05-31T16:35:59","slug":"02-06-tende-fe-em-deus","status":"publish","type":"post","link":"https:\/\/unisale.com.br\/pastoral\/02-06-tende-fe-em-deus\/","title":{"rendered":"02\/06 &#8211; Tende f\u00e9 em Deus."},"content":{"rendered":"<p>Sexta-feira, 02 de junho de 2023.<\/p>\n<p>&nbsp;<\/p>\n<p>Evangelho (Mc 11,11-26)<\/p>\n<p>&nbsp;<\/p>\n<p><strong>\u201cTende f\u00e9 em Deus.\u201d<\/strong><\/p>\n<p>&nbsp;<\/p>\n<p>Tendo sido aclamado pela multid\u00e3o, <sup>11<\/sup>Jesus entrou, no Templo, em Jerusal\u00e9m, e observou tudo. Mas, como j\u00e1 era tarde, saiu para Bet\u00e2nia com os doze. <sup>12<\/sup>No dia seguinte, quando sa\u00edam de Bet\u00e2nia, Jesus teve fome. <sup>13<\/sup>De longe, ele viu uma figueira coberta de folhas e foi at\u00e9 l\u00e1 ver se encontrava algum fruto. Quando chegou perto, encontrou somente folhas, pois n\u00e3o era tempo de figos. <sup>14<\/sup>Ent\u00e3o Jesus disse \u00e0 figueira: \u201cQue ningu\u00e9m mais coma de teus frutos\u201d. E os disc\u00edpulos escutaram o que ele disse. <sup>15<\/sup>Chegaram a Jerusal\u00e9m. Jesus entrou no Templo e come\u00e7ou a expulsar os que vendiam e os que compravam no Templo. Derrubou as mesas dos cambistas e as cadeiras dos vendedores de pombas. <sup>16<\/sup>Ele n\u00e3o deixava ningu\u00e9m carregar nada atrav\u00e9s do Templo. <sup>17<\/sup>E ensinava o povo, dizendo: \u201cN\u00e3o est\u00e1 escrito: \u2018Minha casa ser\u00e1 chamada casa de ora\u00e7\u00e3o para todos os povos\u2019? No entanto, v\u00f3s fizestes dela uma toca de ladr\u00f5es\u201d. <sup>18<\/sup>Os sumos sacerdotes e os mestres da Lei ouviram isso e come\u00e7aram a procurar urna maneira de o matar. Mas tinham medo de Jesus, porque a multid\u00e3o estava maravilhada com o ensinamento dele. <sup>19<\/sup>Ao entardecer, Jesus e os disc\u00edpulos sa\u00edram da cidade. <sup>20<\/sup>Na manh\u00e3 seguinte, quando passavam, Jesus e os disc\u00edpulos viram que a figueira tinha secado at\u00e9 a raiz. <sup>21<\/sup>Pedro lembrou-se e disse a Jesus: \u201cOlha, Mestre: a figueira que amaldi\u00e7oaste secou\u201d. <sup>22<\/sup>Jesus lhes disse: \u201cTende f\u00e9 em Deus. <sup>23<\/sup>Em verdade vos digo, se algu\u00e9m disser a esta montanha: \u2018Levanta-te e atira-te no mar, e n\u00e3o duvidar no seu cora\u00e7\u00e3o, mas acreditar que isso vai acontecer, assim acontecer\u00e1. <sup>24<\/sup>Por isso vos digo, tudo o que pedirdes na ora\u00e7\u00e3o, acreditai que j\u00e1 o recebestes, e assim ser\u00e1. <sup>25<\/sup>Quando estiverdes rezando, perdoai tudo o que tiverdes contra algu\u00e9m, <sup>26<\/sup>para que vosso Pai que est\u00e1 nos c\u00e9us tamb\u00e9m perdoe os vossos pecados\u201d.<\/p>\n<p>&nbsp;<\/p>\n<p><strong>Reflex\u00e3o<\/strong><\/p>\n<p>&nbsp;<\/p>\n<p>O evangelho de hoje n\u00e3o parece nada simp\u00e1tico: primeiro temos a maldi\u00e7\u00e3o de uma figueira que certamente fora da esta\u00e7\u00e3o n\u00e3o produz frutos e depois, Jesus que expulsa os vendilh\u00f5es do Templo. Por que Jesus age desta maneira?\u00a0 Talvez, olhando atentamente, encontraremos a justificativa. A vida acontece para n\u00f3s como uma sucess\u00e3o de acontecimentos naturais, \u00f3bvios, ordenados, acontecem situa\u00e7\u00f5es n\u00e3o previstas que colocam em polvorosa e em crise aquilo que pens\u00e1vamos conhecer e ter entendido. Por exemplo, uma pessoa que h\u00e1 50 anos, quem sabe calcule de haver pela frente ao menos mais uns 30 ou 40 anos de vida e que, portanto, tenho ainda muito tempo para protelar determinadas coisas, a postergar mais adiante o \u201ctempo dos frutos\u201d, das coisas concretas e importantes da vida e, que por agora, posso viver \u201cdas folhas\u201d, da apar\u00eancia. \u00a0Mas e se fosse justamente est\u00e1 noite o tempo no qual eu devo concluir a minha vida? Se n\u00e3o terei tempo de chegar ao \u201ctempo dos frutos\u201d, como aconteceu com a figueira do evangelho? Jesus nos est\u00e1 querendo dizer que aquilo que \u00e9 importante n\u00e3o pode jamais ser protelado, e que a \u00fanica coisa que devemos levar a s\u00e9rio \u00e9 o presente e n\u00e3o os \u201cprop\u00f3sitos justos para o futuro. Qualquer coisa de decisivo que deve acontecer na minha vida eu deve realiza-lo hoje e n\u00e3o num futuro pr\u00f3ximo. Se decido por construir uma fam\u00edlia com uma pessoa, n\u00e3o devo esperar o dia do matrim\u00f4nio para ser fiel, mas devo viver j\u00e1 hoje todas as consequ\u00eancias da minha escolha, e assim para cada coisa da minha vida. Hoje \u00e9 o tempo oportuno, e n\u00e3o o amanh\u00e3. E sobretudo, se tem uma coisa que n\u00e3o pode ser protelada, isto \u00e9, mandada para o futuro \u00e9 o perd\u00e3o: \u201cQuando estiverdes rezando, perdoai tudo o que tiverdes contra algu\u00e9m, para que vosso Pai que est\u00e1 nos c\u00e9us tamb\u00e9m perdoe os vossos pecados\u201d. Este seria um dos grandes milagres que com f\u00e9 dever\u00edamos pedir a Deus: fazer hoje o que conta na vida e n\u00e3o depois.<\/p>\n<p><strong>Pe. Paulo Eduardo J\u00e1como, SDB.<\/strong><\/p>\n","protected":false},"excerpt":{"rendered":"<p>Sexta-feira, 02 de junho de 2023. &nbsp; Evangelho (Mc 11,11-26) &nbsp; \u201cTende f\u00e9 em Deus.\u201d &nbsp; Tendo sido aclamado pela multid\u00e3o, 11Jesus entrou, no Templo,&#8230;<\/p>\n","protected":false},"author":1,"featured_media":7005,"comment_status":"closed","ping_status":"closed","sticky":false,"template":"","format":"standard","meta":{"_acf_changed":false,"footnotes":""},"categories":[13],"tags":[],"class_list":["post-7010","post","type-post","status-publish","format-standard","has-post-thumbnail","hentry","category-reflexaodoevagelho"],"acf":[],"yoast_head":"<!-- This site is optimized with the Yoast SEO plugin v27.3 - https:\/\/yoast.com\/product\/yoast-seo-wordpress\/ -->\n<title>02\/06 - Tende f\u00e9 em Deus. - Pastoral Universit\u00e1ria UniSALESIANO<\/title>\n<meta name=\"robots\" content=\"index, follow, max-snippet:-1, max-image-preview:large, max-video-preview:-1\" \/>\n<link rel=\"canonical\" href=\"https:\/\/unisale.com.br\/novo\/02-06-tende-fe-em-deus\/\" \/>\n<meta property=\"og:locale\" content=\"pt_BR\" \/>\n<meta property=\"og:type\" content=\"article\" \/>\n<meta property=\"og:title\" content=\"02\/06 - Tende f\u00e9 em Deus. - Pastoral Universit\u00e1ria UniSALESIANO\" \/>\n<meta property=\"og:description\" content=\"Sexta-feira, 02 de junho de 2023. &nbsp; Evangelho (Mc 11,11-26) &nbsp; \u201cTende f\u00e9 em Deus.\u201d &nbsp; Tendo sido aclamado pela multid\u00e3o, 11Jesus entrou, no Templo,...\" \/>\n<meta property=\"og:url\" content=\"https:\/\/unisale.com.br\/novo\/02-06-tende-fe-em-deus\/\" \/>\n<meta property=\"og:site_name\" content=\"Pastoral Universit\u00e1ria UniSALESIANO\" \/>\n<meta property=\"article:published_time\" content=\"2023-05-31T16:35:59+00:00\" \/>\n<meta name=\"author\" content=\"pastoral\" \/>\n<meta name=\"twitter:card\" content=\"summary_large_image\" \/>\n<meta name=\"twitter:label1\" content=\"Escrito por\" \/>\n\t<meta name=\"twitter:data1\" content=\"pastoral\" \/>\n\t<meta name=\"twitter:label2\" content=\"Est. tempo de leitura\" \/>\n\t<meta name=\"twitter:data2\" content=\"4 minutos\" \/>\n<script type=\"application\/ld+json\" class=\"yoast-schema-graph\">{\"@context\":\"https:\\\/\\\/schema.org\",\"@graph\":[{\"@type\":\"Article\",\"@id\":\"https:\\\/\\\/unisale.com.br\\\/novo\\\/02-06-tende-fe-em-deus\\\/#article\",\"isPartOf\":{\"@id\":\"https:\\\/\\\/unisale.com.br\\\/novo\\\/02-06-tende-fe-em-deus\\\/\"},\"author\":{\"name\":\"pastoral\",\"@id\":\"https:\\\/\\\/unisale.com.br\\\/pastoral\\\/#\\\/schema\\\/person\\\/a16ba711a0f7dec9cb6b44563144d5a3\"},\"headline\":\"02\\\/06 &#8211; Tende f\u00e9 em Deus.\",\"datePublished\":\"2023-05-31T16:35:59+00:00\",\"mainEntityOfPage\":{\"@id\":\"https:\\\/\\\/unisale.com.br\\\/novo\\\/02-06-tende-fe-em-deus\\\/\"},\"wordCount\":724,\"image\":{\"@id\":\"https:\\\/\\\/unisale.com.br\\\/novo\\\/02-06-tende-fe-em-deus\\\/#primaryimage\"},\"thumbnailUrl\":\"https:\\\/\\\/unisale.com.br\\\/pastoral\\\/wp-content\\\/uploads\\\/2023\\\/05\\\/Ev-02.jpg\",\"articleSection\":[\"Reflex\u00e3o do Evangelho\"],\"inLanguage\":\"pt-BR\"},{\"@type\":\"WebPage\",\"@id\":\"https:\\\/\\\/unisale.com.br\\\/novo\\\/02-06-tende-fe-em-deus\\\/\",\"url\":\"https:\\\/\\\/unisale.com.br\\\/novo\\\/02-06-tende-fe-em-deus\\\/\",\"name\":\"02\\\/06 - Tende f\u00e9 em Deus. - Pastoral Universit\u00e1ria UniSALESIANO\",\"isPartOf\":{\"@id\":\"https:\\\/\\\/unisale.com.br\\\/pastoral\\\/#website\"},\"primaryImageOfPage\":{\"@id\":\"https:\\\/\\\/unisale.com.br\\\/novo\\\/02-06-tende-fe-em-deus\\\/#primaryimage\"},\"image\":{\"@id\":\"https:\\\/\\\/unisale.com.br\\\/novo\\\/02-06-tende-fe-em-deus\\\/#primaryimage\"},\"thumbnailUrl\":\"https:\\\/\\\/unisale.com.br\\\/pastoral\\\/wp-content\\\/uploads\\\/2023\\\/05\\\/Ev-02.jpg\",\"datePublished\":\"2023-05-31T16:35:59+00:00\",\"author\":{\"@id\":\"https:\\\/\\\/unisale.com.br\\\/pastoral\\\/#\\\/schema\\\/person\\\/a16ba711a0f7dec9cb6b44563144d5a3\"},\"inLanguage\":\"pt-BR\",\"potentialAction\":[{\"@type\":\"ReadAction\",\"target\":[\"https:\\\/\\\/unisale.com.br\\\/novo\\\/02-06-tende-fe-em-deus\\\/\"]}]},{\"@type\":\"ImageObject\",\"inLanguage\":\"pt-BR\",\"@id\":\"https:\\\/\\\/unisale.com.br\\\/novo\\\/02-06-tende-fe-em-deus\\\/#primaryimage\",\"url\":\"https:\\\/\\\/unisale.com.br\\\/pastoral\\\/wp-content\\\/uploads\\\/2023\\\/05\\\/Ev-02.jpg\",\"contentUrl\":\"https:\\\/\\\/unisale.com.br\\\/pastoral\\\/wp-content\\\/uploads\\\/2023\\\/05\\\/Ev-02.jpg\",\"width\":443,\"height\":382},{\"@type\":\"WebSite\",\"@id\":\"https:\\\/\\\/unisale.com.br\\\/pastoral\\\/#website\",\"url\":\"https:\\\/\\\/unisale.com.br\\\/pastoral\\\/\",\"name\":\"Pastoral Universit\u00e1ria UniSALESIANO\",\"description\":\"Site da Pastoral Universit\u00e1ria do UniSALESIANO\",\"potentialAction\":[{\"@type\":\"SearchAction\",\"target\":{\"@type\":\"EntryPoint\",\"urlTemplate\":\"https:\\\/\\\/unisale.com.br\\\/pastoral\\\/?s={search_term_string}\"},\"query-input\":{\"@type\":\"PropertyValueSpecification\",\"valueRequired\":true,\"valueName\":\"search_term_string\"}}],\"inLanguage\":\"pt-BR\"},{\"@type\":\"Person\",\"@id\":\"https:\\\/\\\/unisale.com.br\\\/pastoral\\\/#\\\/schema\\\/person\\\/a16ba711a0f7dec9cb6b44563144d5a3\",\"name\":\"pastoral\",\"url\":\"https:\\\/\\\/unisale.com.br\\\/pastoral\\\/author\\\/pastoral\\\/\"}]}<\/script>\n<!-- \/ Yoast SEO plugin. -->","yoast_head_json":{"title":"02\/06 - Tende f\u00e9 em Deus. - Pastoral Universit\u00e1ria UniSALESIANO","robots":{"index":"index","follow":"follow","max-snippet":"max-snippet:-1","max-image-preview":"max-image-preview:large","max-video-preview":"max-video-preview:-1"},"canonical":"https:\/\/unisale.com.br\/novo\/02-06-tende-fe-em-deus\/","og_locale":"pt_BR","og_type":"article","og_title":"02\/06 - Tende f\u00e9 em Deus. - Pastoral Universit\u00e1ria UniSALESIANO","og_description":"Sexta-feira, 02 de junho de 2023. &nbsp; Evangelho (Mc 11,11-26) &nbsp; \u201cTende f\u00e9 em Deus.\u201d &nbsp; Tendo sido aclamado pela multid\u00e3o, 11Jesus entrou, no Templo,...","og_url":"https:\/\/unisale.com.br\/novo\/02-06-tende-fe-em-deus\/","og_site_name":"Pastoral Universit\u00e1ria UniSALESIANO","article_published_time":"2023-05-31T16:35:59+00:00","author":"pastoral","twitter_card":"summary_large_image","twitter_misc":{"Escrito por":"pastoral","Est. tempo de leitura":"4 minutos"},"schema":{"@context":"https:\/\/schema.org","@graph":[{"@type":"Article","@id":"https:\/\/unisale.com.br\/novo\/02-06-tende-fe-em-deus\/#article","isPartOf":{"@id":"https:\/\/unisale.com.br\/novo\/02-06-tende-fe-em-deus\/"},"author":{"name":"pastoral","@id":"https:\/\/unisale.com.br\/pastoral\/#\/schema\/person\/a16ba711a0f7dec9cb6b44563144d5a3"},"headline":"02\/06 &#8211; Tende f\u00e9 em Deus.","datePublished":"2023-05-31T16:35:59+00:00","mainEntityOfPage":{"@id":"https:\/\/unisale.com.br\/novo\/02-06-tende-fe-em-deus\/"},"wordCount":724,"image":{"@id":"https:\/\/unisale.com.br\/novo\/02-06-tende-fe-em-deus\/#primaryimage"},"thumbnailUrl":"https:\/\/unisale.com.br\/pastoral\/wp-content\/uploads\/2023\/05\/Ev-02.jpg","articleSection":["Reflex\u00e3o do Evangelho"],"inLanguage":"pt-BR"},{"@type":"WebPage","@id":"https:\/\/unisale.com.br\/novo\/02-06-tende-fe-em-deus\/","url":"https:\/\/unisale.com.br\/novo\/02-06-tende-fe-em-deus\/","name":"02\/06 - Tende f\u00e9 em Deus. - Pastoral Universit\u00e1ria UniSALESIANO","isPartOf":{"@id":"https:\/\/unisale.com.br\/pastoral\/#website"},"primaryImageOfPage":{"@id":"https:\/\/unisale.com.br\/novo\/02-06-tende-fe-em-deus\/#primaryimage"},"image":{"@id":"https:\/\/unisale.com.br\/novo\/02-06-tende-fe-em-deus\/#primaryimage"},"thumbnailUrl":"https:\/\/unisale.com.br\/pastoral\/wp-content\/uploads\/2023\/05\/Ev-02.jpg","datePublished":"2023-05-31T16:35:59+00:00","author":{"@id":"https:\/\/unisale.com.br\/pastoral\/#\/schema\/person\/a16ba711a0f7dec9cb6b44563144d5a3"},"inLanguage":"pt-BR","potentialAction":[{"@type":"ReadAction","target":["https:\/\/unisale.com.br\/novo\/02-06-tende-fe-em-deus\/"]}]},{"@type":"ImageObject","inLanguage":"pt-BR","@id":"https:\/\/unisale.com.br\/novo\/02-06-tende-fe-em-deus\/#primaryimage","url":"https:\/\/unisale.com.br\/pastoral\/wp-content\/uploads\/2023\/05\/Ev-02.jpg","contentUrl":"https:\/\/unisale.com.br\/pastoral\/wp-content\/uploads\/2023\/05\/Ev-02.jpg","width":443,"height":382},{"@type":"WebSite","@id":"https:\/\/unisale.com.br\/pastoral\/#website","url":"https:\/\/unisale.com.br\/pastoral\/","name":"Pastoral Universit\u00e1ria UniSALESIANO","description":"Site da Pastoral Universit\u00e1ria do UniSALESIANO","potentialAction":[{"@type":"SearchAction","target":{"@type":"EntryPoint","urlTemplate":"https:\/\/unisale.com.br\/pastoral\/?s={search_term_string}"},"query-input":{"@type":"PropertyValueSpecification","valueRequired":true,"valueName":"search_term_string"}}],"inLanguage":"pt-BR"},{"@type":"Person","@id":"https:\/\/unisale.com.br\/pastoral\/#\/schema\/person\/a16ba711a0f7dec9cb6b44563144d5a3","name":"pastoral","url":"https:\/\/unisale.com.br\/pastoral\/author\/pastoral\/"}]}},"_links":{"self":[{"href":"https:\/\/unisale.com.br\/pastoral\/wp-json\/wp\/v2\/posts\/7010","targetHints":{"allow":["GET"]}}],"collection":[{"href":"https:\/\/unisale.com.br\/pastoral\/wp-json\/wp\/v2\/posts"}],"about":[{"href":"https:\/\/unisale.com.br\/pastoral\/wp-json\/wp\/v2\/types\/post"}],"author":[{"embeddable":true,"href":"https:\/\/unisale.com.br\/pastoral\/wp-json\/wp\/v2\/users\/1"}],"replies":[{"embeddable":true,"href":"https:\/\/unisale.com.br\/pastoral\/wp-json\/wp\/v2\/comments?post=7010"}],"version-history":[{"count":0,"href":"https:\/\/unisale.com.br\/pastoral\/wp-json\/wp\/v2\/posts\/7010\/revisions"}],"wp:featuredmedia":[{"embeddable":true,"href":"https:\/\/unisale.com.br\/pastoral\/wp-json\/wp\/v2\/media\/7005"}],"wp:attachment":[{"href":"https:\/\/unisale.com.br\/pastoral\/wp-json\/wp\/v2\/media?parent=7010"}],"wp:term":[{"taxonomy":"category","embeddable":true,"href":"https:\/\/unisale.com.br\/pastoral\/wp-json\/wp\/v2\/categories?post=7010"},{"taxonomy":"post_tag","embeddable":true,"href":"https:\/\/unisale.com.br\/pastoral\/wp-json\/wp\/v2\/tags?post=7010"}],"curies":[{"name":"wp","href":"https:\/\/api.w.org\/{rel}","templated":true}]}}