{"id":7016,"date":"2023-06-01T11:11:12","date_gmt":"2023-06-01T11:11:12","guid":{"rendered":"https:\/\/unisale.com.br\/pastoral\/?p=7016"},"modified":"2023-06-01T11:11:12","modified_gmt":"2023-06-01T11:11:12","slug":"03-07-pois-eu-tambem-nao-vos-digo-com-que-autoridade-faco-essas-coisas","status":"publish","type":"post","link":"https:\/\/unisale.com.br\/pastoral\/03-07-pois-eu-tambem-nao-vos-digo-com-que-autoridade-faco-essas-coisas\/","title":{"rendered":"03\/06 &#8211; Pois eu tamb\u00e9m n\u00e3o vos digo com que autoridade fa\u00e7o essas coisas."},"content":{"rendered":"<p>S\u00e1bado, 03 de junho de 2023.<\/p>\n<p>&nbsp;<\/p>\n<p>Evangelho (Mc 11,27-33)<\/p>\n<p>&nbsp;<\/p>\n<p><strong>\u201cPois eu tamb\u00e9m n\u00e3o vos digo com que autoridade fa\u00e7o essas coisas\u201d.<\/strong><\/p>\n<p>&nbsp;<\/p>\n<p>Naquele tempo, <sup>27<\/sup>Jesus e os disc\u00edpulos foram de novo a Jerusal\u00e9m. Enquanto Jesus estava andando no Templo, os sumos sacerdotes, os mestres da Lei e os anci\u00e3os aproximaram-se dele e perguntaram: <sup>28<\/sup>\u201dCom que autoridade fazes essas coisas? Quem te deu autoridade para fazer isso?\u201d <sup>29<\/sup>Jesus respondeu: \u201cVou fazer-vos uma s\u00f3 pergunta. Se me responderdes, eu vos direi com que autoridade fa\u00e7o isso. <sup>30<\/sup>O batismo de Jo\u00e3o vinha do c\u00e9u ou dos homens? Respondei-me\u201d. <sup>31<\/sup>Eles discutiam entre si: \u201cSe respondermos que vinha do c\u00e9u, ele vai dizer: \u2018Por que n\u00e3o acreditastes em Jo\u00e3o?\u2019 <sup>32<\/sup>Devemos ent\u00e3o dizer que vinha dos homens?\u201d Mas eles tinham medo da multid\u00e3o, porque todos, de fato, tinham Jo\u00e3o na qualidade de profeta. <sup>33<\/sup>Ent\u00e3o eles responderam a Jesus: \u201cN\u00e3o sabemos\u201d. E Jesus disse: \u201cPois eu tamb\u00e9m n\u00e3o vos digo com que autoridade fa\u00e7o essas coisas\u201d.<\/p>\n<p>&nbsp;<\/p>\n<p><strong>Reflex\u00e3o<\/strong><\/p>\n<p>&nbsp;<\/p>\n<p>\u201cJesus e os disc\u00edpulos foram de novo a Jerusal\u00e9m. Enquanto Jesus estava andando no Templo, os sumos sacerdotes, os mestres da Lei e os anci\u00e3os aproximaram-se dele e perguntaram: \u2018Com que autoridade fazes essas coisas?\u2019\u201d<\/p>\n<p>&nbsp;<\/p>\n<p>Os escribas e os anci\u00e3os do Evangelho de hoje se comportam como aqueles comerciantes invejosos que se sentem sempre amea\u00e7ados pelos outros comerciantes e por isso, procuram tornar a vida de seus \u201cconcorrentes\u201d imposs\u00edvel. Jesus parece arruinar o trabalho deles e por isso lhe pedem de \u201cse revelar\u201d, ou seja, \u201ccom que autoridade\u201d Jesus faz o que faz? A mensagem de Jesus n\u00e3o pode atingir o cora\u00e7\u00e3o de pessoa que agem da mesma maneira: <sup>\u201c<\/sup>Jesus respondeu: \u201cVou fazer-vos uma s\u00f3 pergunta. Se me responderdes, eu vos direi com que autoridade fa\u00e7o isso. O batismo de Jo\u00e3o vinha do c\u00e9u ou dos homens? Respondei-me\u201d. Jesus sabe que eles jamais admitir\u00e3o a extraordinariedade de Jo\u00e3o Batista, e n\u00e3o o far\u00e3o por falta de lealdade. E a quem n\u00e3o \u00e9 leal n\u00e3o se pode nem mesmo se dar uma coisa verdadeira. Quem sabe este seja o problema de todos n\u00f3s, que n\u00e3o conseguimos ver no comportamento destes escribas e anci\u00e3os a nossa mesma maneira de pensar. Muitas vezes n\u00f3s tamb\u00e9m n\u00e3o queremos assumir seriamente os ensinamentos de Jesus. Uma f\u00e9 autenticamente crist\u00e3 \u00e9 antes de tudo, o deixar-se colocar em crise diante da mensagem de Jesus. \u00c9 perceber que as palavras de Jesus s\u00e3o dirigidas a cada um de n\u00f3s. \u00c9 parar de querer manobra-lo e interpret\u00e1-lo segundo a nossa vontade. O cristianismo n\u00e3o inicia quando paramos de errar, mas quando come\u00e7amos a ser honestos em admitir os nossos erros.<sup> \u201c<\/sup>Ent\u00e3o eles responderam a Jesus: \u201cN\u00e3o sabemos\u201d. E Jesus disse: \u201cPois eu tamb\u00e9m n\u00e3o vos digo com que autoridade fa\u00e7o essas coisas\u201d. A vida espiritual \u00e9 impratic\u00e1vel com a hipocrisia. Precisa primeira retirarmos as m\u00e1scaras e depois podemos receber a resposta que buscamos.<\/p>\n<p>&nbsp;<\/p>\n<p><strong>Pe. Paulo Eduardo J\u00e1como, SDB.<\/strong><\/p>\n","protected":false},"excerpt":{"rendered":"<p>S\u00e1bado, 03 de junho de 2023. &nbsp; Evangelho (Mc 11,27-33) &nbsp; \u201cPois eu tamb\u00e9m n\u00e3o vos digo com que autoridade fa\u00e7o essas coisas\u201d. &nbsp; Naquele&#8230;<\/p>\n","protected":false},"author":1,"featured_media":7006,"comment_status":"closed","ping_status":"closed","sticky":false,"template":"","format":"standard","meta":{"_acf_changed":false,"footnotes":""},"categories":[13],"tags":[],"class_list":["post-7016","post","type-post","status-publish","format-standard","has-post-thumbnail","hentry","category-reflexaodoevagelho"],"acf":[],"yoast_head":"<!-- This site is optimized with the Yoast SEO plugin v27.3 - https:\/\/yoast.com\/product\/yoast-seo-wordpress\/ -->\n<title>03\/06 - Pois eu tamb\u00e9m n\u00e3o vos digo com que autoridade fa\u00e7o essas coisas. - Pastoral Universit\u00e1ria UniSALESIANO<\/title>\n<meta name=\"robots\" content=\"index, follow, max-snippet:-1, max-image-preview:large, max-video-preview:-1\" \/>\n<link rel=\"canonical\" href=\"https:\/\/unisale.com.br\/novo\/03-07-pois-eu-tambem-nao-vos-digo-com-que-autoridade-faco-essas-coisas\/\" \/>\n<meta property=\"og:locale\" content=\"pt_BR\" \/>\n<meta property=\"og:type\" content=\"article\" \/>\n<meta property=\"og:title\" content=\"03\/06 - Pois eu tamb\u00e9m n\u00e3o vos digo com que autoridade fa\u00e7o essas coisas. - Pastoral Universit\u00e1ria UniSALESIANO\" \/>\n<meta property=\"og:description\" content=\"S\u00e1bado, 03 de junho de 2023. &nbsp; Evangelho (Mc 11,27-33) &nbsp; \u201cPois eu tamb\u00e9m n\u00e3o vos digo com que autoridade fa\u00e7o essas coisas\u201d. &nbsp; Naquele...\" \/>\n<meta property=\"og:url\" content=\"https:\/\/unisale.com.br\/novo\/03-07-pois-eu-tambem-nao-vos-digo-com-que-autoridade-faco-essas-coisas\/\" \/>\n<meta property=\"og:site_name\" content=\"Pastoral Universit\u00e1ria UniSALESIANO\" \/>\n<meta property=\"article:published_time\" content=\"2023-06-01T11:11:12+00:00\" \/>\n<meta name=\"author\" content=\"pastoral\" \/>\n<meta name=\"twitter:card\" content=\"summary_large_image\" \/>\n<meta name=\"twitter:label1\" content=\"Escrito por\" \/>\n\t<meta name=\"twitter:data1\" content=\"pastoral\" \/>\n\t<meta name=\"twitter:label2\" content=\"Est. tempo de leitura\" \/>\n\t<meta name=\"twitter:data2\" content=\"3 minutos\" \/>\n<script type=\"application\/ld+json\" class=\"yoast-schema-graph\">{\"@context\":\"https:\\\/\\\/schema.org\",\"@graph\":[{\"@type\":\"Article\",\"@id\":\"https:\\\/\\\/unisale.com.br\\\/novo\\\/03-07-pois-eu-tambem-nao-vos-digo-com-que-autoridade-faco-essas-coisas\\\/#article\",\"isPartOf\":{\"@id\":\"https:\\\/\\\/unisale.com.br\\\/novo\\\/03-07-pois-eu-tambem-nao-vos-digo-com-que-autoridade-faco-essas-coisas\\\/\"},\"author\":{\"name\":\"pastoral\",\"@id\":\"https:\\\/\\\/unisale.com.br\\\/pastoral\\\/#\\\/schema\\\/person\\\/a16ba711a0f7dec9cb6b44563144d5a3\"},\"headline\":\"03\\\/06 &#8211; Pois eu tamb\u00e9m n\u00e3o vos digo com que autoridade fa\u00e7o essas coisas.\",\"datePublished\":\"2023-06-01T11:11:12+00:00\",\"mainEntityOfPage\":{\"@id\":\"https:\\\/\\\/unisale.com.br\\\/novo\\\/03-07-pois-eu-tambem-nao-vos-digo-com-que-autoridade-faco-essas-coisas\\\/\"},\"wordCount\":553,\"image\":{\"@id\":\"https:\\\/\\\/unisale.com.br\\\/novo\\\/03-07-pois-eu-tambem-nao-vos-digo-com-que-autoridade-faco-essas-coisas\\\/#primaryimage\"},\"thumbnailUrl\":\"https:\\\/\\\/unisale.com.br\\\/pastoral\\\/wp-content\\\/uploads\\\/2023\\\/05\\\/Ev-03.jpg\",\"articleSection\":[\"Reflex\u00e3o do Evangelho\"],\"inLanguage\":\"pt-BR\"},{\"@type\":\"WebPage\",\"@id\":\"https:\\\/\\\/unisale.com.br\\\/novo\\\/03-07-pois-eu-tambem-nao-vos-digo-com-que-autoridade-faco-essas-coisas\\\/\",\"url\":\"https:\\\/\\\/unisale.com.br\\\/novo\\\/03-07-pois-eu-tambem-nao-vos-digo-com-que-autoridade-faco-essas-coisas\\\/\",\"name\":\"03\\\/06 - Pois eu tamb\u00e9m n\u00e3o vos digo com que autoridade fa\u00e7o essas coisas. - Pastoral Universit\u00e1ria UniSALESIANO\",\"isPartOf\":{\"@id\":\"https:\\\/\\\/unisale.com.br\\\/pastoral\\\/#website\"},\"primaryImageOfPage\":{\"@id\":\"https:\\\/\\\/unisale.com.br\\\/novo\\\/03-07-pois-eu-tambem-nao-vos-digo-com-que-autoridade-faco-essas-coisas\\\/#primaryimage\"},\"image\":{\"@id\":\"https:\\\/\\\/unisale.com.br\\\/novo\\\/03-07-pois-eu-tambem-nao-vos-digo-com-que-autoridade-faco-essas-coisas\\\/#primaryimage\"},\"thumbnailUrl\":\"https:\\\/\\\/unisale.com.br\\\/pastoral\\\/wp-content\\\/uploads\\\/2023\\\/05\\\/Ev-03.jpg\",\"datePublished\":\"2023-06-01T11:11:12+00:00\",\"author\":{\"@id\":\"https:\\\/\\\/unisale.com.br\\\/pastoral\\\/#\\\/schema\\\/person\\\/a16ba711a0f7dec9cb6b44563144d5a3\"},\"inLanguage\":\"pt-BR\",\"potentialAction\":[{\"@type\":\"ReadAction\",\"target\":[\"https:\\\/\\\/unisale.com.br\\\/novo\\\/03-07-pois-eu-tambem-nao-vos-digo-com-que-autoridade-faco-essas-coisas\\\/\"]}]},{\"@type\":\"ImageObject\",\"inLanguage\":\"pt-BR\",\"@id\":\"https:\\\/\\\/unisale.com.br\\\/novo\\\/03-07-pois-eu-tambem-nao-vos-digo-com-que-autoridade-faco-essas-coisas\\\/#primaryimage\",\"url\":\"https:\\\/\\\/unisale.com.br\\\/pastoral\\\/wp-content\\\/uploads\\\/2023\\\/05\\\/Ev-03.jpg\",\"contentUrl\":\"https:\\\/\\\/unisale.com.br\\\/pastoral\\\/wp-content\\\/uploads\\\/2023\\\/05\\\/Ev-03.jpg\",\"width\":640,\"height\":316},{\"@type\":\"WebSite\",\"@id\":\"https:\\\/\\\/unisale.com.br\\\/pastoral\\\/#website\",\"url\":\"https:\\\/\\\/unisale.com.br\\\/pastoral\\\/\",\"name\":\"Pastoral Universit\u00e1ria UniSALESIANO\",\"description\":\"Site da Pastoral Universit\u00e1ria do UniSALESIANO\",\"potentialAction\":[{\"@type\":\"SearchAction\",\"target\":{\"@type\":\"EntryPoint\",\"urlTemplate\":\"https:\\\/\\\/unisale.com.br\\\/pastoral\\\/?s={search_term_string}\"},\"query-input\":{\"@type\":\"PropertyValueSpecification\",\"valueRequired\":true,\"valueName\":\"search_term_string\"}}],\"inLanguage\":\"pt-BR\"},{\"@type\":\"Person\",\"@id\":\"https:\\\/\\\/unisale.com.br\\\/pastoral\\\/#\\\/schema\\\/person\\\/a16ba711a0f7dec9cb6b44563144d5a3\",\"name\":\"pastoral\",\"url\":\"https:\\\/\\\/unisale.com.br\\\/pastoral\\\/author\\\/pastoral\\\/\"}]}<\/script>\n<!-- \/ Yoast SEO plugin. -->","yoast_head_json":{"title":"03\/06 - Pois eu tamb\u00e9m n\u00e3o vos digo com que autoridade fa\u00e7o essas coisas. - Pastoral Universit\u00e1ria UniSALESIANO","robots":{"index":"index","follow":"follow","max-snippet":"max-snippet:-1","max-image-preview":"max-image-preview:large","max-video-preview":"max-video-preview:-1"},"canonical":"https:\/\/unisale.com.br\/novo\/03-07-pois-eu-tambem-nao-vos-digo-com-que-autoridade-faco-essas-coisas\/","og_locale":"pt_BR","og_type":"article","og_title":"03\/06 - Pois eu tamb\u00e9m n\u00e3o vos digo com que autoridade fa\u00e7o essas coisas. - Pastoral Universit\u00e1ria UniSALESIANO","og_description":"S\u00e1bado, 03 de junho de 2023. &nbsp; Evangelho (Mc 11,27-33) &nbsp; \u201cPois eu tamb\u00e9m n\u00e3o vos digo com que autoridade fa\u00e7o essas coisas\u201d. &nbsp; Naquele...","og_url":"https:\/\/unisale.com.br\/novo\/03-07-pois-eu-tambem-nao-vos-digo-com-que-autoridade-faco-essas-coisas\/","og_site_name":"Pastoral Universit\u00e1ria UniSALESIANO","article_published_time":"2023-06-01T11:11:12+00:00","author":"pastoral","twitter_card":"summary_large_image","twitter_misc":{"Escrito por":"pastoral","Est. tempo de leitura":"3 minutos"},"schema":{"@context":"https:\/\/schema.org","@graph":[{"@type":"Article","@id":"https:\/\/unisale.com.br\/novo\/03-07-pois-eu-tambem-nao-vos-digo-com-que-autoridade-faco-essas-coisas\/#article","isPartOf":{"@id":"https:\/\/unisale.com.br\/novo\/03-07-pois-eu-tambem-nao-vos-digo-com-que-autoridade-faco-essas-coisas\/"},"author":{"name":"pastoral","@id":"https:\/\/unisale.com.br\/pastoral\/#\/schema\/person\/a16ba711a0f7dec9cb6b44563144d5a3"},"headline":"03\/06 &#8211; Pois eu tamb\u00e9m n\u00e3o vos digo com que autoridade fa\u00e7o essas coisas.","datePublished":"2023-06-01T11:11:12+00:00","mainEntityOfPage":{"@id":"https:\/\/unisale.com.br\/novo\/03-07-pois-eu-tambem-nao-vos-digo-com-que-autoridade-faco-essas-coisas\/"},"wordCount":553,"image":{"@id":"https:\/\/unisale.com.br\/novo\/03-07-pois-eu-tambem-nao-vos-digo-com-que-autoridade-faco-essas-coisas\/#primaryimage"},"thumbnailUrl":"https:\/\/unisale.com.br\/pastoral\/wp-content\/uploads\/2023\/05\/Ev-03.jpg","articleSection":["Reflex\u00e3o do Evangelho"],"inLanguage":"pt-BR"},{"@type":"WebPage","@id":"https:\/\/unisale.com.br\/novo\/03-07-pois-eu-tambem-nao-vos-digo-com-que-autoridade-faco-essas-coisas\/","url":"https:\/\/unisale.com.br\/novo\/03-07-pois-eu-tambem-nao-vos-digo-com-que-autoridade-faco-essas-coisas\/","name":"03\/06 - Pois eu tamb\u00e9m n\u00e3o vos digo com que autoridade fa\u00e7o essas coisas. - Pastoral Universit\u00e1ria UniSALESIANO","isPartOf":{"@id":"https:\/\/unisale.com.br\/pastoral\/#website"},"primaryImageOfPage":{"@id":"https:\/\/unisale.com.br\/novo\/03-07-pois-eu-tambem-nao-vos-digo-com-que-autoridade-faco-essas-coisas\/#primaryimage"},"image":{"@id":"https:\/\/unisale.com.br\/novo\/03-07-pois-eu-tambem-nao-vos-digo-com-que-autoridade-faco-essas-coisas\/#primaryimage"},"thumbnailUrl":"https:\/\/unisale.com.br\/pastoral\/wp-content\/uploads\/2023\/05\/Ev-03.jpg","datePublished":"2023-06-01T11:11:12+00:00","author":{"@id":"https:\/\/unisale.com.br\/pastoral\/#\/schema\/person\/a16ba711a0f7dec9cb6b44563144d5a3"},"inLanguage":"pt-BR","potentialAction":[{"@type":"ReadAction","target":["https:\/\/unisale.com.br\/novo\/03-07-pois-eu-tambem-nao-vos-digo-com-que-autoridade-faco-essas-coisas\/"]}]},{"@type":"ImageObject","inLanguage":"pt-BR","@id":"https:\/\/unisale.com.br\/novo\/03-07-pois-eu-tambem-nao-vos-digo-com-que-autoridade-faco-essas-coisas\/#primaryimage","url":"https:\/\/unisale.com.br\/pastoral\/wp-content\/uploads\/2023\/05\/Ev-03.jpg","contentUrl":"https:\/\/unisale.com.br\/pastoral\/wp-content\/uploads\/2023\/05\/Ev-03.jpg","width":640,"height":316},{"@type":"WebSite","@id":"https:\/\/unisale.com.br\/pastoral\/#website","url":"https:\/\/unisale.com.br\/pastoral\/","name":"Pastoral Universit\u00e1ria UniSALESIANO","description":"Site da Pastoral Universit\u00e1ria do UniSALESIANO","potentialAction":[{"@type":"SearchAction","target":{"@type":"EntryPoint","urlTemplate":"https:\/\/unisale.com.br\/pastoral\/?s={search_term_string}"},"query-input":{"@type":"PropertyValueSpecification","valueRequired":true,"valueName":"search_term_string"}}],"inLanguage":"pt-BR"},{"@type":"Person","@id":"https:\/\/unisale.com.br\/pastoral\/#\/schema\/person\/a16ba711a0f7dec9cb6b44563144d5a3","name":"pastoral","url":"https:\/\/unisale.com.br\/pastoral\/author\/pastoral\/"}]}},"_links":{"self":[{"href":"https:\/\/unisale.com.br\/pastoral\/wp-json\/wp\/v2\/posts\/7016","targetHints":{"allow":["GET"]}}],"collection":[{"href":"https:\/\/unisale.com.br\/pastoral\/wp-json\/wp\/v2\/posts"}],"about":[{"href":"https:\/\/unisale.com.br\/pastoral\/wp-json\/wp\/v2\/types\/post"}],"author":[{"embeddable":true,"href":"https:\/\/unisale.com.br\/pastoral\/wp-json\/wp\/v2\/users\/1"}],"replies":[{"embeddable":true,"href":"https:\/\/unisale.com.br\/pastoral\/wp-json\/wp\/v2\/comments?post=7016"}],"version-history":[{"count":0,"href":"https:\/\/unisale.com.br\/pastoral\/wp-json\/wp\/v2\/posts\/7016\/revisions"}],"wp:featuredmedia":[{"embeddable":true,"href":"https:\/\/unisale.com.br\/pastoral\/wp-json\/wp\/v2\/media\/7006"}],"wp:attachment":[{"href":"https:\/\/unisale.com.br\/pastoral\/wp-json\/wp\/v2\/media?parent=7016"}],"wp:term":[{"taxonomy":"category","embeddable":true,"href":"https:\/\/unisale.com.br\/pastoral\/wp-json\/wp\/v2\/categories?post=7016"},{"taxonomy":"post_tag","embeddable":true,"href":"https:\/\/unisale.com.br\/pastoral\/wp-json\/wp\/v2\/tags?post=7016"}],"curies":[{"name":"wp","href":"https:\/\/api.w.org\/{rel}","templated":true}]}}