{"id":7019,"date":"2023-06-01T11:12:12","date_gmt":"2023-06-01T11:12:12","guid":{"rendered":"https:\/\/unisale.com.br\/pastoral\/?p=7019"},"modified":"2023-06-01T11:12:12","modified_gmt":"2023-06-01T11:12:12","slug":"04-07-deus-nao-enviou-o-seu-filho-ao-mundo-para-condenar-o-mundo-mas-para-que-o-mundo-seja-salvo-por-ele","status":"publish","type":"post","link":"https:\/\/unisale.com.br\/pastoral\/04-07-deus-nao-enviou-o-seu-filho-ao-mundo-para-condenar-o-mundo-mas-para-que-o-mundo-seja-salvo-por-ele\/","title":{"rendered":"04\/06 &#8211; Deus n\u00e3o enviou o seu Filho ao mundo para condenar o mundo, mas para que o mundo seja salvo por ele."},"content":{"rendered":"<p>Domingo, 04 de junho de 2023. \u2013 Sant\u00edssima Trindade<\/p>\n<p>&nbsp;<\/p>\n<p>Evangelho (Jo 3,16-18)<\/p>\n<p>&nbsp;<\/p>\n<p><strong>\u201cDeus n\u00e3o enviou o seu Filho ao mundo para condenar o mundo, mas para que o mundo seja salvo por ele.\u201d<\/strong><\/p>\n<p>&nbsp;<\/p>\n<p><sup>16<\/sup>Deus amou tanto o mundo, que deu o seu Filho unig\u00eanito, para que n\u00e3o morra todo o que nele crer, mas tenha a vida eterna. <sup>17<\/sup>De fato, Deus n\u00e3o enviou o seu Filho ao mundo para condenar o mundo, mas para que o mundo seja salvo por ele. <sup>18<\/sup>Quem nele cr\u00ea, n\u00e3o \u00e9 condenado, mas quem n\u00e3o cr\u00ea, j\u00e1 est\u00e1 condenado, porque n\u00e3o acreditou no nome do Filho unig\u00eanito.<\/p>\n<p>&nbsp;<\/p>\n<p><strong>Reflex\u00e3o<\/strong><\/p>\n<p>&nbsp;<\/p>\n<p>&nbsp;<\/p>\n<p>Depois de termos celebrado a P\u00e1scoa e termos revivido Pentecostes, olhando para o c\u00e9u com os olhos da f\u00e9, entramos no Mist\u00e9rio de Deus, Uno na sua subst\u00e2ncia e Trino nas Pessoas: Pai, Filho e Esp\u00edrito Santo. Sabemos que este mist\u00e9rio da Trindade \u00e9 inalcan\u00e7\u00e1vel para a mente humana. A mente e a linguagem humana s\u00e3o inapropriadas para explicar a rela\u00e7\u00e3o existente entre o Pai, o Filho e o Esp\u00edrito Santo. Como os Padres da Igreja explicavam, para entender tal mist\u00e9rio \u00e9 preciso vive-lo na pr\u00f3pria exist\u00eancia com f\u00e9 profunda. Sim, a Trindade come\u00e7a a habitar em n\u00f3s no dia do nosso batismo: \u201cEu te batizo em nome do Pai, e do Filho e do Esp\u00edrito Santo\u201d. Este nome de Deus n\u00f3s recordamos todas as vezes que tra\u00e7amos sobre n\u00f3s o sinal da cruz. Com este sinal n\u00f3s nos colocamos espiritualmente em ordem; concentramos em Deus os pensamentos, cora\u00e7\u00e3o e vontade. No sinal da cruz e no nome do Deus vivente est\u00e1 contido o An\u00fancio que gera a f\u00e9 e inspira a ora\u00e7\u00e3o. \u00c9 Jesus que promete que o Esp\u00edrito nos guiar\u00e1 \u00e0 verdade. A festa da Sant\u00edssima Trindade nos faz contemplar a gl\u00f3ria de Deus, \u201co \u00fanico Deus em tr\u00eas pessoas. Deus se apresenta a n\u00f3s n\u00e3o como um ser est\u00e1tico e solit\u00e1rio, mas como uma comunh\u00e3o de vida e uma troca de dons at\u00e9 a eternidade. Mas se Deus \u00e9 Trindade e a sua natureza \u00e9 uma realidade de maravilhosas rela\u00e7\u00f5es, agora tamb\u00e9m n\u00f3s, criados \u00e0 sua imagem e semelhan\u00e7a, n\u00e3o podemos buscar o sentido da nossa vida se n\u00e3o no espa\u00e7o de rela\u00e7\u00f5es que vivemos. Jesus diz aos seus disc\u00edpulos que somente atrav\u00e9s do Esp\u00edrito \u00e9 poss\u00edvel ter acesso \u00e0 gra\u00e7a, que nos faz part\u00edcipes da vida em Deus. O Esp\u00edrito nos introduz na rela\u00e7\u00e3o de amor que existe na Trindade. Na festa da Trindade que possamos olhar com esperan\u00e7a a n\u00f3s e ao tecido das rela\u00e7\u00f5es no qual somos constitu\u00eddos homens e mulheres, pais e m\u00e3es, irm\u00e3os e irm\u00e3s. Mesmo que as nossas rela\u00e7\u00f5es sejam marcadas por feridas e trai\u00e7\u00f5es, somos chamados a esperan\u00e7a de que possa florir a certeza de que aconte\u00e7am sempre novas ocasi\u00f5es de retomar em m\u00e3os, aquelas rela\u00e7\u00f5es que come\u00e7amos a construir e cur\u00e1-las. A comunh\u00e3o do Pai, do Filho e do Esp\u00edrito Santo nos sustenta, nos ilumina e nos transfigura para tornar-nos capazes de doar, receber e ser amor.<\/p>\n<p><strong>Pe. Paulo Eduardo J\u00e1como, SDB.<\/strong><\/p>\n","protected":false},"excerpt":{"rendered":"<p>Domingo, 04 de junho de 2023. \u2013 Sant\u00edssima Trindade &nbsp; Evangelho (Jo 3,16-18) &nbsp; \u201cDeus n\u00e3o enviou o seu Filho ao mundo para condenar o&#8230;<\/p>\n","protected":false},"author":1,"featured_media":7007,"comment_status":"closed","ping_status":"closed","sticky":false,"template":"","format":"standard","meta":{"_acf_changed":false,"footnotes":""},"categories":[13],"tags":[],"class_list":["post-7019","post","type-post","status-publish","format-standard","has-post-thumbnail","hentry","category-reflexaodoevagelho"],"acf":[],"yoast_head":"<!-- This site is optimized with the Yoast SEO plugin v27.3 - https:\/\/yoast.com\/product\/yoast-seo-wordpress\/ -->\n<title>04\/06 - Deus n\u00e3o enviou o seu Filho ao mundo para condenar o mundo, mas para que o mundo seja salvo por ele. - Pastoral Universit\u00e1ria UniSALESIANO<\/title>\n<meta name=\"robots\" content=\"index, follow, max-snippet:-1, max-image-preview:large, max-video-preview:-1\" \/>\n<link rel=\"canonical\" href=\"https:\/\/unisale.com.br\/novo\/04-07-deus-nao-enviou-o-seu-filho-ao-mundo-para-condenar-o-mundo-mas-para-que-o-mundo-seja-salvo-por-ele\/\" \/>\n<meta property=\"og:locale\" content=\"pt_BR\" \/>\n<meta property=\"og:type\" content=\"article\" \/>\n<meta property=\"og:title\" content=\"04\/06 - Deus n\u00e3o enviou o seu Filho ao mundo para condenar o mundo, mas para que o mundo seja salvo por ele. - Pastoral Universit\u00e1ria UniSALESIANO\" \/>\n<meta property=\"og:description\" content=\"Domingo, 04 de junho de 2023. \u2013 Sant\u00edssima Trindade &nbsp; Evangelho (Jo 3,16-18) &nbsp; \u201cDeus n\u00e3o enviou o seu Filho ao mundo para condenar o...\" \/>\n<meta property=\"og:url\" content=\"https:\/\/unisale.com.br\/novo\/04-07-deus-nao-enviou-o-seu-filho-ao-mundo-para-condenar-o-mundo-mas-para-que-o-mundo-seja-salvo-por-ele\/\" \/>\n<meta property=\"og:site_name\" content=\"Pastoral Universit\u00e1ria UniSALESIANO\" \/>\n<meta property=\"article:published_time\" content=\"2023-06-01T11:12:12+00:00\" \/>\n<meta name=\"author\" content=\"pastoral\" \/>\n<meta name=\"twitter:card\" content=\"summary_large_image\" \/>\n<meta name=\"twitter:label1\" content=\"Escrito por\" \/>\n\t<meta name=\"twitter:data1\" content=\"pastoral\" \/>\n\t<meta name=\"twitter:label2\" content=\"Est. tempo de leitura\" \/>\n\t<meta name=\"twitter:data2\" content=\"3 minutos\" \/>\n<script type=\"application\/ld+json\" class=\"yoast-schema-graph\">{\"@context\":\"https:\\\/\\\/schema.org\",\"@graph\":[{\"@type\":\"Article\",\"@id\":\"https:\\\/\\\/unisale.com.br\\\/novo\\\/04-07-deus-nao-enviou-o-seu-filho-ao-mundo-para-condenar-o-mundo-mas-para-que-o-mundo-seja-salvo-por-ele\\\/#article\",\"isPartOf\":{\"@id\":\"https:\\\/\\\/unisale.com.br\\\/novo\\\/04-07-deus-nao-enviou-o-seu-filho-ao-mundo-para-condenar-o-mundo-mas-para-que-o-mundo-seja-salvo-por-ele\\\/\"},\"author\":{\"name\":\"pastoral\",\"@id\":\"https:\\\/\\\/unisale.com.br\\\/pastoral\\\/#\\\/schema\\\/person\\\/a16ba711a0f7dec9cb6b44563144d5a3\"},\"headline\":\"04\\\/06 &#8211; Deus n\u00e3o enviou o seu Filho ao mundo para condenar o mundo, mas para que o mundo seja salvo por ele.\",\"datePublished\":\"2023-06-01T11:12:12+00:00\",\"mainEntityOfPage\":{\"@id\":\"https:\\\/\\\/unisale.com.br\\\/novo\\\/04-07-deus-nao-enviou-o-seu-filho-ao-mundo-para-condenar-o-mundo-mas-para-que-o-mundo-seja-salvo-por-ele\\\/\"},\"wordCount\":599,\"image\":{\"@id\":\"https:\\\/\\\/unisale.com.br\\\/novo\\\/04-07-deus-nao-enviou-o-seu-filho-ao-mundo-para-condenar-o-mundo-mas-para-que-o-mundo-seja-salvo-por-ele\\\/#primaryimage\"},\"thumbnailUrl\":\"https:\\\/\\\/unisale.com.br\\\/pastoral\\\/wp-content\\\/uploads\\\/2023\\\/05\\\/Ev-04.jpg\",\"articleSection\":[\"Reflex\u00e3o do Evangelho\"],\"inLanguage\":\"pt-BR\"},{\"@type\":\"WebPage\",\"@id\":\"https:\\\/\\\/unisale.com.br\\\/novo\\\/04-07-deus-nao-enviou-o-seu-filho-ao-mundo-para-condenar-o-mundo-mas-para-que-o-mundo-seja-salvo-por-ele\\\/\",\"url\":\"https:\\\/\\\/unisale.com.br\\\/novo\\\/04-07-deus-nao-enviou-o-seu-filho-ao-mundo-para-condenar-o-mundo-mas-para-que-o-mundo-seja-salvo-por-ele\\\/\",\"name\":\"04\\\/06 - Deus n\u00e3o enviou o seu Filho ao mundo para condenar o mundo, mas para que o mundo seja salvo por ele. - Pastoral Universit\u00e1ria UniSALESIANO\",\"isPartOf\":{\"@id\":\"https:\\\/\\\/unisale.com.br\\\/pastoral\\\/#website\"},\"primaryImageOfPage\":{\"@id\":\"https:\\\/\\\/unisale.com.br\\\/novo\\\/04-07-deus-nao-enviou-o-seu-filho-ao-mundo-para-condenar-o-mundo-mas-para-que-o-mundo-seja-salvo-por-ele\\\/#primaryimage\"},\"image\":{\"@id\":\"https:\\\/\\\/unisale.com.br\\\/novo\\\/04-07-deus-nao-enviou-o-seu-filho-ao-mundo-para-condenar-o-mundo-mas-para-que-o-mundo-seja-salvo-por-ele\\\/#primaryimage\"},\"thumbnailUrl\":\"https:\\\/\\\/unisale.com.br\\\/pastoral\\\/wp-content\\\/uploads\\\/2023\\\/05\\\/Ev-04.jpg\",\"datePublished\":\"2023-06-01T11:12:12+00:00\",\"author\":{\"@id\":\"https:\\\/\\\/unisale.com.br\\\/pastoral\\\/#\\\/schema\\\/person\\\/a16ba711a0f7dec9cb6b44563144d5a3\"},\"inLanguage\":\"pt-BR\",\"potentialAction\":[{\"@type\":\"ReadAction\",\"target\":[\"https:\\\/\\\/unisale.com.br\\\/novo\\\/04-07-deus-nao-enviou-o-seu-filho-ao-mundo-para-condenar-o-mundo-mas-para-que-o-mundo-seja-salvo-por-ele\\\/\"]}]},{\"@type\":\"ImageObject\",\"inLanguage\":\"pt-BR\",\"@id\":\"https:\\\/\\\/unisale.com.br\\\/novo\\\/04-07-deus-nao-enviou-o-seu-filho-ao-mundo-para-condenar-o-mundo-mas-para-que-o-mundo-seja-salvo-por-ele\\\/#primaryimage\",\"url\":\"https:\\\/\\\/unisale.com.br\\\/pastoral\\\/wp-content\\\/uploads\\\/2023\\\/05\\\/Ev-04.jpg\",\"contentUrl\":\"https:\\\/\\\/unisale.com.br\\\/pastoral\\\/wp-content\\\/uploads\\\/2023\\\/05\\\/Ev-04.jpg\",\"width\":830,\"height\":445},{\"@type\":\"WebSite\",\"@id\":\"https:\\\/\\\/unisale.com.br\\\/pastoral\\\/#website\",\"url\":\"https:\\\/\\\/unisale.com.br\\\/pastoral\\\/\",\"name\":\"Pastoral Universit\u00e1ria UniSALESIANO\",\"description\":\"Site da Pastoral Universit\u00e1ria do UniSALESIANO\",\"potentialAction\":[{\"@type\":\"SearchAction\",\"target\":{\"@type\":\"EntryPoint\",\"urlTemplate\":\"https:\\\/\\\/unisale.com.br\\\/pastoral\\\/?s={search_term_string}\"},\"query-input\":{\"@type\":\"PropertyValueSpecification\",\"valueRequired\":true,\"valueName\":\"search_term_string\"}}],\"inLanguage\":\"pt-BR\"},{\"@type\":\"Person\",\"@id\":\"https:\\\/\\\/unisale.com.br\\\/pastoral\\\/#\\\/schema\\\/person\\\/a16ba711a0f7dec9cb6b44563144d5a3\",\"name\":\"pastoral\",\"url\":\"https:\\\/\\\/unisale.com.br\\\/pastoral\\\/author\\\/pastoral\\\/\"}]}<\/script>\n<!-- \/ Yoast SEO plugin. -->","yoast_head_json":{"title":"04\/06 - Deus n\u00e3o enviou o seu Filho ao mundo para condenar o mundo, mas para que o mundo seja salvo por ele. - Pastoral Universit\u00e1ria UniSALESIANO","robots":{"index":"index","follow":"follow","max-snippet":"max-snippet:-1","max-image-preview":"max-image-preview:large","max-video-preview":"max-video-preview:-1"},"canonical":"https:\/\/unisale.com.br\/novo\/04-07-deus-nao-enviou-o-seu-filho-ao-mundo-para-condenar-o-mundo-mas-para-que-o-mundo-seja-salvo-por-ele\/","og_locale":"pt_BR","og_type":"article","og_title":"04\/06 - Deus n\u00e3o enviou o seu Filho ao mundo para condenar o mundo, mas para que o mundo seja salvo por ele. - Pastoral Universit\u00e1ria UniSALESIANO","og_description":"Domingo, 04 de junho de 2023. \u2013 Sant\u00edssima Trindade &nbsp; Evangelho (Jo 3,16-18) &nbsp; \u201cDeus n\u00e3o enviou o seu Filho ao mundo para condenar o...","og_url":"https:\/\/unisale.com.br\/novo\/04-07-deus-nao-enviou-o-seu-filho-ao-mundo-para-condenar-o-mundo-mas-para-que-o-mundo-seja-salvo-por-ele\/","og_site_name":"Pastoral Universit\u00e1ria UniSALESIANO","article_published_time":"2023-06-01T11:12:12+00:00","author":"pastoral","twitter_card":"summary_large_image","twitter_misc":{"Escrito por":"pastoral","Est. tempo de leitura":"3 minutos"},"schema":{"@context":"https:\/\/schema.org","@graph":[{"@type":"Article","@id":"https:\/\/unisale.com.br\/novo\/04-07-deus-nao-enviou-o-seu-filho-ao-mundo-para-condenar-o-mundo-mas-para-que-o-mundo-seja-salvo-por-ele\/#article","isPartOf":{"@id":"https:\/\/unisale.com.br\/novo\/04-07-deus-nao-enviou-o-seu-filho-ao-mundo-para-condenar-o-mundo-mas-para-que-o-mundo-seja-salvo-por-ele\/"},"author":{"name":"pastoral","@id":"https:\/\/unisale.com.br\/pastoral\/#\/schema\/person\/a16ba711a0f7dec9cb6b44563144d5a3"},"headline":"04\/06 &#8211; Deus n\u00e3o enviou o seu Filho ao mundo para condenar o mundo, mas para que o mundo seja salvo por ele.","datePublished":"2023-06-01T11:12:12+00:00","mainEntityOfPage":{"@id":"https:\/\/unisale.com.br\/novo\/04-07-deus-nao-enviou-o-seu-filho-ao-mundo-para-condenar-o-mundo-mas-para-que-o-mundo-seja-salvo-por-ele\/"},"wordCount":599,"image":{"@id":"https:\/\/unisale.com.br\/novo\/04-07-deus-nao-enviou-o-seu-filho-ao-mundo-para-condenar-o-mundo-mas-para-que-o-mundo-seja-salvo-por-ele\/#primaryimage"},"thumbnailUrl":"https:\/\/unisale.com.br\/pastoral\/wp-content\/uploads\/2023\/05\/Ev-04.jpg","articleSection":["Reflex\u00e3o do Evangelho"],"inLanguage":"pt-BR"},{"@type":"WebPage","@id":"https:\/\/unisale.com.br\/novo\/04-07-deus-nao-enviou-o-seu-filho-ao-mundo-para-condenar-o-mundo-mas-para-que-o-mundo-seja-salvo-por-ele\/","url":"https:\/\/unisale.com.br\/novo\/04-07-deus-nao-enviou-o-seu-filho-ao-mundo-para-condenar-o-mundo-mas-para-que-o-mundo-seja-salvo-por-ele\/","name":"04\/06 - Deus n\u00e3o enviou o seu Filho ao mundo para condenar o mundo, mas para que o mundo seja salvo por ele. - Pastoral Universit\u00e1ria UniSALESIANO","isPartOf":{"@id":"https:\/\/unisale.com.br\/pastoral\/#website"},"primaryImageOfPage":{"@id":"https:\/\/unisale.com.br\/novo\/04-07-deus-nao-enviou-o-seu-filho-ao-mundo-para-condenar-o-mundo-mas-para-que-o-mundo-seja-salvo-por-ele\/#primaryimage"},"image":{"@id":"https:\/\/unisale.com.br\/novo\/04-07-deus-nao-enviou-o-seu-filho-ao-mundo-para-condenar-o-mundo-mas-para-que-o-mundo-seja-salvo-por-ele\/#primaryimage"},"thumbnailUrl":"https:\/\/unisale.com.br\/pastoral\/wp-content\/uploads\/2023\/05\/Ev-04.jpg","datePublished":"2023-06-01T11:12:12+00:00","author":{"@id":"https:\/\/unisale.com.br\/pastoral\/#\/schema\/person\/a16ba711a0f7dec9cb6b44563144d5a3"},"inLanguage":"pt-BR","potentialAction":[{"@type":"ReadAction","target":["https:\/\/unisale.com.br\/novo\/04-07-deus-nao-enviou-o-seu-filho-ao-mundo-para-condenar-o-mundo-mas-para-que-o-mundo-seja-salvo-por-ele\/"]}]},{"@type":"ImageObject","inLanguage":"pt-BR","@id":"https:\/\/unisale.com.br\/novo\/04-07-deus-nao-enviou-o-seu-filho-ao-mundo-para-condenar-o-mundo-mas-para-que-o-mundo-seja-salvo-por-ele\/#primaryimage","url":"https:\/\/unisale.com.br\/pastoral\/wp-content\/uploads\/2023\/05\/Ev-04.jpg","contentUrl":"https:\/\/unisale.com.br\/pastoral\/wp-content\/uploads\/2023\/05\/Ev-04.jpg","width":830,"height":445},{"@type":"WebSite","@id":"https:\/\/unisale.com.br\/pastoral\/#website","url":"https:\/\/unisale.com.br\/pastoral\/","name":"Pastoral Universit\u00e1ria UniSALESIANO","description":"Site da Pastoral Universit\u00e1ria do UniSALESIANO","potentialAction":[{"@type":"SearchAction","target":{"@type":"EntryPoint","urlTemplate":"https:\/\/unisale.com.br\/pastoral\/?s={search_term_string}"},"query-input":{"@type":"PropertyValueSpecification","valueRequired":true,"valueName":"search_term_string"}}],"inLanguage":"pt-BR"},{"@type":"Person","@id":"https:\/\/unisale.com.br\/pastoral\/#\/schema\/person\/a16ba711a0f7dec9cb6b44563144d5a3","name":"pastoral","url":"https:\/\/unisale.com.br\/pastoral\/author\/pastoral\/"}]}},"_links":{"self":[{"href":"https:\/\/unisale.com.br\/pastoral\/wp-json\/wp\/v2\/posts\/7019","targetHints":{"allow":["GET"]}}],"collection":[{"href":"https:\/\/unisale.com.br\/pastoral\/wp-json\/wp\/v2\/posts"}],"about":[{"href":"https:\/\/unisale.com.br\/pastoral\/wp-json\/wp\/v2\/types\/post"}],"author":[{"embeddable":true,"href":"https:\/\/unisale.com.br\/pastoral\/wp-json\/wp\/v2\/users\/1"}],"replies":[{"embeddable":true,"href":"https:\/\/unisale.com.br\/pastoral\/wp-json\/wp\/v2\/comments?post=7019"}],"version-history":[{"count":0,"href":"https:\/\/unisale.com.br\/pastoral\/wp-json\/wp\/v2\/posts\/7019\/revisions"}],"wp:featuredmedia":[{"embeddable":true,"href":"https:\/\/unisale.com.br\/pastoral\/wp-json\/wp\/v2\/media\/7007"}],"wp:attachment":[{"href":"https:\/\/unisale.com.br\/pastoral\/wp-json\/wp\/v2\/media?parent=7019"}],"wp:term":[{"taxonomy":"category","embeddable":true,"href":"https:\/\/unisale.com.br\/pastoral\/wp-json\/wp\/v2\/categories?post=7019"},{"taxonomy":"post_tag","embeddable":true,"href":"https:\/\/unisale.com.br\/pastoral\/wp-json\/wp\/v2\/tags?post=7019"}],"curies":[{"name":"wp","href":"https:\/\/api.w.org\/{rel}","templated":true}]}}