{"id":7027,"date":"2023-06-01T11:27:47","date_gmt":"2023-06-01T11:27:47","guid":{"rendered":"https:\/\/unisale.com.br\/pastoral\/?p=7027"},"modified":"2023-06-01T11:27:47","modified_gmt":"2023-06-01T11:27:47","slug":"06-05-dai-pois-a-cesar-o-que-e-de-cesar-e-a-deus-o-que-e-de-deus","status":"publish","type":"post","link":"https:\/\/unisale.com.br\/pastoral\/06-05-dai-pois-a-cesar-o-que-e-de-cesar-e-a-deus-o-que-e-de-deus\/","title":{"rendered":"06\/06 &#8211; &#8230;dai, pois, a Cesar o que \u00e9 de C\u00e9sar e a Deus o que \u00e9 de Deus."},"content":{"rendered":"<p><strong>Ter\u00e7a-feira, 06 de junho 2023.<\/strong><\/p>\n<p><strong>\u00a0<\/strong><\/p>\n<p><strong>Evangelho (Mc 12,13-17)<\/strong><\/p>\n<p><strong><em>\u201c&#8230;dai, pois, a Cesar o que \u00e9 de C\u00e9sar e a Deus o que \u00e9 de Deus.\u201d<\/em><\/strong><\/p>\n<p>&nbsp;<\/p>\n<p>Naquele tempo, <sup>13<\/sup>as autoridades mandaram alguns fariseus e alguns partid\u00e1rios de Herodes, para apanharem Jesus em alguma palavra. <sup>14<\/sup>Quando chegaram, disseram a Jesus: \u201cMestre, sabemos que tu \u00e9s verdadeiro, e n\u00e3o d\u00e1s prefer\u00eancia a ningu\u00e9m. Com efeito, tu n\u00e3o olhas para as apar\u00eancias do homem, mas ensinas, com verdade, o caminho de Deus. Dize-nos: \u00c9 l\u00edcito ou n\u00e3o pagar o imposto a C\u00e9sar? Devemos pagar ou n\u00e3o?\u201d <sup>15<\/sup>Jesus percebeu a hipocrisia deles, e respondeu: \u201cPor que me tentais? Trazei-me uma moeda para que eu a veja\u201d. <sup>16<\/sup>Eles levaram a moeda, e Jesus perguntou: \u201cDe quem \u00e9 a figura e a inscri\u00e7\u00e3o que est\u00e3o nessa moeda?\u201d Eles responderam: \u201cDe C\u00e9sar\u201d. <sup>17<\/sup>Ent\u00e3o Jesus disse: \u201cDai, pois, a C\u00e9sar o que \u00e9 de C\u00e9sar, e a Deus o que \u00e9 de Deus\u201d. E eles ficaram admirados com Jesus.<\/p>\n<p>&nbsp;<\/p>\n<p><strong>Reflex\u00e3o<\/strong><\/p>\n<p>&nbsp;<\/p>\n<p>Encontrar uma maneira de contrapor Jesus aos Romanos era uma boa estrat\u00e9gia para reduzi-lo ao sil\u00eancio. E se tamb\u00e9m tivesse tomado a defesa aos romanos inevitavelmente haveria conquistado a antipatia da pobre gente explorada pela taxa\u00e7\u00e3o romana. Eis porque o Evangelho de hoje \u00e9 um dos trechos onde emerge a originalidade de Jesus. \u201c&#8230;\u00e9 l\u00edcito ou n\u00e3o pagar o imposto a C\u00e9sar?\u201d O que pode fazer Jesus diante de tal armadilha? Aquilo que faz a verdade: esclarecer de uma vez por todas que Deus n\u00e3o \u00e9 alinhado a um partido pol\u00edtico, mas \u00e9 alinhado com o homem.<\/p>\n<p>Eis a generalidade de Cristo: por mais que os Romanos possam ser fastidiosos, opressores e injustos, n\u00e3o devemos a eles a nossa parte essencial. Aos Romanos n\u00f3s podemos dar o dinheiro, mas n\u00e3o aquilo que conta mais, a pr\u00f3pria consci\u00eancia, a liberdade radical que cada um possui como imagem e semelhan\u00e7a de Deus. Cada um de n\u00f3s tem os seus \u201cRomanos\u201d: uma doen\u00e7a, uma situa\u00e7\u00e3o, um problema, mas cada uma destas coisas pode nos roubar muito, mas n\u00e3o pode nos roubar aquilo que \u00e9 essencial e que \u00e9 de Deus. E esta \u00e9 de fato a boa not\u00edcia, porque nas situa\u00e7\u00f5es de ang\u00fastia e opress\u00e3o que cada um vive, devemos sempre recordar que permanecemos radicalmente livres tamb\u00e9m quando nos parece que tudo nos \u00e9 tirado. E diante de uma resposta como esta, tamb\u00e9m os inimigos permanecem calados, de boca aberta: \u201ce eles ficaram admirados com Jesus\u201d. A verdade resolve sempre toda contraposi\u00e7\u00e3o.<\/p>\n<p>&nbsp;<\/p>\n<p><strong>Pe. Paulo Eduardo J\u00e1como, SDB.<\/strong><\/p>\n","protected":false},"excerpt":{"rendered":"<p>Ter\u00e7a-feira, 06 de junho 2023. \u00a0 Evangelho (Mc 12,13-17) \u201c&#8230;dai, pois, a Cesar o que \u00e9 de C\u00e9sar e a Deus o que \u00e9 de&#8230;<\/p>\n","protected":false},"author":1,"featured_media":7003,"comment_status":"closed","ping_status":"closed","sticky":false,"template":"","format":"standard","meta":{"_acf_changed":false,"footnotes":""},"categories":[13],"tags":[],"class_list":["post-7027","post","type-post","status-publish","format-standard","has-post-thumbnail","hentry","category-reflexaodoevagelho"],"acf":[],"yoast_head":"<!-- This site is optimized with the Yoast SEO plugin v27.3 - https:\/\/yoast.com\/product\/yoast-seo-wordpress\/ -->\n<title>06\/06 - ...dai, pois, a Cesar o que \u00e9 de C\u00e9sar e a Deus o que \u00e9 de Deus. - Pastoral Universit\u00e1ria UniSALESIANO<\/title>\n<meta name=\"robots\" content=\"index, follow, max-snippet:-1, max-image-preview:large, max-video-preview:-1\" \/>\n<link rel=\"canonical\" href=\"https:\/\/unisale.com.br\/novo\/06-05-dai-pois-a-cesar-o-que-e-de-cesar-e-a-deus-o-que-e-de-deus\/\" \/>\n<meta property=\"og:locale\" content=\"pt_BR\" \/>\n<meta property=\"og:type\" content=\"article\" \/>\n<meta property=\"og:title\" content=\"06\/06 - ...dai, pois, a Cesar o que \u00e9 de C\u00e9sar e a Deus o que \u00e9 de Deus. - Pastoral Universit\u00e1ria UniSALESIANO\" \/>\n<meta property=\"og:description\" content=\"Ter\u00e7a-feira, 06 de junho 2023. \u00a0 Evangelho (Mc 12,13-17) \u201c&#8230;dai, pois, a Cesar o que \u00e9 de C\u00e9sar e a Deus o que \u00e9 de...\" \/>\n<meta property=\"og:url\" content=\"https:\/\/unisale.com.br\/novo\/06-05-dai-pois-a-cesar-o-que-e-de-cesar-e-a-deus-o-que-e-de-deus\/\" \/>\n<meta property=\"og:site_name\" content=\"Pastoral Universit\u00e1ria UniSALESIANO\" \/>\n<meta property=\"article:published_time\" content=\"2023-06-01T11:27:47+00:00\" \/>\n<meta name=\"author\" content=\"pastoral\" \/>\n<meta name=\"twitter:card\" content=\"summary_large_image\" \/>\n<meta name=\"twitter:label1\" content=\"Escrito por\" \/>\n\t<meta name=\"twitter:data1\" content=\"pastoral\" \/>\n\t<meta name=\"twitter:label2\" content=\"Est. tempo de leitura\" \/>\n\t<meta name=\"twitter:data2\" content=\"2 minutos\" \/>\n<script type=\"application\/ld+json\" class=\"yoast-schema-graph\">{\"@context\":\"https:\\\/\\\/schema.org\",\"@graph\":[{\"@type\":\"Article\",\"@id\":\"https:\\\/\\\/unisale.com.br\\\/novo\\\/06-05-dai-pois-a-cesar-o-que-e-de-cesar-e-a-deus-o-que-e-de-deus\\\/#article\",\"isPartOf\":{\"@id\":\"https:\\\/\\\/unisale.com.br\\\/novo\\\/06-05-dai-pois-a-cesar-o-que-e-de-cesar-e-a-deus-o-que-e-de-deus\\\/\"},\"author\":{\"name\":\"pastoral\",\"@id\":\"https:\\\/\\\/unisale.com.br\\\/pastoral\\\/#\\\/schema\\\/person\\\/a16ba711a0f7dec9cb6b44563144d5a3\"},\"headline\":\"06\\\/06 &#8211; &#8230;dai, pois, a Cesar o que \u00e9 de C\u00e9sar e a Deus o que \u00e9 de Deus.\",\"datePublished\":\"2023-06-01T11:27:47+00:00\",\"mainEntityOfPage\":{\"@id\":\"https:\\\/\\\/unisale.com.br\\\/novo\\\/06-05-dai-pois-a-cesar-o-que-e-de-cesar-e-a-deus-o-que-e-de-deus\\\/\"},\"wordCount\":467,\"image\":{\"@id\":\"https:\\\/\\\/unisale.com.br\\\/novo\\\/06-05-dai-pois-a-cesar-o-que-e-de-cesar-e-a-deus-o-que-e-de-deus\\\/#primaryimage\"},\"thumbnailUrl\":\"https:\\\/\\\/unisale.com.br\\\/pastoral\\\/wp-content\\\/uploads\\\/2023\\\/05\\\/Ev-06-1.jpg\",\"articleSection\":[\"Reflex\u00e3o do Evangelho\"],\"inLanguage\":\"pt-BR\"},{\"@type\":\"WebPage\",\"@id\":\"https:\\\/\\\/unisale.com.br\\\/novo\\\/06-05-dai-pois-a-cesar-o-que-e-de-cesar-e-a-deus-o-que-e-de-deus\\\/\",\"url\":\"https:\\\/\\\/unisale.com.br\\\/novo\\\/06-05-dai-pois-a-cesar-o-que-e-de-cesar-e-a-deus-o-que-e-de-deus\\\/\",\"name\":\"06\\\/06 - ...dai, pois, a Cesar o que \u00e9 de C\u00e9sar e a Deus o que \u00e9 de Deus. - Pastoral Universit\u00e1ria UniSALESIANO\",\"isPartOf\":{\"@id\":\"https:\\\/\\\/unisale.com.br\\\/pastoral\\\/#website\"},\"primaryImageOfPage\":{\"@id\":\"https:\\\/\\\/unisale.com.br\\\/novo\\\/06-05-dai-pois-a-cesar-o-que-e-de-cesar-e-a-deus-o-que-e-de-deus\\\/#primaryimage\"},\"image\":{\"@id\":\"https:\\\/\\\/unisale.com.br\\\/novo\\\/06-05-dai-pois-a-cesar-o-que-e-de-cesar-e-a-deus-o-que-e-de-deus\\\/#primaryimage\"},\"thumbnailUrl\":\"https:\\\/\\\/unisale.com.br\\\/pastoral\\\/wp-content\\\/uploads\\\/2023\\\/05\\\/Ev-06-1.jpg\",\"datePublished\":\"2023-06-01T11:27:47+00:00\",\"author\":{\"@id\":\"https:\\\/\\\/unisale.com.br\\\/pastoral\\\/#\\\/schema\\\/person\\\/a16ba711a0f7dec9cb6b44563144d5a3\"},\"inLanguage\":\"pt-BR\",\"potentialAction\":[{\"@type\":\"ReadAction\",\"target\":[\"https:\\\/\\\/unisale.com.br\\\/novo\\\/06-05-dai-pois-a-cesar-o-que-e-de-cesar-e-a-deus-o-que-e-de-deus\\\/\"]}]},{\"@type\":\"ImageObject\",\"inLanguage\":\"pt-BR\",\"@id\":\"https:\\\/\\\/unisale.com.br\\\/novo\\\/06-05-dai-pois-a-cesar-o-que-e-de-cesar-e-a-deus-o-que-e-de-deus\\\/#primaryimage\",\"url\":\"https:\\\/\\\/unisale.com.br\\\/pastoral\\\/wp-content\\\/uploads\\\/2023\\\/05\\\/Ev-06-1.jpg\",\"contentUrl\":\"https:\\\/\\\/unisale.com.br\\\/pastoral\\\/wp-content\\\/uploads\\\/2023\\\/05\\\/Ev-06-1.jpg\",\"width\":668,\"height\":500,\"caption\":\"shot in studio\"},{\"@type\":\"WebSite\",\"@id\":\"https:\\\/\\\/unisale.com.br\\\/pastoral\\\/#website\",\"url\":\"https:\\\/\\\/unisale.com.br\\\/pastoral\\\/\",\"name\":\"Pastoral Universit\u00e1ria UniSALESIANO\",\"description\":\"Site da Pastoral Universit\u00e1ria do UniSALESIANO\",\"potentialAction\":[{\"@type\":\"SearchAction\",\"target\":{\"@type\":\"EntryPoint\",\"urlTemplate\":\"https:\\\/\\\/unisale.com.br\\\/pastoral\\\/?s={search_term_string}\"},\"query-input\":{\"@type\":\"PropertyValueSpecification\",\"valueRequired\":true,\"valueName\":\"search_term_string\"}}],\"inLanguage\":\"pt-BR\"},{\"@type\":\"Person\",\"@id\":\"https:\\\/\\\/unisale.com.br\\\/pastoral\\\/#\\\/schema\\\/person\\\/a16ba711a0f7dec9cb6b44563144d5a3\",\"name\":\"pastoral\",\"url\":\"https:\\\/\\\/unisale.com.br\\\/pastoral\\\/author\\\/pastoral\\\/\"}]}<\/script>\n<!-- \/ Yoast SEO plugin. -->","yoast_head_json":{"title":"06\/06 - ...dai, pois, a Cesar o que \u00e9 de C\u00e9sar e a Deus o que \u00e9 de Deus. - Pastoral Universit\u00e1ria UniSALESIANO","robots":{"index":"index","follow":"follow","max-snippet":"max-snippet:-1","max-image-preview":"max-image-preview:large","max-video-preview":"max-video-preview:-1"},"canonical":"https:\/\/unisale.com.br\/novo\/06-05-dai-pois-a-cesar-o-que-e-de-cesar-e-a-deus-o-que-e-de-deus\/","og_locale":"pt_BR","og_type":"article","og_title":"06\/06 - ...dai, pois, a Cesar o que \u00e9 de C\u00e9sar e a Deus o que \u00e9 de Deus. - Pastoral Universit\u00e1ria UniSALESIANO","og_description":"Ter\u00e7a-feira, 06 de junho 2023. \u00a0 Evangelho (Mc 12,13-17) \u201c&#8230;dai, pois, a Cesar o que \u00e9 de C\u00e9sar e a Deus o que \u00e9 de...","og_url":"https:\/\/unisale.com.br\/novo\/06-05-dai-pois-a-cesar-o-que-e-de-cesar-e-a-deus-o-que-e-de-deus\/","og_site_name":"Pastoral Universit\u00e1ria UniSALESIANO","article_published_time":"2023-06-01T11:27:47+00:00","author":"pastoral","twitter_card":"summary_large_image","twitter_misc":{"Escrito por":"pastoral","Est. tempo de leitura":"2 minutos"},"schema":{"@context":"https:\/\/schema.org","@graph":[{"@type":"Article","@id":"https:\/\/unisale.com.br\/novo\/06-05-dai-pois-a-cesar-o-que-e-de-cesar-e-a-deus-o-que-e-de-deus\/#article","isPartOf":{"@id":"https:\/\/unisale.com.br\/novo\/06-05-dai-pois-a-cesar-o-que-e-de-cesar-e-a-deus-o-que-e-de-deus\/"},"author":{"name":"pastoral","@id":"https:\/\/unisale.com.br\/pastoral\/#\/schema\/person\/a16ba711a0f7dec9cb6b44563144d5a3"},"headline":"06\/06 &#8211; &#8230;dai, pois, a Cesar o que \u00e9 de C\u00e9sar e a Deus o que \u00e9 de Deus.","datePublished":"2023-06-01T11:27:47+00:00","mainEntityOfPage":{"@id":"https:\/\/unisale.com.br\/novo\/06-05-dai-pois-a-cesar-o-que-e-de-cesar-e-a-deus-o-que-e-de-deus\/"},"wordCount":467,"image":{"@id":"https:\/\/unisale.com.br\/novo\/06-05-dai-pois-a-cesar-o-que-e-de-cesar-e-a-deus-o-que-e-de-deus\/#primaryimage"},"thumbnailUrl":"https:\/\/unisale.com.br\/pastoral\/wp-content\/uploads\/2023\/05\/Ev-06-1.jpg","articleSection":["Reflex\u00e3o do Evangelho"],"inLanguage":"pt-BR"},{"@type":"WebPage","@id":"https:\/\/unisale.com.br\/novo\/06-05-dai-pois-a-cesar-o-que-e-de-cesar-e-a-deus-o-que-e-de-deus\/","url":"https:\/\/unisale.com.br\/novo\/06-05-dai-pois-a-cesar-o-que-e-de-cesar-e-a-deus-o-que-e-de-deus\/","name":"06\/06 - ...dai, pois, a Cesar o que \u00e9 de C\u00e9sar e a Deus o que \u00e9 de Deus. - Pastoral Universit\u00e1ria UniSALESIANO","isPartOf":{"@id":"https:\/\/unisale.com.br\/pastoral\/#website"},"primaryImageOfPage":{"@id":"https:\/\/unisale.com.br\/novo\/06-05-dai-pois-a-cesar-o-que-e-de-cesar-e-a-deus-o-que-e-de-deus\/#primaryimage"},"image":{"@id":"https:\/\/unisale.com.br\/novo\/06-05-dai-pois-a-cesar-o-que-e-de-cesar-e-a-deus-o-que-e-de-deus\/#primaryimage"},"thumbnailUrl":"https:\/\/unisale.com.br\/pastoral\/wp-content\/uploads\/2023\/05\/Ev-06-1.jpg","datePublished":"2023-06-01T11:27:47+00:00","author":{"@id":"https:\/\/unisale.com.br\/pastoral\/#\/schema\/person\/a16ba711a0f7dec9cb6b44563144d5a3"},"inLanguage":"pt-BR","potentialAction":[{"@type":"ReadAction","target":["https:\/\/unisale.com.br\/novo\/06-05-dai-pois-a-cesar-o-que-e-de-cesar-e-a-deus-o-que-e-de-deus\/"]}]},{"@type":"ImageObject","inLanguage":"pt-BR","@id":"https:\/\/unisale.com.br\/novo\/06-05-dai-pois-a-cesar-o-que-e-de-cesar-e-a-deus-o-que-e-de-deus\/#primaryimage","url":"https:\/\/unisale.com.br\/pastoral\/wp-content\/uploads\/2023\/05\/Ev-06-1.jpg","contentUrl":"https:\/\/unisale.com.br\/pastoral\/wp-content\/uploads\/2023\/05\/Ev-06-1.jpg","width":668,"height":500,"caption":"shot in studio"},{"@type":"WebSite","@id":"https:\/\/unisale.com.br\/pastoral\/#website","url":"https:\/\/unisale.com.br\/pastoral\/","name":"Pastoral Universit\u00e1ria UniSALESIANO","description":"Site da Pastoral Universit\u00e1ria do UniSALESIANO","potentialAction":[{"@type":"SearchAction","target":{"@type":"EntryPoint","urlTemplate":"https:\/\/unisale.com.br\/pastoral\/?s={search_term_string}"},"query-input":{"@type":"PropertyValueSpecification","valueRequired":true,"valueName":"search_term_string"}}],"inLanguage":"pt-BR"},{"@type":"Person","@id":"https:\/\/unisale.com.br\/pastoral\/#\/schema\/person\/a16ba711a0f7dec9cb6b44563144d5a3","name":"pastoral","url":"https:\/\/unisale.com.br\/pastoral\/author\/pastoral\/"}]}},"_links":{"self":[{"href":"https:\/\/unisale.com.br\/pastoral\/wp-json\/wp\/v2\/posts\/7027","targetHints":{"allow":["GET"]}}],"collection":[{"href":"https:\/\/unisale.com.br\/pastoral\/wp-json\/wp\/v2\/posts"}],"about":[{"href":"https:\/\/unisale.com.br\/pastoral\/wp-json\/wp\/v2\/types\/post"}],"author":[{"embeddable":true,"href":"https:\/\/unisale.com.br\/pastoral\/wp-json\/wp\/v2\/users\/1"}],"replies":[{"embeddable":true,"href":"https:\/\/unisale.com.br\/pastoral\/wp-json\/wp\/v2\/comments?post=7027"}],"version-history":[{"count":0,"href":"https:\/\/unisale.com.br\/pastoral\/wp-json\/wp\/v2\/posts\/7027\/revisions"}],"wp:featuredmedia":[{"embeddable":true,"href":"https:\/\/unisale.com.br\/pastoral\/wp-json\/wp\/v2\/media\/7003"}],"wp:attachment":[{"href":"https:\/\/unisale.com.br\/pastoral\/wp-json\/wp\/v2\/media?parent=7027"}],"wp:term":[{"taxonomy":"category","embeddable":true,"href":"https:\/\/unisale.com.br\/pastoral\/wp-json\/wp\/v2\/categories?post=7027"},{"taxonomy":"post_tag","embeddable":true,"href":"https:\/\/unisale.com.br\/pastoral\/wp-json\/wp\/v2\/tags?post=7027"}],"curies":[{"name":"wp","href":"https:\/\/api.w.org\/{rel}","templated":true}]}}