{"id":7029,"date":"2023-06-01T11:42:46","date_gmt":"2023-06-01T11:42:46","guid":{"rendered":"https:\/\/unisale.com.br\/pastoral\/?p=7029"},"modified":"2023-06-01T11:42:46","modified_gmt":"2023-06-01T11:42:46","slug":"07-06-ora-ele-nao-e-deus-de-mortos-mas-de-vivos","status":"publish","type":"post","link":"https:\/\/unisale.com.br\/pastoral\/07-06-ora-ele-nao-e-deus-de-mortos-mas-de-vivos\/","title":{"rendered":"07\/06 &#8211; Ora, Ele n\u00e3o \u00e9 Deus de mortos, mas de vivos!"},"content":{"rendered":"<p>&nbsp;<\/p>\n<p><strong>Quarta-feira, 07 de junho 2023.<\/strong><\/p>\n<p><strong>\u00a0<\/strong><\/p>\n<p><strong>Evangelho (Mc 12,18-27) <\/strong><\/p>\n<p><strong><em>\u201cOra, Ele n\u00e3o \u00e9 Deus de mortos, mas de vivos!.\u201d<\/em><\/strong><\/p>\n<p>&nbsp;<\/p>\n<p>Naquele tempo, <sup>18<\/sup>vieram ter com Jesus alguns saduceus, os quais afirmam que n\u00e3o existe ressurrei\u00e7\u00e3o e lhe propuseram este caso: <sup>19<\/sup>\u201cMestre, Mois\u00e9s deu-nos esta prescri\u00e7\u00e3o: Se morrer o irm\u00e3o de algu\u00e9m, e deixar a esposa sem filhos, o irm\u00e3o desse homem deve casar-se com a vi\u00fava, a fim de garantir a descend\u00eancia de seu irm\u00e3o\u201d. <sup>20<\/sup>Ora, havia sete irm\u00e3os: o mais velho casou-se, e morreu sem deixar descend\u00eancia. <sup>21<\/sup>O segundo casou-se com a vi\u00fava, e morreu sem deixar descend\u00eancia. E a mesma coisa aconteceu com o terceiro. <sup>22<\/sup>E nenhum dos sete deixou descend\u00eancia. Por \u00faltimo, morreu tamb\u00e9m a mulher. <sup>23<\/sup>Na ressurrei\u00e7\u00e3o, quando eles ressuscitarem, de quem ser\u00e1 ela mulher? Porque os sete se casaram com ela!\u201d<sup>24<\/sup>Jesus respondeu: \u201cAcaso, v\u00f3s n\u00e3o estais enganados, por n\u00e3o conhecerdes as Escrituras, nem o poder de Deus? <sup>25<\/sup>Com efeito, quando os mortos ressuscitarem, os homens e as mulheres n\u00e3o se casar\u00e3o, pois ser\u00e3o como os anjos do c\u00e9u. <sup>26<\/sup>Quanto ao fato da ressurrei\u00e7\u00e3o dos mortos, n\u00e3o lestes, no livro de Mois\u00e9s, na passagem da sar\u00e7a ardente, como Deus lhe falou: \u2018Eu sou o Deus de Abra\u00e3o, o Deus de Isaac e o Deus de Jac\u00f3\u2019? <sup>27<\/sup>Ora, ele n\u00e3o \u00e9 Deus de mortos, mas de vivos! V\u00f3s estais muito enganados\u201d.<\/p>\n<p>&nbsp;<\/p>\n<p><strong>Reflex\u00e3o<\/strong><\/p>\n<p>&nbsp;<\/p>\n<p>Os saduceus n\u00e3o acreditam na ressurei\u00e7\u00e3o por isso apresentam a Jesus uma pergunta para coloc\u00e1-lo numa armadilha. Usam a hist\u00f3ria de uma mulher que casa com sete irm\u00e3os um depois do outro, permanecendo toda vez vi\u00fava e sem filhos. O caso \u00e9 complicado. A mulher \u00e9 propriedade do marido na mentalidade da \u00e9poca, e se \u00e9 verdade que haver\u00e1 uma ressurei\u00e7\u00e3o, quando isso acontecer como ser\u00e1 resolvida a quest\u00e3o da propriedade desta mulher que casou legalmente e infrutuosamente com estes sete irm\u00e3os? Quem faz esta pergunta parece j\u00e1 saber que n\u00e3o pode haver solu\u00e7\u00e3o a uma quest\u00e3o assim. De quem ser\u00e1 esta mulher? \u201cde ningu\u00e9m\u201d responde Jesus, porque a l\u00f3gica da ressurrei\u00e7\u00e3o nos libera tamb\u00e9m de toda l\u00f3gica de propriedade com a qual \u00e9 caracterizada esta vida. Esta mulher ser\u00e1 livre e n\u00e3o dever\u00e1 ser mais tratada como uma propriedade a possuir.<\/p>\n<p>Devemos imaginar o total sil\u00eancio e des\u00e2nimo que Jesus deixou quem o escutava. H\u00e1 raz\u00e3o que pare\u00e7a rid\u00edculo quem apresentou a pergunta a Jesus. E penso o quanto possamos parecer rid\u00edculos quando continuamos a pensar e a pensar-nos sempre segundo a l\u00f3gica de propriedade e a mentalidade deste mundo. A f\u00e9 nos chama a superar a l\u00f3gica deste mundo, e a mesma vida somente melhorada, mas \u00e9 uma vida nova, radicalmente nova, assim nova que devemos aprender a raciocinar de maneira completamente diferente. Devemos fazer-nos novos tamb\u00e9m na mentalidade. Sem este renovamento a f\u00e9 na ressurrei\u00e7\u00e3o parece uma ingenuidade infantil que afirmamos sem convic\u00e7\u00e3o.<\/p>\n<p><strong>Pe. Paulo Eduardo J\u00e1como, SDB.<\/strong><\/p>\n","protected":false},"excerpt":{"rendered":"<p>&nbsp; Quarta-feira, 07 de junho 2023. \u00a0 Evangelho (Mc 12,18-27) \u201cOra, Ele n\u00e3o \u00e9 Deus de mortos, mas de vivos!.\u201d &nbsp; Naquele tempo, 18vieram ter&#8230;<\/p>\n","protected":false},"author":1,"featured_media":7033,"comment_status":"closed","ping_status":"closed","sticky":false,"template":"","format":"standard","meta":{"_acf_changed":false,"footnotes":""},"categories":[13],"tags":[],"class_list":["post-7029","post","type-post","status-publish","format-standard","has-post-thumbnail","hentry","category-reflexaodoevagelho"],"acf":[],"yoast_head":"<!-- This site is optimized with the Yoast SEO plugin v27.3 - https:\/\/yoast.com\/product\/yoast-seo-wordpress\/ -->\n<title>07\/06 - Ora, Ele n\u00e3o \u00e9 Deus de mortos, mas de vivos! - Pastoral Universit\u00e1ria UniSALESIANO<\/title>\n<meta name=\"robots\" content=\"index, follow, max-snippet:-1, max-image-preview:large, max-video-preview:-1\" \/>\n<link rel=\"canonical\" href=\"https:\/\/unisale.com.br\/novo\/07-06-ora-ele-nao-e-deus-de-mortos-mas-de-vivos\/\" \/>\n<meta property=\"og:locale\" content=\"pt_BR\" \/>\n<meta property=\"og:type\" content=\"article\" \/>\n<meta property=\"og:title\" content=\"07\/06 - Ora, Ele n\u00e3o \u00e9 Deus de mortos, mas de vivos! - Pastoral Universit\u00e1ria UniSALESIANO\" \/>\n<meta property=\"og:description\" content=\"&nbsp; Quarta-feira, 07 de junho 2023. \u00a0 Evangelho (Mc 12,18-27) \u201cOra, Ele n\u00e3o \u00e9 Deus de mortos, mas de vivos!.\u201d &nbsp; Naquele tempo, 18vieram ter...\" \/>\n<meta property=\"og:url\" content=\"https:\/\/unisale.com.br\/novo\/07-06-ora-ele-nao-e-deus-de-mortos-mas-de-vivos\/\" \/>\n<meta property=\"og:site_name\" content=\"Pastoral Universit\u00e1ria UniSALESIANO\" \/>\n<meta property=\"article:published_time\" content=\"2023-06-01T11:42:46+00:00\" \/>\n<meta name=\"author\" content=\"pastoral\" \/>\n<meta name=\"twitter:card\" content=\"summary_large_image\" \/>\n<meta name=\"twitter:label1\" content=\"Escrito por\" \/>\n\t<meta name=\"twitter:data1\" content=\"pastoral\" \/>\n\t<meta name=\"twitter:label2\" content=\"Est. tempo de leitura\" \/>\n\t<meta name=\"twitter:data2\" content=\"3 minutos\" \/>\n<script type=\"application\/ld+json\" class=\"yoast-schema-graph\">{\"@context\":\"https:\\\/\\\/schema.org\",\"@graph\":[{\"@type\":\"Article\",\"@id\":\"https:\\\/\\\/unisale.com.br\\\/novo\\\/07-06-ora-ele-nao-e-deus-de-mortos-mas-de-vivos\\\/#article\",\"isPartOf\":{\"@id\":\"https:\\\/\\\/unisale.com.br\\\/novo\\\/07-06-ora-ele-nao-e-deus-de-mortos-mas-de-vivos\\\/\"},\"author\":{\"name\":\"pastoral\",\"@id\":\"https:\\\/\\\/unisale.com.br\\\/pastoral\\\/#\\\/schema\\\/person\\\/a16ba711a0f7dec9cb6b44563144d5a3\"},\"headline\":\"07\\\/06 &#8211; Ora, Ele n\u00e3o \u00e9 Deus de mortos, mas de vivos!\",\"datePublished\":\"2023-06-01T11:42:46+00:00\",\"mainEntityOfPage\":{\"@id\":\"https:\\\/\\\/unisale.com.br\\\/novo\\\/07-06-ora-ele-nao-e-deus-de-mortos-mas-de-vivos\\\/\"},\"wordCount\":544,\"image\":{\"@id\":\"https:\\\/\\\/unisale.com.br\\\/novo\\\/07-06-ora-ele-nao-e-deus-de-mortos-mas-de-vivos\\\/#primaryimage\"},\"thumbnailUrl\":\"https:\\\/\\\/unisale.com.br\\\/pastoral\\\/wp-content\\\/uploads\\\/2023\\\/06\\\/Ev-07.jpg\",\"articleSection\":[\"Reflex\u00e3o do Evangelho\"],\"inLanguage\":\"pt-BR\"},{\"@type\":\"WebPage\",\"@id\":\"https:\\\/\\\/unisale.com.br\\\/novo\\\/07-06-ora-ele-nao-e-deus-de-mortos-mas-de-vivos\\\/\",\"url\":\"https:\\\/\\\/unisale.com.br\\\/novo\\\/07-06-ora-ele-nao-e-deus-de-mortos-mas-de-vivos\\\/\",\"name\":\"07\\\/06 - Ora, Ele n\u00e3o \u00e9 Deus de mortos, mas de vivos! - Pastoral Universit\u00e1ria UniSALESIANO\",\"isPartOf\":{\"@id\":\"https:\\\/\\\/unisale.com.br\\\/pastoral\\\/#website\"},\"primaryImageOfPage\":{\"@id\":\"https:\\\/\\\/unisale.com.br\\\/novo\\\/07-06-ora-ele-nao-e-deus-de-mortos-mas-de-vivos\\\/#primaryimage\"},\"image\":{\"@id\":\"https:\\\/\\\/unisale.com.br\\\/novo\\\/07-06-ora-ele-nao-e-deus-de-mortos-mas-de-vivos\\\/#primaryimage\"},\"thumbnailUrl\":\"https:\\\/\\\/unisale.com.br\\\/pastoral\\\/wp-content\\\/uploads\\\/2023\\\/06\\\/Ev-07.jpg\",\"datePublished\":\"2023-06-01T11:42:46+00:00\",\"author\":{\"@id\":\"https:\\\/\\\/unisale.com.br\\\/pastoral\\\/#\\\/schema\\\/person\\\/a16ba711a0f7dec9cb6b44563144d5a3\"},\"inLanguage\":\"pt-BR\",\"potentialAction\":[{\"@type\":\"ReadAction\",\"target\":[\"https:\\\/\\\/unisale.com.br\\\/novo\\\/07-06-ora-ele-nao-e-deus-de-mortos-mas-de-vivos\\\/\"]}]},{\"@type\":\"ImageObject\",\"inLanguage\":\"pt-BR\",\"@id\":\"https:\\\/\\\/unisale.com.br\\\/novo\\\/07-06-ora-ele-nao-e-deus-de-mortos-mas-de-vivos\\\/#primaryimage\",\"url\":\"https:\\\/\\\/unisale.com.br\\\/pastoral\\\/wp-content\\\/uploads\\\/2023\\\/06\\\/Ev-07.jpg\",\"contentUrl\":\"https:\\\/\\\/unisale.com.br\\\/pastoral\\\/wp-content\\\/uploads\\\/2023\\\/06\\\/Ev-07.jpg\",\"width\":400,\"height\":217},{\"@type\":\"WebSite\",\"@id\":\"https:\\\/\\\/unisale.com.br\\\/pastoral\\\/#website\",\"url\":\"https:\\\/\\\/unisale.com.br\\\/pastoral\\\/\",\"name\":\"Pastoral Universit\u00e1ria UniSALESIANO\",\"description\":\"Site da Pastoral Universit\u00e1ria do UniSALESIANO\",\"potentialAction\":[{\"@type\":\"SearchAction\",\"target\":{\"@type\":\"EntryPoint\",\"urlTemplate\":\"https:\\\/\\\/unisale.com.br\\\/pastoral\\\/?s={search_term_string}\"},\"query-input\":{\"@type\":\"PropertyValueSpecification\",\"valueRequired\":true,\"valueName\":\"search_term_string\"}}],\"inLanguage\":\"pt-BR\"},{\"@type\":\"Person\",\"@id\":\"https:\\\/\\\/unisale.com.br\\\/pastoral\\\/#\\\/schema\\\/person\\\/a16ba711a0f7dec9cb6b44563144d5a3\",\"name\":\"pastoral\",\"url\":\"https:\\\/\\\/unisale.com.br\\\/pastoral\\\/author\\\/pastoral\\\/\"}]}<\/script>\n<!-- \/ Yoast SEO plugin. -->","yoast_head_json":{"title":"07\/06 - Ora, Ele n\u00e3o \u00e9 Deus de mortos, mas de vivos! - Pastoral Universit\u00e1ria UniSALESIANO","robots":{"index":"index","follow":"follow","max-snippet":"max-snippet:-1","max-image-preview":"max-image-preview:large","max-video-preview":"max-video-preview:-1"},"canonical":"https:\/\/unisale.com.br\/novo\/07-06-ora-ele-nao-e-deus-de-mortos-mas-de-vivos\/","og_locale":"pt_BR","og_type":"article","og_title":"07\/06 - Ora, Ele n\u00e3o \u00e9 Deus de mortos, mas de vivos! - Pastoral Universit\u00e1ria UniSALESIANO","og_description":"&nbsp; Quarta-feira, 07 de junho 2023. \u00a0 Evangelho (Mc 12,18-27) \u201cOra, Ele n\u00e3o \u00e9 Deus de mortos, mas de vivos!.\u201d &nbsp; Naquele tempo, 18vieram ter...","og_url":"https:\/\/unisale.com.br\/novo\/07-06-ora-ele-nao-e-deus-de-mortos-mas-de-vivos\/","og_site_name":"Pastoral Universit\u00e1ria UniSALESIANO","article_published_time":"2023-06-01T11:42:46+00:00","author":"pastoral","twitter_card":"summary_large_image","twitter_misc":{"Escrito por":"pastoral","Est. tempo de leitura":"3 minutos"},"schema":{"@context":"https:\/\/schema.org","@graph":[{"@type":"Article","@id":"https:\/\/unisale.com.br\/novo\/07-06-ora-ele-nao-e-deus-de-mortos-mas-de-vivos\/#article","isPartOf":{"@id":"https:\/\/unisale.com.br\/novo\/07-06-ora-ele-nao-e-deus-de-mortos-mas-de-vivos\/"},"author":{"name":"pastoral","@id":"https:\/\/unisale.com.br\/pastoral\/#\/schema\/person\/a16ba711a0f7dec9cb6b44563144d5a3"},"headline":"07\/06 &#8211; Ora, Ele n\u00e3o \u00e9 Deus de mortos, mas de vivos!","datePublished":"2023-06-01T11:42:46+00:00","mainEntityOfPage":{"@id":"https:\/\/unisale.com.br\/novo\/07-06-ora-ele-nao-e-deus-de-mortos-mas-de-vivos\/"},"wordCount":544,"image":{"@id":"https:\/\/unisale.com.br\/novo\/07-06-ora-ele-nao-e-deus-de-mortos-mas-de-vivos\/#primaryimage"},"thumbnailUrl":"https:\/\/unisale.com.br\/pastoral\/wp-content\/uploads\/2023\/06\/Ev-07.jpg","articleSection":["Reflex\u00e3o do Evangelho"],"inLanguage":"pt-BR"},{"@type":"WebPage","@id":"https:\/\/unisale.com.br\/novo\/07-06-ora-ele-nao-e-deus-de-mortos-mas-de-vivos\/","url":"https:\/\/unisale.com.br\/novo\/07-06-ora-ele-nao-e-deus-de-mortos-mas-de-vivos\/","name":"07\/06 - Ora, Ele n\u00e3o \u00e9 Deus de mortos, mas de vivos! - Pastoral Universit\u00e1ria UniSALESIANO","isPartOf":{"@id":"https:\/\/unisale.com.br\/pastoral\/#website"},"primaryImageOfPage":{"@id":"https:\/\/unisale.com.br\/novo\/07-06-ora-ele-nao-e-deus-de-mortos-mas-de-vivos\/#primaryimage"},"image":{"@id":"https:\/\/unisale.com.br\/novo\/07-06-ora-ele-nao-e-deus-de-mortos-mas-de-vivos\/#primaryimage"},"thumbnailUrl":"https:\/\/unisale.com.br\/pastoral\/wp-content\/uploads\/2023\/06\/Ev-07.jpg","datePublished":"2023-06-01T11:42:46+00:00","author":{"@id":"https:\/\/unisale.com.br\/pastoral\/#\/schema\/person\/a16ba711a0f7dec9cb6b44563144d5a3"},"inLanguage":"pt-BR","potentialAction":[{"@type":"ReadAction","target":["https:\/\/unisale.com.br\/novo\/07-06-ora-ele-nao-e-deus-de-mortos-mas-de-vivos\/"]}]},{"@type":"ImageObject","inLanguage":"pt-BR","@id":"https:\/\/unisale.com.br\/novo\/07-06-ora-ele-nao-e-deus-de-mortos-mas-de-vivos\/#primaryimage","url":"https:\/\/unisale.com.br\/pastoral\/wp-content\/uploads\/2023\/06\/Ev-07.jpg","contentUrl":"https:\/\/unisale.com.br\/pastoral\/wp-content\/uploads\/2023\/06\/Ev-07.jpg","width":400,"height":217},{"@type":"WebSite","@id":"https:\/\/unisale.com.br\/pastoral\/#website","url":"https:\/\/unisale.com.br\/pastoral\/","name":"Pastoral Universit\u00e1ria UniSALESIANO","description":"Site da Pastoral Universit\u00e1ria do UniSALESIANO","potentialAction":[{"@type":"SearchAction","target":{"@type":"EntryPoint","urlTemplate":"https:\/\/unisale.com.br\/pastoral\/?s={search_term_string}"},"query-input":{"@type":"PropertyValueSpecification","valueRequired":true,"valueName":"search_term_string"}}],"inLanguage":"pt-BR"},{"@type":"Person","@id":"https:\/\/unisale.com.br\/pastoral\/#\/schema\/person\/a16ba711a0f7dec9cb6b44563144d5a3","name":"pastoral","url":"https:\/\/unisale.com.br\/pastoral\/author\/pastoral\/"}]}},"_links":{"self":[{"href":"https:\/\/unisale.com.br\/pastoral\/wp-json\/wp\/v2\/posts\/7029","targetHints":{"allow":["GET"]}}],"collection":[{"href":"https:\/\/unisale.com.br\/pastoral\/wp-json\/wp\/v2\/posts"}],"about":[{"href":"https:\/\/unisale.com.br\/pastoral\/wp-json\/wp\/v2\/types\/post"}],"author":[{"embeddable":true,"href":"https:\/\/unisale.com.br\/pastoral\/wp-json\/wp\/v2\/users\/1"}],"replies":[{"embeddable":true,"href":"https:\/\/unisale.com.br\/pastoral\/wp-json\/wp\/v2\/comments?post=7029"}],"version-history":[{"count":0,"href":"https:\/\/unisale.com.br\/pastoral\/wp-json\/wp\/v2\/posts\/7029\/revisions"}],"wp:featuredmedia":[{"embeddable":true,"href":"https:\/\/unisale.com.br\/pastoral\/wp-json\/wp\/v2\/media\/7033"}],"wp:attachment":[{"href":"https:\/\/unisale.com.br\/pastoral\/wp-json\/wp\/v2\/media?parent=7029"}],"wp:term":[{"taxonomy":"category","embeddable":true,"href":"https:\/\/unisale.com.br\/pastoral\/wp-json\/wp\/v2\/categories?post=7029"},{"taxonomy":"post_tag","embeddable":true,"href":"https:\/\/unisale.com.br\/pastoral\/wp-json\/wp\/v2\/tags?post=7029"}],"curies":[{"name":"wp","href":"https:\/\/api.w.org\/{rel}","templated":true}]}}