{"id":7035,"date":"2023-06-01T11:44:16","date_gmt":"2023-06-01T11:44:16","guid":{"rendered":"https:\/\/unisale.com.br\/pastoral\/?p=7035"},"modified":"2023-06-01T11:44:16","modified_gmt":"2023-06-01T11:44:16","slug":"08-09-eu-sou-o-pao-vivo-descido-do-ceu","status":"publish","type":"post","link":"https:\/\/unisale.com.br\/pastoral\/08-09-eu-sou-o-pao-vivo-descido-do-ceu\/","title":{"rendered":"08\/06 &#8211; Eu sou o P\u00e3o Vivo descido do c\u00e9u."},"content":{"rendered":"<p>Quinta-feira, 08 de junho de 2023.<\/p>\n<p>&nbsp;<\/p>\n<p>Evangelho (Jo 6,51-58)<\/p>\n<p>&nbsp;<\/p>\n<p><strong>\u201cEu sou o P\u00e3o Vivo descido do c\u00e9u\u201d<\/strong><\/p>\n<p>&nbsp;<\/p>\n<p>Naquele tempo, disse Jesus \u00e0s multid\u00f5es dos judeus: <sup>51<\/sup>\u201cEu sou o p\u00e3o vivo descido do c\u00e9u. Quem comer deste p\u00e3o viver\u00e1 eternamente. E o p\u00e3o que eu darei \u00e9 a minha carne dada para a vida do mundo\u201d. <sup>52<\/sup>Os judeus discutiam entre si, dizendo: \u201cComo \u00e9 que ele pode dar a sua carne a comer?\u201d <sup>53<\/sup>Ent\u00e3o Jesus disse: \u201cEm verdade, em verdade vos digo: se n\u00e3o comerdes a carne do Filho do Homem e n\u00e3o beberdes o seu sangue, n\u00e3o tereis a vida em v\u00f3s. <sup>54<\/sup>Quem come a minha carne e bebe o meu sangue tem a vida eterna, e eu o ressuscitarei no \u00faltimo dia. <sup>55<\/sup>Porque a minha carne \u00e9 verdadeira comida, e o meu sangue, verdadeira bebida. <sup>56<\/sup>Quem come a minha carne e bebe o meu sangue permanece em mim e eu nele. <sup>57<\/sup>Como o Pai, que vive, me enviou, e eu vivo por causa do Pai, assim aquele que me recebe como alimento viver\u00e1 por causa de mim. <sup>58<\/sup>Este \u00e9 o p\u00e3o que desceu do c\u00e9u. N\u00e3o \u00e9 como aquele que os vossos pais comeram. Eles morreram. Aquele que come este p\u00e3o viver\u00e1 para sempre\u201d.<\/p>\n<p><strong>\u00a0<\/strong><\/p>\n<p><strong>Reflex\u00e3o<\/strong><\/p>\n<p>&nbsp;<\/p>\n<p>Este epis\u00f3dio est\u00e1 ligado ao epis\u00f3dio da multiplica\u00e7\u00e3o dos p\u00e3es, com cinco p\u00e3es e dois peixes Jesus saciou uma multid\u00e3o. Mas Jesus se dirige aos que foram saciados pedindo-lhes que se esfor\u00e7assem em busca de um alimento que permanece para a vida eterna. Jesus sacia a fome f\u00edsica da multid\u00e3o, mas ao mesmo tempo os prepara para aceitar o an\u00fancio segundo o qual Ele \u00e9 o P\u00e3o que desceu do C\u00e9u e que sacia de modo definitivo. E Ele n\u00e3o \u00e9 como o man\u00e1 descido do c\u00e9u para saciar a fome daqueles que atravessavam o deserto em busca da terra prometida. Jesus anuncia a si mesmo como o verdadeiro P\u00e3o descido do c\u00e9u, capaz de saciar n\u00e3o por apenas um momento, n\u00e3o apenas um trecho do caminho, mas \u00e9 capaz de saciar para sempre. Ele \u00e9 o Alimento que d\u00e1 a vida eterna, por que \u00e9 o Filho Unig\u00eanito de Deus que veio para fazer com que o homem tenha vida em plenitude. Manifestando-se como o P\u00e3o do C\u00e9u, Jesus d\u00e1 testemunho de ser a Palavra de Deus encarnada, atrav\u00e9s da qual o homem pode fazer da vontade de Deus o seu alimento, que orienta e sustenta a sua exist\u00eancia. No evangelho de hoje tamb\u00e9m nos deparamos com a rejei\u00e7\u00e3o dos judeus com rela\u00e7\u00e3o a Jesus, eles o conhecem, sabem que Ele \u00e9 o filho de Jos\u00e9. Eles n\u00e3o s\u00e3o capazes de ir al\u00e9m das suas origens terrestres e por isso o rejeitam. Somente quem \u00e9 atra\u00eddo por Deus Pai e se deixa instruir por Ele pode acreditar em Jesus, pode encontra-lo e alimentar-se dele para ter a vida eterna, a vida em plenitude (Bento XVI). Quando nos detemos ao que \u00e9 material, n\u00e3o conseguimos fazer a experi\u00eancia profunda de Deus, que deveria ser a meta da nossa caminhada. Mas quem acolhe Jesus tem a possibilidade de conhecer a Deus e de conseguir a vida eterna.<\/p>\n<p><strong>Pe. Paulo Eduardo J\u00e1como, SDB.<\/strong><\/p>\n","protected":false},"excerpt":{"rendered":"<p>Quinta-feira, 08 de junho de 2023. &nbsp; Evangelho (Jo 6,51-58) &nbsp; \u201cEu sou o P\u00e3o Vivo descido do c\u00e9u\u201d &nbsp; Naquele tempo, disse Jesus \u00e0s&#8230;<\/p>\n","protected":false},"author":1,"featured_media":7030,"comment_status":"closed","ping_status":"closed","sticky":false,"template":"","format":"standard","meta":{"_acf_changed":false,"footnotes":""},"categories":[13],"tags":[],"class_list":["post-7035","post","type-post","status-publish","format-standard","has-post-thumbnail","hentry","category-reflexaodoevagelho"],"acf":[],"yoast_head":"<!-- This site is optimized with the Yoast SEO plugin v27.3 - https:\/\/yoast.com\/product\/yoast-seo-wordpress\/ -->\n<title>08\/06 - Eu sou o P\u00e3o Vivo descido do c\u00e9u. - Pastoral Universit\u00e1ria UniSALESIANO<\/title>\n<meta name=\"robots\" content=\"index, follow, max-snippet:-1, max-image-preview:large, max-video-preview:-1\" \/>\n<link rel=\"canonical\" href=\"https:\/\/unisale.com.br\/novo\/08-09-eu-sou-o-pao-vivo-descido-do-ceu\/\" \/>\n<meta property=\"og:locale\" content=\"pt_BR\" \/>\n<meta property=\"og:type\" content=\"article\" \/>\n<meta property=\"og:title\" content=\"08\/06 - Eu sou o P\u00e3o Vivo descido do c\u00e9u. - Pastoral Universit\u00e1ria UniSALESIANO\" \/>\n<meta property=\"og:description\" content=\"Quinta-feira, 08 de junho de 2023. &nbsp; Evangelho (Jo 6,51-58) &nbsp; \u201cEu sou o P\u00e3o Vivo descido do c\u00e9u\u201d &nbsp; Naquele tempo, disse Jesus \u00e0s...\" \/>\n<meta property=\"og:url\" content=\"https:\/\/unisale.com.br\/novo\/08-09-eu-sou-o-pao-vivo-descido-do-ceu\/\" \/>\n<meta property=\"og:site_name\" content=\"Pastoral Universit\u00e1ria UniSALESIANO\" \/>\n<meta property=\"article:published_time\" content=\"2023-06-01T11:44:16+00:00\" \/>\n<meta name=\"author\" content=\"pastoral\" \/>\n<meta name=\"twitter:card\" content=\"summary_large_image\" \/>\n<meta name=\"twitter:label1\" content=\"Escrito por\" \/>\n\t<meta name=\"twitter:data1\" content=\"pastoral\" \/>\n\t<meta name=\"twitter:label2\" content=\"Est. tempo de leitura\" \/>\n\t<meta name=\"twitter:data2\" content=\"3 minutos\" \/>\n<script type=\"application\/ld+json\" class=\"yoast-schema-graph\">{\"@context\":\"https:\\\/\\\/schema.org\",\"@graph\":[{\"@type\":\"Article\",\"@id\":\"https:\\\/\\\/unisale.com.br\\\/novo\\\/08-09-eu-sou-o-pao-vivo-descido-do-ceu\\\/#article\",\"isPartOf\":{\"@id\":\"https:\\\/\\\/unisale.com.br\\\/novo\\\/08-09-eu-sou-o-pao-vivo-descido-do-ceu\\\/\"},\"author\":{\"name\":\"pastoral\",\"@id\":\"https:\\\/\\\/unisale.com.br\\\/pastoral\\\/#\\\/schema\\\/person\\\/a16ba711a0f7dec9cb6b44563144d5a3\"},\"headline\":\"08\\\/06 &#8211; Eu sou o P\u00e3o Vivo descido do c\u00e9u.\",\"datePublished\":\"2023-06-01T11:44:16+00:00\",\"mainEntityOfPage\":{\"@id\":\"https:\\\/\\\/unisale.com.br\\\/novo\\\/08-09-eu-sou-o-pao-vivo-descido-do-ceu\\\/\"},\"wordCount\":577,\"image\":{\"@id\":\"https:\\\/\\\/unisale.com.br\\\/novo\\\/08-09-eu-sou-o-pao-vivo-descido-do-ceu\\\/#primaryimage\"},\"thumbnailUrl\":\"https:\\\/\\\/unisale.com.br\\\/pastoral\\\/wp-content\\\/uploads\\\/2023\\\/06\\\/Ev-08.jpg\",\"articleSection\":[\"Reflex\u00e3o do Evangelho\"],\"inLanguage\":\"pt-BR\"},{\"@type\":\"WebPage\",\"@id\":\"https:\\\/\\\/unisale.com.br\\\/novo\\\/08-09-eu-sou-o-pao-vivo-descido-do-ceu\\\/\",\"url\":\"https:\\\/\\\/unisale.com.br\\\/novo\\\/08-09-eu-sou-o-pao-vivo-descido-do-ceu\\\/\",\"name\":\"08\\\/06 - Eu sou o P\u00e3o Vivo descido do c\u00e9u. - Pastoral Universit\u00e1ria UniSALESIANO\",\"isPartOf\":{\"@id\":\"https:\\\/\\\/unisale.com.br\\\/pastoral\\\/#website\"},\"primaryImageOfPage\":{\"@id\":\"https:\\\/\\\/unisale.com.br\\\/novo\\\/08-09-eu-sou-o-pao-vivo-descido-do-ceu\\\/#primaryimage\"},\"image\":{\"@id\":\"https:\\\/\\\/unisale.com.br\\\/novo\\\/08-09-eu-sou-o-pao-vivo-descido-do-ceu\\\/#primaryimage\"},\"thumbnailUrl\":\"https:\\\/\\\/unisale.com.br\\\/pastoral\\\/wp-content\\\/uploads\\\/2023\\\/06\\\/Ev-08.jpg\",\"datePublished\":\"2023-06-01T11:44:16+00:00\",\"author\":{\"@id\":\"https:\\\/\\\/unisale.com.br\\\/pastoral\\\/#\\\/schema\\\/person\\\/a16ba711a0f7dec9cb6b44563144d5a3\"},\"inLanguage\":\"pt-BR\",\"potentialAction\":[{\"@type\":\"ReadAction\",\"target\":[\"https:\\\/\\\/unisale.com.br\\\/novo\\\/08-09-eu-sou-o-pao-vivo-descido-do-ceu\\\/\"]}]},{\"@type\":\"ImageObject\",\"inLanguage\":\"pt-BR\",\"@id\":\"https:\\\/\\\/unisale.com.br\\\/novo\\\/08-09-eu-sou-o-pao-vivo-descido-do-ceu\\\/#primaryimage\",\"url\":\"https:\\\/\\\/unisale.com.br\\\/pastoral\\\/wp-content\\\/uploads\\\/2023\\\/06\\\/Ev-08.jpg\",\"contentUrl\":\"https:\\\/\\\/unisale.com.br\\\/pastoral\\\/wp-content\\\/uploads\\\/2023\\\/06\\\/Ev-08.jpg\",\"width\":860,\"height\":500},{\"@type\":\"WebSite\",\"@id\":\"https:\\\/\\\/unisale.com.br\\\/pastoral\\\/#website\",\"url\":\"https:\\\/\\\/unisale.com.br\\\/pastoral\\\/\",\"name\":\"Pastoral Universit\u00e1ria UniSALESIANO\",\"description\":\"Site da Pastoral Universit\u00e1ria do UniSALESIANO\",\"potentialAction\":[{\"@type\":\"SearchAction\",\"target\":{\"@type\":\"EntryPoint\",\"urlTemplate\":\"https:\\\/\\\/unisale.com.br\\\/pastoral\\\/?s={search_term_string}\"},\"query-input\":{\"@type\":\"PropertyValueSpecification\",\"valueRequired\":true,\"valueName\":\"search_term_string\"}}],\"inLanguage\":\"pt-BR\"},{\"@type\":\"Person\",\"@id\":\"https:\\\/\\\/unisale.com.br\\\/pastoral\\\/#\\\/schema\\\/person\\\/a16ba711a0f7dec9cb6b44563144d5a3\",\"name\":\"pastoral\",\"url\":\"https:\\\/\\\/unisale.com.br\\\/pastoral\\\/author\\\/pastoral\\\/\"}]}<\/script>\n<!-- \/ Yoast SEO plugin. -->","yoast_head_json":{"title":"08\/06 - Eu sou o P\u00e3o Vivo descido do c\u00e9u. - Pastoral Universit\u00e1ria UniSALESIANO","robots":{"index":"index","follow":"follow","max-snippet":"max-snippet:-1","max-image-preview":"max-image-preview:large","max-video-preview":"max-video-preview:-1"},"canonical":"https:\/\/unisale.com.br\/novo\/08-09-eu-sou-o-pao-vivo-descido-do-ceu\/","og_locale":"pt_BR","og_type":"article","og_title":"08\/06 - Eu sou o P\u00e3o Vivo descido do c\u00e9u. - Pastoral Universit\u00e1ria UniSALESIANO","og_description":"Quinta-feira, 08 de junho de 2023. &nbsp; Evangelho (Jo 6,51-58) &nbsp; \u201cEu sou o P\u00e3o Vivo descido do c\u00e9u\u201d &nbsp; Naquele tempo, disse Jesus \u00e0s...","og_url":"https:\/\/unisale.com.br\/novo\/08-09-eu-sou-o-pao-vivo-descido-do-ceu\/","og_site_name":"Pastoral Universit\u00e1ria UniSALESIANO","article_published_time":"2023-06-01T11:44:16+00:00","author":"pastoral","twitter_card":"summary_large_image","twitter_misc":{"Escrito por":"pastoral","Est. tempo de leitura":"3 minutos"},"schema":{"@context":"https:\/\/schema.org","@graph":[{"@type":"Article","@id":"https:\/\/unisale.com.br\/novo\/08-09-eu-sou-o-pao-vivo-descido-do-ceu\/#article","isPartOf":{"@id":"https:\/\/unisale.com.br\/novo\/08-09-eu-sou-o-pao-vivo-descido-do-ceu\/"},"author":{"name":"pastoral","@id":"https:\/\/unisale.com.br\/pastoral\/#\/schema\/person\/a16ba711a0f7dec9cb6b44563144d5a3"},"headline":"08\/06 &#8211; Eu sou o P\u00e3o Vivo descido do c\u00e9u.","datePublished":"2023-06-01T11:44:16+00:00","mainEntityOfPage":{"@id":"https:\/\/unisale.com.br\/novo\/08-09-eu-sou-o-pao-vivo-descido-do-ceu\/"},"wordCount":577,"image":{"@id":"https:\/\/unisale.com.br\/novo\/08-09-eu-sou-o-pao-vivo-descido-do-ceu\/#primaryimage"},"thumbnailUrl":"https:\/\/unisale.com.br\/pastoral\/wp-content\/uploads\/2023\/06\/Ev-08.jpg","articleSection":["Reflex\u00e3o do Evangelho"],"inLanguage":"pt-BR"},{"@type":"WebPage","@id":"https:\/\/unisale.com.br\/novo\/08-09-eu-sou-o-pao-vivo-descido-do-ceu\/","url":"https:\/\/unisale.com.br\/novo\/08-09-eu-sou-o-pao-vivo-descido-do-ceu\/","name":"08\/06 - Eu sou o P\u00e3o Vivo descido do c\u00e9u. - Pastoral Universit\u00e1ria UniSALESIANO","isPartOf":{"@id":"https:\/\/unisale.com.br\/pastoral\/#website"},"primaryImageOfPage":{"@id":"https:\/\/unisale.com.br\/novo\/08-09-eu-sou-o-pao-vivo-descido-do-ceu\/#primaryimage"},"image":{"@id":"https:\/\/unisale.com.br\/novo\/08-09-eu-sou-o-pao-vivo-descido-do-ceu\/#primaryimage"},"thumbnailUrl":"https:\/\/unisale.com.br\/pastoral\/wp-content\/uploads\/2023\/06\/Ev-08.jpg","datePublished":"2023-06-01T11:44:16+00:00","author":{"@id":"https:\/\/unisale.com.br\/pastoral\/#\/schema\/person\/a16ba711a0f7dec9cb6b44563144d5a3"},"inLanguage":"pt-BR","potentialAction":[{"@type":"ReadAction","target":["https:\/\/unisale.com.br\/novo\/08-09-eu-sou-o-pao-vivo-descido-do-ceu\/"]}]},{"@type":"ImageObject","inLanguage":"pt-BR","@id":"https:\/\/unisale.com.br\/novo\/08-09-eu-sou-o-pao-vivo-descido-do-ceu\/#primaryimage","url":"https:\/\/unisale.com.br\/pastoral\/wp-content\/uploads\/2023\/06\/Ev-08.jpg","contentUrl":"https:\/\/unisale.com.br\/pastoral\/wp-content\/uploads\/2023\/06\/Ev-08.jpg","width":860,"height":500},{"@type":"WebSite","@id":"https:\/\/unisale.com.br\/pastoral\/#website","url":"https:\/\/unisale.com.br\/pastoral\/","name":"Pastoral Universit\u00e1ria UniSALESIANO","description":"Site da Pastoral Universit\u00e1ria do UniSALESIANO","potentialAction":[{"@type":"SearchAction","target":{"@type":"EntryPoint","urlTemplate":"https:\/\/unisale.com.br\/pastoral\/?s={search_term_string}"},"query-input":{"@type":"PropertyValueSpecification","valueRequired":true,"valueName":"search_term_string"}}],"inLanguage":"pt-BR"},{"@type":"Person","@id":"https:\/\/unisale.com.br\/pastoral\/#\/schema\/person\/a16ba711a0f7dec9cb6b44563144d5a3","name":"pastoral","url":"https:\/\/unisale.com.br\/pastoral\/author\/pastoral\/"}]}},"_links":{"self":[{"href":"https:\/\/unisale.com.br\/pastoral\/wp-json\/wp\/v2\/posts\/7035","targetHints":{"allow":["GET"]}}],"collection":[{"href":"https:\/\/unisale.com.br\/pastoral\/wp-json\/wp\/v2\/posts"}],"about":[{"href":"https:\/\/unisale.com.br\/pastoral\/wp-json\/wp\/v2\/types\/post"}],"author":[{"embeddable":true,"href":"https:\/\/unisale.com.br\/pastoral\/wp-json\/wp\/v2\/users\/1"}],"replies":[{"embeddable":true,"href":"https:\/\/unisale.com.br\/pastoral\/wp-json\/wp\/v2\/comments?post=7035"}],"version-history":[{"count":0,"href":"https:\/\/unisale.com.br\/pastoral\/wp-json\/wp\/v2\/posts\/7035\/revisions"}],"wp:featuredmedia":[{"embeddable":true,"href":"https:\/\/unisale.com.br\/pastoral\/wp-json\/wp\/v2\/media\/7030"}],"wp:attachment":[{"href":"https:\/\/unisale.com.br\/pastoral\/wp-json\/wp\/v2\/media?parent=7035"}],"wp:term":[{"taxonomy":"category","embeddable":true,"href":"https:\/\/unisale.com.br\/pastoral\/wp-json\/wp\/v2\/categories?post=7035"},{"taxonomy":"post_tag","embeddable":true,"href":"https:\/\/unisale.com.br\/pastoral\/wp-json\/wp\/v2\/tags?post=7035"}],"curies":[{"name":"wp","href":"https:\/\/api.w.org\/{rel}","templated":true}]}}