{"id":7037,"date":"2023-06-01T11:49:22","date_gmt":"2023-06-01T11:49:22","guid":{"rendered":"https:\/\/unisale.com.br\/pastoral\/?p=7037"},"modified":"2023-06-01T11:49:22","modified_gmt":"2023-06-01T11:49:22","slug":"o-proprio-davi-chama-o-messias-de-senhor","status":"publish","type":"post","link":"https:\/\/unisale.com.br\/pastoral\/o-proprio-davi-chama-o-messias-de-senhor\/","title":{"rendered":"09\/06 &#8211; &#8230;o pr\u00f3prio Davi chama o Messias de Senhor."},"content":{"rendered":"<p>&nbsp;<\/p>\n<p><strong>Sexta-feira, 09 de junho 2023.<\/strong><\/p>\n<p><strong>\u00a0<\/strong><\/p>\n<p><strong>Evangelho (Mc 12,35-37)<\/strong><\/p>\n<p><strong>\u00a0<\/strong><\/p>\n<p><strong><em>\u201c&#8230;o pr\u00f3prio Davi chama o Messias de Senhor\u201d.<\/em><\/strong><\/p>\n<p>&nbsp;<\/p>\n<p>Naquele tempo,\u00a0<strong><sup>35<\/sup><\/strong>Jesus ensinava no Templo, dizendo: \u201cComo \u00e9 que os mestres da Lei dizem que o Messias \u00e9 Filho de Davi?\u00a0<strong><sup>36<\/sup><\/strong>O pr\u00f3prio Davi, movido pelo Esp\u00edrito Santo, falou: \u2018Disse o Senhor ao meu Senhor: senta-te \u00e0 minha direita, at\u00e9 que eu ponha teus inimigos debaixo dos teus p\u00e9s\u2019.\u00a0<strong><sup>37<\/sup><\/strong>Portanto, o pr\u00f3prio Davi chama o Messias de Senhor. Como \u00e9 que ele ent\u00e3o ser seu filho?\u201d E uma grande multid\u00e3o o escutava com prazer.<\/p>\n<p>&nbsp;<\/p>\n<p><strong>Reflex\u00e3o<\/strong><\/p>\n<p>&nbsp;<\/p>\n<p>Todos sabem que o Messias deve vir, vir\u00e1 da descend\u00eancia de Davi, principalmente os escribas sabem melhor do que qualquer um essa hist\u00f3ria. Mas Jesus deseja fazer entender aos seus interlocutores que Ele n\u00e3o fala somente como homem, mas como Deus, e age enquanto Deus. Mas \u00e9 sempre assim dif\u00edcil entender que Jesus \u00e9 contemporaneamente Deus e contemporaneamente homem e o \u00e9 totalmente.<\/p>\n<p>Obviamente nos encontramos diante de um mist\u00e9rio que s\u00f3 podemos intuir e crer atrav\u00e9s dos olhos da f\u00e9 e n\u00e3o simplesmente com os poucos instrumentos da nossa raz\u00e3o. O risco \u00e9 sempre o de termos uma vis\u00e3o m\u00edope e parcial de Jesus. Se o consideramos somente como Deus esquecendo a sua humanidade, agora os seus milagres, as suas palavras, a sua paix\u00e3o, a sua morte e a sua ressurrei\u00e7\u00e3o n\u00e3o s\u00e3o coisas que nos maravilham. Dizer que \u00e9 Deus significa imagina-lo um pouco como um super-her\u00f3i que como tal faz coisas que aos mortais comuns n\u00e3o \u00e9 poss\u00edvel fazer. Pensar Deus somente na sua Onipot\u00eancia \u00e9 haver uma vis\u00e3o distorcida de Deus. O Filho de Deus se faz crian\u00e7a, entra na hist\u00f3ria como cada um de n\u00f3s. Sofre e se alegra como todos n\u00f3s. Morre verdadeiramente na cruz. E s\u00f3 depois o Pai o ressuscita. Cada um de n\u00f3s pode encontrar em Jesus a pr\u00f3pria humanidade e ao mesmo tempo tomar consci\u00eancia da vida nova que Ele nos d\u00e1. Jesus n\u00e3o \u00e9 um Deus fantasiado de homem, mas \u00e9 um Deus que se fez plenamente homem. Assim tamb\u00e9m n\u00f3s se somos humanos podemos estar prontos a acolher o dom de nos tornarmos divinos com Ele.<\/p>\n<p>&nbsp;<\/p>\n<p><strong>Pe. Paulo Eduardo J\u00e1como, SDB.<\/strong><\/p>\n","protected":false},"excerpt":{"rendered":"<p>&nbsp; Sexta-feira, 09 de junho 2023. \u00a0 Evangelho (Mc 12,35-37) \u00a0 \u201c&#8230;o pr\u00f3prio Davi chama o Messias de Senhor\u201d. &nbsp; Naquele tempo,\u00a035Jesus ensinava no Templo,&#8230;<\/p>\n","protected":false},"author":1,"featured_media":7031,"comment_status":"closed","ping_status":"closed","sticky":false,"template":"","format":"standard","meta":{"_acf_changed":false,"footnotes":""},"categories":[13],"tags":[],"class_list":["post-7037","post","type-post","status-publish","format-standard","has-post-thumbnail","hentry","category-reflexaodoevagelho"],"acf":[],"yoast_head":"<!-- This site is optimized with the Yoast SEO plugin v27.3 - https:\/\/yoast.com\/product\/yoast-seo-wordpress\/ -->\n<title>09\/06 - ...o pr\u00f3prio Davi chama o Messias de Senhor. - Pastoral Universit\u00e1ria UniSALESIANO<\/title>\n<meta name=\"robots\" content=\"index, follow, max-snippet:-1, max-image-preview:large, max-video-preview:-1\" \/>\n<link rel=\"canonical\" href=\"https:\/\/unisale.com.br\/novo\/o-proprio-davi-chama-o-messias-de-senhor\/\" \/>\n<meta property=\"og:locale\" content=\"pt_BR\" \/>\n<meta property=\"og:type\" content=\"article\" \/>\n<meta property=\"og:title\" content=\"09\/06 - ...o pr\u00f3prio Davi chama o Messias de Senhor. - Pastoral Universit\u00e1ria UniSALESIANO\" \/>\n<meta property=\"og:description\" content=\"&nbsp; Sexta-feira, 09 de junho 2023. \u00a0 Evangelho (Mc 12,35-37) \u00a0 \u201c&#8230;o pr\u00f3prio Davi chama o Messias de Senhor\u201d. &nbsp; Naquele tempo,\u00a035Jesus ensinava no Templo,...\" \/>\n<meta property=\"og:url\" content=\"https:\/\/unisale.com.br\/novo\/o-proprio-davi-chama-o-messias-de-senhor\/\" \/>\n<meta property=\"og:site_name\" content=\"Pastoral Universit\u00e1ria UniSALESIANO\" \/>\n<meta property=\"article:published_time\" content=\"2023-06-01T11:49:22+00:00\" \/>\n<meta name=\"author\" content=\"pastoral\" \/>\n<meta name=\"twitter:card\" content=\"summary_large_image\" \/>\n<meta name=\"twitter:label1\" content=\"Escrito por\" \/>\n\t<meta name=\"twitter:data1\" content=\"pastoral\" \/>\n\t<meta name=\"twitter:label2\" content=\"Est. tempo de leitura\" \/>\n\t<meta name=\"twitter:data2\" content=\"2 minutos\" \/>\n<script type=\"application\/ld+json\" class=\"yoast-schema-graph\">{\"@context\":\"https:\\\/\\\/schema.org\",\"@graph\":[{\"@type\":\"Article\",\"@id\":\"https:\\\/\\\/unisale.com.br\\\/novo\\\/o-proprio-davi-chama-o-messias-de-senhor\\\/#article\",\"isPartOf\":{\"@id\":\"https:\\\/\\\/unisale.com.br\\\/novo\\\/o-proprio-davi-chama-o-messias-de-senhor\\\/\"},\"author\":{\"name\":\"pastoral\",\"@id\":\"https:\\\/\\\/unisale.com.br\\\/pastoral\\\/#\\\/schema\\\/person\\\/a16ba711a0f7dec9cb6b44563144d5a3\"},\"headline\":\"09\\\/06 &#8211; &#8230;o pr\u00f3prio Davi chama o Messias de Senhor.\",\"datePublished\":\"2023-06-01T11:49:22+00:00\",\"mainEntityOfPage\":{\"@id\":\"https:\\\/\\\/unisale.com.br\\\/novo\\\/o-proprio-davi-chama-o-messias-de-senhor\\\/\"},\"wordCount\":403,\"image\":{\"@id\":\"https:\\\/\\\/unisale.com.br\\\/novo\\\/o-proprio-davi-chama-o-messias-de-senhor\\\/#primaryimage\"},\"thumbnailUrl\":\"https:\\\/\\\/unisale.com.br\\\/pastoral\\\/wp-content\\\/uploads\\\/2023\\\/06\\\/Ev-09.jpg\",\"articleSection\":[\"Reflex\u00e3o do Evangelho\"],\"inLanguage\":\"pt-BR\"},{\"@type\":\"WebPage\",\"@id\":\"https:\\\/\\\/unisale.com.br\\\/novo\\\/o-proprio-davi-chama-o-messias-de-senhor\\\/\",\"url\":\"https:\\\/\\\/unisale.com.br\\\/novo\\\/o-proprio-davi-chama-o-messias-de-senhor\\\/\",\"name\":\"09\\\/06 - ...o pr\u00f3prio Davi chama o Messias de Senhor. - Pastoral Universit\u00e1ria UniSALESIANO\",\"isPartOf\":{\"@id\":\"https:\\\/\\\/unisale.com.br\\\/pastoral\\\/#website\"},\"primaryImageOfPage\":{\"@id\":\"https:\\\/\\\/unisale.com.br\\\/novo\\\/o-proprio-davi-chama-o-messias-de-senhor\\\/#primaryimage\"},\"image\":{\"@id\":\"https:\\\/\\\/unisale.com.br\\\/novo\\\/o-proprio-davi-chama-o-messias-de-senhor\\\/#primaryimage\"},\"thumbnailUrl\":\"https:\\\/\\\/unisale.com.br\\\/pastoral\\\/wp-content\\\/uploads\\\/2023\\\/06\\\/Ev-09.jpg\",\"datePublished\":\"2023-06-01T11:49:22+00:00\",\"author\":{\"@id\":\"https:\\\/\\\/unisale.com.br\\\/pastoral\\\/#\\\/schema\\\/person\\\/a16ba711a0f7dec9cb6b44563144d5a3\"},\"inLanguage\":\"pt-BR\",\"potentialAction\":[{\"@type\":\"ReadAction\",\"target\":[\"https:\\\/\\\/unisale.com.br\\\/novo\\\/o-proprio-davi-chama-o-messias-de-senhor\\\/\"]}]},{\"@type\":\"ImageObject\",\"inLanguage\":\"pt-BR\",\"@id\":\"https:\\\/\\\/unisale.com.br\\\/novo\\\/o-proprio-davi-chama-o-messias-de-senhor\\\/#primaryimage\",\"url\":\"https:\\\/\\\/unisale.com.br\\\/pastoral\\\/wp-content\\\/uploads\\\/2023\\\/06\\\/Ev-09.jpg\",\"contentUrl\":\"https:\\\/\\\/unisale.com.br\\\/pastoral\\\/wp-content\\\/uploads\\\/2023\\\/06\\\/Ev-09.jpg\",\"width\":889,\"height\":500},{\"@type\":\"WebSite\",\"@id\":\"https:\\\/\\\/unisale.com.br\\\/pastoral\\\/#website\",\"url\":\"https:\\\/\\\/unisale.com.br\\\/pastoral\\\/\",\"name\":\"Pastoral Universit\u00e1ria UniSALESIANO\",\"description\":\"Site da Pastoral Universit\u00e1ria do UniSALESIANO\",\"potentialAction\":[{\"@type\":\"SearchAction\",\"target\":{\"@type\":\"EntryPoint\",\"urlTemplate\":\"https:\\\/\\\/unisale.com.br\\\/pastoral\\\/?s={search_term_string}\"},\"query-input\":{\"@type\":\"PropertyValueSpecification\",\"valueRequired\":true,\"valueName\":\"search_term_string\"}}],\"inLanguage\":\"pt-BR\"},{\"@type\":\"Person\",\"@id\":\"https:\\\/\\\/unisale.com.br\\\/pastoral\\\/#\\\/schema\\\/person\\\/a16ba711a0f7dec9cb6b44563144d5a3\",\"name\":\"pastoral\",\"url\":\"https:\\\/\\\/unisale.com.br\\\/pastoral\\\/author\\\/pastoral\\\/\"}]}<\/script>\n<!-- \/ Yoast SEO plugin. -->","yoast_head_json":{"title":"09\/06 - ...o pr\u00f3prio Davi chama o Messias de Senhor. - Pastoral Universit\u00e1ria UniSALESIANO","robots":{"index":"index","follow":"follow","max-snippet":"max-snippet:-1","max-image-preview":"max-image-preview:large","max-video-preview":"max-video-preview:-1"},"canonical":"https:\/\/unisale.com.br\/novo\/o-proprio-davi-chama-o-messias-de-senhor\/","og_locale":"pt_BR","og_type":"article","og_title":"09\/06 - ...o pr\u00f3prio Davi chama o Messias de Senhor. - Pastoral Universit\u00e1ria UniSALESIANO","og_description":"&nbsp; Sexta-feira, 09 de junho 2023. \u00a0 Evangelho (Mc 12,35-37) \u00a0 \u201c&#8230;o pr\u00f3prio Davi chama o Messias de Senhor\u201d. &nbsp; Naquele tempo,\u00a035Jesus ensinava no Templo,...","og_url":"https:\/\/unisale.com.br\/novo\/o-proprio-davi-chama-o-messias-de-senhor\/","og_site_name":"Pastoral Universit\u00e1ria UniSALESIANO","article_published_time":"2023-06-01T11:49:22+00:00","author":"pastoral","twitter_card":"summary_large_image","twitter_misc":{"Escrito por":"pastoral","Est. tempo de leitura":"2 minutos"},"schema":{"@context":"https:\/\/schema.org","@graph":[{"@type":"Article","@id":"https:\/\/unisale.com.br\/novo\/o-proprio-davi-chama-o-messias-de-senhor\/#article","isPartOf":{"@id":"https:\/\/unisale.com.br\/novo\/o-proprio-davi-chama-o-messias-de-senhor\/"},"author":{"name":"pastoral","@id":"https:\/\/unisale.com.br\/pastoral\/#\/schema\/person\/a16ba711a0f7dec9cb6b44563144d5a3"},"headline":"09\/06 &#8211; &#8230;o pr\u00f3prio Davi chama o Messias de Senhor.","datePublished":"2023-06-01T11:49:22+00:00","mainEntityOfPage":{"@id":"https:\/\/unisale.com.br\/novo\/o-proprio-davi-chama-o-messias-de-senhor\/"},"wordCount":403,"image":{"@id":"https:\/\/unisale.com.br\/novo\/o-proprio-davi-chama-o-messias-de-senhor\/#primaryimage"},"thumbnailUrl":"https:\/\/unisale.com.br\/pastoral\/wp-content\/uploads\/2023\/06\/Ev-09.jpg","articleSection":["Reflex\u00e3o do Evangelho"],"inLanguage":"pt-BR"},{"@type":"WebPage","@id":"https:\/\/unisale.com.br\/novo\/o-proprio-davi-chama-o-messias-de-senhor\/","url":"https:\/\/unisale.com.br\/novo\/o-proprio-davi-chama-o-messias-de-senhor\/","name":"09\/06 - ...o pr\u00f3prio Davi chama o Messias de Senhor. - Pastoral Universit\u00e1ria UniSALESIANO","isPartOf":{"@id":"https:\/\/unisale.com.br\/pastoral\/#website"},"primaryImageOfPage":{"@id":"https:\/\/unisale.com.br\/novo\/o-proprio-davi-chama-o-messias-de-senhor\/#primaryimage"},"image":{"@id":"https:\/\/unisale.com.br\/novo\/o-proprio-davi-chama-o-messias-de-senhor\/#primaryimage"},"thumbnailUrl":"https:\/\/unisale.com.br\/pastoral\/wp-content\/uploads\/2023\/06\/Ev-09.jpg","datePublished":"2023-06-01T11:49:22+00:00","author":{"@id":"https:\/\/unisale.com.br\/pastoral\/#\/schema\/person\/a16ba711a0f7dec9cb6b44563144d5a3"},"inLanguage":"pt-BR","potentialAction":[{"@type":"ReadAction","target":["https:\/\/unisale.com.br\/novo\/o-proprio-davi-chama-o-messias-de-senhor\/"]}]},{"@type":"ImageObject","inLanguage":"pt-BR","@id":"https:\/\/unisale.com.br\/novo\/o-proprio-davi-chama-o-messias-de-senhor\/#primaryimage","url":"https:\/\/unisale.com.br\/pastoral\/wp-content\/uploads\/2023\/06\/Ev-09.jpg","contentUrl":"https:\/\/unisale.com.br\/pastoral\/wp-content\/uploads\/2023\/06\/Ev-09.jpg","width":889,"height":500},{"@type":"WebSite","@id":"https:\/\/unisale.com.br\/pastoral\/#website","url":"https:\/\/unisale.com.br\/pastoral\/","name":"Pastoral Universit\u00e1ria UniSALESIANO","description":"Site da Pastoral Universit\u00e1ria do UniSALESIANO","potentialAction":[{"@type":"SearchAction","target":{"@type":"EntryPoint","urlTemplate":"https:\/\/unisale.com.br\/pastoral\/?s={search_term_string}"},"query-input":{"@type":"PropertyValueSpecification","valueRequired":true,"valueName":"search_term_string"}}],"inLanguage":"pt-BR"},{"@type":"Person","@id":"https:\/\/unisale.com.br\/pastoral\/#\/schema\/person\/a16ba711a0f7dec9cb6b44563144d5a3","name":"pastoral","url":"https:\/\/unisale.com.br\/pastoral\/author\/pastoral\/"}]}},"_links":{"self":[{"href":"https:\/\/unisale.com.br\/pastoral\/wp-json\/wp\/v2\/posts\/7037","targetHints":{"allow":["GET"]}}],"collection":[{"href":"https:\/\/unisale.com.br\/pastoral\/wp-json\/wp\/v2\/posts"}],"about":[{"href":"https:\/\/unisale.com.br\/pastoral\/wp-json\/wp\/v2\/types\/post"}],"author":[{"embeddable":true,"href":"https:\/\/unisale.com.br\/pastoral\/wp-json\/wp\/v2\/users\/1"}],"replies":[{"embeddable":true,"href":"https:\/\/unisale.com.br\/pastoral\/wp-json\/wp\/v2\/comments?post=7037"}],"version-history":[{"count":0,"href":"https:\/\/unisale.com.br\/pastoral\/wp-json\/wp\/v2\/posts\/7037\/revisions"}],"wp:featuredmedia":[{"embeddable":true,"href":"https:\/\/unisale.com.br\/pastoral\/wp-json\/wp\/v2\/media\/7031"}],"wp:attachment":[{"href":"https:\/\/unisale.com.br\/pastoral\/wp-json\/wp\/v2\/media?parent=7037"}],"wp:term":[{"taxonomy":"category","embeddable":true,"href":"https:\/\/unisale.com.br\/pastoral\/wp-json\/wp\/v2\/categories?post=7037"},{"taxonomy":"post_tag","embeddable":true,"href":"https:\/\/unisale.com.br\/pastoral\/wp-json\/wp\/v2\/tags?post=7037"}],"curies":[{"name":"wp","href":"https:\/\/api.w.org\/{rel}","templated":true}]}}