{"id":7054,"date":"2023-06-13T12:43:56","date_gmt":"2023-06-13T12:43:56","guid":{"rendered":"https:\/\/unisale.com.br\/pastoral\/?p=7054"},"modified":"2023-06-13T12:43:56","modified_gmt":"2023-06-13T12:43:56","slug":"7054-2","status":"publish","type":"post","link":"https:\/\/unisale.com.br\/pastoral\/7054-2\/","title":{"rendered":"11\/06 &#8211; Quero miseric\u00f3rdia e n\u00e3o sacrif\u00edcio."},"content":{"rendered":"<p>Domingo, 11 de junho de 2023.<\/p>\n<p>&nbsp;<\/p>\n<p>Evangelho (Mt 9,9-13)<\/p>\n<p>&nbsp;<\/p>\n<p><strong>\u201cQuero miseric\u00f3rdia e n\u00e3o sacrif\u00edcio.\u201d<\/strong><\/p>\n<p>&nbsp;<\/p>\n<p>Naquele tempo: <sup>9<\/sup>Partindo dali, Jesus viu um homem chamado Mateus, sentado na coletoria de impostos, e disse-lhe: \u201cSegue-me!\u201d Ele se levantou e seguiu a Jesus. <sup>10<\/sup>Enquanto Jesus estava \u00e0 mesa, em casa de Mateus, vieram muitos cobradores de impostos e pecadores e sentaram-se \u00e0 mesa com Jesus e seus disc\u00edpulos. <sup>11<\/sup>Alguns fariseus viram isso e perguntaram aos disc\u00edpulos: \u201cPor que vosso mestre come com os cobradores de impostos e pecadores?\u201d <sup>12<\/sup>Jesus ouviu a pergunta e respondeu: \u201cAqueles que t\u00eam sa\u00fade n\u00e3o precisam de m\u00e9dico, mas sim os doentes. <sup>13<\/sup>Aprendei, pois, o que significa: \u2018Quero miseric\u00f3rdia e n\u00e3o sacrif\u00edcio.\u2019 De fato, eu n\u00e3o vim para chamar os justos, mas os pecadores\u201d.<\/p>\n<p>&nbsp;<\/p>\n<p>&nbsp;<\/p>\n<p><strong>Reflex\u00e3o<\/strong><\/p>\n<p>&nbsp;<\/p>\n<p>Neste epis\u00f3dio do evangelho Mateus relata o seu primeiro encontro com Jesus. Ele era cobrador de impostos a servi\u00e7o dos romanos. Detestado pelos zelotas e pelos fariseus. Antes de deixar sua profiss\u00e3o para seguir o Mestre, ele faz um jantar onde o convidado principal era Jesus. Tamb\u00e9m convidou seus amigos de trabalho a fim de mostrar e fazer conhecer o respons\u00e1vel pela sua mudan\u00e7a, pela sua convers\u00e3o. \u00c9 belo ver como este evangelho faz notar que Jesus est\u00e1 bem perto dos que mais precisam dele. Ele veio curar, perdoar, salvar quem est\u00e1 perdido, mas principalmente aqueles que sofrem na alma. Ele n\u00e3o se afasta de n\u00f3s e n\u00e3o considera ningu\u00e9m de n\u00f3s como um \u201ccaso perdido\u201d. Ele nos chama \u00e0 santidade e tem preparada as gra\u00e7as de que precisamos. Ele nos diz que quer miseric\u00f3rdia e n\u00e3o sacrif\u00edcios e se alguma vez permite que soframos \u00e9 porque quer para n\u00f3s um bem superior. Os nossos momentos de sofrimento precisam ser vividos com f\u00e9 e esperan\u00e7a. Santa Teresa d\u2019\u00c1vila dizia \u201cque o nosso maior engano \u00e9 o de n\u00e3o nos abandonarmos inteiramente ao que o Senhor faz, porque Ele sabe melhor o que nos conv\u00e9m\u201d. J\u00e1 S\u00e3o Paulo dizia que tudo coopera para o bem daqueles que amam a Deus. A pergunta \u00e9: como \u00e9 que o Senhor nos h\u00e1 de deixar s\u00f3s diante dos obst\u00e1culos que possam surgir para vivermos de acordo com a chamada que nos dirigiu? Ele nos estende a m\u00e3o de muitas formas: na ora\u00e7\u00e3o di\u00e1ria, nos Sacramentos, etc. Tudo est\u00e1 na depend\u00eancia de aceitarmos ou n\u00e3o sua m\u00e3o estendida. \u201cQuero miseric\u00f3rdia e n\u00e3o sacrif\u00edcios\u201d. O verdadeiro sacrif\u00edcio consiste em sacrificar no altar a vontade de Deus, a n\u00f3s mesmos. \u00c9 preciso sacrif\u00edcio interior e o primeiro sacrif\u00edcio \u00e9 a nossa pr\u00f3pria convers\u00e3o.<\/p>\n<p>&nbsp;<\/p>\n<p><strong>Pe. Paulo Eduardo J\u00e1como, SDB.<\/strong><\/p>\n","protected":false},"excerpt":{"rendered":"<p>Domingo, 11 de junho de 2023. &nbsp; Evangelho (Mt 9,9-13) &nbsp; \u201cQuero miseric\u00f3rdia e n\u00e3o sacrif\u00edcio.\u201d &nbsp; Naquele tempo: 9Partindo dali, Jesus viu um homem&#8230;<\/p>\n","protected":false},"author":1,"featured_media":7055,"comment_status":"closed","ping_status":"closed","sticky":false,"template":"","format":"standard","meta":{"_acf_changed":false,"footnotes":""},"categories":[13],"tags":[],"class_list":["post-7054","post","type-post","status-publish","format-standard","has-post-thumbnail","hentry","category-reflexaodoevagelho"],"acf":[],"yoast_head":"<!-- This site is optimized with the Yoast SEO plugin v27.3 - https:\/\/yoast.com\/product\/yoast-seo-wordpress\/ -->\n<title>11\/06 - Quero miseric\u00f3rdia e n\u00e3o sacrif\u00edcio. - Pastoral Universit\u00e1ria UniSALESIANO<\/title>\n<meta name=\"robots\" content=\"index, follow, max-snippet:-1, max-image-preview:large, max-video-preview:-1\" \/>\n<link rel=\"canonical\" href=\"https:\/\/unisale.com.br\/novo\/7054-2\/\" \/>\n<meta property=\"og:locale\" content=\"pt_BR\" \/>\n<meta property=\"og:type\" content=\"article\" \/>\n<meta property=\"og:title\" content=\"11\/06 - Quero miseric\u00f3rdia e n\u00e3o sacrif\u00edcio. - Pastoral Universit\u00e1ria UniSALESIANO\" \/>\n<meta property=\"og:description\" content=\"Domingo, 11 de junho de 2023. &nbsp; Evangelho (Mt 9,9-13) &nbsp; \u201cQuero miseric\u00f3rdia e n\u00e3o sacrif\u00edcio.\u201d &nbsp; Naquele tempo: 9Partindo dali, Jesus viu um homem...\" \/>\n<meta property=\"og:url\" content=\"https:\/\/unisale.com.br\/novo\/7054-2\/\" \/>\n<meta property=\"og:site_name\" content=\"Pastoral Universit\u00e1ria UniSALESIANO\" \/>\n<meta property=\"article:published_time\" content=\"2023-06-13T12:43:56+00:00\" \/>\n<meta name=\"author\" content=\"pastoral\" \/>\n<meta name=\"twitter:card\" content=\"summary_large_image\" \/>\n<meta name=\"twitter:label1\" content=\"Escrito por\" \/>\n\t<meta name=\"twitter:data1\" content=\"pastoral\" \/>\n\t<meta name=\"twitter:label2\" content=\"Est. tempo de leitura\" \/>\n\t<meta name=\"twitter:data2\" content=\"2 minutos\" \/>\n<script type=\"application\/ld+json\" class=\"yoast-schema-graph\">{\"@context\":\"https:\\\/\\\/schema.org\",\"@graph\":[{\"@type\":\"Article\",\"@id\":\"https:\\\/\\\/unisale.com.br\\\/novo\\\/7054-2\\\/#article\",\"isPartOf\":{\"@id\":\"https:\\\/\\\/unisale.com.br\\\/novo\\\/7054-2\\\/\"},\"author\":{\"name\":\"pastoral\",\"@id\":\"https:\\\/\\\/unisale.com.br\\\/pastoral\\\/#\\\/schema\\\/person\\\/a16ba711a0f7dec9cb6b44563144d5a3\"},\"headline\":\"11\\\/06 &#8211; Quero miseric\u00f3rdia e n\u00e3o sacrif\u00edcio.\",\"datePublished\":\"2023-06-13T12:43:56+00:00\",\"mainEntityOfPage\":{\"@id\":\"https:\\\/\\\/unisale.com.br\\\/novo\\\/7054-2\\\/\"},\"wordCount\":484,\"image\":{\"@id\":\"https:\\\/\\\/unisale.com.br\\\/novo\\\/7054-2\\\/#primaryimage\"},\"thumbnailUrl\":\"https:\\\/\\\/unisale.com.br\\\/pastoral\\\/wp-content\\\/uploads\\\/2023\\\/06\\\/Ev-11.jpg\",\"articleSection\":[\"Reflex\u00e3o do Evangelho\"],\"inLanguage\":\"pt-BR\"},{\"@type\":\"WebPage\",\"@id\":\"https:\\\/\\\/unisale.com.br\\\/novo\\\/7054-2\\\/\",\"url\":\"https:\\\/\\\/unisale.com.br\\\/novo\\\/7054-2\\\/\",\"name\":\"11\\\/06 - Quero miseric\u00f3rdia e n\u00e3o sacrif\u00edcio. - Pastoral Universit\u00e1ria UniSALESIANO\",\"isPartOf\":{\"@id\":\"https:\\\/\\\/unisale.com.br\\\/pastoral\\\/#website\"},\"primaryImageOfPage\":{\"@id\":\"https:\\\/\\\/unisale.com.br\\\/novo\\\/7054-2\\\/#primaryimage\"},\"image\":{\"@id\":\"https:\\\/\\\/unisale.com.br\\\/novo\\\/7054-2\\\/#primaryimage\"},\"thumbnailUrl\":\"https:\\\/\\\/unisale.com.br\\\/pastoral\\\/wp-content\\\/uploads\\\/2023\\\/06\\\/Ev-11.jpg\",\"datePublished\":\"2023-06-13T12:43:56+00:00\",\"author\":{\"@id\":\"https:\\\/\\\/unisale.com.br\\\/pastoral\\\/#\\\/schema\\\/person\\\/a16ba711a0f7dec9cb6b44563144d5a3\"},\"inLanguage\":\"pt-BR\",\"potentialAction\":[{\"@type\":\"ReadAction\",\"target\":[\"https:\\\/\\\/unisale.com.br\\\/novo\\\/7054-2\\\/\"]}]},{\"@type\":\"ImageObject\",\"inLanguage\":\"pt-BR\",\"@id\":\"https:\\\/\\\/unisale.com.br\\\/novo\\\/7054-2\\\/#primaryimage\",\"url\":\"https:\\\/\\\/unisale.com.br\\\/pastoral\\\/wp-content\\\/uploads\\\/2023\\\/06\\\/Ev-11.jpg\",\"contentUrl\":\"https:\\\/\\\/unisale.com.br\\\/pastoral\\\/wp-content\\\/uploads\\\/2023\\\/06\\\/Ev-11.jpg\",\"width\":610,\"height\":500},{\"@type\":\"WebSite\",\"@id\":\"https:\\\/\\\/unisale.com.br\\\/pastoral\\\/#website\",\"url\":\"https:\\\/\\\/unisale.com.br\\\/pastoral\\\/\",\"name\":\"Pastoral Universit\u00e1ria UniSALESIANO\",\"description\":\"Site da Pastoral Universit\u00e1ria do UniSALESIANO\",\"potentialAction\":[{\"@type\":\"SearchAction\",\"target\":{\"@type\":\"EntryPoint\",\"urlTemplate\":\"https:\\\/\\\/unisale.com.br\\\/pastoral\\\/?s={search_term_string}\"},\"query-input\":{\"@type\":\"PropertyValueSpecification\",\"valueRequired\":true,\"valueName\":\"search_term_string\"}}],\"inLanguage\":\"pt-BR\"},{\"@type\":\"Person\",\"@id\":\"https:\\\/\\\/unisale.com.br\\\/pastoral\\\/#\\\/schema\\\/person\\\/a16ba711a0f7dec9cb6b44563144d5a3\",\"name\":\"pastoral\",\"url\":\"https:\\\/\\\/unisale.com.br\\\/pastoral\\\/author\\\/pastoral\\\/\"}]}<\/script>\n<!-- \/ Yoast SEO plugin. -->","yoast_head_json":{"title":"11\/06 - Quero miseric\u00f3rdia e n\u00e3o sacrif\u00edcio. - Pastoral Universit\u00e1ria UniSALESIANO","robots":{"index":"index","follow":"follow","max-snippet":"max-snippet:-1","max-image-preview":"max-image-preview:large","max-video-preview":"max-video-preview:-1"},"canonical":"https:\/\/unisale.com.br\/novo\/7054-2\/","og_locale":"pt_BR","og_type":"article","og_title":"11\/06 - Quero miseric\u00f3rdia e n\u00e3o sacrif\u00edcio. - Pastoral Universit\u00e1ria UniSALESIANO","og_description":"Domingo, 11 de junho de 2023. &nbsp; Evangelho (Mt 9,9-13) &nbsp; \u201cQuero miseric\u00f3rdia e n\u00e3o sacrif\u00edcio.\u201d &nbsp; Naquele tempo: 9Partindo dali, Jesus viu um homem...","og_url":"https:\/\/unisale.com.br\/novo\/7054-2\/","og_site_name":"Pastoral Universit\u00e1ria UniSALESIANO","article_published_time":"2023-06-13T12:43:56+00:00","author":"pastoral","twitter_card":"summary_large_image","twitter_misc":{"Escrito por":"pastoral","Est. tempo de leitura":"2 minutos"},"schema":{"@context":"https:\/\/schema.org","@graph":[{"@type":"Article","@id":"https:\/\/unisale.com.br\/novo\/7054-2\/#article","isPartOf":{"@id":"https:\/\/unisale.com.br\/novo\/7054-2\/"},"author":{"name":"pastoral","@id":"https:\/\/unisale.com.br\/pastoral\/#\/schema\/person\/a16ba711a0f7dec9cb6b44563144d5a3"},"headline":"11\/06 &#8211; Quero miseric\u00f3rdia e n\u00e3o sacrif\u00edcio.","datePublished":"2023-06-13T12:43:56+00:00","mainEntityOfPage":{"@id":"https:\/\/unisale.com.br\/novo\/7054-2\/"},"wordCount":484,"image":{"@id":"https:\/\/unisale.com.br\/novo\/7054-2\/#primaryimage"},"thumbnailUrl":"https:\/\/unisale.com.br\/pastoral\/wp-content\/uploads\/2023\/06\/Ev-11.jpg","articleSection":["Reflex\u00e3o do Evangelho"],"inLanguage":"pt-BR"},{"@type":"WebPage","@id":"https:\/\/unisale.com.br\/novo\/7054-2\/","url":"https:\/\/unisale.com.br\/novo\/7054-2\/","name":"11\/06 - Quero miseric\u00f3rdia e n\u00e3o sacrif\u00edcio. - Pastoral Universit\u00e1ria UniSALESIANO","isPartOf":{"@id":"https:\/\/unisale.com.br\/pastoral\/#website"},"primaryImageOfPage":{"@id":"https:\/\/unisale.com.br\/novo\/7054-2\/#primaryimage"},"image":{"@id":"https:\/\/unisale.com.br\/novo\/7054-2\/#primaryimage"},"thumbnailUrl":"https:\/\/unisale.com.br\/pastoral\/wp-content\/uploads\/2023\/06\/Ev-11.jpg","datePublished":"2023-06-13T12:43:56+00:00","author":{"@id":"https:\/\/unisale.com.br\/pastoral\/#\/schema\/person\/a16ba711a0f7dec9cb6b44563144d5a3"},"inLanguage":"pt-BR","potentialAction":[{"@type":"ReadAction","target":["https:\/\/unisale.com.br\/novo\/7054-2\/"]}]},{"@type":"ImageObject","inLanguage":"pt-BR","@id":"https:\/\/unisale.com.br\/novo\/7054-2\/#primaryimage","url":"https:\/\/unisale.com.br\/pastoral\/wp-content\/uploads\/2023\/06\/Ev-11.jpg","contentUrl":"https:\/\/unisale.com.br\/pastoral\/wp-content\/uploads\/2023\/06\/Ev-11.jpg","width":610,"height":500},{"@type":"WebSite","@id":"https:\/\/unisale.com.br\/pastoral\/#website","url":"https:\/\/unisale.com.br\/pastoral\/","name":"Pastoral Universit\u00e1ria UniSALESIANO","description":"Site da Pastoral Universit\u00e1ria do UniSALESIANO","potentialAction":[{"@type":"SearchAction","target":{"@type":"EntryPoint","urlTemplate":"https:\/\/unisale.com.br\/pastoral\/?s={search_term_string}"},"query-input":{"@type":"PropertyValueSpecification","valueRequired":true,"valueName":"search_term_string"}}],"inLanguage":"pt-BR"},{"@type":"Person","@id":"https:\/\/unisale.com.br\/pastoral\/#\/schema\/person\/a16ba711a0f7dec9cb6b44563144d5a3","name":"pastoral","url":"https:\/\/unisale.com.br\/pastoral\/author\/pastoral\/"}]}},"_links":{"self":[{"href":"https:\/\/unisale.com.br\/pastoral\/wp-json\/wp\/v2\/posts\/7054","targetHints":{"allow":["GET"]}}],"collection":[{"href":"https:\/\/unisale.com.br\/pastoral\/wp-json\/wp\/v2\/posts"}],"about":[{"href":"https:\/\/unisale.com.br\/pastoral\/wp-json\/wp\/v2\/types\/post"}],"author":[{"embeddable":true,"href":"https:\/\/unisale.com.br\/pastoral\/wp-json\/wp\/v2\/users\/1"}],"replies":[{"embeddable":true,"href":"https:\/\/unisale.com.br\/pastoral\/wp-json\/wp\/v2\/comments?post=7054"}],"version-history":[{"count":0,"href":"https:\/\/unisale.com.br\/pastoral\/wp-json\/wp\/v2\/posts\/7054\/revisions"}],"wp:featuredmedia":[{"embeddable":true,"href":"https:\/\/unisale.com.br\/pastoral\/wp-json\/wp\/v2\/media\/7055"}],"wp:attachment":[{"href":"https:\/\/unisale.com.br\/pastoral\/wp-json\/wp\/v2\/media?parent=7054"}],"wp:term":[{"taxonomy":"category","embeddable":true,"href":"https:\/\/unisale.com.br\/pastoral\/wp-json\/wp\/v2\/categories?post=7054"},{"taxonomy":"post_tag","embeddable":true,"href":"https:\/\/unisale.com.br\/pastoral\/wp-json\/wp\/v2\/tags?post=7054"}],"curies":[{"name":"wp","href":"https:\/\/api.w.org\/{rel}","templated":true}]}}