{"id":7066,"date":"2023-06-13T12:46:50","date_gmt":"2023-06-13T12:46:50","guid":{"rendered":"https:\/\/unisale.com.br\/pastoral\/?p=7066"},"modified":"2023-06-13T12:46:50","modified_gmt":"2023-06-13T12:46:50","slug":"13-06-vos-sois-o-sal-da-terra-vos-sois-a-luz-do-mundo","status":"publish","type":"post","link":"https:\/\/unisale.com.br\/pastoral\/13-06-vos-sois-o-sal-da-terra-vos-sois-a-luz-do-mundo\/","title":{"rendered":"13\/06 &#8211; V\u00f3s sois o sal da terra&#8230; V\u00f3s sois a luz do mundo."},"content":{"rendered":"<p>Ter\u00e7a-feira, 13 de junho de 2023.<\/p>\n<p>&nbsp;<\/p>\n<p>Evangelho (Mt 5,13-16)<\/p>\n<p>&nbsp;<\/p>\n<p><strong>\u201cV\u00f3s sois o sal da terra&#8230; V\u00f3s sois a luz do mundo.\u201d<\/strong><\/p>\n<p>&nbsp;<\/p>\n<p>Naquele tempo, disse Jesus aos seus disc\u00edpulos: <sup>13<\/sup>\u201cV\u00f3s sois o sal da terra. Ora, se o sal se tornar insosso, com que salgaremos? Ele n\u00e3o servir\u00e1 para mais nada, sen\u00e3o para ser jogado fora e ser pisado pelos homens. <sup>14<\/sup>V\u00f3s sois a luz do mundo. N\u00e3o pode ficar escondida uma cidade constru\u00edda sobre um monte. <sup>15<\/sup>Ningu\u00e9m acende uma l\u00e2mpada e a coloca debaixo de uma vasilha, mas sim num candeeiro, onde ela brilha para todos os que est\u00e3o em casa. <sup>16<\/sup>Assim tamb\u00e9m brilhe a vossa luz diante dos homens, para que vejam as vossas boas obras e louvem o vosso Pai que est\u00e1 nos c\u00e9us\u201d.<\/p>\n<p>&nbsp;<\/p>\n<p><strong>Reflex\u00e3o<\/strong><\/p>\n<p>&nbsp;<\/p>\n<p>Se analisarmos bem, em todo o mundo a imagem da luz est\u00e1 associada ao bem, a beleza e a vida. A treva, muito pelo contr\u00e1rio, significa ignor\u00e2ncia, pecado, desgra\u00e7a e morte. A pr\u00f3pria cria\u00e7\u00e3o inicia com a ordem divina: \u201cSe fa\u00e7a a luz!\u201d (Gn 1,3). Bem, mas a verdadeira luz do mundo \u00e9 Cristo. O sol, a luz, as estrelas s\u00e3o somente um reflexo da sua gl\u00f3ria e imagens de suas a\u00e7\u00f5es. A luz de Cristo tamb\u00e9m significa conhecimento, e os crist\u00e3os recebem a ilumina\u00e7\u00e3o do Esp\u00edrito Santo. \u00c1 luz do Esp\u00edrito Santo nos vemos a verdadeira luz que ilumina este mundo, isto \u00e9, Cristo caminho, verdade e vida. Quem conhece Cristo conhece tudo. As trevas se op\u00f5em a Cristo, Mas Cristo levar\u00e1 a luz ao reino das trevas, no vale da sombra da morte. A Igreja ilumina o mundo com os seus sacramentos, com os seus ensinamentos, com o exemplo dos crist\u00e3os. O evangelho de hoje fala tamb\u00e9m do sal. Todos n\u00f3s usamos o sal, mas com indiferen\u00e7a e n\u00e3o com o mesmo cuidado e respeito que tinham os povos da idade m\u00e9dia. Naquele tempo n\u00e3o existiam geladeiras e o \u00fanico meio para conservar os alimentos era o sal. Muitas vezes a sociedade cria valores, mas ser\u00e1 que consegue conserv\u00e1-los? Todos os dias nascem novos homens, quem dar\u00e1 a eles a vida eterna? Esta era a fun\u00e7\u00e3o dos disc\u00edpulos de Jesus, do seu corpo m\u00edstico, da Igreja. Uma crian\u00e7a que nasce se aproxima da vida eterna com o batismo, os outros sacramentos lhe serviram para proteger a pureza da vida espiritual, vivendo na pureza com a for\u00e7a da juventude. Durante a missa pensamos especialmente na presen\u00e7a do sacrif\u00edcio de Cristo, a sua morte e ressurrei\u00e7\u00e3o. Mas neste mist\u00e9rio est\u00e1 inclu\u00edda tamb\u00e9m a nossa vida, as nossas a\u00e7\u00f5es, os nossos bons desejos. Tamb\u00e9m estes ser\u00e3o conservados como \u201csal da terra\u201d.<\/p>\n<p><strong>Pe. Paulo Eduardo J\u00e1como, SDB.<\/strong><\/p>\n","protected":false},"excerpt":{"rendered":"<p>Ter\u00e7a-feira, 13 de junho de 2023. &nbsp; Evangelho (Mt 5,13-16) &nbsp; \u201cV\u00f3s sois o sal da terra&#8230; V\u00f3s sois a luz do mundo.\u201d &nbsp; Naquele&#8230;<\/p>\n","protected":false},"author":1,"featured_media":7057,"comment_status":"closed","ping_status":"closed","sticky":false,"template":"","format":"standard","meta":{"_acf_changed":false,"footnotes":""},"categories":[13],"tags":[],"class_list":["post-7066","post","type-post","status-publish","format-standard","has-post-thumbnail","hentry","category-reflexaodoevagelho"],"acf":[],"yoast_head":"<!-- This site is optimized with the Yoast SEO plugin v27.3 - https:\/\/yoast.com\/product\/yoast-seo-wordpress\/ -->\n<title>13\/06 - V\u00f3s sois o sal da terra... V\u00f3s sois a luz do mundo. - Pastoral Universit\u00e1ria UniSALESIANO<\/title>\n<meta name=\"robots\" content=\"index, follow, max-snippet:-1, max-image-preview:large, max-video-preview:-1\" \/>\n<link rel=\"canonical\" href=\"https:\/\/unisale.com.br\/novo\/13-06-vos-sois-o-sal-da-terra-vos-sois-a-luz-do-mundo\/\" \/>\n<meta property=\"og:locale\" content=\"pt_BR\" \/>\n<meta property=\"og:type\" content=\"article\" \/>\n<meta property=\"og:title\" content=\"13\/06 - V\u00f3s sois o sal da terra... V\u00f3s sois a luz do mundo. - Pastoral Universit\u00e1ria UniSALESIANO\" \/>\n<meta property=\"og:description\" content=\"Ter\u00e7a-feira, 13 de junho de 2023. &nbsp; Evangelho (Mt 5,13-16) &nbsp; \u201cV\u00f3s sois o sal da terra&#8230; V\u00f3s sois a luz do mundo.\u201d &nbsp; Naquele...\" \/>\n<meta property=\"og:url\" content=\"https:\/\/unisale.com.br\/novo\/13-06-vos-sois-o-sal-da-terra-vos-sois-a-luz-do-mundo\/\" \/>\n<meta property=\"og:site_name\" content=\"Pastoral Universit\u00e1ria UniSALESIANO\" \/>\n<meta property=\"article:published_time\" content=\"2023-06-13T12:46:50+00:00\" \/>\n<meta name=\"author\" content=\"pastoral\" \/>\n<meta name=\"twitter:card\" content=\"summary_large_image\" \/>\n<meta name=\"twitter:label1\" content=\"Escrito por\" \/>\n\t<meta name=\"twitter:data1\" content=\"pastoral\" \/>\n\t<meta name=\"twitter:label2\" content=\"Est. tempo de leitura\" \/>\n\t<meta name=\"twitter:data2\" content=\"2 minutos\" \/>\n<script type=\"application\/ld+json\" class=\"yoast-schema-graph\">{\"@context\":\"https:\\\/\\\/schema.org\",\"@graph\":[{\"@type\":\"Article\",\"@id\":\"https:\\\/\\\/unisale.com.br\\\/novo\\\/13-06-vos-sois-o-sal-da-terra-vos-sois-a-luz-do-mundo\\\/#article\",\"isPartOf\":{\"@id\":\"https:\\\/\\\/unisale.com.br\\\/novo\\\/13-06-vos-sois-o-sal-da-terra-vos-sois-a-luz-do-mundo\\\/\"},\"author\":{\"name\":\"pastoral\",\"@id\":\"https:\\\/\\\/unisale.com.br\\\/pastoral\\\/#\\\/schema\\\/person\\\/a16ba711a0f7dec9cb6b44563144d5a3\"},\"headline\":\"13\\\/06 &#8211; V\u00f3s sois o sal da terra&#8230; V\u00f3s sois a luz do mundo.\",\"datePublished\":\"2023-06-13T12:46:50+00:00\",\"mainEntityOfPage\":{\"@id\":\"https:\\\/\\\/unisale.com.br\\\/novo\\\/13-06-vos-sois-o-sal-da-terra-vos-sois-a-luz-do-mundo\\\/\"},\"wordCount\":510,\"image\":{\"@id\":\"https:\\\/\\\/unisale.com.br\\\/novo\\\/13-06-vos-sois-o-sal-da-terra-vos-sois-a-luz-do-mundo\\\/#primaryimage\"},\"thumbnailUrl\":\"https:\\\/\\\/unisale.com.br\\\/pastoral\\\/wp-content\\\/uploads\\\/2023\\\/06\\\/Ev-13.jpg\",\"articleSection\":[\"Reflex\u00e3o do Evangelho\"],\"inLanguage\":\"pt-BR\"},{\"@type\":\"WebPage\",\"@id\":\"https:\\\/\\\/unisale.com.br\\\/novo\\\/13-06-vos-sois-o-sal-da-terra-vos-sois-a-luz-do-mundo\\\/\",\"url\":\"https:\\\/\\\/unisale.com.br\\\/novo\\\/13-06-vos-sois-o-sal-da-terra-vos-sois-a-luz-do-mundo\\\/\",\"name\":\"13\\\/06 - V\u00f3s sois o sal da terra... V\u00f3s sois a luz do mundo. - Pastoral Universit\u00e1ria UniSALESIANO\",\"isPartOf\":{\"@id\":\"https:\\\/\\\/unisale.com.br\\\/pastoral\\\/#website\"},\"primaryImageOfPage\":{\"@id\":\"https:\\\/\\\/unisale.com.br\\\/novo\\\/13-06-vos-sois-o-sal-da-terra-vos-sois-a-luz-do-mundo\\\/#primaryimage\"},\"image\":{\"@id\":\"https:\\\/\\\/unisale.com.br\\\/novo\\\/13-06-vos-sois-o-sal-da-terra-vos-sois-a-luz-do-mundo\\\/#primaryimage\"},\"thumbnailUrl\":\"https:\\\/\\\/unisale.com.br\\\/pastoral\\\/wp-content\\\/uploads\\\/2023\\\/06\\\/Ev-13.jpg\",\"datePublished\":\"2023-06-13T12:46:50+00:00\",\"author\":{\"@id\":\"https:\\\/\\\/unisale.com.br\\\/pastoral\\\/#\\\/schema\\\/person\\\/a16ba711a0f7dec9cb6b44563144d5a3\"},\"inLanguage\":\"pt-BR\",\"potentialAction\":[{\"@type\":\"ReadAction\",\"target\":[\"https:\\\/\\\/unisale.com.br\\\/novo\\\/13-06-vos-sois-o-sal-da-terra-vos-sois-a-luz-do-mundo\\\/\"]}]},{\"@type\":\"ImageObject\",\"inLanguage\":\"pt-BR\",\"@id\":\"https:\\\/\\\/unisale.com.br\\\/novo\\\/13-06-vos-sois-o-sal-da-terra-vos-sois-a-luz-do-mundo\\\/#primaryimage\",\"url\":\"https:\\\/\\\/unisale.com.br\\\/pastoral\\\/wp-content\\\/uploads\\\/2023\\\/06\\\/Ev-13.jpg\",\"contentUrl\":\"https:\\\/\\\/unisale.com.br\\\/pastoral\\\/wp-content\\\/uploads\\\/2023\\\/06\\\/Ev-13.jpg\",\"width\":283,\"height\":283},{\"@type\":\"WebSite\",\"@id\":\"https:\\\/\\\/unisale.com.br\\\/pastoral\\\/#website\",\"url\":\"https:\\\/\\\/unisale.com.br\\\/pastoral\\\/\",\"name\":\"Pastoral Universit\u00e1ria UniSALESIANO\",\"description\":\"Site da Pastoral Universit\u00e1ria do UniSALESIANO\",\"potentialAction\":[{\"@type\":\"SearchAction\",\"target\":{\"@type\":\"EntryPoint\",\"urlTemplate\":\"https:\\\/\\\/unisale.com.br\\\/pastoral\\\/?s={search_term_string}\"},\"query-input\":{\"@type\":\"PropertyValueSpecification\",\"valueRequired\":true,\"valueName\":\"search_term_string\"}}],\"inLanguage\":\"pt-BR\"},{\"@type\":\"Person\",\"@id\":\"https:\\\/\\\/unisale.com.br\\\/pastoral\\\/#\\\/schema\\\/person\\\/a16ba711a0f7dec9cb6b44563144d5a3\",\"name\":\"pastoral\",\"url\":\"https:\\\/\\\/unisale.com.br\\\/pastoral\\\/author\\\/pastoral\\\/\"}]}<\/script>\n<!-- \/ Yoast SEO plugin. -->","yoast_head_json":{"title":"13\/06 - V\u00f3s sois o sal da terra... V\u00f3s sois a luz do mundo. - Pastoral Universit\u00e1ria UniSALESIANO","robots":{"index":"index","follow":"follow","max-snippet":"max-snippet:-1","max-image-preview":"max-image-preview:large","max-video-preview":"max-video-preview:-1"},"canonical":"https:\/\/unisale.com.br\/novo\/13-06-vos-sois-o-sal-da-terra-vos-sois-a-luz-do-mundo\/","og_locale":"pt_BR","og_type":"article","og_title":"13\/06 - V\u00f3s sois o sal da terra... V\u00f3s sois a luz do mundo. - Pastoral Universit\u00e1ria UniSALESIANO","og_description":"Ter\u00e7a-feira, 13 de junho de 2023. &nbsp; Evangelho (Mt 5,13-16) &nbsp; \u201cV\u00f3s sois o sal da terra&#8230; V\u00f3s sois a luz do mundo.\u201d &nbsp; Naquele...","og_url":"https:\/\/unisale.com.br\/novo\/13-06-vos-sois-o-sal-da-terra-vos-sois-a-luz-do-mundo\/","og_site_name":"Pastoral Universit\u00e1ria UniSALESIANO","article_published_time":"2023-06-13T12:46:50+00:00","author":"pastoral","twitter_card":"summary_large_image","twitter_misc":{"Escrito por":"pastoral","Est. tempo de leitura":"2 minutos"},"schema":{"@context":"https:\/\/schema.org","@graph":[{"@type":"Article","@id":"https:\/\/unisale.com.br\/novo\/13-06-vos-sois-o-sal-da-terra-vos-sois-a-luz-do-mundo\/#article","isPartOf":{"@id":"https:\/\/unisale.com.br\/novo\/13-06-vos-sois-o-sal-da-terra-vos-sois-a-luz-do-mundo\/"},"author":{"name":"pastoral","@id":"https:\/\/unisale.com.br\/pastoral\/#\/schema\/person\/a16ba711a0f7dec9cb6b44563144d5a3"},"headline":"13\/06 &#8211; V\u00f3s sois o sal da terra&#8230; V\u00f3s sois a luz do mundo.","datePublished":"2023-06-13T12:46:50+00:00","mainEntityOfPage":{"@id":"https:\/\/unisale.com.br\/novo\/13-06-vos-sois-o-sal-da-terra-vos-sois-a-luz-do-mundo\/"},"wordCount":510,"image":{"@id":"https:\/\/unisale.com.br\/novo\/13-06-vos-sois-o-sal-da-terra-vos-sois-a-luz-do-mundo\/#primaryimage"},"thumbnailUrl":"https:\/\/unisale.com.br\/pastoral\/wp-content\/uploads\/2023\/06\/Ev-13.jpg","articleSection":["Reflex\u00e3o do Evangelho"],"inLanguage":"pt-BR"},{"@type":"WebPage","@id":"https:\/\/unisale.com.br\/novo\/13-06-vos-sois-o-sal-da-terra-vos-sois-a-luz-do-mundo\/","url":"https:\/\/unisale.com.br\/novo\/13-06-vos-sois-o-sal-da-terra-vos-sois-a-luz-do-mundo\/","name":"13\/06 - V\u00f3s sois o sal da terra... V\u00f3s sois a luz do mundo. - Pastoral Universit\u00e1ria UniSALESIANO","isPartOf":{"@id":"https:\/\/unisale.com.br\/pastoral\/#website"},"primaryImageOfPage":{"@id":"https:\/\/unisale.com.br\/novo\/13-06-vos-sois-o-sal-da-terra-vos-sois-a-luz-do-mundo\/#primaryimage"},"image":{"@id":"https:\/\/unisale.com.br\/novo\/13-06-vos-sois-o-sal-da-terra-vos-sois-a-luz-do-mundo\/#primaryimage"},"thumbnailUrl":"https:\/\/unisale.com.br\/pastoral\/wp-content\/uploads\/2023\/06\/Ev-13.jpg","datePublished":"2023-06-13T12:46:50+00:00","author":{"@id":"https:\/\/unisale.com.br\/pastoral\/#\/schema\/person\/a16ba711a0f7dec9cb6b44563144d5a3"},"inLanguage":"pt-BR","potentialAction":[{"@type":"ReadAction","target":["https:\/\/unisale.com.br\/novo\/13-06-vos-sois-o-sal-da-terra-vos-sois-a-luz-do-mundo\/"]}]},{"@type":"ImageObject","inLanguage":"pt-BR","@id":"https:\/\/unisale.com.br\/novo\/13-06-vos-sois-o-sal-da-terra-vos-sois-a-luz-do-mundo\/#primaryimage","url":"https:\/\/unisale.com.br\/pastoral\/wp-content\/uploads\/2023\/06\/Ev-13.jpg","contentUrl":"https:\/\/unisale.com.br\/pastoral\/wp-content\/uploads\/2023\/06\/Ev-13.jpg","width":283,"height":283},{"@type":"WebSite","@id":"https:\/\/unisale.com.br\/pastoral\/#website","url":"https:\/\/unisale.com.br\/pastoral\/","name":"Pastoral Universit\u00e1ria UniSALESIANO","description":"Site da Pastoral Universit\u00e1ria do UniSALESIANO","potentialAction":[{"@type":"SearchAction","target":{"@type":"EntryPoint","urlTemplate":"https:\/\/unisale.com.br\/pastoral\/?s={search_term_string}"},"query-input":{"@type":"PropertyValueSpecification","valueRequired":true,"valueName":"search_term_string"}}],"inLanguage":"pt-BR"},{"@type":"Person","@id":"https:\/\/unisale.com.br\/pastoral\/#\/schema\/person\/a16ba711a0f7dec9cb6b44563144d5a3","name":"pastoral","url":"https:\/\/unisale.com.br\/pastoral\/author\/pastoral\/"}]}},"_links":{"self":[{"href":"https:\/\/unisale.com.br\/pastoral\/wp-json\/wp\/v2\/posts\/7066","targetHints":{"allow":["GET"]}}],"collection":[{"href":"https:\/\/unisale.com.br\/pastoral\/wp-json\/wp\/v2\/posts"}],"about":[{"href":"https:\/\/unisale.com.br\/pastoral\/wp-json\/wp\/v2\/types\/post"}],"author":[{"embeddable":true,"href":"https:\/\/unisale.com.br\/pastoral\/wp-json\/wp\/v2\/users\/1"}],"replies":[{"embeddable":true,"href":"https:\/\/unisale.com.br\/pastoral\/wp-json\/wp\/v2\/comments?post=7066"}],"version-history":[{"count":0,"href":"https:\/\/unisale.com.br\/pastoral\/wp-json\/wp\/v2\/posts\/7066\/revisions"}],"wp:featuredmedia":[{"embeddable":true,"href":"https:\/\/unisale.com.br\/pastoral\/wp-json\/wp\/v2\/media\/7057"}],"wp:attachment":[{"href":"https:\/\/unisale.com.br\/pastoral\/wp-json\/wp\/v2\/media?parent=7066"}],"wp:term":[{"taxonomy":"category","embeddable":true,"href":"https:\/\/unisale.com.br\/pastoral\/wp-json\/wp\/v2\/categories?post=7066"},{"taxonomy":"post_tag","embeddable":true,"href":"https:\/\/unisale.com.br\/pastoral\/wp-json\/wp\/v2\/tags?post=7066"}],"curies":[{"name":"wp","href":"https:\/\/api.w.org\/{rel}","templated":true}]}}