{"id":7075,"date":"2023-06-13T13:01:14","date_gmt":"2023-06-13T13:01:14","guid":{"rendered":"https:\/\/unisale.com.br\/pastoral\/?p=7075"},"modified":"2023-06-13T13:01:14","modified_gmt":"2023-06-13T13:01:14","slug":"17-06-sua-mae-porem-conservava-no-coracao-todas-estas-coisas","status":"publish","type":"post","link":"https:\/\/unisale.com.br\/pastoral\/17-06-sua-mae-porem-conservava-no-coracao-todas-estas-coisas\/","title":{"rendered":"17\/06 &#8211; Sua m\u00e3e, por\u00e9m, conservava no cora\u00e7\u00e3o todas estas coisas."},"content":{"rendered":"<p>S\u00e1bado, 17 de junho de 2023.<\/p>\n<p>&nbsp;<\/p>\n<p>Evangelho (Lc 2,41-51)<\/p>\n<p>&nbsp;<\/p>\n<p><strong>\u201cSua m\u00e3e, por\u00e9m, conservava no cora\u00e7\u00e3o todas estas coisas.\u201d<\/strong><\/p>\n<p>&nbsp;<\/p>\n<p><sup>41<\/sup>Os pais de Jesus iam todos os anos a Jerusal\u00e9m, para a festa da P\u00e1scoa. <sup>42<\/sup>Quando ele completou doze anos, subiram para a festa, como de costume. <sup>43<\/sup>Passados os dias da P\u00e1scoa, come\u00e7aram a viagem de volta, mas o menino Jesus ficou em Jerusal\u00e9m, sem que seus pais o notassem. <sup>44<\/sup>Pensando que ele estivesse na caravana, caminharam um dia inteiro. Depois come\u00e7aram a procur\u00e1-lo entre os parentes e conhecidos. <sup>45<\/sup>N\u00e3o o tendo encontrado, voltaram para Jerusal\u00e9m \u00e0 sua procura. <sup>46<\/sup>Tr\u00eas dias depois, o encontraram no Templo. Estava sentado no meio dos mestres, escutando e fazendo perguntas. <sup>47<\/sup>Todos os que ouviam o menino estavam maravilhados com sua intelig\u00eancia e suas respostas. <sup>48<\/sup>Ao v\u00ea-lo, seus pais ficaram muito admirados e sua m\u00e3e lhe disse: \u201cMeu filho, por que agiste assim conosco? Olha que teu pai e eu est\u00e1vamos, angustiados, \u00e0 tua procura\u201d. <sup>49<\/sup>Jesus respondeu: \u201cPor que me procur\u00e1veis? N\u00e3o sabeis que devo estar na casa de meu Pai?\u201d <sup>50<\/sup>Eles, por\u00e9m, n\u00e3o compreenderam as palavras que lhes dissera. <sup>51<\/sup>Jesus desceu ent\u00e3o com seus pais para Nazar\u00e9, e era-lhes obediente. Sua m\u00e3e, por\u00e9m, conservava no cora\u00e7\u00e3o todas estas coisas.<\/p>\n<p>&nbsp;<\/p>\n<p><strong>Reflex\u00e3o<\/strong><\/p>\n<p>&nbsp;<\/p>\n<p>\u00c9 interessante como o Evangelho para nos introduzir na festa do Cora\u00e7\u00e3o Imaculado de Maria, nos conte o epis\u00f3dio da vida de Jesus, onde o cora\u00e7\u00e3o de M\u00e3e de Maria \u00e9 colocado \u00e0 dura prova pelo efetivo desaparecimento de Jesus em Jerusal\u00e9m quando tinha apenas 12 anos. Parece que o Evangelho queria nos dizer que pode acontecer tamb\u00e9m aos melhores de perder de vista Jesus, mas o que conta \u00e9 colocar-se a busc\u00e1-lo, j\u00e1 logo quando sentimos a sua falta. Jesus n\u00e3o tinha se perdido, mas tinha escolhido livremente de ficar em Jerusal\u00e9m, e o havia feito n\u00e3o para perder-se, mas talvez pela curiosidade de adolescente de ir em busca de respostas sobre algumas quest\u00f5es que tinha no cora\u00e7\u00e3o. O efeito \u00e9 previs\u00edvel: o p\u00e2nico, a angustia e a \u00e2nsia de Jos\u00e9 e de Maria. Quanto o encontro discutindo entre os doutores do templo a cena \u00e9 assim descrita: \u201cTodos os que ouviam o menino estavam maravilhados com sua intelig\u00eancia e suas respostas. Ao v\u00ea-lo, seus pais ficaram muito admirados e sua m\u00e3e lhe disse: \u201cMeu filho, por que agiste assim conosco? Olha que teu pai e eu est\u00e1vamos, angustiados, \u00e0 tua procura\u201d. E ele lhes respondeu: \u201cPor que me procur\u00e1veis? N\u00e3o sabeis que devo estar na casa de meu Pai?\u201d. No fundo Jesus tem raz\u00e3o: s\u00e3o eles que deveriam andar atr\u00e1s Dele e n\u00e3o o contr\u00e1rio. O discipulado n\u00e3o puxar Jesus para onde pensamos que Ele deve ir, mas precisamos aprender n\u00f3s a andar atr\u00e1s Dele. Tamb\u00e9m n\u00e3o podemos pedir ao Cora\u00e7\u00e3o de uma M\u00e3e de n\u00e3o sofrer. N\u00e3o podemos pedir ao Cora\u00e7\u00e3o de uma M\u00e3e de n\u00e3o ir atr\u00e1s de seu filho. N\u00e3o podemos pedir ao cora\u00e7\u00e3o de uma M\u00e3e de n\u00e3o se sentir profundamente ligada ao destino do filho. Maria \u00e9 assim, \u00e9 uma m\u00e3e. E a boa not\u00edcia \u00e9 que este Seu Cora\u00e7\u00e3o de M\u00e3e n\u00e3o \u00e9 s\u00f3 para Cristo, mas para cada um de n\u00f3s, porque Ela por voca\u00e7\u00e3o \u00e9 M\u00e3e tamb\u00e9m nossa. Nos somos amados por uma M\u00e3e que n\u00e3o se cansar\u00e1 at\u00e9 que tenha nos encontrado e nos encontre seguros. Jesus o perdemos sempre quando extrapolamos, quando acreditamos conhecer j\u00e1 o caminho que desejamos fazer. Mas n\u00e3o tem uma dist\u00e2ncia onde somos deixados sozinhos: o Cora\u00e7\u00e3o de M\u00e3e de Maria est\u00e1 sempre \u00e0 nossa procura.<\/p>\n<p><strong>Pe. Paulo Eduardo J\u00e1como, SDB.<\/strong><\/p>\n","protected":false},"excerpt":{"rendered":"<p>S\u00e1bado, 17 de junho de 2023. &nbsp; Evangelho (Lc 2,41-51) &nbsp; \u201cSua m\u00e3e, por\u00e9m, conservava no cora\u00e7\u00e3o todas estas coisas.\u201d &nbsp; 41Os pais de Jesus&#8230;<\/p>\n","protected":false},"author":1,"featured_media":7061,"comment_status":"closed","ping_status":"closed","sticky":false,"template":"","format":"standard","meta":{"_acf_changed":false,"footnotes":""},"categories":[13],"tags":[],"class_list":["post-7075","post","type-post","status-publish","format-standard","has-post-thumbnail","hentry","category-reflexaodoevagelho"],"acf":[],"yoast_head":"<!-- This site is optimized with the Yoast SEO plugin v27.3 - https:\/\/yoast.com\/product\/yoast-seo-wordpress\/ -->\n<title>17\/06 - Sua m\u00e3e, por\u00e9m, conservava no cora\u00e7\u00e3o todas estas coisas. - Pastoral Universit\u00e1ria UniSALESIANO<\/title>\n<meta name=\"robots\" content=\"index, follow, max-snippet:-1, max-image-preview:large, max-video-preview:-1\" \/>\n<link rel=\"canonical\" href=\"https:\/\/unisale.com.br\/novo\/17-06-sua-mae-porem-conservava-no-coracao-todas-estas-coisas\/\" \/>\n<meta property=\"og:locale\" content=\"pt_BR\" \/>\n<meta property=\"og:type\" content=\"article\" \/>\n<meta property=\"og:title\" content=\"17\/06 - Sua m\u00e3e, por\u00e9m, conservava no cora\u00e7\u00e3o todas estas coisas. - Pastoral Universit\u00e1ria UniSALESIANO\" \/>\n<meta property=\"og:description\" content=\"S\u00e1bado, 17 de junho de 2023. &nbsp; Evangelho (Lc 2,41-51) &nbsp; \u201cSua m\u00e3e, por\u00e9m, conservava no cora\u00e7\u00e3o todas estas coisas.\u201d &nbsp; 41Os pais de Jesus...\" \/>\n<meta property=\"og:url\" content=\"https:\/\/unisale.com.br\/novo\/17-06-sua-mae-porem-conservava-no-coracao-todas-estas-coisas\/\" \/>\n<meta property=\"og:site_name\" content=\"Pastoral Universit\u00e1ria UniSALESIANO\" \/>\n<meta property=\"article:published_time\" content=\"2023-06-13T13:01:14+00:00\" \/>\n<meta name=\"author\" content=\"pastoral\" \/>\n<meta name=\"twitter:card\" content=\"summary_large_image\" \/>\n<meta name=\"twitter:label1\" content=\"Escrito por\" \/>\n\t<meta name=\"twitter:data1\" content=\"pastoral\" \/>\n\t<meta name=\"twitter:label2\" content=\"Est. tempo de leitura\" \/>\n\t<meta name=\"twitter:data2\" content=\"3 minutos\" \/>\n<script type=\"application\/ld+json\" class=\"yoast-schema-graph\">{\"@context\":\"https:\\\/\\\/schema.org\",\"@graph\":[{\"@type\":\"Article\",\"@id\":\"https:\\\/\\\/unisale.com.br\\\/novo\\\/17-06-sua-mae-porem-conservava-no-coracao-todas-estas-coisas\\\/#article\",\"isPartOf\":{\"@id\":\"https:\\\/\\\/unisale.com.br\\\/novo\\\/17-06-sua-mae-porem-conservava-no-coracao-todas-estas-coisas\\\/\"},\"author\":{\"name\":\"pastoral\",\"@id\":\"https:\\\/\\\/unisale.com.br\\\/pastoral\\\/#\\\/schema\\\/person\\\/a16ba711a0f7dec9cb6b44563144d5a3\"},\"headline\":\"17\\\/06 &#8211; Sua m\u00e3e, por\u00e9m, conservava no cora\u00e7\u00e3o todas estas coisas.\",\"datePublished\":\"2023-06-13T13:01:14+00:00\",\"mainEntityOfPage\":{\"@id\":\"https:\\\/\\\/unisale.com.br\\\/novo\\\/17-06-sua-mae-porem-conservava-no-coracao-todas-estas-coisas\\\/\"},\"wordCount\":676,\"image\":{\"@id\":\"https:\\\/\\\/unisale.com.br\\\/novo\\\/17-06-sua-mae-porem-conservava-no-coracao-todas-estas-coisas\\\/#primaryimage\"},\"thumbnailUrl\":\"https:\\\/\\\/unisale.com.br\\\/pastoral\\\/wp-content\\\/uploads\\\/2023\\\/06\\\/Ev-17.jpg\",\"articleSection\":[\"Reflex\u00e3o do Evangelho\"],\"inLanguage\":\"pt-BR\"},{\"@type\":\"WebPage\",\"@id\":\"https:\\\/\\\/unisale.com.br\\\/novo\\\/17-06-sua-mae-porem-conservava-no-coracao-todas-estas-coisas\\\/\",\"url\":\"https:\\\/\\\/unisale.com.br\\\/novo\\\/17-06-sua-mae-porem-conservava-no-coracao-todas-estas-coisas\\\/\",\"name\":\"17\\\/06 - Sua m\u00e3e, por\u00e9m, conservava no cora\u00e7\u00e3o todas estas coisas. - Pastoral Universit\u00e1ria UniSALESIANO\",\"isPartOf\":{\"@id\":\"https:\\\/\\\/unisale.com.br\\\/pastoral\\\/#website\"},\"primaryImageOfPage\":{\"@id\":\"https:\\\/\\\/unisale.com.br\\\/novo\\\/17-06-sua-mae-porem-conservava-no-coracao-todas-estas-coisas\\\/#primaryimage\"},\"image\":{\"@id\":\"https:\\\/\\\/unisale.com.br\\\/novo\\\/17-06-sua-mae-porem-conservava-no-coracao-todas-estas-coisas\\\/#primaryimage\"},\"thumbnailUrl\":\"https:\\\/\\\/unisale.com.br\\\/pastoral\\\/wp-content\\\/uploads\\\/2023\\\/06\\\/Ev-17.jpg\",\"datePublished\":\"2023-06-13T13:01:14+00:00\",\"author\":{\"@id\":\"https:\\\/\\\/unisale.com.br\\\/pastoral\\\/#\\\/schema\\\/person\\\/a16ba711a0f7dec9cb6b44563144d5a3\"},\"inLanguage\":\"pt-BR\",\"potentialAction\":[{\"@type\":\"ReadAction\",\"target\":[\"https:\\\/\\\/unisale.com.br\\\/novo\\\/17-06-sua-mae-porem-conservava-no-coracao-todas-estas-coisas\\\/\"]}]},{\"@type\":\"ImageObject\",\"inLanguage\":\"pt-BR\",\"@id\":\"https:\\\/\\\/unisale.com.br\\\/novo\\\/17-06-sua-mae-porem-conservava-no-coracao-todas-estas-coisas\\\/#primaryimage\",\"url\":\"https:\\\/\\\/unisale.com.br\\\/pastoral\\\/wp-content\\\/uploads\\\/2023\\\/06\\\/Ev-17.jpg\",\"contentUrl\":\"https:\\\/\\\/unisale.com.br\\\/pastoral\\\/wp-content\\\/uploads\\\/2023\\\/06\\\/Ev-17.jpg\",\"width\":450,\"height\":300},{\"@type\":\"WebSite\",\"@id\":\"https:\\\/\\\/unisale.com.br\\\/pastoral\\\/#website\",\"url\":\"https:\\\/\\\/unisale.com.br\\\/pastoral\\\/\",\"name\":\"Pastoral Universit\u00e1ria UniSALESIANO\",\"description\":\"Site da Pastoral Universit\u00e1ria do UniSALESIANO\",\"potentialAction\":[{\"@type\":\"SearchAction\",\"target\":{\"@type\":\"EntryPoint\",\"urlTemplate\":\"https:\\\/\\\/unisale.com.br\\\/pastoral\\\/?s={search_term_string}\"},\"query-input\":{\"@type\":\"PropertyValueSpecification\",\"valueRequired\":true,\"valueName\":\"search_term_string\"}}],\"inLanguage\":\"pt-BR\"},{\"@type\":\"Person\",\"@id\":\"https:\\\/\\\/unisale.com.br\\\/pastoral\\\/#\\\/schema\\\/person\\\/a16ba711a0f7dec9cb6b44563144d5a3\",\"name\":\"pastoral\",\"url\":\"https:\\\/\\\/unisale.com.br\\\/pastoral\\\/author\\\/pastoral\\\/\"}]}<\/script>\n<!-- \/ Yoast SEO plugin. -->","yoast_head_json":{"title":"17\/06 - Sua m\u00e3e, por\u00e9m, conservava no cora\u00e7\u00e3o todas estas coisas. - Pastoral Universit\u00e1ria UniSALESIANO","robots":{"index":"index","follow":"follow","max-snippet":"max-snippet:-1","max-image-preview":"max-image-preview:large","max-video-preview":"max-video-preview:-1"},"canonical":"https:\/\/unisale.com.br\/novo\/17-06-sua-mae-porem-conservava-no-coracao-todas-estas-coisas\/","og_locale":"pt_BR","og_type":"article","og_title":"17\/06 - Sua m\u00e3e, por\u00e9m, conservava no cora\u00e7\u00e3o todas estas coisas. - Pastoral Universit\u00e1ria UniSALESIANO","og_description":"S\u00e1bado, 17 de junho de 2023. &nbsp; Evangelho (Lc 2,41-51) &nbsp; \u201cSua m\u00e3e, por\u00e9m, conservava no cora\u00e7\u00e3o todas estas coisas.\u201d &nbsp; 41Os pais de Jesus...","og_url":"https:\/\/unisale.com.br\/novo\/17-06-sua-mae-porem-conservava-no-coracao-todas-estas-coisas\/","og_site_name":"Pastoral Universit\u00e1ria UniSALESIANO","article_published_time":"2023-06-13T13:01:14+00:00","author":"pastoral","twitter_card":"summary_large_image","twitter_misc":{"Escrito por":"pastoral","Est. tempo de leitura":"3 minutos"},"schema":{"@context":"https:\/\/schema.org","@graph":[{"@type":"Article","@id":"https:\/\/unisale.com.br\/novo\/17-06-sua-mae-porem-conservava-no-coracao-todas-estas-coisas\/#article","isPartOf":{"@id":"https:\/\/unisale.com.br\/novo\/17-06-sua-mae-porem-conservava-no-coracao-todas-estas-coisas\/"},"author":{"name":"pastoral","@id":"https:\/\/unisale.com.br\/pastoral\/#\/schema\/person\/a16ba711a0f7dec9cb6b44563144d5a3"},"headline":"17\/06 &#8211; Sua m\u00e3e, por\u00e9m, conservava no cora\u00e7\u00e3o todas estas coisas.","datePublished":"2023-06-13T13:01:14+00:00","mainEntityOfPage":{"@id":"https:\/\/unisale.com.br\/novo\/17-06-sua-mae-porem-conservava-no-coracao-todas-estas-coisas\/"},"wordCount":676,"image":{"@id":"https:\/\/unisale.com.br\/novo\/17-06-sua-mae-porem-conservava-no-coracao-todas-estas-coisas\/#primaryimage"},"thumbnailUrl":"https:\/\/unisale.com.br\/pastoral\/wp-content\/uploads\/2023\/06\/Ev-17.jpg","articleSection":["Reflex\u00e3o do Evangelho"],"inLanguage":"pt-BR"},{"@type":"WebPage","@id":"https:\/\/unisale.com.br\/novo\/17-06-sua-mae-porem-conservava-no-coracao-todas-estas-coisas\/","url":"https:\/\/unisale.com.br\/novo\/17-06-sua-mae-porem-conservava-no-coracao-todas-estas-coisas\/","name":"17\/06 - Sua m\u00e3e, por\u00e9m, conservava no cora\u00e7\u00e3o todas estas coisas. - Pastoral Universit\u00e1ria UniSALESIANO","isPartOf":{"@id":"https:\/\/unisale.com.br\/pastoral\/#website"},"primaryImageOfPage":{"@id":"https:\/\/unisale.com.br\/novo\/17-06-sua-mae-porem-conservava-no-coracao-todas-estas-coisas\/#primaryimage"},"image":{"@id":"https:\/\/unisale.com.br\/novo\/17-06-sua-mae-porem-conservava-no-coracao-todas-estas-coisas\/#primaryimage"},"thumbnailUrl":"https:\/\/unisale.com.br\/pastoral\/wp-content\/uploads\/2023\/06\/Ev-17.jpg","datePublished":"2023-06-13T13:01:14+00:00","author":{"@id":"https:\/\/unisale.com.br\/pastoral\/#\/schema\/person\/a16ba711a0f7dec9cb6b44563144d5a3"},"inLanguage":"pt-BR","potentialAction":[{"@type":"ReadAction","target":["https:\/\/unisale.com.br\/novo\/17-06-sua-mae-porem-conservava-no-coracao-todas-estas-coisas\/"]}]},{"@type":"ImageObject","inLanguage":"pt-BR","@id":"https:\/\/unisale.com.br\/novo\/17-06-sua-mae-porem-conservava-no-coracao-todas-estas-coisas\/#primaryimage","url":"https:\/\/unisale.com.br\/pastoral\/wp-content\/uploads\/2023\/06\/Ev-17.jpg","contentUrl":"https:\/\/unisale.com.br\/pastoral\/wp-content\/uploads\/2023\/06\/Ev-17.jpg","width":450,"height":300},{"@type":"WebSite","@id":"https:\/\/unisale.com.br\/pastoral\/#website","url":"https:\/\/unisale.com.br\/pastoral\/","name":"Pastoral Universit\u00e1ria UniSALESIANO","description":"Site da Pastoral Universit\u00e1ria do UniSALESIANO","potentialAction":[{"@type":"SearchAction","target":{"@type":"EntryPoint","urlTemplate":"https:\/\/unisale.com.br\/pastoral\/?s={search_term_string}"},"query-input":{"@type":"PropertyValueSpecification","valueRequired":true,"valueName":"search_term_string"}}],"inLanguage":"pt-BR"},{"@type":"Person","@id":"https:\/\/unisale.com.br\/pastoral\/#\/schema\/person\/a16ba711a0f7dec9cb6b44563144d5a3","name":"pastoral","url":"https:\/\/unisale.com.br\/pastoral\/author\/pastoral\/"}]}},"_links":{"self":[{"href":"https:\/\/unisale.com.br\/pastoral\/wp-json\/wp\/v2\/posts\/7075","targetHints":{"allow":["GET"]}}],"collection":[{"href":"https:\/\/unisale.com.br\/pastoral\/wp-json\/wp\/v2\/posts"}],"about":[{"href":"https:\/\/unisale.com.br\/pastoral\/wp-json\/wp\/v2\/types\/post"}],"author":[{"embeddable":true,"href":"https:\/\/unisale.com.br\/pastoral\/wp-json\/wp\/v2\/users\/1"}],"replies":[{"embeddable":true,"href":"https:\/\/unisale.com.br\/pastoral\/wp-json\/wp\/v2\/comments?post=7075"}],"version-history":[{"count":0,"href":"https:\/\/unisale.com.br\/pastoral\/wp-json\/wp\/v2\/posts\/7075\/revisions"}],"wp:featuredmedia":[{"embeddable":true,"href":"https:\/\/unisale.com.br\/pastoral\/wp-json\/wp\/v2\/media\/7061"}],"wp:attachment":[{"href":"https:\/\/unisale.com.br\/pastoral\/wp-json\/wp\/v2\/media?parent=7075"}],"wp:term":[{"taxonomy":"category","embeddable":true,"href":"https:\/\/unisale.com.br\/pastoral\/wp-json\/wp\/v2\/categories?post=7075"},{"taxonomy":"post_tag","embeddable":true,"href":"https:\/\/unisale.com.br\/pastoral\/wp-json\/wp\/v2\/tags?post=7075"}],"curies":[{"name":"wp","href":"https:\/\/api.w.org\/{rel}","templated":true}]}}