{"id":7109,"date":"2023-06-15T12:02:08","date_gmt":"2023-06-15T12:02:08","guid":{"rendered":"https:\/\/unisale.com.br\/pastoral\/?p=7109"},"modified":"2023-06-15T12:02:08","modified_gmt":"2023-06-15T12:02:08","slug":"21-06-e-o-teu-pai-que-ve-o-que-esta-escondido-te-dara-a-recompensa","status":"publish","type":"post","link":"https:\/\/unisale.com.br\/pastoral\/21-06-e-o-teu-pai-que-ve-o-que-esta-escondido-te-dara-a-recompensa\/","title":{"rendered":"21\/06 &#8211; E o teu Pai que v\u00ea o que est\u00e1 escondido, te dar\u00e1 a recompensa."},"content":{"rendered":"<p>Quarta-feira, 21 de junho de 2023.<\/p>\n<p>&nbsp;<\/p>\n<p>Evangelho (Mt 6,1-6.16-18)<\/p>\n<p>&nbsp;<\/p>\n<p><strong>\u201cE o teu Pai que v\u00ea o que est\u00e1 escondido, te dar\u00e1 a recompensa.\u201d<\/strong><\/p>\n<p>&nbsp;<\/p>\n<p>Naquele tempo, disse Jesus aos seus disc\u00edpulos: <sup>1<\/sup>\u201cFicai atentos para n\u00e3o praticar a vossa justi\u00e7a na frente dos homens, s\u00f3 para serdes vistos por eles. Caso contr\u00e1rio, n\u00e3o recebereis a recompensa do vosso Pai que est\u00e1 nos c\u00e9us. <sup>2<\/sup>Por isso, quando deres esmola, n\u00e3o toques a trombeta diante de ti, como fazem os hip\u00f3critas nas sinagogas e nas ruas, para serem elogiados pelos homens. Em verdade vos digo: eles j\u00e1 receberam a sua recompensa. <sup>3<\/sup>Ao contr\u00e1rio, quando deres esmola, que a tua m\u00e3o esquerda n\u00e3o saiba o que faz a tua m\u00e3o direita, <sup>4<\/sup>de modo que, a tua esmola fique oculta. E o teu Pai, que v\u00ea o que est\u00e1 oculto, te dar\u00e1 a recompensa. <sup>5<\/sup>Quando orardes, n\u00e3o sejais como os hip\u00f3critas, que gostam de rezar em p\u00e9, nas sinagogas e nas esquinas das pra\u00e7as, para serem vistos pelos homens. Em verdade, vos digo: eles j\u00e1 receberam a sua recompensa. <sup>6<\/sup>Ao contr\u00e1rio, quando tu orares, entra no teu quarto, fecha a porta, e reza ao teu Pai que est\u00e1 oculto. E o teu Pai, que v\u00ea o que est\u00e1 escondido, te dar\u00e1 a recompensa. <sup>16<\/sup>Quando jejuardes, n\u00e3o fiqueis com o rosto triste como os hip\u00f3critas. Eles desfiguram o rosto, para que os homens vejam que est\u00e3o jejuando. Em verdade, vos digo: Eles j\u00e1 receberam a sua recompensa. <sup>17<\/sup>Tu, por\u00e9m, quando jejuares, perfuma a cabe\u00e7a e lava o rosto, <sup>18<\/sup>para que os homens n\u00e3o vejam que est\u00e1s jejuando, mas somente teu Pai, que est\u00e1 oculto. E o teu Pai, que v\u00ea o que est\u00e1 escondido, te dar\u00e1 a recompensa\u201d.<\/p>\n<p>&nbsp;<\/p>\n<p><strong>Reflex\u00e3o<\/strong><\/p>\n<p>&nbsp;<\/p>\n<p>Por que jejuar? Somos seres limitados: nos concentramos sobre uma coisa, esquecemos outra. A comida nos distrai da esfera da espiritualidade. O jejum \u00e9 uma esp\u00e9cie de retorno ao para\u00edso, porque Deus volta a ser o centro da nossa aten\u00e7\u00e3o. Junto aos ascetas encontramos exemplos de um jejum semelhante aquele dos faquires. Segundo a biografia de S\u00e3o Pacomio os monges egipcianos comiam p\u00e3o preto e duro, feito uma vez por ano, ensopado na \u00e1gua. Alguns amassavam a farinha com as cinzas para que o p\u00e3o se tornasse amargo. N\u00e3o usavam azeite nem carne, somente legumes, que comiam crus. Alguns jejuavam tamb\u00e9m v\u00e1rios dias seguidos. S\u00e3o Pedro de Alc\u00e2ntara comia alguma coisa a cada tr\u00eas ou quatro dias. S\u00e3o Francisco de Assis depois de quase quarenta dias de jejum comia por humildade um peda\u00e7o de p\u00e3o, para n\u00e3o se iludir de poder fazer como Cristo. Muitas destas hist\u00f3rias s\u00e3o lendas e n\u00e3o podem ser tomadas muito a s\u00e9rio. S\u00e3o Tom\u00e1s de Aquino disse que em certos casos \u00e9 at\u00e9 pecaminoso imitar os jejuns dos quais falam a vida dos santos. De todo modo n\u00e3o podemos comparar o nosso modo de nos alimentar com aquele do Alto Egito. Tamb\u00e9m hoje \u00e9 espantoso o modo como comem os bedu\u00ednos; no entanto s\u00e3o fortes e sadios. No comer precisa que cada um encontre a justa medida; uma justa medida \u00e9 boa para todos. No que diz respeito ao jejum e a abstin\u00eancia, os manuais asc\u00e9ticos sublinham especialmente tr\u00eas pontos: 1) uma a\u00e7\u00e3o reta se julga pelo fim que queremos atingir; 2) o fim \u00e9 a sa\u00fade do corpo e a for\u00e7a para trabalhar; 3) o corpo deve manter-se em um estado que sirva a alma, portanto, \u00e0 ora\u00e7\u00e3o. O ditado popular diz: \u201cN\u00e3o vivemos para comer, comemos para viver\u201d. \u00c9 verdade tamb\u00e9m para um crist\u00e3o. <em>Mens sana in corpore sano<\/em>, diziam os antigos. Mas se devemos escolher ao que dar preced\u00eancia, agora \u00e9 bom e justo privilegiar o esp\u00edrito e mortificar a carne. O esp\u00edrito governa o corpo. Uma pessoa bem-educada est\u00e1 \u00e0 mesa e come com educa\u00e7\u00e3o, como se n\u00e3o tivesse fome. O crist\u00e3o que reza \u00e0 mesa pode rezar com o corpo, se durante a refei\u00e7\u00e3o renuncia a qualquer pequena coisa por amor a Deus.<\/p>\n<p><strong>Pe. Paulo Eduardo J\u00e1como, SDB.<\/strong><\/p>\n","protected":false},"excerpt":{"rendered":"<p>Quarta-feira, 21 de junho de 2023. &nbsp; Evangelho (Mt 6,1-6.16-18) &nbsp; \u201cE o teu Pai que v\u00ea o que est\u00e1 escondido, te dar\u00e1 a recompensa.\u201d&#8230;<\/p>\n","protected":false},"author":1,"featured_media":7100,"comment_status":"closed","ping_status":"closed","sticky":false,"template":"","format":"standard","meta":{"_acf_changed":false,"footnotes":""},"categories":[13],"tags":[],"class_list":["post-7109","post","type-post","status-publish","format-standard","has-post-thumbnail","hentry","category-reflexaodoevagelho"],"acf":[],"yoast_head":"<!-- This site is optimized with the Yoast SEO plugin v27.3 - https:\/\/yoast.com\/product\/yoast-seo-wordpress\/ -->\n<title>21\/06 - E o teu Pai que v\u00ea o que est\u00e1 escondido, te dar\u00e1 a recompensa. - Pastoral Universit\u00e1ria UniSALESIANO<\/title>\n<meta name=\"robots\" content=\"index, follow, max-snippet:-1, max-image-preview:large, max-video-preview:-1\" \/>\n<link rel=\"canonical\" href=\"https:\/\/unisale.com.br\/novo\/21-06-e-o-teu-pai-que-ve-o-que-esta-escondido-te-dara-a-recompensa\/\" \/>\n<meta property=\"og:locale\" content=\"pt_BR\" \/>\n<meta property=\"og:type\" content=\"article\" \/>\n<meta property=\"og:title\" content=\"21\/06 - E o teu Pai que v\u00ea o que est\u00e1 escondido, te dar\u00e1 a recompensa. - Pastoral Universit\u00e1ria UniSALESIANO\" \/>\n<meta property=\"og:description\" content=\"Quarta-feira, 21 de junho de 2023. &nbsp; Evangelho (Mt 6,1-6.16-18) &nbsp; \u201cE o teu Pai que v\u00ea o que est\u00e1 escondido, te dar\u00e1 a recompensa.\u201d...\" \/>\n<meta property=\"og:url\" content=\"https:\/\/unisale.com.br\/novo\/21-06-e-o-teu-pai-que-ve-o-que-esta-escondido-te-dara-a-recompensa\/\" \/>\n<meta property=\"og:site_name\" content=\"Pastoral Universit\u00e1ria UniSALESIANO\" \/>\n<meta property=\"article:published_time\" content=\"2023-06-15T12:02:08+00:00\" \/>\n<meta name=\"author\" content=\"pastoral\" \/>\n<meta name=\"twitter:card\" content=\"summary_large_image\" \/>\n<meta name=\"twitter:label1\" content=\"Escrito por\" \/>\n\t<meta name=\"twitter:data1\" content=\"pastoral\" \/>\n\t<meta name=\"twitter:label2\" content=\"Est. tempo de leitura\" \/>\n\t<meta name=\"twitter:data2\" content=\"4 minutos\" \/>\n<script type=\"application\/ld+json\" class=\"yoast-schema-graph\">{\"@context\":\"https:\\\/\\\/schema.org\",\"@graph\":[{\"@type\":\"Article\",\"@id\":\"https:\\\/\\\/unisale.com.br\\\/novo\\\/21-06-e-o-teu-pai-que-ve-o-que-esta-escondido-te-dara-a-recompensa\\\/#article\",\"isPartOf\":{\"@id\":\"https:\\\/\\\/unisale.com.br\\\/novo\\\/21-06-e-o-teu-pai-que-ve-o-que-esta-escondido-te-dara-a-recompensa\\\/\"},\"author\":{\"name\":\"pastoral\",\"@id\":\"https:\\\/\\\/unisale.com.br\\\/pastoral\\\/#\\\/schema\\\/person\\\/a16ba711a0f7dec9cb6b44563144d5a3\"},\"headline\":\"21\\\/06 &#8211; E o teu Pai que v\u00ea o que est\u00e1 escondido, te dar\u00e1 a recompensa.\",\"datePublished\":\"2023-06-15T12:02:08+00:00\",\"mainEntityOfPage\":{\"@id\":\"https:\\\/\\\/unisale.com.br\\\/novo\\\/21-06-e-o-teu-pai-que-ve-o-que-esta-escondido-te-dara-a-recompensa\\\/\"},\"wordCount\":734,\"image\":{\"@id\":\"https:\\\/\\\/unisale.com.br\\\/novo\\\/21-06-e-o-teu-pai-que-ve-o-que-esta-escondido-te-dara-a-recompensa\\\/#primaryimage\"},\"thumbnailUrl\":\"https:\\\/\\\/unisale.com.br\\\/pastoral\\\/wp-content\\\/uploads\\\/2023\\\/06\\\/Ev-21.jpg\",\"articleSection\":[\"Reflex\u00e3o do Evangelho\"],\"inLanguage\":\"pt-BR\"},{\"@type\":\"WebPage\",\"@id\":\"https:\\\/\\\/unisale.com.br\\\/novo\\\/21-06-e-o-teu-pai-que-ve-o-que-esta-escondido-te-dara-a-recompensa\\\/\",\"url\":\"https:\\\/\\\/unisale.com.br\\\/novo\\\/21-06-e-o-teu-pai-que-ve-o-que-esta-escondido-te-dara-a-recompensa\\\/\",\"name\":\"21\\\/06 - E o teu Pai que v\u00ea o que est\u00e1 escondido, te dar\u00e1 a recompensa. - Pastoral Universit\u00e1ria UniSALESIANO\",\"isPartOf\":{\"@id\":\"https:\\\/\\\/unisale.com.br\\\/pastoral\\\/#website\"},\"primaryImageOfPage\":{\"@id\":\"https:\\\/\\\/unisale.com.br\\\/novo\\\/21-06-e-o-teu-pai-que-ve-o-que-esta-escondido-te-dara-a-recompensa\\\/#primaryimage\"},\"image\":{\"@id\":\"https:\\\/\\\/unisale.com.br\\\/novo\\\/21-06-e-o-teu-pai-que-ve-o-que-esta-escondido-te-dara-a-recompensa\\\/#primaryimage\"},\"thumbnailUrl\":\"https:\\\/\\\/unisale.com.br\\\/pastoral\\\/wp-content\\\/uploads\\\/2023\\\/06\\\/Ev-21.jpg\",\"datePublished\":\"2023-06-15T12:02:08+00:00\",\"author\":{\"@id\":\"https:\\\/\\\/unisale.com.br\\\/pastoral\\\/#\\\/schema\\\/person\\\/a16ba711a0f7dec9cb6b44563144d5a3\"},\"inLanguage\":\"pt-BR\",\"potentialAction\":[{\"@type\":\"ReadAction\",\"target\":[\"https:\\\/\\\/unisale.com.br\\\/novo\\\/21-06-e-o-teu-pai-que-ve-o-que-esta-escondido-te-dara-a-recompensa\\\/\"]}]},{\"@type\":\"ImageObject\",\"inLanguage\":\"pt-BR\",\"@id\":\"https:\\\/\\\/unisale.com.br\\\/novo\\\/21-06-e-o-teu-pai-que-ve-o-que-esta-escondido-te-dara-a-recompensa\\\/#primaryimage\",\"url\":\"https:\\\/\\\/unisale.com.br\\\/pastoral\\\/wp-content\\\/uploads\\\/2023\\\/06\\\/Ev-21.jpg\",\"contentUrl\":\"https:\\\/\\\/unisale.com.br\\\/pastoral\\\/wp-content\\\/uploads\\\/2023\\\/06\\\/Ev-21.jpg\",\"width\":286,\"height\":176},{\"@type\":\"WebSite\",\"@id\":\"https:\\\/\\\/unisale.com.br\\\/pastoral\\\/#website\",\"url\":\"https:\\\/\\\/unisale.com.br\\\/pastoral\\\/\",\"name\":\"Pastoral Universit\u00e1ria UniSALESIANO\",\"description\":\"Site da Pastoral Universit\u00e1ria do UniSALESIANO\",\"potentialAction\":[{\"@type\":\"SearchAction\",\"target\":{\"@type\":\"EntryPoint\",\"urlTemplate\":\"https:\\\/\\\/unisale.com.br\\\/pastoral\\\/?s={search_term_string}\"},\"query-input\":{\"@type\":\"PropertyValueSpecification\",\"valueRequired\":true,\"valueName\":\"search_term_string\"}}],\"inLanguage\":\"pt-BR\"},{\"@type\":\"Person\",\"@id\":\"https:\\\/\\\/unisale.com.br\\\/pastoral\\\/#\\\/schema\\\/person\\\/a16ba711a0f7dec9cb6b44563144d5a3\",\"name\":\"pastoral\",\"url\":\"https:\\\/\\\/unisale.com.br\\\/pastoral\\\/author\\\/pastoral\\\/\"}]}<\/script>\n<!-- \/ Yoast SEO plugin. -->","yoast_head_json":{"title":"21\/06 - E o teu Pai que v\u00ea o que est\u00e1 escondido, te dar\u00e1 a recompensa. - Pastoral Universit\u00e1ria UniSALESIANO","robots":{"index":"index","follow":"follow","max-snippet":"max-snippet:-1","max-image-preview":"max-image-preview:large","max-video-preview":"max-video-preview:-1"},"canonical":"https:\/\/unisale.com.br\/novo\/21-06-e-o-teu-pai-que-ve-o-que-esta-escondido-te-dara-a-recompensa\/","og_locale":"pt_BR","og_type":"article","og_title":"21\/06 - E o teu Pai que v\u00ea o que est\u00e1 escondido, te dar\u00e1 a recompensa. - Pastoral Universit\u00e1ria UniSALESIANO","og_description":"Quarta-feira, 21 de junho de 2023. &nbsp; Evangelho (Mt 6,1-6.16-18) &nbsp; \u201cE o teu Pai que v\u00ea o que est\u00e1 escondido, te dar\u00e1 a recompensa.\u201d...","og_url":"https:\/\/unisale.com.br\/novo\/21-06-e-o-teu-pai-que-ve-o-que-esta-escondido-te-dara-a-recompensa\/","og_site_name":"Pastoral Universit\u00e1ria UniSALESIANO","article_published_time":"2023-06-15T12:02:08+00:00","author":"pastoral","twitter_card":"summary_large_image","twitter_misc":{"Escrito por":"pastoral","Est. tempo de leitura":"4 minutos"},"schema":{"@context":"https:\/\/schema.org","@graph":[{"@type":"Article","@id":"https:\/\/unisale.com.br\/novo\/21-06-e-o-teu-pai-que-ve-o-que-esta-escondido-te-dara-a-recompensa\/#article","isPartOf":{"@id":"https:\/\/unisale.com.br\/novo\/21-06-e-o-teu-pai-que-ve-o-que-esta-escondido-te-dara-a-recompensa\/"},"author":{"name":"pastoral","@id":"https:\/\/unisale.com.br\/pastoral\/#\/schema\/person\/a16ba711a0f7dec9cb6b44563144d5a3"},"headline":"21\/06 &#8211; E o teu Pai que v\u00ea o que est\u00e1 escondido, te dar\u00e1 a recompensa.","datePublished":"2023-06-15T12:02:08+00:00","mainEntityOfPage":{"@id":"https:\/\/unisale.com.br\/novo\/21-06-e-o-teu-pai-que-ve-o-que-esta-escondido-te-dara-a-recompensa\/"},"wordCount":734,"image":{"@id":"https:\/\/unisale.com.br\/novo\/21-06-e-o-teu-pai-que-ve-o-que-esta-escondido-te-dara-a-recompensa\/#primaryimage"},"thumbnailUrl":"https:\/\/unisale.com.br\/pastoral\/wp-content\/uploads\/2023\/06\/Ev-21.jpg","articleSection":["Reflex\u00e3o do Evangelho"],"inLanguage":"pt-BR"},{"@type":"WebPage","@id":"https:\/\/unisale.com.br\/novo\/21-06-e-o-teu-pai-que-ve-o-que-esta-escondido-te-dara-a-recompensa\/","url":"https:\/\/unisale.com.br\/novo\/21-06-e-o-teu-pai-que-ve-o-que-esta-escondido-te-dara-a-recompensa\/","name":"21\/06 - E o teu Pai que v\u00ea o que est\u00e1 escondido, te dar\u00e1 a recompensa. - Pastoral Universit\u00e1ria UniSALESIANO","isPartOf":{"@id":"https:\/\/unisale.com.br\/pastoral\/#website"},"primaryImageOfPage":{"@id":"https:\/\/unisale.com.br\/novo\/21-06-e-o-teu-pai-que-ve-o-que-esta-escondido-te-dara-a-recompensa\/#primaryimage"},"image":{"@id":"https:\/\/unisale.com.br\/novo\/21-06-e-o-teu-pai-que-ve-o-que-esta-escondido-te-dara-a-recompensa\/#primaryimage"},"thumbnailUrl":"https:\/\/unisale.com.br\/pastoral\/wp-content\/uploads\/2023\/06\/Ev-21.jpg","datePublished":"2023-06-15T12:02:08+00:00","author":{"@id":"https:\/\/unisale.com.br\/pastoral\/#\/schema\/person\/a16ba711a0f7dec9cb6b44563144d5a3"},"inLanguage":"pt-BR","potentialAction":[{"@type":"ReadAction","target":["https:\/\/unisale.com.br\/novo\/21-06-e-o-teu-pai-que-ve-o-que-esta-escondido-te-dara-a-recompensa\/"]}]},{"@type":"ImageObject","inLanguage":"pt-BR","@id":"https:\/\/unisale.com.br\/novo\/21-06-e-o-teu-pai-que-ve-o-que-esta-escondido-te-dara-a-recompensa\/#primaryimage","url":"https:\/\/unisale.com.br\/pastoral\/wp-content\/uploads\/2023\/06\/Ev-21.jpg","contentUrl":"https:\/\/unisale.com.br\/pastoral\/wp-content\/uploads\/2023\/06\/Ev-21.jpg","width":286,"height":176},{"@type":"WebSite","@id":"https:\/\/unisale.com.br\/pastoral\/#website","url":"https:\/\/unisale.com.br\/pastoral\/","name":"Pastoral Universit\u00e1ria UniSALESIANO","description":"Site da Pastoral Universit\u00e1ria do UniSALESIANO","potentialAction":[{"@type":"SearchAction","target":{"@type":"EntryPoint","urlTemplate":"https:\/\/unisale.com.br\/pastoral\/?s={search_term_string}"},"query-input":{"@type":"PropertyValueSpecification","valueRequired":true,"valueName":"search_term_string"}}],"inLanguage":"pt-BR"},{"@type":"Person","@id":"https:\/\/unisale.com.br\/pastoral\/#\/schema\/person\/a16ba711a0f7dec9cb6b44563144d5a3","name":"pastoral","url":"https:\/\/unisale.com.br\/pastoral\/author\/pastoral\/"}]}},"_links":{"self":[{"href":"https:\/\/unisale.com.br\/pastoral\/wp-json\/wp\/v2\/posts\/7109","targetHints":{"allow":["GET"]}}],"collection":[{"href":"https:\/\/unisale.com.br\/pastoral\/wp-json\/wp\/v2\/posts"}],"about":[{"href":"https:\/\/unisale.com.br\/pastoral\/wp-json\/wp\/v2\/types\/post"}],"author":[{"embeddable":true,"href":"https:\/\/unisale.com.br\/pastoral\/wp-json\/wp\/v2\/users\/1"}],"replies":[{"embeddable":true,"href":"https:\/\/unisale.com.br\/pastoral\/wp-json\/wp\/v2\/comments?post=7109"}],"version-history":[{"count":0,"href":"https:\/\/unisale.com.br\/pastoral\/wp-json\/wp\/v2\/posts\/7109\/revisions"}],"wp:featuredmedia":[{"embeddable":true,"href":"https:\/\/unisale.com.br\/pastoral\/wp-json\/wp\/v2\/media\/7100"}],"wp:attachment":[{"href":"https:\/\/unisale.com.br\/pastoral\/wp-json\/wp\/v2\/media?parent=7109"}],"wp:term":[{"taxonomy":"category","embeddable":true,"href":"https:\/\/unisale.com.br\/pastoral\/wp-json\/wp\/v2\/categories?post=7109"},{"taxonomy":"post_tag","embeddable":true,"href":"https:\/\/unisale.com.br\/pastoral\/wp-json\/wp\/v2\/tags?post=7109"}],"curies":[{"name":"wp","href":"https:\/\/api.w.org\/{rel}","templated":true}]}}