{"id":7113,"date":"2023-06-15T12:04:06","date_gmt":"2023-06-15T12:04:06","guid":{"rendered":"https:\/\/unisale.com.br\/pastoral\/?p=7113"},"modified":"2023-06-15T12:04:06","modified_gmt":"2023-06-15T12:04:06","slug":"23-06-porque-onde-esta-o-teu-tesouro-ai-estara-tambem-o-teu-coracao","status":"publish","type":"post","link":"https:\/\/unisale.com.br\/pastoral\/23-06-porque-onde-esta-o-teu-tesouro-ai-estara-tambem-o-teu-coracao\/","title":{"rendered":"23\/06 &#8211; Porque, onde est\u00e1 o teu tesouro, a\u00ed estar\u00e1 tamb\u00e9m o teu cora\u00e7\u00e3o."},"content":{"rendered":"<p>Sexta-feira, 23 de junho de 2023.<\/p>\n<p>&nbsp;<\/p>\n<p>Evangelho (Mt 6,19-23)<\/p>\n<p>&nbsp;<\/p>\n<p><strong>\u201cPorque, onde est\u00e1 o teu tesouro, a\u00ed estar\u00e1 tamb\u00e9m o teu cora\u00e7\u00e3o\u201d<\/strong><\/p>\n<p>&nbsp;<\/p>\n<p>Naquele tempo, disse Jesus a seus disc\u00edpulos: <sup>19<\/sup>\u201cN\u00e3o junteis tesouros aqui na terra, onde a tra\u00e7a e a ferrugem destroem, e os ladr\u00f5es assaltam e roubam. <sup>20<\/sup>Ao contr\u00e1rio, juntai para v\u00f3s tesouros no c\u00e9u, onde nem a tra\u00e7a e a ferrugem destroem, nem os ladr\u00f5es assaltam e roubam. <sup>21<\/sup>Porque, onde est\u00e1 o teu tesouro, a\u00ed estar\u00e1 tamb\u00e9m o teu cora\u00e7\u00e3o.<\/p>\n<p><sup>22<\/sup>O olho \u00e9 a l\u00e2mpada do corpo. Se o teu olho \u00e9 sadio, todo o teu corpo ficar\u00e1 iluminado. <sup>23<\/sup>Se o teu olho est\u00e1 doente, todo o corpo ficar\u00e1 na escurid\u00e3o. Ora, se a luz que existe em ti \u00e9 escurid\u00e3o, como ser\u00e1 grande a escurid\u00e3o.<\/p>\n<p>&nbsp;<\/p>\n<p><strong>Reflex\u00e3o<\/strong><\/p>\n<p>&nbsp;<\/p>\n<p>Depois de ter falado da atitude correta da ora\u00e7\u00e3o, Jesus nos ensina sobre como usar com retid\u00e3o os bens materiais. Ele come\u00e7a a nos ensinar com uma pergunta: ao que \u00e9 que se deve apegar o cora\u00e7\u00e3o? Ao que \u00e9 passageiro ou ao que \u00e9 est\u00e1vel? Quando Jesus trata sobre os olhos, l\u00e2mpada do corpo, Ele quer indicar neste contexto que para fazer uma op\u00e7\u00e3o correta, \u00e9 preciso a capacidade do discernimento, que deriva de olhos luminosos e transparentes. Jesus convida-nos a investir bem as nossas energias. Trabalhar pelo Reino requer que nos dediquemos totalmente, empenhando toda a nossa energia. Mas, na vida humana h\u00e1 outra realidade que atrai de modo exclusivo as nossas energias, a realidade dos bens materiais. Jesus diz claramente no in\u00edcio do evangelho de hoje, que o homem se entrega totalmente e unicamente \u00e0quilo que julga mais precioso, \u00e0quilo que se apropriou do seu cora\u00e7\u00e3o. Para nos fazer ver a realidade, Jesus nos diz: porqu\u00ea dedicar-se totalmente a empregar as suas energias naquilo que est\u00e1 destinado a acabar, ou por gasto natural ou por furto? N\u00e3o seria mais s\u00e1bio comprometer-se com aquilo que \u00e9 est\u00e1vel e seguro? Para que algu\u00e9m tome a decis\u00e3o certa \u00e9 necess\u00e1rio que este descubra que o Reino \u00e9 o tesouro precioso pelo qual vale a pena vender ou abandonar todos os outros bens. O verdadeiro disc\u00edpulo \u00e9 aquele que fez esta descoberta e \u00e9 exortado a manter puros os seus olhos para n\u00e3o cair na cegueira da avidez e da gan\u00e2ncia.<\/p>\n<p><strong>Pe. Paulo Eduardo J\u00e1como, SDB.<\/strong><\/p>\n","protected":false},"excerpt":{"rendered":"<p>Sexta-feira, 23 de junho de 2023. &nbsp; Evangelho (Mt 6,19-23) &nbsp; \u201cPorque, onde est\u00e1 o teu tesouro, a\u00ed estar\u00e1 tamb\u00e9m o teu cora\u00e7\u00e3o\u201d &nbsp; Naquele&#8230;<\/p>\n","protected":false},"author":1,"featured_media":7102,"comment_status":"closed","ping_status":"closed","sticky":false,"template":"","format":"standard","meta":{"_acf_changed":false,"footnotes":""},"categories":[13],"tags":[],"class_list":["post-7113","post","type-post","status-publish","format-standard","has-post-thumbnail","hentry","category-reflexaodoevagelho"],"acf":[],"yoast_head":"<!-- This site is optimized with the Yoast SEO plugin v27.3 - https:\/\/yoast.com\/product\/yoast-seo-wordpress\/ -->\n<title>23\/06 - Porque, onde est\u00e1 o teu tesouro, a\u00ed estar\u00e1 tamb\u00e9m o teu cora\u00e7\u00e3o. - Pastoral Universit\u00e1ria UniSALESIANO<\/title>\n<meta name=\"robots\" content=\"index, follow, max-snippet:-1, max-image-preview:large, max-video-preview:-1\" \/>\n<link rel=\"canonical\" href=\"https:\/\/unisale.com.br\/novo\/23-06-porque-onde-esta-o-teu-tesouro-ai-estara-tambem-o-teu-coracao\/\" \/>\n<meta property=\"og:locale\" content=\"pt_BR\" \/>\n<meta property=\"og:type\" content=\"article\" \/>\n<meta property=\"og:title\" content=\"23\/06 - Porque, onde est\u00e1 o teu tesouro, a\u00ed estar\u00e1 tamb\u00e9m o teu cora\u00e7\u00e3o. - Pastoral Universit\u00e1ria UniSALESIANO\" \/>\n<meta property=\"og:description\" content=\"Sexta-feira, 23 de junho de 2023. &nbsp; Evangelho (Mt 6,19-23) &nbsp; \u201cPorque, onde est\u00e1 o teu tesouro, a\u00ed estar\u00e1 tamb\u00e9m o teu cora\u00e7\u00e3o\u201d &nbsp; Naquele...\" \/>\n<meta property=\"og:url\" content=\"https:\/\/unisale.com.br\/novo\/23-06-porque-onde-esta-o-teu-tesouro-ai-estara-tambem-o-teu-coracao\/\" \/>\n<meta property=\"og:site_name\" content=\"Pastoral Universit\u00e1ria UniSALESIANO\" \/>\n<meta property=\"article:published_time\" content=\"2023-06-15T12:04:06+00:00\" \/>\n<meta name=\"author\" content=\"pastoral\" \/>\n<meta name=\"twitter:card\" content=\"summary_large_image\" \/>\n<meta name=\"twitter:label1\" content=\"Escrito por\" \/>\n\t<meta name=\"twitter:data1\" content=\"pastoral\" \/>\n\t<meta name=\"twitter:label2\" content=\"Est. tempo de leitura\" \/>\n\t<meta name=\"twitter:data2\" content=\"2 minutos\" \/>\n<script type=\"application\/ld+json\" class=\"yoast-schema-graph\">{\"@context\":\"https:\\\/\\\/schema.org\",\"@graph\":[{\"@type\":\"Article\",\"@id\":\"https:\\\/\\\/unisale.com.br\\\/novo\\\/23-06-porque-onde-esta-o-teu-tesouro-ai-estara-tambem-o-teu-coracao\\\/#article\",\"isPartOf\":{\"@id\":\"https:\\\/\\\/unisale.com.br\\\/novo\\\/23-06-porque-onde-esta-o-teu-tesouro-ai-estara-tambem-o-teu-coracao\\\/\"},\"author\":{\"name\":\"pastoral\",\"@id\":\"https:\\\/\\\/unisale.com.br\\\/pastoral\\\/#\\\/schema\\\/person\\\/a16ba711a0f7dec9cb6b44563144d5a3\"},\"headline\":\"23\\\/06 &#8211; Porque, onde est\u00e1 o teu tesouro, a\u00ed estar\u00e1 tamb\u00e9m o teu cora\u00e7\u00e3o.\",\"datePublished\":\"2023-06-15T12:04:06+00:00\",\"mainEntityOfPage\":{\"@id\":\"https:\\\/\\\/unisale.com.br\\\/novo\\\/23-06-porque-onde-esta-o-teu-tesouro-ai-estara-tambem-o-teu-coracao\\\/\"},\"wordCount\":426,\"image\":{\"@id\":\"https:\\\/\\\/unisale.com.br\\\/novo\\\/23-06-porque-onde-esta-o-teu-tesouro-ai-estara-tambem-o-teu-coracao\\\/#primaryimage\"},\"thumbnailUrl\":\"https:\\\/\\\/unisale.com.br\\\/pastoral\\\/wp-content\\\/uploads\\\/2023\\\/06\\\/Ev-23.jpg\",\"articleSection\":[\"Reflex\u00e3o do Evangelho\"],\"inLanguage\":\"pt-BR\"},{\"@type\":\"WebPage\",\"@id\":\"https:\\\/\\\/unisale.com.br\\\/novo\\\/23-06-porque-onde-esta-o-teu-tesouro-ai-estara-tambem-o-teu-coracao\\\/\",\"url\":\"https:\\\/\\\/unisale.com.br\\\/novo\\\/23-06-porque-onde-esta-o-teu-tesouro-ai-estara-tambem-o-teu-coracao\\\/\",\"name\":\"23\\\/06 - Porque, onde est\u00e1 o teu tesouro, a\u00ed estar\u00e1 tamb\u00e9m o teu cora\u00e7\u00e3o. - Pastoral Universit\u00e1ria UniSALESIANO\",\"isPartOf\":{\"@id\":\"https:\\\/\\\/unisale.com.br\\\/pastoral\\\/#website\"},\"primaryImageOfPage\":{\"@id\":\"https:\\\/\\\/unisale.com.br\\\/novo\\\/23-06-porque-onde-esta-o-teu-tesouro-ai-estara-tambem-o-teu-coracao\\\/#primaryimage\"},\"image\":{\"@id\":\"https:\\\/\\\/unisale.com.br\\\/novo\\\/23-06-porque-onde-esta-o-teu-tesouro-ai-estara-tambem-o-teu-coracao\\\/#primaryimage\"},\"thumbnailUrl\":\"https:\\\/\\\/unisale.com.br\\\/pastoral\\\/wp-content\\\/uploads\\\/2023\\\/06\\\/Ev-23.jpg\",\"datePublished\":\"2023-06-15T12:04:06+00:00\",\"author\":{\"@id\":\"https:\\\/\\\/unisale.com.br\\\/pastoral\\\/#\\\/schema\\\/person\\\/a16ba711a0f7dec9cb6b44563144d5a3\"},\"inLanguage\":\"pt-BR\",\"potentialAction\":[{\"@type\":\"ReadAction\",\"target\":[\"https:\\\/\\\/unisale.com.br\\\/novo\\\/23-06-porque-onde-esta-o-teu-tesouro-ai-estara-tambem-o-teu-coracao\\\/\"]}]},{\"@type\":\"ImageObject\",\"inLanguage\":\"pt-BR\",\"@id\":\"https:\\\/\\\/unisale.com.br\\\/novo\\\/23-06-porque-onde-esta-o-teu-tesouro-ai-estara-tambem-o-teu-coracao\\\/#primaryimage\",\"url\":\"https:\\\/\\\/unisale.com.br\\\/pastoral\\\/wp-content\\\/uploads\\\/2023\\\/06\\\/Ev-23.jpg\",\"contentUrl\":\"https:\\\/\\\/unisale.com.br\\\/pastoral\\\/wp-content\\\/uploads\\\/2023\\\/06\\\/Ev-23.jpg\",\"width\":275,\"height\":183},{\"@type\":\"WebSite\",\"@id\":\"https:\\\/\\\/unisale.com.br\\\/pastoral\\\/#website\",\"url\":\"https:\\\/\\\/unisale.com.br\\\/pastoral\\\/\",\"name\":\"Pastoral Universit\u00e1ria UniSALESIANO\",\"description\":\"Site da Pastoral Universit\u00e1ria do UniSALESIANO\",\"potentialAction\":[{\"@type\":\"SearchAction\",\"target\":{\"@type\":\"EntryPoint\",\"urlTemplate\":\"https:\\\/\\\/unisale.com.br\\\/pastoral\\\/?s={search_term_string}\"},\"query-input\":{\"@type\":\"PropertyValueSpecification\",\"valueRequired\":true,\"valueName\":\"search_term_string\"}}],\"inLanguage\":\"pt-BR\"},{\"@type\":\"Person\",\"@id\":\"https:\\\/\\\/unisale.com.br\\\/pastoral\\\/#\\\/schema\\\/person\\\/a16ba711a0f7dec9cb6b44563144d5a3\",\"name\":\"pastoral\",\"url\":\"https:\\\/\\\/unisale.com.br\\\/pastoral\\\/author\\\/pastoral\\\/\"}]}<\/script>\n<!-- \/ Yoast SEO plugin. -->","yoast_head_json":{"title":"23\/06 - Porque, onde est\u00e1 o teu tesouro, a\u00ed estar\u00e1 tamb\u00e9m o teu cora\u00e7\u00e3o. - Pastoral Universit\u00e1ria UniSALESIANO","robots":{"index":"index","follow":"follow","max-snippet":"max-snippet:-1","max-image-preview":"max-image-preview:large","max-video-preview":"max-video-preview:-1"},"canonical":"https:\/\/unisale.com.br\/novo\/23-06-porque-onde-esta-o-teu-tesouro-ai-estara-tambem-o-teu-coracao\/","og_locale":"pt_BR","og_type":"article","og_title":"23\/06 - Porque, onde est\u00e1 o teu tesouro, a\u00ed estar\u00e1 tamb\u00e9m o teu cora\u00e7\u00e3o. - Pastoral Universit\u00e1ria UniSALESIANO","og_description":"Sexta-feira, 23 de junho de 2023. &nbsp; Evangelho (Mt 6,19-23) &nbsp; \u201cPorque, onde est\u00e1 o teu tesouro, a\u00ed estar\u00e1 tamb\u00e9m o teu cora\u00e7\u00e3o\u201d &nbsp; Naquele...","og_url":"https:\/\/unisale.com.br\/novo\/23-06-porque-onde-esta-o-teu-tesouro-ai-estara-tambem-o-teu-coracao\/","og_site_name":"Pastoral Universit\u00e1ria UniSALESIANO","article_published_time":"2023-06-15T12:04:06+00:00","author":"pastoral","twitter_card":"summary_large_image","twitter_misc":{"Escrito por":"pastoral","Est. tempo de leitura":"2 minutos"},"schema":{"@context":"https:\/\/schema.org","@graph":[{"@type":"Article","@id":"https:\/\/unisale.com.br\/novo\/23-06-porque-onde-esta-o-teu-tesouro-ai-estara-tambem-o-teu-coracao\/#article","isPartOf":{"@id":"https:\/\/unisale.com.br\/novo\/23-06-porque-onde-esta-o-teu-tesouro-ai-estara-tambem-o-teu-coracao\/"},"author":{"name":"pastoral","@id":"https:\/\/unisale.com.br\/pastoral\/#\/schema\/person\/a16ba711a0f7dec9cb6b44563144d5a3"},"headline":"23\/06 &#8211; Porque, onde est\u00e1 o teu tesouro, a\u00ed estar\u00e1 tamb\u00e9m o teu cora\u00e7\u00e3o.","datePublished":"2023-06-15T12:04:06+00:00","mainEntityOfPage":{"@id":"https:\/\/unisale.com.br\/novo\/23-06-porque-onde-esta-o-teu-tesouro-ai-estara-tambem-o-teu-coracao\/"},"wordCount":426,"image":{"@id":"https:\/\/unisale.com.br\/novo\/23-06-porque-onde-esta-o-teu-tesouro-ai-estara-tambem-o-teu-coracao\/#primaryimage"},"thumbnailUrl":"https:\/\/unisale.com.br\/pastoral\/wp-content\/uploads\/2023\/06\/Ev-23.jpg","articleSection":["Reflex\u00e3o do Evangelho"],"inLanguage":"pt-BR"},{"@type":"WebPage","@id":"https:\/\/unisale.com.br\/novo\/23-06-porque-onde-esta-o-teu-tesouro-ai-estara-tambem-o-teu-coracao\/","url":"https:\/\/unisale.com.br\/novo\/23-06-porque-onde-esta-o-teu-tesouro-ai-estara-tambem-o-teu-coracao\/","name":"23\/06 - Porque, onde est\u00e1 o teu tesouro, a\u00ed estar\u00e1 tamb\u00e9m o teu cora\u00e7\u00e3o. - Pastoral Universit\u00e1ria UniSALESIANO","isPartOf":{"@id":"https:\/\/unisale.com.br\/pastoral\/#website"},"primaryImageOfPage":{"@id":"https:\/\/unisale.com.br\/novo\/23-06-porque-onde-esta-o-teu-tesouro-ai-estara-tambem-o-teu-coracao\/#primaryimage"},"image":{"@id":"https:\/\/unisale.com.br\/novo\/23-06-porque-onde-esta-o-teu-tesouro-ai-estara-tambem-o-teu-coracao\/#primaryimage"},"thumbnailUrl":"https:\/\/unisale.com.br\/pastoral\/wp-content\/uploads\/2023\/06\/Ev-23.jpg","datePublished":"2023-06-15T12:04:06+00:00","author":{"@id":"https:\/\/unisale.com.br\/pastoral\/#\/schema\/person\/a16ba711a0f7dec9cb6b44563144d5a3"},"inLanguage":"pt-BR","potentialAction":[{"@type":"ReadAction","target":["https:\/\/unisale.com.br\/novo\/23-06-porque-onde-esta-o-teu-tesouro-ai-estara-tambem-o-teu-coracao\/"]}]},{"@type":"ImageObject","inLanguage":"pt-BR","@id":"https:\/\/unisale.com.br\/novo\/23-06-porque-onde-esta-o-teu-tesouro-ai-estara-tambem-o-teu-coracao\/#primaryimage","url":"https:\/\/unisale.com.br\/pastoral\/wp-content\/uploads\/2023\/06\/Ev-23.jpg","contentUrl":"https:\/\/unisale.com.br\/pastoral\/wp-content\/uploads\/2023\/06\/Ev-23.jpg","width":275,"height":183},{"@type":"WebSite","@id":"https:\/\/unisale.com.br\/pastoral\/#website","url":"https:\/\/unisale.com.br\/pastoral\/","name":"Pastoral Universit\u00e1ria UniSALESIANO","description":"Site da Pastoral Universit\u00e1ria do UniSALESIANO","potentialAction":[{"@type":"SearchAction","target":{"@type":"EntryPoint","urlTemplate":"https:\/\/unisale.com.br\/pastoral\/?s={search_term_string}"},"query-input":{"@type":"PropertyValueSpecification","valueRequired":true,"valueName":"search_term_string"}}],"inLanguage":"pt-BR"},{"@type":"Person","@id":"https:\/\/unisale.com.br\/pastoral\/#\/schema\/person\/a16ba711a0f7dec9cb6b44563144d5a3","name":"pastoral","url":"https:\/\/unisale.com.br\/pastoral\/author\/pastoral\/"}]}},"_links":{"self":[{"href":"https:\/\/unisale.com.br\/pastoral\/wp-json\/wp\/v2\/posts\/7113","targetHints":{"allow":["GET"]}}],"collection":[{"href":"https:\/\/unisale.com.br\/pastoral\/wp-json\/wp\/v2\/posts"}],"about":[{"href":"https:\/\/unisale.com.br\/pastoral\/wp-json\/wp\/v2\/types\/post"}],"author":[{"embeddable":true,"href":"https:\/\/unisale.com.br\/pastoral\/wp-json\/wp\/v2\/users\/1"}],"replies":[{"embeddable":true,"href":"https:\/\/unisale.com.br\/pastoral\/wp-json\/wp\/v2\/comments?post=7113"}],"version-history":[{"count":0,"href":"https:\/\/unisale.com.br\/pastoral\/wp-json\/wp\/v2\/posts\/7113\/revisions"}],"wp:featuredmedia":[{"embeddable":true,"href":"https:\/\/unisale.com.br\/pastoral\/wp-json\/wp\/v2\/media\/7102"}],"wp:attachment":[{"href":"https:\/\/unisale.com.br\/pastoral\/wp-json\/wp\/v2\/media?parent=7113"}],"wp:term":[{"taxonomy":"category","embeddable":true,"href":"https:\/\/unisale.com.br\/pastoral\/wp-json\/wp\/v2\/categories?post=7113"},{"taxonomy":"post_tag","embeddable":true,"href":"https:\/\/unisale.com.br\/pastoral\/wp-json\/wp\/v2\/tags?post=7113"}],"curies":[{"name":"wp","href":"https:\/\/api.w.org\/{rel}","templated":true}]}}