{"id":7117,"date":"2023-06-15T12:06:12","date_gmt":"2023-06-15T12:06:12","guid":{"rendered":"https:\/\/unisale.com.br\/pastoral\/?p=7117"},"modified":"2023-06-15T12:06:12","modified_gmt":"2023-06-15T12:06:12","slug":"25-06-nao-tenhais-medo-daqueles-que-matam-o-corpo-mas-nao-podem-matar-a-alma","status":"publish","type":"post","link":"https:\/\/unisale.com.br\/pastoral\/25-06-nao-tenhais-medo-daqueles-que-matam-o-corpo-mas-nao-podem-matar-a-alma\/","title":{"rendered":"25\/06 &#8211; N\u00e3o tenhais medo daqueles que matam o corpo, mas n\u00e3o podem matar a alma!"},"content":{"rendered":"<p>Domingo, 25 de junho de 2023.<\/p>\n<p>&nbsp;<\/p>\n<p>Evangelho (Mt 10,26-33)<\/p>\n<p>&nbsp;<\/p>\n<p><strong>\u201cN\u00e3o tenhais medo daqueles que matam o corpo, mas n\u00e3o podem matar a alma!\u201d<\/strong><\/p>\n<p>&nbsp;<\/p>\n<p>Naquele tempo, disse Jesus a seus ap\u00f3stolos: <sup>26<\/sup>\u201cN\u00e3o tenhais medo dos homens, pois nada h\u00e1 de encoberto que n\u00e3o seja revelado, e nada h\u00e1 de escondido que n\u00e3o seja conhecido. <sup>27<\/sup>O que vos digo na escurid\u00e3o dizei-o \u00e0 luz do dia; o que escutais ao p\u00e9 do ouvido, proclamai-o sobre os telhados! <sup>28<\/sup>N\u00e3o tenhais medo daqueles que matam o corpo, mas n\u00e3o podem matar a alma! Pelo contr\u00e1rio, temei aquele que pode destruir a alma e o corpo no inferno! <sup>29<\/sup>N\u00e3o se vendem dois pardais por algumas moedas? No entanto, nenhum deles cai no ch\u00e3o sem o consentimento do vosso Pai. <sup>30<\/sup>Quanto a v\u00f3s, at\u00e9 os cabelos da vossa cabe\u00e7a est\u00e3o contados. <sup>31<\/sup>N\u00e3o tenhais medo! V\u00f3s valeis mais do que muitos pardais. <sup>32<\/sup>Portanto, todo aquele que se declarar a meu favor diante dos homens, tamb\u00e9m eu me declararei em favor dele diante do meu Pai que est\u00e1 nos c\u00e9us. <sup>33<\/sup>Aquele, por\u00e9m, que me negar diante dos homens, tamb\u00e9m eu o negarei diante do meu Pai que est\u00e1 nos c\u00e9us.<\/p>\n<p>&nbsp;<\/p>\n<p><strong>Reflex\u00e3o<\/strong><\/p>\n<p>&nbsp;<\/p>\n<p>Muitas vezes nos perguntamos sobre qual ser\u00e1 o nosso fim. O nosso fim ser\u00e1 o mesmo de Cristo. E n\u00e3o podemos ver este como se fosse uma coisa muito terr\u00edvel, mas devemos ver como uma possibilidade de fazer um salto em nossa vida se olharmos de outro ponto de vista. Ter o mesmo fim de Cristo n\u00e3o significa que acabaremos na cruz, mas sim na Ressurrei\u00e7\u00e3o. Passar toda a nossa vida tentando fugir da cruz, significa passar toda a vida buscando escapar do que neste momento est\u00e1 diante de mim. Precisamos entender que a cruz n\u00e3o \u00e9 somente \u201cos pregos em nossas m\u00e3os\u201d. A cruz \u00e9 toda a realidade que est\u00e1 diante da minha vida e que me constringe a estar pregado no aqui e agora sem poder escapar. Nossas estrat\u00e9gias de fuga s\u00e3o muitas, mas s\u00e3o todas colocadas em pr\u00e1tica porque muitas vezes \u00e9 insuport\u00e1vel levar a s\u00e9rio o aqui e agora. Somos como crian\u00e7as que n\u00e3o querem ir \u00e0 escola e olham para fora da janela imaginando o quando poderia ser gostoso correr felizes atr\u00e1s de uma borboleta. O que tem de mal nisto? Aparentemente nada. Mas nos tornamos homens n\u00e3o quando paramos de fantasiar as coisas, mas quando entendemos que os sonhos a serem realizados devem ser concretos, poss\u00edveis, respons\u00e1veis ao entender que o alfabeto que aprendo hoje na escola me tornar\u00e1 capaz n\u00e3o somente de correr atr\u00e1s de uma borboleta, mas de fazer da minha vida um \u00f3timo trabalho. Aceitar a cruz significa acordar para o fato de que muitas coisas que existem e que n\u00e3o nos agradam e n\u00e3o queremos, mas as aceitarmos e as vivermos assim como nos ensinou Cristo, elas n\u00e3o ser\u00e3o o nosso destino, mas somente a nossa P\u00e1scoa, isto \u00e9, a nossa \u201cpassagem\u201d. Um medo se torno o nosso destino quando n\u00e3o o afrontamos. Afrontar significa fazer ser uma passagem e n\u00e3o um fim. Tudo aquilo do qual escapamos nos segue sempre. Tudo aquilo que afrontamos passa. Neste sentido devemos nos parabenizar por termos o mesmo fim de Cristo, isto \u00e9, fazer da P\u00e1scoa, uma passagem.<\/p>\n<p><strong>Pe. Paulo Eduardo J\u00e1como, SDB.<\/strong><\/p>\n","protected":false},"excerpt":{"rendered":"<p>Domingo, 25 de junho de 2023. &nbsp; Evangelho (Mt 10,26-33) &nbsp; \u201cN\u00e3o tenhais medo daqueles que matam o corpo, mas n\u00e3o podem matar a alma!\u201d&#8230;<\/p>\n","protected":false},"author":1,"featured_media":7091,"comment_status":"closed","ping_status":"closed","sticky":false,"template":"","format":"standard","meta":{"_acf_changed":false,"footnotes":""},"categories":[13],"tags":[],"class_list":["post-7117","post","type-post","status-publish","format-standard","has-post-thumbnail","hentry","category-reflexaodoevagelho"],"acf":[],"yoast_head":"<!-- This site is optimized with the Yoast SEO plugin v27.3 - https:\/\/yoast.com\/product\/yoast-seo-wordpress\/ -->\n<title>25\/06 - N\u00e3o tenhais medo daqueles que matam o corpo, mas n\u00e3o podem matar a alma! - Pastoral Universit\u00e1ria UniSALESIANO<\/title>\n<meta name=\"robots\" content=\"index, follow, max-snippet:-1, max-image-preview:large, max-video-preview:-1\" \/>\n<link rel=\"canonical\" href=\"https:\/\/unisale.com.br\/novo\/25-06-nao-tenhais-medo-daqueles-que-matam-o-corpo-mas-nao-podem-matar-a-alma\/\" \/>\n<meta property=\"og:locale\" content=\"pt_BR\" \/>\n<meta property=\"og:type\" content=\"article\" \/>\n<meta property=\"og:title\" content=\"25\/06 - N\u00e3o tenhais medo daqueles que matam o corpo, mas n\u00e3o podem matar a alma! - Pastoral Universit\u00e1ria UniSALESIANO\" \/>\n<meta property=\"og:description\" content=\"Domingo, 25 de junho de 2023. &nbsp; Evangelho (Mt 10,26-33) &nbsp; \u201cN\u00e3o tenhais medo daqueles que matam o corpo, mas n\u00e3o podem matar a alma!\u201d...\" \/>\n<meta property=\"og:url\" content=\"https:\/\/unisale.com.br\/novo\/25-06-nao-tenhais-medo-daqueles-que-matam-o-corpo-mas-nao-podem-matar-a-alma\/\" \/>\n<meta property=\"og:site_name\" content=\"Pastoral Universit\u00e1ria UniSALESIANO\" \/>\n<meta property=\"article:published_time\" content=\"2023-06-15T12:06:12+00:00\" \/>\n<meta name=\"author\" content=\"pastoral\" \/>\n<meta name=\"twitter:card\" content=\"summary_large_image\" \/>\n<meta name=\"twitter:label1\" content=\"Escrito por\" \/>\n\t<meta name=\"twitter:data1\" content=\"pastoral\" \/>\n\t<meta name=\"twitter:label2\" content=\"Est. tempo de leitura\" \/>\n\t<meta name=\"twitter:data2\" content=\"3 minutos\" \/>\n<script type=\"application\/ld+json\" class=\"yoast-schema-graph\">{\"@context\":\"https:\\\/\\\/schema.org\",\"@graph\":[{\"@type\":\"Article\",\"@id\":\"https:\\\/\\\/unisale.com.br\\\/novo\\\/25-06-nao-tenhais-medo-daqueles-que-matam-o-corpo-mas-nao-podem-matar-a-alma\\\/#article\",\"isPartOf\":{\"@id\":\"https:\\\/\\\/unisale.com.br\\\/novo\\\/25-06-nao-tenhais-medo-daqueles-que-matam-o-corpo-mas-nao-podem-matar-a-alma\\\/\"},\"author\":{\"name\":\"pastoral\",\"@id\":\"https:\\\/\\\/unisale.com.br\\\/pastoral\\\/#\\\/schema\\\/person\\\/a16ba711a0f7dec9cb6b44563144d5a3\"},\"headline\":\"25\\\/06 &#8211; N\u00e3o tenhais medo daqueles que matam o corpo, mas n\u00e3o podem matar a alma!\",\"datePublished\":\"2023-06-15T12:06:12+00:00\",\"mainEntityOfPage\":{\"@id\":\"https:\\\/\\\/unisale.com.br\\\/novo\\\/25-06-nao-tenhais-medo-daqueles-que-matam-o-corpo-mas-nao-podem-matar-a-alma\\\/\"},\"wordCount\":608,\"image\":{\"@id\":\"https:\\\/\\\/unisale.com.br\\\/novo\\\/25-06-nao-tenhais-medo-daqueles-que-matam-o-corpo-mas-nao-podem-matar-a-alma\\\/#primaryimage\"},\"thumbnailUrl\":\"https:\\\/\\\/unisale.com.br\\\/pastoral\\\/wp-content\\\/uploads\\\/2023\\\/06\\\/Ev-25.jpeg\",\"articleSection\":[\"Reflex\u00e3o do Evangelho\"],\"inLanguage\":\"pt-BR\"},{\"@type\":\"WebPage\",\"@id\":\"https:\\\/\\\/unisale.com.br\\\/novo\\\/25-06-nao-tenhais-medo-daqueles-que-matam-o-corpo-mas-nao-podem-matar-a-alma\\\/\",\"url\":\"https:\\\/\\\/unisale.com.br\\\/novo\\\/25-06-nao-tenhais-medo-daqueles-que-matam-o-corpo-mas-nao-podem-matar-a-alma\\\/\",\"name\":\"25\\\/06 - N\u00e3o tenhais medo daqueles que matam o corpo, mas n\u00e3o podem matar a alma! - Pastoral Universit\u00e1ria UniSALESIANO\",\"isPartOf\":{\"@id\":\"https:\\\/\\\/unisale.com.br\\\/pastoral\\\/#website\"},\"primaryImageOfPage\":{\"@id\":\"https:\\\/\\\/unisale.com.br\\\/novo\\\/25-06-nao-tenhais-medo-daqueles-que-matam-o-corpo-mas-nao-podem-matar-a-alma\\\/#primaryimage\"},\"image\":{\"@id\":\"https:\\\/\\\/unisale.com.br\\\/novo\\\/25-06-nao-tenhais-medo-daqueles-que-matam-o-corpo-mas-nao-podem-matar-a-alma\\\/#primaryimage\"},\"thumbnailUrl\":\"https:\\\/\\\/unisale.com.br\\\/pastoral\\\/wp-content\\\/uploads\\\/2023\\\/06\\\/Ev-25.jpeg\",\"datePublished\":\"2023-06-15T12:06:12+00:00\",\"author\":{\"@id\":\"https:\\\/\\\/unisale.com.br\\\/pastoral\\\/#\\\/schema\\\/person\\\/a16ba711a0f7dec9cb6b44563144d5a3\"},\"inLanguage\":\"pt-BR\",\"potentialAction\":[{\"@type\":\"ReadAction\",\"target\":[\"https:\\\/\\\/unisale.com.br\\\/novo\\\/25-06-nao-tenhais-medo-daqueles-que-matam-o-corpo-mas-nao-podem-matar-a-alma\\\/\"]}]},{\"@type\":\"ImageObject\",\"inLanguage\":\"pt-BR\",\"@id\":\"https:\\\/\\\/unisale.com.br\\\/novo\\\/25-06-nao-tenhais-medo-daqueles-que-matam-o-corpo-mas-nao-podem-matar-a-alma\\\/#primaryimage\",\"url\":\"https:\\\/\\\/unisale.com.br\\\/pastoral\\\/wp-content\\\/uploads\\\/2023\\\/06\\\/Ev-25.jpeg\",\"contentUrl\":\"https:\\\/\\\/unisale.com.br\\\/pastoral\\\/wp-content\\\/uploads\\\/2023\\\/06\\\/Ev-25.jpeg\",\"width\":750,\"height\":500},{\"@type\":\"WebSite\",\"@id\":\"https:\\\/\\\/unisale.com.br\\\/pastoral\\\/#website\",\"url\":\"https:\\\/\\\/unisale.com.br\\\/pastoral\\\/\",\"name\":\"Pastoral Universit\u00e1ria UniSALESIANO\",\"description\":\"Site da Pastoral Universit\u00e1ria do UniSALESIANO\",\"potentialAction\":[{\"@type\":\"SearchAction\",\"target\":{\"@type\":\"EntryPoint\",\"urlTemplate\":\"https:\\\/\\\/unisale.com.br\\\/pastoral\\\/?s={search_term_string}\"},\"query-input\":{\"@type\":\"PropertyValueSpecification\",\"valueRequired\":true,\"valueName\":\"search_term_string\"}}],\"inLanguage\":\"pt-BR\"},{\"@type\":\"Person\",\"@id\":\"https:\\\/\\\/unisale.com.br\\\/pastoral\\\/#\\\/schema\\\/person\\\/a16ba711a0f7dec9cb6b44563144d5a3\",\"name\":\"pastoral\",\"url\":\"https:\\\/\\\/unisale.com.br\\\/pastoral\\\/author\\\/pastoral\\\/\"}]}<\/script>\n<!-- \/ Yoast SEO plugin. -->","yoast_head_json":{"title":"25\/06 - N\u00e3o tenhais medo daqueles que matam o corpo, mas n\u00e3o podem matar a alma! - Pastoral Universit\u00e1ria UniSALESIANO","robots":{"index":"index","follow":"follow","max-snippet":"max-snippet:-1","max-image-preview":"max-image-preview:large","max-video-preview":"max-video-preview:-1"},"canonical":"https:\/\/unisale.com.br\/novo\/25-06-nao-tenhais-medo-daqueles-que-matam-o-corpo-mas-nao-podem-matar-a-alma\/","og_locale":"pt_BR","og_type":"article","og_title":"25\/06 - N\u00e3o tenhais medo daqueles que matam o corpo, mas n\u00e3o podem matar a alma! - Pastoral Universit\u00e1ria UniSALESIANO","og_description":"Domingo, 25 de junho de 2023. &nbsp; Evangelho (Mt 10,26-33) &nbsp; \u201cN\u00e3o tenhais medo daqueles que matam o corpo, mas n\u00e3o podem matar a alma!\u201d...","og_url":"https:\/\/unisale.com.br\/novo\/25-06-nao-tenhais-medo-daqueles-que-matam-o-corpo-mas-nao-podem-matar-a-alma\/","og_site_name":"Pastoral Universit\u00e1ria UniSALESIANO","article_published_time":"2023-06-15T12:06:12+00:00","author":"pastoral","twitter_card":"summary_large_image","twitter_misc":{"Escrito por":"pastoral","Est. tempo de leitura":"3 minutos"},"schema":{"@context":"https:\/\/schema.org","@graph":[{"@type":"Article","@id":"https:\/\/unisale.com.br\/novo\/25-06-nao-tenhais-medo-daqueles-que-matam-o-corpo-mas-nao-podem-matar-a-alma\/#article","isPartOf":{"@id":"https:\/\/unisale.com.br\/novo\/25-06-nao-tenhais-medo-daqueles-que-matam-o-corpo-mas-nao-podem-matar-a-alma\/"},"author":{"name":"pastoral","@id":"https:\/\/unisale.com.br\/pastoral\/#\/schema\/person\/a16ba711a0f7dec9cb6b44563144d5a3"},"headline":"25\/06 &#8211; N\u00e3o tenhais medo daqueles que matam o corpo, mas n\u00e3o podem matar a alma!","datePublished":"2023-06-15T12:06:12+00:00","mainEntityOfPage":{"@id":"https:\/\/unisale.com.br\/novo\/25-06-nao-tenhais-medo-daqueles-que-matam-o-corpo-mas-nao-podem-matar-a-alma\/"},"wordCount":608,"image":{"@id":"https:\/\/unisale.com.br\/novo\/25-06-nao-tenhais-medo-daqueles-que-matam-o-corpo-mas-nao-podem-matar-a-alma\/#primaryimage"},"thumbnailUrl":"https:\/\/unisale.com.br\/pastoral\/wp-content\/uploads\/2023\/06\/Ev-25.jpeg","articleSection":["Reflex\u00e3o do Evangelho"],"inLanguage":"pt-BR"},{"@type":"WebPage","@id":"https:\/\/unisale.com.br\/novo\/25-06-nao-tenhais-medo-daqueles-que-matam-o-corpo-mas-nao-podem-matar-a-alma\/","url":"https:\/\/unisale.com.br\/novo\/25-06-nao-tenhais-medo-daqueles-que-matam-o-corpo-mas-nao-podem-matar-a-alma\/","name":"25\/06 - N\u00e3o tenhais medo daqueles que matam o corpo, mas n\u00e3o podem matar a alma! - Pastoral Universit\u00e1ria UniSALESIANO","isPartOf":{"@id":"https:\/\/unisale.com.br\/pastoral\/#website"},"primaryImageOfPage":{"@id":"https:\/\/unisale.com.br\/novo\/25-06-nao-tenhais-medo-daqueles-que-matam-o-corpo-mas-nao-podem-matar-a-alma\/#primaryimage"},"image":{"@id":"https:\/\/unisale.com.br\/novo\/25-06-nao-tenhais-medo-daqueles-que-matam-o-corpo-mas-nao-podem-matar-a-alma\/#primaryimage"},"thumbnailUrl":"https:\/\/unisale.com.br\/pastoral\/wp-content\/uploads\/2023\/06\/Ev-25.jpeg","datePublished":"2023-06-15T12:06:12+00:00","author":{"@id":"https:\/\/unisale.com.br\/pastoral\/#\/schema\/person\/a16ba711a0f7dec9cb6b44563144d5a3"},"inLanguage":"pt-BR","potentialAction":[{"@type":"ReadAction","target":["https:\/\/unisale.com.br\/novo\/25-06-nao-tenhais-medo-daqueles-que-matam-o-corpo-mas-nao-podem-matar-a-alma\/"]}]},{"@type":"ImageObject","inLanguage":"pt-BR","@id":"https:\/\/unisale.com.br\/novo\/25-06-nao-tenhais-medo-daqueles-que-matam-o-corpo-mas-nao-podem-matar-a-alma\/#primaryimage","url":"https:\/\/unisale.com.br\/pastoral\/wp-content\/uploads\/2023\/06\/Ev-25.jpeg","contentUrl":"https:\/\/unisale.com.br\/pastoral\/wp-content\/uploads\/2023\/06\/Ev-25.jpeg","width":750,"height":500},{"@type":"WebSite","@id":"https:\/\/unisale.com.br\/pastoral\/#website","url":"https:\/\/unisale.com.br\/pastoral\/","name":"Pastoral Universit\u00e1ria UniSALESIANO","description":"Site da Pastoral Universit\u00e1ria do UniSALESIANO","potentialAction":[{"@type":"SearchAction","target":{"@type":"EntryPoint","urlTemplate":"https:\/\/unisale.com.br\/pastoral\/?s={search_term_string}"},"query-input":{"@type":"PropertyValueSpecification","valueRequired":true,"valueName":"search_term_string"}}],"inLanguage":"pt-BR"},{"@type":"Person","@id":"https:\/\/unisale.com.br\/pastoral\/#\/schema\/person\/a16ba711a0f7dec9cb6b44563144d5a3","name":"pastoral","url":"https:\/\/unisale.com.br\/pastoral\/author\/pastoral\/"}]}},"_links":{"self":[{"href":"https:\/\/unisale.com.br\/pastoral\/wp-json\/wp\/v2\/posts\/7117","targetHints":{"allow":["GET"]}}],"collection":[{"href":"https:\/\/unisale.com.br\/pastoral\/wp-json\/wp\/v2\/posts"}],"about":[{"href":"https:\/\/unisale.com.br\/pastoral\/wp-json\/wp\/v2\/types\/post"}],"author":[{"embeddable":true,"href":"https:\/\/unisale.com.br\/pastoral\/wp-json\/wp\/v2\/users\/1"}],"replies":[{"embeddable":true,"href":"https:\/\/unisale.com.br\/pastoral\/wp-json\/wp\/v2\/comments?post=7117"}],"version-history":[{"count":0,"href":"https:\/\/unisale.com.br\/pastoral\/wp-json\/wp\/v2\/posts\/7117\/revisions"}],"wp:featuredmedia":[{"embeddable":true,"href":"https:\/\/unisale.com.br\/pastoral\/wp-json\/wp\/v2\/media\/7091"}],"wp:attachment":[{"href":"https:\/\/unisale.com.br\/pastoral\/wp-json\/wp\/v2\/media?parent=7117"}],"wp:term":[{"taxonomy":"category","embeddable":true,"href":"https:\/\/unisale.com.br\/pastoral\/wp-json\/wp\/v2\/categories?post=7117"},{"taxonomy":"post_tag","embeddable":true,"href":"https:\/\/unisale.com.br\/pastoral\/wp-json\/wp\/v2\/tags?post=7117"}],"curies":[{"name":"wp","href":"https:\/\/api.w.org\/{rel}","templated":true}]}}