{"id":7121,"date":"2023-06-15T12:08:45","date_gmt":"2023-06-15T12:08:45","guid":{"rendered":"https:\/\/unisale.com.br\/pastoral\/?p=7121"},"modified":"2023-06-15T12:08:45","modified_gmt":"2023-06-15T12:08:45","slug":"27-06-como-e-estreita-a-porta-e-apertado-o-caminho-que-leva-a-vida","status":"publish","type":"post","link":"https:\/\/unisale.com.br\/pastoral\/27-06-como-e-estreita-a-porta-e-apertado-o-caminho-que-leva-a-vida\/","title":{"rendered":"27\/06 &#8211; Como \u00e9 estreita a porta e apertado o caminho que leva \u00e0 vida!"},"content":{"rendered":"<p>Ter\u00e7a-feira, 27 de junho de 2023.<\/p>\n<p>&nbsp;<\/p>\n<p>Evangelho (Mt 7,6.12-14)<\/p>\n<p>&nbsp;<\/p>\n<p><strong>\u201cComo \u00e9 estreita a porta e apertado o caminho que leva \u00e0 vida!\u201d<\/strong><\/p>\n<p>&nbsp;<\/p>\n<p>Naquele tempo, disse Jesus aos seus disc\u00edpulos: <sup>6<\/sup>\u201cN\u00e3o deis aos c\u00e3es as coisas santas, nem atireis vossas p\u00e9rolas aos porcos; para que eles n\u00e3o as pisem com os p\u00e9s e, voltando-se contra v\u00f3s, vos despedacem. <sup>12<\/sup>Tudo quanto quereis que os outros vos fa\u00e7am, fazei tamb\u00e9m a eles. Nisto consiste a Lei e os Profetas. <sup>13<\/sup>Entrai pela porta estreita, porque larga \u00e9 a porta e espa\u00e7oso \u00e9 o caminho que leva \u00e0 perdi\u00e7\u00e3o, e muitos s\u00e3o os que entram por ele! <sup>14<\/sup>Como \u00e9 estreita a porta e apertado o caminho que leva \u00e0 vida! E s\u00e3o poucos os que o encontram\u201d!<\/p>\n<p>&nbsp;<\/p>\n<p><strong>Reflex\u00e3o<\/strong><\/p>\n<p>&nbsp;<\/p>\n<p>As palavras do evangelho de hoje s\u00e3o muito duras. Fala de \u201cc\u00e3es\u201d, \u201cporcos\u201d, de \u201cporta estreita\u201d, em resumo, trata da radicalidade sem compromissos do caminho crist\u00e3o para a santidade. Utilizando de tais palavras, Jesus n\u00e3o quer suscitar o \u00f3dio para com algumas categorias de pessoas, mas Ele quer suscitar a prud\u00eancia. A finalidade \u00e9 n\u00e3o expor inutilmente o Evangelho \u00e0 tro\u00e7a, tendo por resultado provocar a profana\u00e7\u00e3o sem vantagem alguma para a f\u00e9. A palavra anunciada sem discri\u00e7\u00e3o pode ser rejeitada e pisada; pelo contr\u00e1rio, o testemunho de vida, que atua silenciosamente na humildade, marca profundamente. A pratica da caridade, exemplificada no evangelho como a \u201cregra de ouro\u201d, <em>\u201ctudo quanto quiserdes que os homens vos fa\u00e7am, fazei-o tamb\u00e9m a eles\u201d,<\/em> fala por n\u00f3s: \u00e9 a porta estreita por onde se deve passar, renunciando a comodidade de uma caminhada marcada pelas exig\u00eancias do ego\u00edsmo, para escolher o caminho do empenho total pelo Reino dos C\u00e9us. Jesus trata das duas portas: a porta estreita, que conduz ao caminho da vida; e a porta larga, que se abre para o caminho da perdi\u00e7\u00e3o. O importante a ser ressaltado aqui e que se encontra na centralidade da lei \u00e9 o amor. O Evangelho anuncia um amor sem fronteiras, que derruba todas as barreiras, um amor que tem exemplo no amor de Deus. O valor absoluto desse amor determina toda a vida. Mas esse amor exige um caminho radical, sem ced\u00eancias, uma caminhada dif\u00edcil, mas n\u00e3o sem sentido. Este amor que n\u00e3o \u00e9 um amor elitista, mas universal passa atrav\u00e9s da nossa vida, precisa da nossa vida para manifestar-se a todos os homens.<\/p>\n<p><strong>Pe. Paulo Eduardo J\u00e1como, SDB.<\/strong><\/p>\n","protected":false},"excerpt":{"rendered":"<p>Ter\u00e7a-feira, 27 de junho de 2023. &nbsp; Evangelho (Mt 7,6.12-14) &nbsp; \u201cComo \u00e9 estreita a porta e apertado o caminho que leva \u00e0 vida!\u201d &nbsp;&#8230;<\/p>\n","protected":false},"author":1,"featured_media":7093,"comment_status":"closed","ping_status":"closed","sticky":false,"template":"","format":"standard","meta":{"_acf_changed":false,"footnotes":""},"categories":[13],"tags":[],"class_list":["post-7121","post","type-post","status-publish","format-standard","has-post-thumbnail","hentry","category-reflexaodoevagelho"],"acf":[],"yoast_head":"<!-- This site is optimized with the Yoast SEO plugin v27.3 - https:\/\/yoast.com\/product\/yoast-seo-wordpress\/ -->\n<title>27\/06 - Como \u00e9 estreita a porta e apertado o caminho que leva \u00e0 vida! - Pastoral Universit\u00e1ria UniSALESIANO<\/title>\n<meta name=\"robots\" content=\"index, follow, max-snippet:-1, max-image-preview:large, max-video-preview:-1\" \/>\n<link rel=\"canonical\" href=\"https:\/\/unisale.com.br\/novo\/27-06-como-e-estreita-a-porta-e-apertado-o-caminho-que-leva-a-vida\/\" \/>\n<meta property=\"og:locale\" content=\"pt_BR\" \/>\n<meta property=\"og:type\" content=\"article\" \/>\n<meta property=\"og:title\" content=\"27\/06 - Como \u00e9 estreita a porta e apertado o caminho que leva \u00e0 vida! - Pastoral Universit\u00e1ria UniSALESIANO\" \/>\n<meta property=\"og:description\" content=\"Ter\u00e7a-feira, 27 de junho de 2023. &nbsp; Evangelho (Mt 7,6.12-14) &nbsp; \u201cComo \u00e9 estreita a porta e apertado o caminho que leva \u00e0 vida!\u201d &nbsp;...\" \/>\n<meta property=\"og:url\" content=\"https:\/\/unisale.com.br\/novo\/27-06-como-e-estreita-a-porta-e-apertado-o-caminho-que-leva-a-vida\/\" \/>\n<meta property=\"og:site_name\" content=\"Pastoral Universit\u00e1ria UniSALESIANO\" \/>\n<meta property=\"article:published_time\" content=\"2023-06-15T12:08:45+00:00\" \/>\n<meta name=\"author\" content=\"pastoral\" \/>\n<meta name=\"twitter:card\" content=\"summary_large_image\" \/>\n<meta name=\"twitter:label1\" content=\"Escrito por\" \/>\n\t<meta name=\"twitter:data1\" content=\"pastoral\" \/>\n\t<meta name=\"twitter:label2\" content=\"Est. tempo de leitura\" \/>\n\t<meta name=\"twitter:data2\" content=\"2 minutos\" \/>\n<script type=\"application\/ld+json\" class=\"yoast-schema-graph\">{\"@context\":\"https:\\\/\\\/schema.org\",\"@graph\":[{\"@type\":\"Article\",\"@id\":\"https:\\\/\\\/unisale.com.br\\\/novo\\\/27-06-como-e-estreita-a-porta-e-apertado-o-caminho-que-leva-a-vida\\\/#article\",\"isPartOf\":{\"@id\":\"https:\\\/\\\/unisale.com.br\\\/novo\\\/27-06-como-e-estreita-a-porta-e-apertado-o-caminho-que-leva-a-vida\\\/\"},\"author\":{\"name\":\"pastoral\",\"@id\":\"https:\\\/\\\/unisale.com.br\\\/pastoral\\\/#\\\/schema\\\/person\\\/a16ba711a0f7dec9cb6b44563144d5a3\"},\"headline\":\"27\\\/06 &#8211; Como \u00e9 estreita a porta e apertado o caminho que leva \u00e0 vida!\",\"datePublished\":\"2023-06-15T12:08:45+00:00\",\"mainEntityOfPage\":{\"@id\":\"https:\\\/\\\/unisale.com.br\\\/novo\\\/27-06-como-e-estreita-a-porta-e-apertado-o-caminho-que-leva-a-vida\\\/\"},\"wordCount\":437,\"image\":{\"@id\":\"https:\\\/\\\/unisale.com.br\\\/novo\\\/27-06-como-e-estreita-a-porta-e-apertado-o-caminho-que-leva-a-vida\\\/#primaryimage\"},\"thumbnailUrl\":\"https:\\\/\\\/unisale.com.br\\\/pastoral\\\/wp-content\\\/uploads\\\/2023\\\/06\\\/Ev-27.jpg\",\"articleSection\":[\"Reflex\u00e3o do Evangelho\"],\"inLanguage\":\"pt-BR\"},{\"@type\":\"WebPage\",\"@id\":\"https:\\\/\\\/unisale.com.br\\\/novo\\\/27-06-como-e-estreita-a-porta-e-apertado-o-caminho-que-leva-a-vida\\\/\",\"url\":\"https:\\\/\\\/unisale.com.br\\\/novo\\\/27-06-como-e-estreita-a-porta-e-apertado-o-caminho-que-leva-a-vida\\\/\",\"name\":\"27\\\/06 - Como \u00e9 estreita a porta e apertado o caminho que leva \u00e0 vida! - Pastoral Universit\u00e1ria UniSALESIANO\",\"isPartOf\":{\"@id\":\"https:\\\/\\\/unisale.com.br\\\/pastoral\\\/#website\"},\"primaryImageOfPage\":{\"@id\":\"https:\\\/\\\/unisale.com.br\\\/novo\\\/27-06-como-e-estreita-a-porta-e-apertado-o-caminho-que-leva-a-vida\\\/#primaryimage\"},\"image\":{\"@id\":\"https:\\\/\\\/unisale.com.br\\\/novo\\\/27-06-como-e-estreita-a-porta-e-apertado-o-caminho-que-leva-a-vida\\\/#primaryimage\"},\"thumbnailUrl\":\"https:\\\/\\\/unisale.com.br\\\/pastoral\\\/wp-content\\\/uploads\\\/2023\\\/06\\\/Ev-27.jpg\",\"datePublished\":\"2023-06-15T12:08:45+00:00\",\"author\":{\"@id\":\"https:\\\/\\\/unisale.com.br\\\/pastoral\\\/#\\\/schema\\\/person\\\/a16ba711a0f7dec9cb6b44563144d5a3\"},\"inLanguage\":\"pt-BR\",\"potentialAction\":[{\"@type\":\"ReadAction\",\"target\":[\"https:\\\/\\\/unisale.com.br\\\/novo\\\/27-06-como-e-estreita-a-porta-e-apertado-o-caminho-que-leva-a-vida\\\/\"]}]},{\"@type\":\"ImageObject\",\"inLanguage\":\"pt-BR\",\"@id\":\"https:\\\/\\\/unisale.com.br\\\/novo\\\/27-06-como-e-estreita-a-porta-e-apertado-o-caminho-que-leva-a-vida\\\/#primaryimage\",\"url\":\"https:\\\/\\\/unisale.com.br\\\/pastoral\\\/wp-content\\\/uploads\\\/2023\\\/06\\\/Ev-27.jpg\",\"contentUrl\":\"https:\\\/\\\/unisale.com.br\\\/pastoral\\\/wp-content\\\/uploads\\\/2023\\\/06\\\/Ev-27.jpg\",\"width\":726,\"height\":484},{\"@type\":\"WebSite\",\"@id\":\"https:\\\/\\\/unisale.com.br\\\/pastoral\\\/#website\",\"url\":\"https:\\\/\\\/unisale.com.br\\\/pastoral\\\/\",\"name\":\"Pastoral Universit\u00e1ria UniSALESIANO\",\"description\":\"Site da Pastoral Universit\u00e1ria do UniSALESIANO\",\"potentialAction\":[{\"@type\":\"SearchAction\",\"target\":{\"@type\":\"EntryPoint\",\"urlTemplate\":\"https:\\\/\\\/unisale.com.br\\\/pastoral\\\/?s={search_term_string}\"},\"query-input\":{\"@type\":\"PropertyValueSpecification\",\"valueRequired\":true,\"valueName\":\"search_term_string\"}}],\"inLanguage\":\"pt-BR\"},{\"@type\":\"Person\",\"@id\":\"https:\\\/\\\/unisale.com.br\\\/pastoral\\\/#\\\/schema\\\/person\\\/a16ba711a0f7dec9cb6b44563144d5a3\",\"name\":\"pastoral\",\"url\":\"https:\\\/\\\/unisale.com.br\\\/pastoral\\\/author\\\/pastoral\\\/\"}]}<\/script>\n<!-- \/ Yoast SEO plugin. -->","yoast_head_json":{"title":"27\/06 - Como \u00e9 estreita a porta e apertado o caminho que leva \u00e0 vida! - Pastoral Universit\u00e1ria UniSALESIANO","robots":{"index":"index","follow":"follow","max-snippet":"max-snippet:-1","max-image-preview":"max-image-preview:large","max-video-preview":"max-video-preview:-1"},"canonical":"https:\/\/unisale.com.br\/novo\/27-06-como-e-estreita-a-porta-e-apertado-o-caminho-que-leva-a-vida\/","og_locale":"pt_BR","og_type":"article","og_title":"27\/06 - Como \u00e9 estreita a porta e apertado o caminho que leva \u00e0 vida! - Pastoral Universit\u00e1ria UniSALESIANO","og_description":"Ter\u00e7a-feira, 27 de junho de 2023. &nbsp; Evangelho (Mt 7,6.12-14) &nbsp; \u201cComo \u00e9 estreita a porta e apertado o caminho que leva \u00e0 vida!\u201d &nbsp;...","og_url":"https:\/\/unisale.com.br\/novo\/27-06-como-e-estreita-a-porta-e-apertado-o-caminho-que-leva-a-vida\/","og_site_name":"Pastoral Universit\u00e1ria UniSALESIANO","article_published_time":"2023-06-15T12:08:45+00:00","author":"pastoral","twitter_card":"summary_large_image","twitter_misc":{"Escrito por":"pastoral","Est. tempo de leitura":"2 minutos"},"schema":{"@context":"https:\/\/schema.org","@graph":[{"@type":"Article","@id":"https:\/\/unisale.com.br\/novo\/27-06-como-e-estreita-a-porta-e-apertado-o-caminho-que-leva-a-vida\/#article","isPartOf":{"@id":"https:\/\/unisale.com.br\/novo\/27-06-como-e-estreita-a-porta-e-apertado-o-caminho-que-leva-a-vida\/"},"author":{"name":"pastoral","@id":"https:\/\/unisale.com.br\/pastoral\/#\/schema\/person\/a16ba711a0f7dec9cb6b44563144d5a3"},"headline":"27\/06 &#8211; Como \u00e9 estreita a porta e apertado o caminho que leva \u00e0 vida!","datePublished":"2023-06-15T12:08:45+00:00","mainEntityOfPage":{"@id":"https:\/\/unisale.com.br\/novo\/27-06-como-e-estreita-a-porta-e-apertado-o-caminho-que-leva-a-vida\/"},"wordCount":437,"image":{"@id":"https:\/\/unisale.com.br\/novo\/27-06-como-e-estreita-a-porta-e-apertado-o-caminho-que-leva-a-vida\/#primaryimage"},"thumbnailUrl":"https:\/\/unisale.com.br\/pastoral\/wp-content\/uploads\/2023\/06\/Ev-27.jpg","articleSection":["Reflex\u00e3o do Evangelho"],"inLanguage":"pt-BR"},{"@type":"WebPage","@id":"https:\/\/unisale.com.br\/novo\/27-06-como-e-estreita-a-porta-e-apertado-o-caminho-que-leva-a-vida\/","url":"https:\/\/unisale.com.br\/novo\/27-06-como-e-estreita-a-porta-e-apertado-o-caminho-que-leva-a-vida\/","name":"27\/06 - Como \u00e9 estreita a porta e apertado o caminho que leva \u00e0 vida! - Pastoral Universit\u00e1ria UniSALESIANO","isPartOf":{"@id":"https:\/\/unisale.com.br\/pastoral\/#website"},"primaryImageOfPage":{"@id":"https:\/\/unisale.com.br\/novo\/27-06-como-e-estreita-a-porta-e-apertado-o-caminho-que-leva-a-vida\/#primaryimage"},"image":{"@id":"https:\/\/unisale.com.br\/novo\/27-06-como-e-estreita-a-porta-e-apertado-o-caminho-que-leva-a-vida\/#primaryimage"},"thumbnailUrl":"https:\/\/unisale.com.br\/pastoral\/wp-content\/uploads\/2023\/06\/Ev-27.jpg","datePublished":"2023-06-15T12:08:45+00:00","author":{"@id":"https:\/\/unisale.com.br\/pastoral\/#\/schema\/person\/a16ba711a0f7dec9cb6b44563144d5a3"},"inLanguage":"pt-BR","potentialAction":[{"@type":"ReadAction","target":["https:\/\/unisale.com.br\/novo\/27-06-como-e-estreita-a-porta-e-apertado-o-caminho-que-leva-a-vida\/"]}]},{"@type":"ImageObject","inLanguage":"pt-BR","@id":"https:\/\/unisale.com.br\/novo\/27-06-como-e-estreita-a-porta-e-apertado-o-caminho-que-leva-a-vida\/#primaryimage","url":"https:\/\/unisale.com.br\/pastoral\/wp-content\/uploads\/2023\/06\/Ev-27.jpg","contentUrl":"https:\/\/unisale.com.br\/pastoral\/wp-content\/uploads\/2023\/06\/Ev-27.jpg","width":726,"height":484},{"@type":"WebSite","@id":"https:\/\/unisale.com.br\/pastoral\/#website","url":"https:\/\/unisale.com.br\/pastoral\/","name":"Pastoral Universit\u00e1ria UniSALESIANO","description":"Site da Pastoral Universit\u00e1ria do UniSALESIANO","potentialAction":[{"@type":"SearchAction","target":{"@type":"EntryPoint","urlTemplate":"https:\/\/unisale.com.br\/pastoral\/?s={search_term_string}"},"query-input":{"@type":"PropertyValueSpecification","valueRequired":true,"valueName":"search_term_string"}}],"inLanguage":"pt-BR"},{"@type":"Person","@id":"https:\/\/unisale.com.br\/pastoral\/#\/schema\/person\/a16ba711a0f7dec9cb6b44563144d5a3","name":"pastoral","url":"https:\/\/unisale.com.br\/pastoral\/author\/pastoral\/"}]}},"_links":{"self":[{"href":"https:\/\/unisale.com.br\/pastoral\/wp-json\/wp\/v2\/posts\/7121","targetHints":{"allow":["GET"]}}],"collection":[{"href":"https:\/\/unisale.com.br\/pastoral\/wp-json\/wp\/v2\/posts"}],"about":[{"href":"https:\/\/unisale.com.br\/pastoral\/wp-json\/wp\/v2\/types\/post"}],"author":[{"embeddable":true,"href":"https:\/\/unisale.com.br\/pastoral\/wp-json\/wp\/v2\/users\/1"}],"replies":[{"embeddable":true,"href":"https:\/\/unisale.com.br\/pastoral\/wp-json\/wp\/v2\/comments?post=7121"}],"version-history":[{"count":0,"href":"https:\/\/unisale.com.br\/pastoral\/wp-json\/wp\/v2\/posts\/7121\/revisions"}],"wp:featuredmedia":[{"embeddable":true,"href":"https:\/\/unisale.com.br\/pastoral\/wp-json\/wp\/v2\/media\/7093"}],"wp:attachment":[{"href":"https:\/\/unisale.com.br\/pastoral\/wp-json\/wp\/v2\/media?parent=7121"}],"wp:term":[{"taxonomy":"category","embeddable":true,"href":"https:\/\/unisale.com.br\/pastoral\/wp-json\/wp\/v2\/categories?post=7121"},{"taxonomy":"post_tag","embeddable":true,"href":"https:\/\/unisale.com.br\/pastoral\/wp-json\/wp\/v2\/tags?post=7121"}],"curies":[{"name":"wp","href":"https:\/\/api.w.org\/{rel}","templated":true}]}}