{"id":7125,"date":"2023-06-15T12:10:34","date_gmt":"2023-06-15T12:10:34","guid":{"rendered":"https:\/\/unisale.com.br\/pastoral\/?p=7125"},"modified":"2023-06-15T12:10:34","modified_gmt":"2023-06-15T12:10:34","slug":"29-06-quem-ouve-estas-minhas-palavras-e-as-poe-em-pratica-e-como-o-homem-prudente","status":"publish","type":"post","link":"https:\/\/unisale.com.br\/pastoral\/29-06-quem-ouve-estas-minhas-palavras-e-as-poe-em-pratica-e-como-o-homem-prudente\/","title":{"rendered":"29\/06 &#8211; &#8230;quem ouve estas minhas palavras e as p\u00f5e em pr\u00e1tica \u00e9 como o homem prudente&#8230;"},"content":{"rendered":"<p>Quinta-feira, 29 de junho de 2023.<\/p>\n<p>&nbsp;<\/p>\n<p>Evangelho (Mt 7,21.24-27)<\/p>\n<p>&nbsp;<\/p>\n<p><strong>\u201c&#8230;quem ouve estas minhas palavras e as p\u00f5e em pr\u00e1tica \u00e9 como o homem prudente&#8230;\u201d<\/strong><\/p>\n<p>&nbsp;<\/p>\n<p>Naquele tempo, disse Jesus aos seus disc\u00edpulos: <sup>21<\/sup>\u201cNem todo aquele que me diz: \u2018Senhor, Senhor\u2019, entrar\u00e1 no Reino dos C\u00e9us, mas o que p\u00f5e em pr\u00e1tica a vontade de meu Pai que est\u00e1 nos c\u00e9us. <sup>22<\/sup>Naquele dia, muitos v\u00e3o me dizer: \u2018Senhor, Senhor, n\u00e3o foi em teu nome que profetizamos? N\u00e3o foi em teu nome que expulsamos dem\u00f4nios? E n\u00e3o foi em teu nome que fizemos muitos milagres? <sup>23<\/sup>Ent\u00e3o eu lhes direi publicamente: Jamais vos conheci. Afastai-vos de mim, v\u00f3s que praticais o mal. <sup>24<\/sup>Portanto, quem ouve estas minhas palavras e as p\u00f5e em pr\u00e1tica, \u00e9 como um homem prudente, que construiu sua casa sobre a rocha. <sup>25<\/sup>Caiu a chuva, vieram as enchentes, os ventos deram contra a casa, mas a casa n\u00e3o caiu, porque estava constru\u00edda sobre a rocha. <sup>26<\/sup>Por outro lado, quem ouve estas minhas palavras e n\u00e3o as p\u00f5e em pr\u00e1tica, \u00e9 como um homem sem ju\u00edzo, que construiu sua casa sobre a areia. <sup>27<\/sup>Caiu a chuva, vieram as enchentes, os ventos sopraram e deram contra a casa, e a casa caiu, e sua ru\u00edna foi completa!\u201d <sup>28<\/sup>Quando Jesus acabou de dizer estas palavras, as multid\u00f5es ficaram admiradas com seu ensinamento. <sup>29<\/sup>De fato, ele as ensinava como quem tem autoridade e n\u00e3o como os mestres da lei.<\/p>\n<p><strong>\u00a0<\/strong><\/p>\n<p><strong>Reflex\u00e3o<\/strong><\/p>\n<p>&nbsp;<\/p>\n<p>Jesus tem raz\u00e3o quando diz: \u201cNem todo aquele que me diz: \u201cSenhor, Senhor, entrar\u00e1 no Reino dos C\u00e9us, mas o que p\u00f5e em pr\u00e1tica a vontade do meu Pai que est\u00e1 nos c\u00e9us\u201d. Muitas vezes a f\u00e9 ou em geral as coisas que contam na vida enchem-se de fuma\u00e7a de racioc\u00ednios e de palavras, mas depois n\u00e3o se tornam escolhas, tentativas, obras. Uma palavra tem autoridade s\u00f3 quando foca no fato e n\u00e3o permanece somente \u201ch\u00e1lito\u201d. Mas tem algo que precede a palavra que \u00e9 a \u201cescuta\u201d: \u2018Portanto, quem ouve estas minhas palavras e as p\u00f5e em pr\u00e1tica \u00e9 como um homem prudente que construiu sua casa sobre a rocha\u201d. A eficaz imagem que Jesus usa transparece a ideia do que quer dizer. De fato, escavar o fundamento de uma casa sobre a rocha \u00e9 trabalhoso, assim como \u00e9 trabalhoso procurar colocar em pr\u00e1tica todos os dias o que nos ensina o Evangelho, mas o resultado estar\u00e1 sob o olhar de todos quando a vida lhe reserva tempestades e imprevistos; \u201ccaiu a chuva, vieram as enchentes, os ventos deram contra a casa, mas a casa n\u00e3o caiu, porque estava constru\u00edda sobre a rocha\u201d. Muitas vezes do Evangelho nos resta somente a fadiga que sentimos ao buscar de coloc\u00e1-lo em pr\u00e1tica, mas devemos tamb\u00e9m ter a humildade e a paci\u00eancia de compreender que aquelas cotidianas tentativas de escavar no nosso ego\u00edsmo, nos nossos defeitos, nos nossos pecados, tem como resultado encontrar-se com uma vida mais confi\u00e1vel, especialmente quando as coisas n\u00e3o giram em dire\u00e7\u00e3o ao que \u00e9 justo. Uma escuta superficial do Evangelho, de tipo espor\u00e1dico e emotivo, d\u00e1 satisfa\u00e7\u00e3o em alguns momentos, mas n\u00e3o muda a vida at\u00e9 torna-la confi\u00e1vel. De uma parte te d\u00e1 a ilus\u00e3o de que se est\u00e1 construindo qualquer coisa de est\u00e1vel, mas na verdade apenas cair\u00e1 sobre voc\u00ea uma tempestade, voc\u00ea desmoronar\u00e1, porque as coisas vividas superficialmente acabam e s\u00e3o vol\u00faveis, e muitas vezes deixam um amargo na boca: \u201cCaiu a chuva, vieram as enchentes, os ventos sopraram e deram contra a casa, e a casa caiu, e sua ru\u00edna foi completa.<\/p>\n<p><strong>Pe. Paulo Eduardo J\u00e1como, SDB.<\/strong><\/p>\n","protected":false},"excerpt":{"rendered":"<p>Quinta-feira, 29 de junho de 2023. &nbsp; Evangelho (Mt 7,21.24-27) &nbsp; \u201c&#8230;quem ouve estas minhas palavras e as p\u00f5e em pr\u00e1tica \u00e9 como o homem&#8230;<\/p>\n","protected":false},"author":1,"featured_media":7095,"comment_status":"closed","ping_status":"closed","sticky":false,"template":"","format":"standard","meta":{"_acf_changed":false,"footnotes":""},"categories":[13],"tags":[],"class_list":["post-7125","post","type-post","status-publish","format-standard","has-post-thumbnail","hentry","category-reflexaodoevagelho"],"acf":[],"yoast_head":"<!-- This site is optimized with the Yoast SEO plugin v27.3 - https:\/\/yoast.com\/product\/yoast-seo-wordpress\/ -->\n<title>29\/06 - ...quem ouve estas minhas palavras e as p\u00f5e em pr\u00e1tica \u00e9 como o homem prudente... - Pastoral Universit\u00e1ria UniSALESIANO<\/title>\n<meta name=\"robots\" content=\"index, follow, max-snippet:-1, max-image-preview:large, max-video-preview:-1\" \/>\n<link rel=\"canonical\" href=\"https:\/\/unisale.com.br\/novo\/29-06-quem-ouve-estas-minhas-palavras-e-as-poe-em-pratica-e-como-o-homem-prudente\/\" \/>\n<meta property=\"og:locale\" content=\"pt_BR\" \/>\n<meta property=\"og:type\" content=\"article\" \/>\n<meta property=\"og:title\" content=\"29\/06 - ...quem ouve estas minhas palavras e as p\u00f5e em pr\u00e1tica \u00e9 como o homem prudente... - Pastoral Universit\u00e1ria UniSALESIANO\" \/>\n<meta property=\"og:description\" content=\"Quinta-feira, 29 de junho de 2023. &nbsp; Evangelho (Mt 7,21.24-27) &nbsp; \u201c&#8230;quem ouve estas minhas palavras e as p\u00f5e em pr\u00e1tica \u00e9 como o homem...\" \/>\n<meta property=\"og:url\" content=\"https:\/\/unisale.com.br\/novo\/29-06-quem-ouve-estas-minhas-palavras-e-as-poe-em-pratica-e-como-o-homem-prudente\/\" \/>\n<meta property=\"og:site_name\" content=\"Pastoral Universit\u00e1ria UniSALESIANO\" \/>\n<meta property=\"article:published_time\" content=\"2023-06-15T12:10:34+00:00\" \/>\n<meta name=\"author\" content=\"pastoral\" \/>\n<meta name=\"twitter:card\" content=\"summary_large_image\" \/>\n<meta name=\"twitter:label1\" content=\"Escrito por\" \/>\n\t<meta name=\"twitter:data1\" content=\"pastoral\" \/>\n\t<meta name=\"twitter:label2\" content=\"Est. tempo de leitura\" \/>\n\t<meta name=\"twitter:data2\" content=\"3 minutos\" \/>\n<script type=\"application\/ld+json\" class=\"yoast-schema-graph\">{\"@context\":\"https:\\\/\\\/schema.org\",\"@graph\":[{\"@type\":\"Article\",\"@id\":\"https:\\\/\\\/unisale.com.br\\\/novo\\\/29-06-quem-ouve-estas-minhas-palavras-e-as-poe-em-pratica-e-como-o-homem-prudente\\\/#article\",\"isPartOf\":{\"@id\":\"https:\\\/\\\/unisale.com.br\\\/novo\\\/29-06-quem-ouve-estas-minhas-palavras-e-as-poe-em-pratica-e-como-o-homem-prudente\\\/\"},\"author\":{\"name\":\"pastoral\",\"@id\":\"https:\\\/\\\/unisale.com.br\\\/pastoral\\\/#\\\/schema\\\/person\\\/a16ba711a0f7dec9cb6b44563144d5a3\"},\"headline\":\"29\\\/06 &#8211; &#8230;quem ouve estas minhas palavras e as p\u00f5e em pr\u00e1tica \u00e9 como o homem prudente&#8230;\",\"datePublished\":\"2023-06-15T12:10:34+00:00\",\"mainEntityOfPage\":{\"@id\":\"https:\\\/\\\/unisale.com.br\\\/novo\\\/29-06-quem-ouve-estas-minhas-palavras-e-as-poe-em-pratica-e-como-o-homem-prudente\\\/\"},\"wordCount\":657,\"image\":{\"@id\":\"https:\\\/\\\/unisale.com.br\\\/novo\\\/29-06-quem-ouve-estas-minhas-palavras-e-as-poe-em-pratica-e-como-o-homem-prudente\\\/#primaryimage\"},\"thumbnailUrl\":\"https:\\\/\\\/unisale.com.br\\\/pastoral\\\/wp-content\\\/uploads\\\/2023\\\/06\\\/Ev-29.jpg\",\"articleSection\":[\"Reflex\u00e3o do Evangelho\"],\"inLanguage\":\"pt-BR\"},{\"@type\":\"WebPage\",\"@id\":\"https:\\\/\\\/unisale.com.br\\\/novo\\\/29-06-quem-ouve-estas-minhas-palavras-e-as-poe-em-pratica-e-como-o-homem-prudente\\\/\",\"url\":\"https:\\\/\\\/unisale.com.br\\\/novo\\\/29-06-quem-ouve-estas-minhas-palavras-e-as-poe-em-pratica-e-como-o-homem-prudente\\\/\",\"name\":\"29\\\/06 - ...quem ouve estas minhas palavras e as p\u00f5e em pr\u00e1tica \u00e9 como o homem prudente... - Pastoral Universit\u00e1ria UniSALESIANO\",\"isPartOf\":{\"@id\":\"https:\\\/\\\/unisale.com.br\\\/pastoral\\\/#website\"},\"primaryImageOfPage\":{\"@id\":\"https:\\\/\\\/unisale.com.br\\\/novo\\\/29-06-quem-ouve-estas-minhas-palavras-e-as-poe-em-pratica-e-como-o-homem-prudente\\\/#primaryimage\"},\"image\":{\"@id\":\"https:\\\/\\\/unisale.com.br\\\/novo\\\/29-06-quem-ouve-estas-minhas-palavras-e-as-poe-em-pratica-e-como-o-homem-prudente\\\/#primaryimage\"},\"thumbnailUrl\":\"https:\\\/\\\/unisale.com.br\\\/pastoral\\\/wp-content\\\/uploads\\\/2023\\\/06\\\/Ev-29.jpg\",\"datePublished\":\"2023-06-15T12:10:34+00:00\",\"author\":{\"@id\":\"https:\\\/\\\/unisale.com.br\\\/pastoral\\\/#\\\/schema\\\/person\\\/a16ba711a0f7dec9cb6b44563144d5a3\"},\"inLanguage\":\"pt-BR\",\"potentialAction\":[{\"@type\":\"ReadAction\",\"target\":[\"https:\\\/\\\/unisale.com.br\\\/novo\\\/29-06-quem-ouve-estas-minhas-palavras-e-as-poe-em-pratica-e-como-o-homem-prudente\\\/\"]}]},{\"@type\":\"ImageObject\",\"inLanguage\":\"pt-BR\",\"@id\":\"https:\\\/\\\/unisale.com.br\\\/novo\\\/29-06-quem-ouve-estas-minhas-palavras-e-as-poe-em-pratica-e-como-o-homem-prudente\\\/#primaryimage\",\"url\":\"https:\\\/\\\/unisale.com.br\\\/pastoral\\\/wp-content\\\/uploads\\\/2023\\\/06\\\/Ev-29.jpg\",\"contentUrl\":\"https:\\\/\\\/unisale.com.br\\\/pastoral\\\/wp-content\\\/uploads\\\/2023\\\/06\\\/Ev-29.jpg\",\"width\":300,\"height\":243},{\"@type\":\"WebSite\",\"@id\":\"https:\\\/\\\/unisale.com.br\\\/pastoral\\\/#website\",\"url\":\"https:\\\/\\\/unisale.com.br\\\/pastoral\\\/\",\"name\":\"Pastoral Universit\u00e1ria UniSALESIANO\",\"description\":\"Site da Pastoral Universit\u00e1ria do UniSALESIANO\",\"potentialAction\":[{\"@type\":\"SearchAction\",\"target\":{\"@type\":\"EntryPoint\",\"urlTemplate\":\"https:\\\/\\\/unisale.com.br\\\/pastoral\\\/?s={search_term_string}\"},\"query-input\":{\"@type\":\"PropertyValueSpecification\",\"valueRequired\":true,\"valueName\":\"search_term_string\"}}],\"inLanguage\":\"pt-BR\"},{\"@type\":\"Person\",\"@id\":\"https:\\\/\\\/unisale.com.br\\\/pastoral\\\/#\\\/schema\\\/person\\\/a16ba711a0f7dec9cb6b44563144d5a3\",\"name\":\"pastoral\",\"url\":\"https:\\\/\\\/unisale.com.br\\\/pastoral\\\/author\\\/pastoral\\\/\"}]}<\/script>\n<!-- \/ Yoast SEO plugin. -->","yoast_head_json":{"title":"29\/06 - ...quem ouve estas minhas palavras e as p\u00f5e em pr\u00e1tica \u00e9 como o homem prudente... - Pastoral Universit\u00e1ria UniSALESIANO","robots":{"index":"index","follow":"follow","max-snippet":"max-snippet:-1","max-image-preview":"max-image-preview:large","max-video-preview":"max-video-preview:-1"},"canonical":"https:\/\/unisale.com.br\/novo\/29-06-quem-ouve-estas-minhas-palavras-e-as-poe-em-pratica-e-como-o-homem-prudente\/","og_locale":"pt_BR","og_type":"article","og_title":"29\/06 - ...quem ouve estas minhas palavras e as p\u00f5e em pr\u00e1tica \u00e9 como o homem prudente... - Pastoral Universit\u00e1ria UniSALESIANO","og_description":"Quinta-feira, 29 de junho de 2023. &nbsp; Evangelho (Mt 7,21.24-27) &nbsp; \u201c&#8230;quem ouve estas minhas palavras e as p\u00f5e em pr\u00e1tica \u00e9 como o homem...","og_url":"https:\/\/unisale.com.br\/novo\/29-06-quem-ouve-estas-minhas-palavras-e-as-poe-em-pratica-e-como-o-homem-prudente\/","og_site_name":"Pastoral Universit\u00e1ria UniSALESIANO","article_published_time":"2023-06-15T12:10:34+00:00","author":"pastoral","twitter_card":"summary_large_image","twitter_misc":{"Escrito por":"pastoral","Est. tempo de leitura":"3 minutos"},"schema":{"@context":"https:\/\/schema.org","@graph":[{"@type":"Article","@id":"https:\/\/unisale.com.br\/novo\/29-06-quem-ouve-estas-minhas-palavras-e-as-poe-em-pratica-e-como-o-homem-prudente\/#article","isPartOf":{"@id":"https:\/\/unisale.com.br\/novo\/29-06-quem-ouve-estas-minhas-palavras-e-as-poe-em-pratica-e-como-o-homem-prudente\/"},"author":{"name":"pastoral","@id":"https:\/\/unisale.com.br\/pastoral\/#\/schema\/person\/a16ba711a0f7dec9cb6b44563144d5a3"},"headline":"29\/06 &#8211; &#8230;quem ouve estas minhas palavras e as p\u00f5e em pr\u00e1tica \u00e9 como o homem prudente&#8230;","datePublished":"2023-06-15T12:10:34+00:00","mainEntityOfPage":{"@id":"https:\/\/unisale.com.br\/novo\/29-06-quem-ouve-estas-minhas-palavras-e-as-poe-em-pratica-e-como-o-homem-prudente\/"},"wordCount":657,"image":{"@id":"https:\/\/unisale.com.br\/novo\/29-06-quem-ouve-estas-minhas-palavras-e-as-poe-em-pratica-e-como-o-homem-prudente\/#primaryimage"},"thumbnailUrl":"https:\/\/unisale.com.br\/pastoral\/wp-content\/uploads\/2023\/06\/Ev-29.jpg","articleSection":["Reflex\u00e3o do Evangelho"],"inLanguage":"pt-BR"},{"@type":"WebPage","@id":"https:\/\/unisale.com.br\/novo\/29-06-quem-ouve-estas-minhas-palavras-e-as-poe-em-pratica-e-como-o-homem-prudente\/","url":"https:\/\/unisale.com.br\/novo\/29-06-quem-ouve-estas-minhas-palavras-e-as-poe-em-pratica-e-como-o-homem-prudente\/","name":"29\/06 - ...quem ouve estas minhas palavras e as p\u00f5e em pr\u00e1tica \u00e9 como o homem prudente... - Pastoral Universit\u00e1ria UniSALESIANO","isPartOf":{"@id":"https:\/\/unisale.com.br\/pastoral\/#website"},"primaryImageOfPage":{"@id":"https:\/\/unisale.com.br\/novo\/29-06-quem-ouve-estas-minhas-palavras-e-as-poe-em-pratica-e-como-o-homem-prudente\/#primaryimage"},"image":{"@id":"https:\/\/unisale.com.br\/novo\/29-06-quem-ouve-estas-minhas-palavras-e-as-poe-em-pratica-e-como-o-homem-prudente\/#primaryimage"},"thumbnailUrl":"https:\/\/unisale.com.br\/pastoral\/wp-content\/uploads\/2023\/06\/Ev-29.jpg","datePublished":"2023-06-15T12:10:34+00:00","author":{"@id":"https:\/\/unisale.com.br\/pastoral\/#\/schema\/person\/a16ba711a0f7dec9cb6b44563144d5a3"},"inLanguage":"pt-BR","potentialAction":[{"@type":"ReadAction","target":["https:\/\/unisale.com.br\/novo\/29-06-quem-ouve-estas-minhas-palavras-e-as-poe-em-pratica-e-como-o-homem-prudente\/"]}]},{"@type":"ImageObject","inLanguage":"pt-BR","@id":"https:\/\/unisale.com.br\/novo\/29-06-quem-ouve-estas-minhas-palavras-e-as-poe-em-pratica-e-como-o-homem-prudente\/#primaryimage","url":"https:\/\/unisale.com.br\/pastoral\/wp-content\/uploads\/2023\/06\/Ev-29.jpg","contentUrl":"https:\/\/unisale.com.br\/pastoral\/wp-content\/uploads\/2023\/06\/Ev-29.jpg","width":300,"height":243},{"@type":"WebSite","@id":"https:\/\/unisale.com.br\/pastoral\/#website","url":"https:\/\/unisale.com.br\/pastoral\/","name":"Pastoral Universit\u00e1ria UniSALESIANO","description":"Site da Pastoral Universit\u00e1ria do UniSALESIANO","potentialAction":[{"@type":"SearchAction","target":{"@type":"EntryPoint","urlTemplate":"https:\/\/unisale.com.br\/pastoral\/?s={search_term_string}"},"query-input":{"@type":"PropertyValueSpecification","valueRequired":true,"valueName":"search_term_string"}}],"inLanguage":"pt-BR"},{"@type":"Person","@id":"https:\/\/unisale.com.br\/pastoral\/#\/schema\/person\/a16ba711a0f7dec9cb6b44563144d5a3","name":"pastoral","url":"https:\/\/unisale.com.br\/pastoral\/author\/pastoral\/"}]}},"_links":{"self":[{"href":"https:\/\/unisale.com.br\/pastoral\/wp-json\/wp\/v2\/posts\/7125","targetHints":{"allow":["GET"]}}],"collection":[{"href":"https:\/\/unisale.com.br\/pastoral\/wp-json\/wp\/v2\/posts"}],"about":[{"href":"https:\/\/unisale.com.br\/pastoral\/wp-json\/wp\/v2\/types\/post"}],"author":[{"embeddable":true,"href":"https:\/\/unisale.com.br\/pastoral\/wp-json\/wp\/v2\/users\/1"}],"replies":[{"embeddable":true,"href":"https:\/\/unisale.com.br\/pastoral\/wp-json\/wp\/v2\/comments?post=7125"}],"version-history":[{"count":0,"href":"https:\/\/unisale.com.br\/pastoral\/wp-json\/wp\/v2\/posts\/7125\/revisions"}],"wp:featuredmedia":[{"embeddable":true,"href":"https:\/\/unisale.com.br\/pastoral\/wp-json\/wp\/v2\/media\/7095"}],"wp:attachment":[{"href":"https:\/\/unisale.com.br\/pastoral\/wp-json\/wp\/v2\/media?parent=7125"}],"wp:term":[{"taxonomy":"category","embeddable":true,"href":"https:\/\/unisale.com.br\/pastoral\/wp-json\/wp\/v2\/categories?post=7125"},{"taxonomy":"post_tag","embeddable":true,"href":"https:\/\/unisale.com.br\/pastoral\/wp-json\/wp\/v2\/tags?post=7125"}],"curies":[{"name":"wp","href":"https:\/\/api.w.org\/{rel}","templated":true}]}}