{"id":7164,"date":"2023-06-19T14:43:48","date_gmt":"2023-06-19T14:43:48","guid":{"rendered":"https:\/\/unisale.com.br\/pastoral\/?p=7164"},"modified":"2023-06-19T14:43:48","modified_gmt":"2023-06-19T14:43:48","slug":"08-09-por-acaso-os-amigos-do-noivo-podem-estar-de-luto-enquanto-o-noivo-esta-com-eles","status":"publish","type":"post","link":"https:\/\/unisale.com.br\/pastoral\/08-09-por-acaso-os-amigos-do-noivo-podem-estar-de-luto-enquanto-o-noivo-esta-com-eles\/","title":{"rendered":"08\/07 &#8211; Por acaso, os amigos do noivo podem estar de luto enquanto o noivo est\u00e1 com eles?"},"content":{"rendered":"<p>S\u00e1bado, 08 de julho de 2023.<\/p>\n<p>&nbsp;<\/p>\n<p>Evangelho (Mt 9,14-17)<\/p>\n<p>&nbsp;<\/p>\n<p><strong>\u201cPor acaso, os amigos do noivo podem estar de luto enquanto o noivo est\u00e1 com eles?\u201d<\/strong><\/p>\n<p>&nbsp;<\/p>\n<p>Naquele tempo, <sup>14<\/sup>os disc\u00edpulos de Jo\u00e3o aproximaram-se de Jesus e perguntaram: \u201cPor que raz\u00e3o n\u00f3s e os fariseus praticamos jejuns, mas os teus disc\u00edpulos n\u00e3o?\u201d <sup>15<\/sup>Disse-lhes Jesus: \u201cPor acaso, os amigos do noivo podem estar de luto enquanto o noivo est\u00e1 com eles? Dias vir\u00e3o em que o noivo ser\u00e1 tirado do meio deles. Ent\u00e3o, sim, eles jejuar\u00e3o. <sup>16<\/sup>Ningu\u00e9m p\u00f5e remendo de pano novo em roupa velha, porque o remendo repuxa a roupa e o rasg\u00e3o fica maior ainda. <sup>17<\/sup>Tamb\u00e9m n\u00e3o se p\u00f5e vinho novo em odres velhos, sen\u00e3o os odres se arrebentam, o vinho se derrama e os odres se perdem. Mas vinho novo se p\u00f5e em odres novos, e assim os dois se conservam\u201d.<\/p>\n<p>&nbsp;<\/p>\n<p><strong>Reflex\u00e3o<\/strong><\/p>\n<p>&nbsp;<\/p>\n<p>A maior parte das religi\u00f5es t\u00eam seus per\u00edodos e seus estilos de jejum, alguns at\u00e9 muito severos. Penso que muitos de n\u00f3s j\u00e1 ouvimos falar do m\u00eas do Ramadan praticado pelos mul\u00e7umanos. As prescri\u00e7\u00f5es s\u00e3o muito antigas, e hoje se torna at\u00e9 dif\u00edcil encontrar os motivos pelos quais foi institu\u00eddo o jejum. Parece que o primeiro motivo foi a tristeza, a dor da vida que passa. Em algumas regi\u00f5es da It\u00e1lia meridional ainda hoje, quando em fam\u00edlia morre algu\u00e9m, n\u00e3o se cozinha nada. Simbolicamente, \u00e9 como dizer: agora que esta pessoa cara n\u00e3o existe mais, a vida perde o significado. Mas no fim n\u00e3o \u00e9 sempre definitiva: o adeus \u00e0 vida precedente pode ser in\u00edcio de uma vida nova, e por isso as esposas se preparavam ao matrim\u00f4nio com o jejum. Jejuavam os profetas antes de iniciar a sua miss\u00e3o. Jejuou S\u00e3o Jo\u00e3o Batista com os seus disc\u00edpulos porque esperavam a vinda do reino de Deus. Por isto jejuam os crist\u00e3os, para preparar-se para a alegria da P\u00e1scoa ou antes de receber grandes dons de Deus. Os autores antigos diziam: recebemos de Deus a gra\u00e7a porque a suplicamos, mas a nossa ora\u00e7\u00e3o deve ser pura. O jejum e a esmola nos purificam para poder dizer mais sinceramente o Pai Nosso. A ora\u00e7\u00e3o vem definida como eleva\u00e7\u00e3o da mente a Deus, portanto, \u00e9 um ato sobretudo interior. Os autores se perguntam em qual maneira positiva possa participar tamb\u00e9m o corpo. Como com os homens, tamb\u00e9m com Deus o homem deve relacionar-se com todo o seu ser. O corpo \u00e9 assim intimamente unido \u00e0 alma, que a sua disposi\u00e7\u00e3o age sobre a concentra\u00e7\u00e3o interior. E depois exprimimos simbolicamente com os gestos aquilo que sentimos e pensamos. O objetivo da ora\u00e7\u00e3o \u00e9 submeter livremente a alma a Deus; com o jejum esta manifesta\u00e7\u00e3o de liberdade penetra tamb\u00e9m no corpo. Quem por amor a Deus renuncia ao alimento, ao cigarro a qualquer outra coisa, \u00e9 como se dissesse que para ele o amor de Deus tem um valor superior aos seus instintos: isto \u00e9 reza com o corpo. A mat\u00e9ria n\u00e3o livre, est\u00e1 submetida \u00e0s leis naturais, \u00e0s necessidades. O corpo que jejua demonstra estar espiritualizado, que a liberdade convolve o instinto natural, e o corpo se torna \u00f3rg\u00e3o do cora\u00e7\u00e3o para manifestar o amor.<\/p>\n<p><b>Pe. Paulo Eduardo J\u00e1como, SDB.<\/b><\/p>\n","protected":false},"excerpt":{"rendered":"<p>S\u00e1bado, 08 de julho de 2023. &nbsp; Evangelho (Mt 9,14-17) &nbsp; \u201cPor acaso, os amigos do noivo podem estar de luto enquanto o noivo est\u00e1&#8230;<\/p>\n","protected":false},"author":1,"featured_media":7144,"comment_status":"closed","ping_status":"closed","sticky":false,"template":"","format":"standard","meta":{"_acf_changed":false,"footnotes":""},"categories":[13],"tags":[],"class_list":["post-7164","post","type-post","status-publish","format-standard","has-post-thumbnail","hentry","category-reflexaodoevagelho"],"acf":[],"yoast_head":"<!-- This site is optimized with the Yoast SEO plugin v27.3 - https:\/\/yoast.com\/product\/yoast-seo-wordpress\/ -->\n<title>08\/07 - Por acaso, os amigos do noivo podem estar de luto enquanto o noivo est\u00e1 com eles? - Pastoral Universit\u00e1ria UniSALESIANO<\/title>\n<meta name=\"robots\" content=\"index, follow, max-snippet:-1, max-image-preview:large, max-video-preview:-1\" \/>\n<link rel=\"canonical\" href=\"https:\/\/unisale.com.br\/novo\/08-09-por-acaso-os-amigos-do-noivo-podem-estar-de-luto-enquanto-o-noivo-esta-com-eles\/\" \/>\n<meta property=\"og:locale\" content=\"pt_BR\" \/>\n<meta property=\"og:type\" content=\"article\" \/>\n<meta property=\"og:title\" content=\"08\/07 - Por acaso, os amigos do noivo podem estar de luto enquanto o noivo est\u00e1 com eles? - Pastoral Universit\u00e1ria UniSALESIANO\" \/>\n<meta property=\"og:description\" content=\"S\u00e1bado, 08 de julho de 2023. &nbsp; Evangelho (Mt 9,14-17) &nbsp; \u201cPor acaso, os amigos do noivo podem estar de luto enquanto o noivo est\u00e1...\" \/>\n<meta property=\"og:url\" content=\"https:\/\/unisale.com.br\/novo\/08-09-por-acaso-os-amigos-do-noivo-podem-estar-de-luto-enquanto-o-noivo-esta-com-eles\/\" \/>\n<meta property=\"og:site_name\" content=\"Pastoral Universit\u00e1ria UniSALESIANO\" \/>\n<meta property=\"article:published_time\" content=\"2023-06-19T14:43:48+00:00\" \/>\n<meta name=\"author\" content=\"pastoral\" \/>\n<meta name=\"twitter:card\" content=\"summary_large_image\" \/>\n<meta name=\"twitter:label1\" content=\"Escrito por\" \/>\n\t<meta name=\"twitter:data1\" content=\"pastoral\" \/>\n\t<meta name=\"twitter:label2\" content=\"Est. tempo de leitura\" \/>\n\t<meta name=\"twitter:data2\" content=\"3 minutos\" \/>\n<script type=\"application\/ld+json\" class=\"yoast-schema-graph\">{\"@context\":\"https:\\\/\\\/schema.org\",\"@graph\":[{\"@type\":\"Article\",\"@id\":\"https:\\\/\\\/unisale.com.br\\\/novo\\\/08-09-por-acaso-os-amigos-do-noivo-podem-estar-de-luto-enquanto-o-noivo-esta-com-eles\\\/#article\",\"isPartOf\":{\"@id\":\"https:\\\/\\\/unisale.com.br\\\/novo\\\/08-09-por-acaso-os-amigos-do-noivo-podem-estar-de-luto-enquanto-o-noivo-esta-com-eles\\\/\"},\"author\":{\"name\":\"pastoral\",\"@id\":\"https:\\\/\\\/unisale.com.br\\\/pastoral\\\/#\\\/schema\\\/person\\\/a16ba711a0f7dec9cb6b44563144d5a3\"},\"headline\":\"08\\\/07 &#8211; Por acaso, os amigos do noivo podem estar de luto enquanto o noivo est\u00e1 com eles?\",\"datePublished\":\"2023-06-19T14:43:48+00:00\",\"mainEntityOfPage\":{\"@id\":\"https:\\\/\\\/unisale.com.br\\\/novo\\\/08-09-por-acaso-os-amigos-do-noivo-podem-estar-de-luto-enquanto-o-noivo-esta-com-eles\\\/\"},\"wordCount\":599,\"image\":{\"@id\":\"https:\\\/\\\/unisale.com.br\\\/novo\\\/08-09-por-acaso-os-amigos-do-noivo-podem-estar-de-luto-enquanto-o-noivo-esta-com-eles\\\/#primaryimage\"},\"thumbnailUrl\":\"https:\\\/\\\/unisale.com.br\\\/pastoral\\\/wp-content\\\/uploads\\\/2023\\\/06\\\/Ev-08-1.jpg\",\"articleSection\":[\"Reflex\u00e3o do Evangelho\"],\"inLanguage\":\"pt-BR\"},{\"@type\":\"WebPage\",\"@id\":\"https:\\\/\\\/unisale.com.br\\\/novo\\\/08-09-por-acaso-os-amigos-do-noivo-podem-estar-de-luto-enquanto-o-noivo-esta-com-eles\\\/\",\"url\":\"https:\\\/\\\/unisale.com.br\\\/novo\\\/08-09-por-acaso-os-amigos-do-noivo-podem-estar-de-luto-enquanto-o-noivo-esta-com-eles\\\/\",\"name\":\"08\\\/07 - Por acaso, os amigos do noivo podem estar de luto enquanto o noivo est\u00e1 com eles? - Pastoral Universit\u00e1ria UniSALESIANO\",\"isPartOf\":{\"@id\":\"https:\\\/\\\/unisale.com.br\\\/pastoral\\\/#website\"},\"primaryImageOfPage\":{\"@id\":\"https:\\\/\\\/unisale.com.br\\\/novo\\\/08-09-por-acaso-os-amigos-do-noivo-podem-estar-de-luto-enquanto-o-noivo-esta-com-eles\\\/#primaryimage\"},\"image\":{\"@id\":\"https:\\\/\\\/unisale.com.br\\\/novo\\\/08-09-por-acaso-os-amigos-do-noivo-podem-estar-de-luto-enquanto-o-noivo-esta-com-eles\\\/#primaryimage\"},\"thumbnailUrl\":\"https:\\\/\\\/unisale.com.br\\\/pastoral\\\/wp-content\\\/uploads\\\/2023\\\/06\\\/Ev-08-1.jpg\",\"datePublished\":\"2023-06-19T14:43:48+00:00\",\"author\":{\"@id\":\"https:\\\/\\\/unisale.com.br\\\/pastoral\\\/#\\\/schema\\\/person\\\/a16ba711a0f7dec9cb6b44563144d5a3\"},\"inLanguage\":\"pt-BR\",\"potentialAction\":[{\"@type\":\"ReadAction\",\"target\":[\"https:\\\/\\\/unisale.com.br\\\/novo\\\/08-09-por-acaso-os-amigos-do-noivo-podem-estar-de-luto-enquanto-o-noivo-esta-com-eles\\\/\"]}]},{\"@type\":\"ImageObject\",\"inLanguage\":\"pt-BR\",\"@id\":\"https:\\\/\\\/unisale.com.br\\\/novo\\\/08-09-por-acaso-os-amigos-do-noivo-podem-estar-de-luto-enquanto-o-noivo-esta-com-eles\\\/#primaryimage\",\"url\":\"https:\\\/\\\/unisale.com.br\\\/pastoral\\\/wp-content\\\/uploads\\\/2023\\\/06\\\/Ev-08-1.jpg\",\"contentUrl\":\"https:\\\/\\\/unisale.com.br\\\/pastoral\\\/wp-content\\\/uploads\\\/2023\\\/06\\\/Ev-08-1.jpg\",\"width\":400,\"height\":217},{\"@type\":\"WebSite\",\"@id\":\"https:\\\/\\\/unisale.com.br\\\/pastoral\\\/#website\",\"url\":\"https:\\\/\\\/unisale.com.br\\\/pastoral\\\/\",\"name\":\"Pastoral Universit\u00e1ria UniSALESIANO\",\"description\":\"Site da Pastoral Universit\u00e1ria do UniSALESIANO\",\"potentialAction\":[{\"@type\":\"SearchAction\",\"target\":{\"@type\":\"EntryPoint\",\"urlTemplate\":\"https:\\\/\\\/unisale.com.br\\\/pastoral\\\/?s={search_term_string}\"},\"query-input\":{\"@type\":\"PropertyValueSpecification\",\"valueRequired\":true,\"valueName\":\"search_term_string\"}}],\"inLanguage\":\"pt-BR\"},{\"@type\":\"Person\",\"@id\":\"https:\\\/\\\/unisale.com.br\\\/pastoral\\\/#\\\/schema\\\/person\\\/a16ba711a0f7dec9cb6b44563144d5a3\",\"name\":\"pastoral\",\"url\":\"https:\\\/\\\/unisale.com.br\\\/pastoral\\\/author\\\/pastoral\\\/\"}]}<\/script>\n<!-- \/ Yoast SEO plugin. -->","yoast_head_json":{"title":"08\/07 - Por acaso, os amigos do noivo podem estar de luto enquanto o noivo est\u00e1 com eles? - Pastoral Universit\u00e1ria UniSALESIANO","robots":{"index":"index","follow":"follow","max-snippet":"max-snippet:-1","max-image-preview":"max-image-preview:large","max-video-preview":"max-video-preview:-1"},"canonical":"https:\/\/unisale.com.br\/novo\/08-09-por-acaso-os-amigos-do-noivo-podem-estar-de-luto-enquanto-o-noivo-esta-com-eles\/","og_locale":"pt_BR","og_type":"article","og_title":"08\/07 - Por acaso, os amigos do noivo podem estar de luto enquanto o noivo est\u00e1 com eles? - Pastoral Universit\u00e1ria UniSALESIANO","og_description":"S\u00e1bado, 08 de julho de 2023. &nbsp; Evangelho (Mt 9,14-17) &nbsp; \u201cPor acaso, os amigos do noivo podem estar de luto enquanto o noivo est\u00e1...","og_url":"https:\/\/unisale.com.br\/novo\/08-09-por-acaso-os-amigos-do-noivo-podem-estar-de-luto-enquanto-o-noivo-esta-com-eles\/","og_site_name":"Pastoral Universit\u00e1ria UniSALESIANO","article_published_time":"2023-06-19T14:43:48+00:00","author":"pastoral","twitter_card":"summary_large_image","twitter_misc":{"Escrito por":"pastoral","Est. tempo de leitura":"3 minutos"},"schema":{"@context":"https:\/\/schema.org","@graph":[{"@type":"Article","@id":"https:\/\/unisale.com.br\/novo\/08-09-por-acaso-os-amigos-do-noivo-podem-estar-de-luto-enquanto-o-noivo-esta-com-eles\/#article","isPartOf":{"@id":"https:\/\/unisale.com.br\/novo\/08-09-por-acaso-os-amigos-do-noivo-podem-estar-de-luto-enquanto-o-noivo-esta-com-eles\/"},"author":{"name":"pastoral","@id":"https:\/\/unisale.com.br\/pastoral\/#\/schema\/person\/a16ba711a0f7dec9cb6b44563144d5a3"},"headline":"08\/07 &#8211; Por acaso, os amigos do noivo podem estar de luto enquanto o noivo est\u00e1 com eles?","datePublished":"2023-06-19T14:43:48+00:00","mainEntityOfPage":{"@id":"https:\/\/unisale.com.br\/novo\/08-09-por-acaso-os-amigos-do-noivo-podem-estar-de-luto-enquanto-o-noivo-esta-com-eles\/"},"wordCount":599,"image":{"@id":"https:\/\/unisale.com.br\/novo\/08-09-por-acaso-os-amigos-do-noivo-podem-estar-de-luto-enquanto-o-noivo-esta-com-eles\/#primaryimage"},"thumbnailUrl":"https:\/\/unisale.com.br\/pastoral\/wp-content\/uploads\/2023\/06\/Ev-08-1.jpg","articleSection":["Reflex\u00e3o do Evangelho"],"inLanguage":"pt-BR"},{"@type":"WebPage","@id":"https:\/\/unisale.com.br\/novo\/08-09-por-acaso-os-amigos-do-noivo-podem-estar-de-luto-enquanto-o-noivo-esta-com-eles\/","url":"https:\/\/unisale.com.br\/novo\/08-09-por-acaso-os-amigos-do-noivo-podem-estar-de-luto-enquanto-o-noivo-esta-com-eles\/","name":"08\/07 - Por acaso, os amigos do noivo podem estar de luto enquanto o noivo est\u00e1 com eles? - Pastoral Universit\u00e1ria UniSALESIANO","isPartOf":{"@id":"https:\/\/unisale.com.br\/pastoral\/#website"},"primaryImageOfPage":{"@id":"https:\/\/unisale.com.br\/novo\/08-09-por-acaso-os-amigos-do-noivo-podem-estar-de-luto-enquanto-o-noivo-esta-com-eles\/#primaryimage"},"image":{"@id":"https:\/\/unisale.com.br\/novo\/08-09-por-acaso-os-amigos-do-noivo-podem-estar-de-luto-enquanto-o-noivo-esta-com-eles\/#primaryimage"},"thumbnailUrl":"https:\/\/unisale.com.br\/pastoral\/wp-content\/uploads\/2023\/06\/Ev-08-1.jpg","datePublished":"2023-06-19T14:43:48+00:00","author":{"@id":"https:\/\/unisale.com.br\/pastoral\/#\/schema\/person\/a16ba711a0f7dec9cb6b44563144d5a3"},"inLanguage":"pt-BR","potentialAction":[{"@type":"ReadAction","target":["https:\/\/unisale.com.br\/novo\/08-09-por-acaso-os-amigos-do-noivo-podem-estar-de-luto-enquanto-o-noivo-esta-com-eles\/"]}]},{"@type":"ImageObject","inLanguage":"pt-BR","@id":"https:\/\/unisale.com.br\/novo\/08-09-por-acaso-os-amigos-do-noivo-podem-estar-de-luto-enquanto-o-noivo-esta-com-eles\/#primaryimage","url":"https:\/\/unisale.com.br\/pastoral\/wp-content\/uploads\/2023\/06\/Ev-08-1.jpg","contentUrl":"https:\/\/unisale.com.br\/pastoral\/wp-content\/uploads\/2023\/06\/Ev-08-1.jpg","width":400,"height":217},{"@type":"WebSite","@id":"https:\/\/unisale.com.br\/pastoral\/#website","url":"https:\/\/unisale.com.br\/pastoral\/","name":"Pastoral Universit\u00e1ria UniSALESIANO","description":"Site da Pastoral Universit\u00e1ria do UniSALESIANO","potentialAction":[{"@type":"SearchAction","target":{"@type":"EntryPoint","urlTemplate":"https:\/\/unisale.com.br\/pastoral\/?s={search_term_string}"},"query-input":{"@type":"PropertyValueSpecification","valueRequired":true,"valueName":"search_term_string"}}],"inLanguage":"pt-BR"},{"@type":"Person","@id":"https:\/\/unisale.com.br\/pastoral\/#\/schema\/person\/a16ba711a0f7dec9cb6b44563144d5a3","name":"pastoral","url":"https:\/\/unisale.com.br\/pastoral\/author\/pastoral\/"}]}},"_links":{"self":[{"href":"https:\/\/unisale.com.br\/pastoral\/wp-json\/wp\/v2\/posts\/7164","targetHints":{"allow":["GET"]}}],"collection":[{"href":"https:\/\/unisale.com.br\/pastoral\/wp-json\/wp\/v2\/posts"}],"about":[{"href":"https:\/\/unisale.com.br\/pastoral\/wp-json\/wp\/v2\/types\/post"}],"author":[{"embeddable":true,"href":"https:\/\/unisale.com.br\/pastoral\/wp-json\/wp\/v2\/users\/1"}],"replies":[{"embeddable":true,"href":"https:\/\/unisale.com.br\/pastoral\/wp-json\/wp\/v2\/comments?post=7164"}],"version-history":[{"count":0,"href":"https:\/\/unisale.com.br\/pastoral\/wp-json\/wp\/v2\/posts\/7164\/revisions"}],"wp:featuredmedia":[{"embeddable":true,"href":"https:\/\/unisale.com.br\/pastoral\/wp-json\/wp\/v2\/media\/7144"}],"wp:attachment":[{"href":"https:\/\/unisale.com.br\/pastoral\/wp-json\/wp\/v2\/media?parent=7164"}],"wp:term":[{"taxonomy":"category","embeddable":true,"href":"https:\/\/unisale.com.br\/pastoral\/wp-json\/wp\/v2\/categories?post=7164"},{"taxonomy":"post_tag","embeddable":true,"href":"https:\/\/unisale.com.br\/pastoral\/wp-json\/wp\/v2\/tags?post=7164"}],"curies":[{"name":"wp","href":"https:\/\/api.w.org\/{rel}","templated":true}]}}