{"id":7180,"date":"2023-06-19T14:55:11","date_gmt":"2023-06-19T14:55:11","guid":{"rendered":"https:\/\/unisale.com.br\/pastoral\/?p=7180"},"modified":"2023-06-19T14:55:11","modified_gmt":"2023-06-19T14:55:11","slug":"15-06-todo-aquele-que-se-declarar-a-meu-favor-diante-dos-homens-tambem-eu-me-declararei-em-favor-dele-diante-do-pai-que-esta-nos-ceus","status":"publish","type":"post","link":"https:\/\/unisale.com.br\/pastoral\/15-06-todo-aquele-que-se-declarar-a-meu-favor-diante-dos-homens-tambem-eu-me-declararei-em-favor-dele-diante-do-pai-que-esta-nos-ceus\/","title":{"rendered":"15\/07 &#8211; &#8230;todo aquele que se declarar a meu favor diante dos homens, tamb\u00e9m eu me declararei em favor dele diante do Pai que est\u00e1 nos c\u00e9us."},"content":{"rendered":"<p>S\u00e1bado, 15 de julho de 2023.<\/p>\n<p>&nbsp;<\/p>\n<p>Evangelho (Mt 10,24-33)<\/p>\n<p>&nbsp;<\/p>\n<p><strong>\u201c&#8230;todo aquele que se declarar a meu favor diante dos homens, tamb\u00e9m eu me declararei em favor dele diante do Pai que est\u00e1 nos c\u00e9us.\u201d<\/strong><\/p>\n<p>&nbsp;<\/p>\n<p>Naquele tempo, disse Jesus a seus disc\u00edpulos: <sup>24<\/sup>\u201cO disc\u00edpulo n\u00e3o est\u00e1 acima do mestre, nem o servo acima do seu senhor. <sup>25<\/sup>Para o disc\u00edpulo, basta ser como o seu mestre, e para o servo, ser como o seu senhor. Se ao dono da casa eles chamaram de Belzebu, quanto mais aos seus familiares! <sup>26<\/sup>N\u00e3o tenhais medo deles, pois nada h\u00e1 de encoberto que n\u00e3o seja revelado, e nada h\u00e1 de escondido que n\u00e3o seja conhecido. <sup>27<\/sup>O que vos digo na escurid\u00e3o, dizei-o \u00e0 luz do dia; o que escutais ao p\u00e9 do ouvido, proclamai-o sobre os telhados! <sup>28<\/sup>N\u00e3o tenhais medo daqueles que matam o corpo, mas n\u00e3o podem matar a alma! Pelo contr\u00e1rio, temei aquele que pode destruir a alma e o corpo no inferno! <sup>29<\/sup>N\u00e3o se vendem dois pardais por algumas moedas? No entanto, nenhum deles cai no ch\u00e3o sem o consentimento do vosso Pai. <sup>30<\/sup>Quanto a v\u00f3s, at\u00e9 os cabelos da cabe\u00e7a est\u00e3o todos contados. <sup>31<\/sup>N\u00e3o tenhais medo! V\u00f3s valeis mais do que muitos pardais. <sup>32<\/sup>Portanto, todo aquele que se declarar a meu favor diante dos homens, tamb\u00e9m eu me declararei em favor dele diante do meu Pai que est\u00e1 nos c\u00e9us. <sup>33<\/sup>Aquele, por\u00e9m, que me negar diante dos homens, tamb\u00e9m eu o negarei diante do meu Pai que est\u00e1 nos c\u00e9us.<\/p>\n<p>&nbsp;<\/p>\n<p><strong>Reflex\u00e3o<\/strong><\/p>\n<p>&nbsp;<\/p>\n<p>No Evangelho de hoje Jesus nos pede de n\u00e3o termos medo. O medo faz com que nos mantenhamos fechados, presos em n\u00f3s mesmos. A cultura de hoje instiga as pessoas, principalmente n\u00f3s que cremos, a vivermos fechados em um casulo de intimismo, amedrontados pelas ideias anticrist\u00e3s propagadas por muitos na inten\u00e7\u00e3o de fazerem sentir-se equivocados aqueles que procuram viver o evangelho. Mas sabemos que o que Jesus ensina no seu Evangelho n\u00e3o \u00e9 contra ningu\u00e9m. O Evangelho n\u00e3o discrimina ningu\u00e9m. Jesus quer estejamos plenamente realizados, esta \u00e9 a meta. Por isso, n\u00e3o podemos ter medo de anunciar a Palavra de Jesus. Quem cr\u00ea precisa permitir que a sua f\u00e9 contamine toda a sua vida. Quem cr\u00ea precisa permitir que a sua f\u00e9 seja contagiante em todos os ambientes em que vive. \u00c9 como diz o evangelho: \u201cuma luz acesa n\u00e3o pode estar escondida debaixo da cama\u201d. Mas o evangelho n\u00e3o \u00e9 ostenta\u00e7\u00e3o. O Evangelho pede que n\u00e3o tenhamos medo de viver o que acreditamos abertamente, sem medo de ser \u201cdiferente\u201d. Se eu descobrir os valores do Evangelho, n\u00e3o posso ter medo de vivenciar tudo isso no meu ambiente de trabalho. Os valores do Evangelho precisam ser vividos nas minhas rela\u00e7\u00f5es, na pol\u00edtica ou em qualquer outro \u00e2mbito da vida. Se o Evangelho com seus valores \u00e9 verdadeiro, n\u00e3o pode ser verdadeiro s\u00f3 para mim, mas tem que se tornar verdadeiro para o outro tamb\u00e9m. A f\u00e9 n\u00e3o \u00e9 algo privativo. Quem cr\u00ea tem a responsabilidade de levar os valores do evangelho naquilo que faz e que vive. Como nos diz Jesus: \u201cN\u00e3o tenhais medo!\u201d<\/p>\n<p><strong>Pe. Paulo Eduardo J\u00e1como, SDB<\/strong><\/p>\n","protected":false},"excerpt":{"rendered":"<p>S\u00e1bado, 15 de julho de 2023. &nbsp; Evangelho (Mt 10,24-33) &nbsp; \u201c&#8230;todo aquele que se declarar a meu favor diante dos homens, tamb\u00e9m eu me&#8230;<\/p>\n","protected":false},"author":1,"featured_media":7136,"comment_status":"closed","ping_status":"closed","sticky":false,"template":"","format":"standard","meta":{"_acf_changed":false,"footnotes":""},"categories":[13],"tags":[],"class_list":["post-7180","post","type-post","status-publish","format-standard","has-post-thumbnail","hentry","category-reflexaodoevagelho"],"acf":[],"yoast_head":"<!-- This site is optimized with the Yoast SEO plugin v27.3 - https:\/\/yoast.com\/product\/yoast-seo-wordpress\/ -->\n<title>15\/07 - ...todo aquele que se declarar a meu favor diante dos homens, tamb\u00e9m eu me declararei em favor dele diante do Pai que est\u00e1 nos c\u00e9us. - Pastoral Universit\u00e1ria UniSALESIANO<\/title>\n<meta name=\"robots\" content=\"index, follow, max-snippet:-1, max-image-preview:large, max-video-preview:-1\" \/>\n<link rel=\"canonical\" href=\"https:\/\/unisale.com.br\/novo\/15-06-todo-aquele-que-se-declarar-a-meu-favor-diante-dos-homens-tambem-eu-me-declararei-em-favor-dele-diante-do-pai-que-esta-nos-ceus\/\" \/>\n<meta property=\"og:locale\" content=\"pt_BR\" \/>\n<meta property=\"og:type\" content=\"article\" \/>\n<meta property=\"og:title\" content=\"15\/07 - ...todo aquele que se declarar a meu favor diante dos homens, tamb\u00e9m eu me declararei em favor dele diante do Pai que est\u00e1 nos c\u00e9us. - Pastoral Universit\u00e1ria UniSALESIANO\" \/>\n<meta property=\"og:description\" content=\"S\u00e1bado, 15 de julho de 2023. &nbsp; Evangelho (Mt 10,24-33) &nbsp; \u201c&#8230;todo aquele que se declarar a meu favor diante dos homens, tamb\u00e9m eu me...\" \/>\n<meta property=\"og:url\" content=\"https:\/\/unisale.com.br\/novo\/15-06-todo-aquele-que-se-declarar-a-meu-favor-diante-dos-homens-tambem-eu-me-declararei-em-favor-dele-diante-do-pai-que-esta-nos-ceus\/\" \/>\n<meta property=\"og:site_name\" content=\"Pastoral Universit\u00e1ria UniSALESIANO\" \/>\n<meta property=\"article:published_time\" content=\"2023-06-19T14:55:11+00:00\" \/>\n<meta name=\"author\" content=\"pastoral\" \/>\n<meta name=\"twitter:card\" content=\"summary_large_image\" \/>\n<meta name=\"twitter:label1\" content=\"Escrito por\" \/>\n\t<meta name=\"twitter:data1\" content=\"pastoral\" \/>\n\t<meta name=\"twitter:label2\" content=\"Est. tempo de leitura\" \/>\n\t<meta name=\"twitter:data2\" content=\"3 minutos\" \/>\n<script type=\"application\/ld+json\" class=\"yoast-schema-graph\">{\"@context\":\"https:\\\/\\\/schema.org\",\"@graph\":[{\"@type\":\"Article\",\"@id\":\"https:\\\/\\\/unisale.com.br\\\/novo\\\/15-06-todo-aquele-que-se-declarar-a-meu-favor-diante-dos-homens-tambem-eu-me-declararei-em-favor-dele-diante-do-pai-que-esta-nos-ceus\\\/#article\",\"isPartOf\":{\"@id\":\"https:\\\/\\\/unisale.com.br\\\/novo\\\/15-06-todo-aquele-que-se-declarar-a-meu-favor-diante-dos-homens-tambem-eu-me-declararei-em-favor-dele-diante-do-pai-que-esta-nos-ceus\\\/\"},\"author\":{\"name\":\"pastoral\",\"@id\":\"https:\\\/\\\/unisale.com.br\\\/pastoral\\\/#\\\/schema\\\/person\\\/a16ba711a0f7dec9cb6b44563144d5a3\"},\"headline\":\"15\\\/07 &#8211; &#8230;todo aquele que se declarar a meu favor diante dos homens, tamb\u00e9m eu me declararei em favor dele diante do Pai que est\u00e1 nos c\u00e9us.\",\"datePublished\":\"2023-06-19T14:55:11+00:00\",\"mainEntityOfPage\":{\"@id\":\"https:\\\/\\\/unisale.com.br\\\/novo\\\/15-06-todo-aquele-que-se-declarar-a-meu-favor-diante-dos-homens-tambem-eu-me-declararei-em-favor-dele-diante-do-pai-que-esta-nos-ceus\\\/\"},\"wordCount\":591,\"image\":{\"@id\":\"https:\\\/\\\/unisale.com.br\\\/novo\\\/15-06-todo-aquele-que-se-declarar-a-meu-favor-diante-dos-homens-tambem-eu-me-declararei-em-favor-dele-diante-do-pai-que-esta-nos-ceus\\\/#primaryimage\"},\"thumbnailUrl\":\"https:\\\/\\\/unisale.com.br\\\/pastoral\\\/wp-content\\\/uploads\\\/2023\\\/06\\\/Ev-15-1.jpg\",\"articleSection\":[\"Reflex\u00e3o do Evangelho\"],\"inLanguage\":\"pt-BR\"},{\"@type\":\"WebPage\",\"@id\":\"https:\\\/\\\/unisale.com.br\\\/novo\\\/15-06-todo-aquele-que-se-declarar-a-meu-favor-diante-dos-homens-tambem-eu-me-declararei-em-favor-dele-diante-do-pai-que-esta-nos-ceus\\\/\",\"url\":\"https:\\\/\\\/unisale.com.br\\\/novo\\\/15-06-todo-aquele-que-se-declarar-a-meu-favor-diante-dos-homens-tambem-eu-me-declararei-em-favor-dele-diante-do-pai-que-esta-nos-ceus\\\/\",\"name\":\"15\\\/07 - ...todo aquele que se declarar a meu favor diante dos homens, tamb\u00e9m eu me declararei em favor dele diante do Pai que est\u00e1 nos c\u00e9us. - Pastoral Universit\u00e1ria UniSALESIANO\",\"isPartOf\":{\"@id\":\"https:\\\/\\\/unisale.com.br\\\/pastoral\\\/#website\"},\"primaryImageOfPage\":{\"@id\":\"https:\\\/\\\/unisale.com.br\\\/novo\\\/15-06-todo-aquele-que-se-declarar-a-meu-favor-diante-dos-homens-tambem-eu-me-declararei-em-favor-dele-diante-do-pai-que-esta-nos-ceus\\\/#primaryimage\"},\"image\":{\"@id\":\"https:\\\/\\\/unisale.com.br\\\/novo\\\/15-06-todo-aquele-que-se-declarar-a-meu-favor-diante-dos-homens-tambem-eu-me-declararei-em-favor-dele-diante-do-pai-que-esta-nos-ceus\\\/#primaryimage\"},\"thumbnailUrl\":\"https:\\\/\\\/unisale.com.br\\\/pastoral\\\/wp-content\\\/uploads\\\/2023\\\/06\\\/Ev-15-1.jpg\",\"datePublished\":\"2023-06-19T14:55:11+00:00\",\"author\":{\"@id\":\"https:\\\/\\\/unisale.com.br\\\/pastoral\\\/#\\\/schema\\\/person\\\/a16ba711a0f7dec9cb6b44563144d5a3\"},\"inLanguage\":\"pt-BR\",\"potentialAction\":[{\"@type\":\"ReadAction\",\"target\":[\"https:\\\/\\\/unisale.com.br\\\/novo\\\/15-06-todo-aquele-que-se-declarar-a-meu-favor-diante-dos-homens-tambem-eu-me-declararei-em-favor-dele-diante-do-pai-que-esta-nos-ceus\\\/\"]}]},{\"@type\":\"ImageObject\",\"inLanguage\":\"pt-BR\",\"@id\":\"https:\\\/\\\/unisale.com.br\\\/novo\\\/15-06-todo-aquele-que-se-declarar-a-meu-favor-diante-dos-homens-tambem-eu-me-declararei-em-favor-dele-diante-do-pai-que-esta-nos-ceus\\\/#primaryimage\",\"url\":\"https:\\\/\\\/unisale.com.br\\\/pastoral\\\/wp-content\\\/uploads\\\/2023\\\/06\\\/Ev-15-1.jpg\",\"contentUrl\":\"https:\\\/\\\/unisale.com.br\\\/pastoral\\\/wp-content\\\/uploads\\\/2023\\\/06\\\/Ev-15-1.jpg\",\"width\":400,\"height\":219},{\"@type\":\"WebSite\",\"@id\":\"https:\\\/\\\/unisale.com.br\\\/pastoral\\\/#website\",\"url\":\"https:\\\/\\\/unisale.com.br\\\/pastoral\\\/\",\"name\":\"Pastoral Universit\u00e1ria UniSALESIANO\",\"description\":\"Site da Pastoral Universit\u00e1ria do UniSALESIANO\",\"potentialAction\":[{\"@type\":\"SearchAction\",\"target\":{\"@type\":\"EntryPoint\",\"urlTemplate\":\"https:\\\/\\\/unisale.com.br\\\/pastoral\\\/?s={search_term_string}\"},\"query-input\":{\"@type\":\"PropertyValueSpecification\",\"valueRequired\":true,\"valueName\":\"search_term_string\"}}],\"inLanguage\":\"pt-BR\"},{\"@type\":\"Person\",\"@id\":\"https:\\\/\\\/unisale.com.br\\\/pastoral\\\/#\\\/schema\\\/person\\\/a16ba711a0f7dec9cb6b44563144d5a3\",\"name\":\"pastoral\",\"url\":\"https:\\\/\\\/unisale.com.br\\\/pastoral\\\/author\\\/pastoral\\\/\"}]}<\/script>\n<!-- \/ Yoast SEO plugin. -->","yoast_head_json":{"title":"15\/07 - ...todo aquele que se declarar a meu favor diante dos homens, tamb\u00e9m eu me declararei em favor dele diante do Pai que est\u00e1 nos c\u00e9us. - Pastoral Universit\u00e1ria UniSALESIANO","robots":{"index":"index","follow":"follow","max-snippet":"max-snippet:-1","max-image-preview":"max-image-preview:large","max-video-preview":"max-video-preview:-1"},"canonical":"https:\/\/unisale.com.br\/novo\/15-06-todo-aquele-que-se-declarar-a-meu-favor-diante-dos-homens-tambem-eu-me-declararei-em-favor-dele-diante-do-pai-que-esta-nos-ceus\/","og_locale":"pt_BR","og_type":"article","og_title":"15\/07 - ...todo aquele que se declarar a meu favor diante dos homens, tamb\u00e9m eu me declararei em favor dele diante do Pai que est\u00e1 nos c\u00e9us. - Pastoral Universit\u00e1ria UniSALESIANO","og_description":"S\u00e1bado, 15 de julho de 2023. &nbsp; Evangelho (Mt 10,24-33) &nbsp; \u201c&#8230;todo aquele que se declarar a meu favor diante dos homens, tamb\u00e9m eu me...","og_url":"https:\/\/unisale.com.br\/novo\/15-06-todo-aquele-que-se-declarar-a-meu-favor-diante-dos-homens-tambem-eu-me-declararei-em-favor-dele-diante-do-pai-que-esta-nos-ceus\/","og_site_name":"Pastoral Universit\u00e1ria UniSALESIANO","article_published_time":"2023-06-19T14:55:11+00:00","author":"pastoral","twitter_card":"summary_large_image","twitter_misc":{"Escrito por":"pastoral","Est. tempo de leitura":"3 minutos"},"schema":{"@context":"https:\/\/schema.org","@graph":[{"@type":"Article","@id":"https:\/\/unisale.com.br\/novo\/15-06-todo-aquele-que-se-declarar-a-meu-favor-diante-dos-homens-tambem-eu-me-declararei-em-favor-dele-diante-do-pai-que-esta-nos-ceus\/#article","isPartOf":{"@id":"https:\/\/unisale.com.br\/novo\/15-06-todo-aquele-que-se-declarar-a-meu-favor-diante-dos-homens-tambem-eu-me-declararei-em-favor-dele-diante-do-pai-que-esta-nos-ceus\/"},"author":{"name":"pastoral","@id":"https:\/\/unisale.com.br\/pastoral\/#\/schema\/person\/a16ba711a0f7dec9cb6b44563144d5a3"},"headline":"15\/07 &#8211; &#8230;todo aquele que se declarar a meu favor diante dos homens, tamb\u00e9m eu me declararei em favor dele diante do Pai que est\u00e1 nos c\u00e9us.","datePublished":"2023-06-19T14:55:11+00:00","mainEntityOfPage":{"@id":"https:\/\/unisale.com.br\/novo\/15-06-todo-aquele-que-se-declarar-a-meu-favor-diante-dos-homens-tambem-eu-me-declararei-em-favor-dele-diante-do-pai-que-esta-nos-ceus\/"},"wordCount":591,"image":{"@id":"https:\/\/unisale.com.br\/novo\/15-06-todo-aquele-que-se-declarar-a-meu-favor-diante-dos-homens-tambem-eu-me-declararei-em-favor-dele-diante-do-pai-que-esta-nos-ceus\/#primaryimage"},"thumbnailUrl":"https:\/\/unisale.com.br\/pastoral\/wp-content\/uploads\/2023\/06\/Ev-15-1.jpg","articleSection":["Reflex\u00e3o do Evangelho"],"inLanguage":"pt-BR"},{"@type":"WebPage","@id":"https:\/\/unisale.com.br\/novo\/15-06-todo-aquele-que-se-declarar-a-meu-favor-diante-dos-homens-tambem-eu-me-declararei-em-favor-dele-diante-do-pai-que-esta-nos-ceus\/","url":"https:\/\/unisale.com.br\/novo\/15-06-todo-aquele-que-se-declarar-a-meu-favor-diante-dos-homens-tambem-eu-me-declararei-em-favor-dele-diante-do-pai-que-esta-nos-ceus\/","name":"15\/07 - ...todo aquele que se declarar a meu favor diante dos homens, tamb\u00e9m eu me declararei em favor dele diante do Pai que est\u00e1 nos c\u00e9us. - Pastoral Universit\u00e1ria UniSALESIANO","isPartOf":{"@id":"https:\/\/unisale.com.br\/pastoral\/#website"},"primaryImageOfPage":{"@id":"https:\/\/unisale.com.br\/novo\/15-06-todo-aquele-que-se-declarar-a-meu-favor-diante-dos-homens-tambem-eu-me-declararei-em-favor-dele-diante-do-pai-que-esta-nos-ceus\/#primaryimage"},"image":{"@id":"https:\/\/unisale.com.br\/novo\/15-06-todo-aquele-que-se-declarar-a-meu-favor-diante-dos-homens-tambem-eu-me-declararei-em-favor-dele-diante-do-pai-que-esta-nos-ceus\/#primaryimage"},"thumbnailUrl":"https:\/\/unisale.com.br\/pastoral\/wp-content\/uploads\/2023\/06\/Ev-15-1.jpg","datePublished":"2023-06-19T14:55:11+00:00","author":{"@id":"https:\/\/unisale.com.br\/pastoral\/#\/schema\/person\/a16ba711a0f7dec9cb6b44563144d5a3"},"inLanguage":"pt-BR","potentialAction":[{"@type":"ReadAction","target":["https:\/\/unisale.com.br\/novo\/15-06-todo-aquele-que-se-declarar-a-meu-favor-diante-dos-homens-tambem-eu-me-declararei-em-favor-dele-diante-do-pai-que-esta-nos-ceus\/"]}]},{"@type":"ImageObject","inLanguage":"pt-BR","@id":"https:\/\/unisale.com.br\/novo\/15-06-todo-aquele-que-se-declarar-a-meu-favor-diante-dos-homens-tambem-eu-me-declararei-em-favor-dele-diante-do-pai-que-esta-nos-ceus\/#primaryimage","url":"https:\/\/unisale.com.br\/pastoral\/wp-content\/uploads\/2023\/06\/Ev-15-1.jpg","contentUrl":"https:\/\/unisale.com.br\/pastoral\/wp-content\/uploads\/2023\/06\/Ev-15-1.jpg","width":400,"height":219},{"@type":"WebSite","@id":"https:\/\/unisale.com.br\/pastoral\/#website","url":"https:\/\/unisale.com.br\/pastoral\/","name":"Pastoral Universit\u00e1ria UniSALESIANO","description":"Site da Pastoral Universit\u00e1ria do UniSALESIANO","potentialAction":[{"@type":"SearchAction","target":{"@type":"EntryPoint","urlTemplate":"https:\/\/unisale.com.br\/pastoral\/?s={search_term_string}"},"query-input":{"@type":"PropertyValueSpecification","valueRequired":true,"valueName":"search_term_string"}}],"inLanguage":"pt-BR"},{"@type":"Person","@id":"https:\/\/unisale.com.br\/pastoral\/#\/schema\/person\/a16ba711a0f7dec9cb6b44563144d5a3","name":"pastoral","url":"https:\/\/unisale.com.br\/pastoral\/author\/pastoral\/"}]}},"_links":{"self":[{"href":"https:\/\/unisale.com.br\/pastoral\/wp-json\/wp\/v2\/posts\/7180","targetHints":{"allow":["GET"]}}],"collection":[{"href":"https:\/\/unisale.com.br\/pastoral\/wp-json\/wp\/v2\/posts"}],"about":[{"href":"https:\/\/unisale.com.br\/pastoral\/wp-json\/wp\/v2\/types\/post"}],"author":[{"embeddable":true,"href":"https:\/\/unisale.com.br\/pastoral\/wp-json\/wp\/v2\/users\/1"}],"replies":[{"embeddable":true,"href":"https:\/\/unisale.com.br\/pastoral\/wp-json\/wp\/v2\/comments?post=7180"}],"version-history":[{"count":0,"href":"https:\/\/unisale.com.br\/pastoral\/wp-json\/wp\/v2\/posts\/7180\/revisions"}],"wp:featuredmedia":[{"embeddable":true,"href":"https:\/\/unisale.com.br\/pastoral\/wp-json\/wp\/v2\/media\/7136"}],"wp:attachment":[{"href":"https:\/\/unisale.com.br\/pastoral\/wp-json\/wp\/v2\/media?parent=7180"}],"wp:term":[{"taxonomy":"category","embeddable":true,"href":"https:\/\/unisale.com.br\/pastoral\/wp-json\/wp\/v2\/categories?post=7180"},{"taxonomy":"post_tag","embeddable":true,"href":"https:\/\/unisale.com.br\/pastoral\/wp-json\/wp\/v2\/tags?post=7180"}],"curies":[{"name":"wp","href":"https:\/\/api.w.org\/{rel}","templated":true}]}}