{"id":7334,"date":"2023-08-02T14:34:58","date_gmt":"2023-08-02T14:34:58","guid":{"rendered":"https:\/\/unisale.com.br\/pastoral\/?p=7334"},"modified":"2023-08-02T14:34:58","modified_gmt":"2023-08-02T14:34:58","slug":"05-08-felizes-os-que-sao-perseguidos-por-causa-da-justica-do-senhor","status":"publish","type":"post","link":"https:\/\/unisale.com.br\/pastoral\/05-08-felizes-os-que-sao-perseguidos-por-causa-da-justica-do-senhor\/","title":{"rendered":"05\/08 &#8211; Felizes os que s\u00e3o perseguidos por causa da justi\u00e7a do Senhor."},"content":{"rendered":"<p>S\u00e1bado, 05 de agosto de 2023.<\/p>\n<p>&nbsp;<\/p>\n<p>Evangelho (Mt 14,1-12)<\/p>\n<p>&nbsp;<\/p>\n<p><strong>\u201cFelizes os que s\u00e3o perseguidos por causa da justi\u00e7a do Senhor\u201d<\/strong><\/p>\n<p>&nbsp;<\/p>\n<p><sup>1<\/sup>Naquele tempo, a fama de Jesus chegou aos ouvidos do governador Herodes. <sup>2<\/sup>Ele disse a seus servidores: \u201c\u00c9 Jo\u00e3o Batista, que ressuscitou dos mortos; e, por isso, os poderes miraculosos atuam nele\u201d. <sup>3<\/sup>De fato, Herodes tinha mandado prender Jo\u00e3o, amarr\u00e1-lo e coloc\u00e1-lo na pris\u00e3o, por causa de Herod\u00edades, a mulher de seu irm\u00e3o Filipe. <sup>4<\/sup>Pois Jo\u00e3o tinha dito a Herodes: \u201cN\u00e3o te \u00e9 permitido t\u00ea-la como esposa\u201d. <sup>5<\/sup>Herodes queria matar Jo\u00e3o, mas tinha medo do povo, que o considerava como profeta. <sup>6<\/sup>Por ocasi\u00e3o do anivers\u00e1rio de Herodes, a filha de Herod\u00edades dan\u00e7ou diante de todos, e agradou tanto a Herodes <sup>7<\/sup>que ele prometeu, com juramento, dar a ela tudo o que pedisse. <sup>8<\/sup>Instigada pela m\u00e3e, ela disse: \u201cD\u00e1-me aqui, num prato, a cabe\u00e7a de Jo\u00e3o Batista\u201d. <sup>9<\/sup>O rei ficou triste, mas, por causa do juramento diante dos convidados, ordenou que atendessem o pedido dela. <sup>10<\/sup>E mandou cortar a cabe\u00e7a de Jo\u00e3o, no c\u00e1rcere. <sup>11<\/sup>Depois a cabe\u00e7a foi trazida num prato, entregue \u00e0 mo\u00e7a e esta a levou para a sua m\u00e3e. <sup>12<\/sup>Os disc\u00edpulos de Jo\u00e3o foram buscar o corpo e o enterraram. Depois foram contar tudo a Jesus.<\/p>\n<p>&nbsp;<\/p>\n<p><strong>Reflex\u00e3o<\/strong><\/p>\n<p>&nbsp;<\/p>\n<p>Poder e verdade, estas s\u00e3o as duas palavras que eu escolheria para resumir o conte\u00fado da mensagem do evangelho de hoje. O poder de Herodes e a verdade de Jo\u00e3o Batista. Herodes, o \u201cpoderoso\u201d, abalado pela \u2018verdade\u2019 pronunciada por Jo\u00e3o Batista. \u00c9 de se questionar se Herodes tinha mesmo o poder que pensava ter, pois no fato descrito no evangelho de hoje, paira a d\u00favida sobre quem tem mesmo o poder: Herodes? Herod\u00edades? Os comensais? Jo\u00e3o Batista? Ou Deus?<\/p>\n<p>O poderoso Herodes, escravo do poder e dos seus v\u00edcios, n\u00e3o pode sequer dar seguimento \u00e0 sua efetiva vontade de aderir aos seus pensamentos; sobretudo n\u00e3o pode fazer calar a Palavra de Deus que, pelo contr\u00e1rio, atrav\u00e9s do mart\u00edrio dos profetas, se difunde e afirma cada vez mais.<\/p>\n<p>Poder e verdade, confronto que infelizmente continua tragicamente a repetir-se na Hist\u00f3ria, ceifando sem parar v\u00edtimas inocentes. Confronto que acontece todas as vezes que procuramos, com o poder da nossa autodetermina\u00e7\u00e3o, \u2018matar\u2019 a verdade invocada pela nossa consci\u00eancia, ou quanto tentamos fazer inclinar a verdade e a liberdade das pessoas para os nossos interesses, ou quando assistimos impass\u00edveis \u00e0s injusti\u00e7as que se perpetuam mesmo ao nosso lado, para que percamos a vida tranquila de que gozamos. O evangelho nos mostra que o poder nos torna escravos da opini\u00e3o comum, condena quem o possui a viver no medo de o perder, aprisiona quem n\u00e3o consegue obt\u00ea-lo. A verdade \u00e9 um Dom de Deus que alegra o cora\u00e7\u00e3o e liberta quem acolhe como crit\u00e9rio de vida.<\/p>\n<p><strong>Pe. Paulo Eduardo J\u00e1como, SDB.<\/strong><\/p>\n","protected":false},"excerpt":{"rendered":"<p>S\u00e1bado, 05 de agosto de 2023. &nbsp; Evangelho (Mt 14,1-12) &nbsp; \u201cFelizes os que s\u00e3o perseguidos por causa da justi\u00e7a do Senhor\u201d &nbsp; 1Naquele tempo,&#8230;<\/p>\n","protected":false},"author":1,"featured_media":7325,"comment_status":"closed","ping_status":"closed","sticky":false,"template":"","format":"standard","meta":{"_acf_changed":false,"footnotes":""},"categories":[13],"tags":[],"class_list":["post-7334","post","type-post","status-publish","format-standard","has-post-thumbnail","hentry","category-reflexaodoevagelho"],"acf":[],"yoast_head":"<!-- This site is optimized with the Yoast SEO plugin v27.3 - https:\/\/yoast.com\/product\/yoast-seo-wordpress\/ -->\n<title>05\/08 - Felizes os que s\u00e3o perseguidos por causa da justi\u00e7a do Senhor. - Pastoral Universit\u00e1ria UniSALESIANO<\/title>\n<meta name=\"robots\" content=\"index, follow, max-snippet:-1, max-image-preview:large, max-video-preview:-1\" \/>\n<link rel=\"canonical\" href=\"https:\/\/unisale.com.br\/novo\/05-08-felizes-os-que-sao-perseguidos-por-causa-da-justica-do-senhor\/\" \/>\n<meta property=\"og:locale\" content=\"pt_BR\" \/>\n<meta property=\"og:type\" content=\"article\" \/>\n<meta property=\"og:title\" content=\"05\/08 - Felizes os que s\u00e3o perseguidos por causa da justi\u00e7a do Senhor. - Pastoral Universit\u00e1ria UniSALESIANO\" \/>\n<meta property=\"og:description\" content=\"S\u00e1bado, 05 de agosto de 2023. &nbsp; Evangelho (Mt 14,1-12) &nbsp; \u201cFelizes os que s\u00e3o perseguidos por causa da justi\u00e7a do Senhor\u201d &nbsp; 1Naquele tempo,...\" \/>\n<meta property=\"og:url\" content=\"https:\/\/unisale.com.br\/novo\/05-08-felizes-os-que-sao-perseguidos-por-causa-da-justica-do-senhor\/\" \/>\n<meta property=\"og:site_name\" content=\"Pastoral Universit\u00e1ria UniSALESIANO\" \/>\n<meta property=\"article:published_time\" content=\"2023-08-02T14:34:58+00:00\" \/>\n<meta name=\"author\" content=\"pastoral\" \/>\n<meta name=\"twitter:card\" content=\"summary_large_image\" \/>\n<meta name=\"twitter:label1\" content=\"Escrito por\" \/>\n\t<meta name=\"twitter:data1\" content=\"pastoral\" \/>\n\t<meta name=\"twitter:label2\" content=\"Est. tempo de leitura\" \/>\n\t<meta name=\"twitter:data2\" content=\"3 minutos\" \/>\n<script type=\"application\/ld+json\" class=\"yoast-schema-graph\">{\"@context\":\"https:\\\/\\\/schema.org\",\"@graph\":[{\"@type\":\"Article\",\"@id\":\"https:\\\/\\\/unisale.com.br\\\/novo\\\/05-08-felizes-os-que-sao-perseguidos-por-causa-da-justica-do-senhor\\\/#article\",\"isPartOf\":{\"@id\":\"https:\\\/\\\/unisale.com.br\\\/novo\\\/05-08-felizes-os-que-sao-perseguidos-por-causa-da-justica-do-senhor\\\/\"},\"author\":{\"name\":\"pastoral\",\"@id\":\"https:\\\/\\\/unisale.com.br\\\/pastoral\\\/#\\\/schema\\\/person\\\/a16ba711a0f7dec9cb6b44563144d5a3\"},\"headline\":\"05\\\/08 &#8211; Felizes os que s\u00e3o perseguidos por causa da justi\u00e7a do Senhor.\",\"datePublished\":\"2023-08-02T14:34:58+00:00\",\"mainEntityOfPage\":{\"@id\":\"https:\\\/\\\/unisale.com.br\\\/novo\\\/05-08-felizes-os-que-sao-perseguidos-por-causa-da-justica-do-senhor\\\/\"},\"wordCount\":532,\"image\":{\"@id\":\"https:\\\/\\\/unisale.com.br\\\/novo\\\/05-08-felizes-os-que-sao-perseguidos-por-causa-da-justica-do-senhor\\\/#primaryimage\"},\"thumbnailUrl\":\"https:\\\/\\\/unisale.com.br\\\/pastoral\\\/wp-content\\\/uploads\\\/2023\\\/08\\\/Ev-05.jpg\",\"articleSection\":[\"Reflex\u00e3o do Evangelho\"],\"inLanguage\":\"pt-BR\"},{\"@type\":\"WebPage\",\"@id\":\"https:\\\/\\\/unisale.com.br\\\/novo\\\/05-08-felizes-os-que-sao-perseguidos-por-causa-da-justica-do-senhor\\\/\",\"url\":\"https:\\\/\\\/unisale.com.br\\\/novo\\\/05-08-felizes-os-que-sao-perseguidos-por-causa-da-justica-do-senhor\\\/\",\"name\":\"05\\\/08 - Felizes os que s\u00e3o perseguidos por causa da justi\u00e7a do Senhor. - Pastoral Universit\u00e1ria UniSALESIANO\",\"isPartOf\":{\"@id\":\"https:\\\/\\\/unisale.com.br\\\/pastoral\\\/#website\"},\"primaryImageOfPage\":{\"@id\":\"https:\\\/\\\/unisale.com.br\\\/novo\\\/05-08-felizes-os-que-sao-perseguidos-por-causa-da-justica-do-senhor\\\/#primaryimage\"},\"image\":{\"@id\":\"https:\\\/\\\/unisale.com.br\\\/novo\\\/05-08-felizes-os-que-sao-perseguidos-por-causa-da-justica-do-senhor\\\/#primaryimage\"},\"thumbnailUrl\":\"https:\\\/\\\/unisale.com.br\\\/pastoral\\\/wp-content\\\/uploads\\\/2023\\\/08\\\/Ev-05.jpg\",\"datePublished\":\"2023-08-02T14:34:58+00:00\",\"author\":{\"@id\":\"https:\\\/\\\/unisale.com.br\\\/pastoral\\\/#\\\/schema\\\/person\\\/a16ba711a0f7dec9cb6b44563144d5a3\"},\"inLanguage\":\"pt-BR\",\"potentialAction\":[{\"@type\":\"ReadAction\",\"target\":[\"https:\\\/\\\/unisale.com.br\\\/novo\\\/05-08-felizes-os-que-sao-perseguidos-por-causa-da-justica-do-senhor\\\/\"]}]},{\"@type\":\"ImageObject\",\"inLanguage\":\"pt-BR\",\"@id\":\"https:\\\/\\\/unisale.com.br\\\/novo\\\/05-08-felizes-os-que-sao-perseguidos-por-causa-da-justica-do-senhor\\\/#primaryimage\",\"url\":\"https:\\\/\\\/unisale.com.br\\\/pastoral\\\/wp-content\\\/uploads\\\/2023\\\/08\\\/Ev-05.jpg\",\"contentUrl\":\"https:\\\/\\\/unisale.com.br\\\/pastoral\\\/wp-content\\\/uploads\\\/2023\\\/08\\\/Ev-05.jpg\",\"width\":545,\"height\":500},{\"@type\":\"WebSite\",\"@id\":\"https:\\\/\\\/unisale.com.br\\\/pastoral\\\/#website\",\"url\":\"https:\\\/\\\/unisale.com.br\\\/pastoral\\\/\",\"name\":\"Pastoral Universit\u00e1ria UniSALESIANO\",\"description\":\"Site da Pastoral Universit\u00e1ria do UniSALESIANO\",\"potentialAction\":[{\"@type\":\"SearchAction\",\"target\":{\"@type\":\"EntryPoint\",\"urlTemplate\":\"https:\\\/\\\/unisale.com.br\\\/pastoral\\\/?s={search_term_string}\"},\"query-input\":{\"@type\":\"PropertyValueSpecification\",\"valueRequired\":true,\"valueName\":\"search_term_string\"}}],\"inLanguage\":\"pt-BR\"},{\"@type\":\"Person\",\"@id\":\"https:\\\/\\\/unisale.com.br\\\/pastoral\\\/#\\\/schema\\\/person\\\/a16ba711a0f7dec9cb6b44563144d5a3\",\"name\":\"pastoral\",\"url\":\"https:\\\/\\\/unisale.com.br\\\/pastoral\\\/author\\\/pastoral\\\/\"}]}<\/script>\n<!-- \/ Yoast SEO plugin. -->","yoast_head_json":{"title":"05\/08 - Felizes os que s\u00e3o perseguidos por causa da justi\u00e7a do Senhor. - Pastoral Universit\u00e1ria UniSALESIANO","robots":{"index":"index","follow":"follow","max-snippet":"max-snippet:-1","max-image-preview":"max-image-preview:large","max-video-preview":"max-video-preview:-1"},"canonical":"https:\/\/unisale.com.br\/novo\/05-08-felizes-os-que-sao-perseguidos-por-causa-da-justica-do-senhor\/","og_locale":"pt_BR","og_type":"article","og_title":"05\/08 - Felizes os que s\u00e3o perseguidos por causa da justi\u00e7a do Senhor. - Pastoral Universit\u00e1ria UniSALESIANO","og_description":"S\u00e1bado, 05 de agosto de 2023. &nbsp; Evangelho (Mt 14,1-12) &nbsp; \u201cFelizes os que s\u00e3o perseguidos por causa da justi\u00e7a do Senhor\u201d &nbsp; 1Naquele tempo,...","og_url":"https:\/\/unisale.com.br\/novo\/05-08-felizes-os-que-sao-perseguidos-por-causa-da-justica-do-senhor\/","og_site_name":"Pastoral Universit\u00e1ria UniSALESIANO","article_published_time":"2023-08-02T14:34:58+00:00","author":"pastoral","twitter_card":"summary_large_image","twitter_misc":{"Escrito por":"pastoral","Est. tempo de leitura":"3 minutos"},"schema":{"@context":"https:\/\/schema.org","@graph":[{"@type":"Article","@id":"https:\/\/unisale.com.br\/novo\/05-08-felizes-os-que-sao-perseguidos-por-causa-da-justica-do-senhor\/#article","isPartOf":{"@id":"https:\/\/unisale.com.br\/novo\/05-08-felizes-os-que-sao-perseguidos-por-causa-da-justica-do-senhor\/"},"author":{"name":"pastoral","@id":"https:\/\/unisale.com.br\/pastoral\/#\/schema\/person\/a16ba711a0f7dec9cb6b44563144d5a3"},"headline":"05\/08 &#8211; Felizes os que s\u00e3o perseguidos por causa da justi\u00e7a do Senhor.","datePublished":"2023-08-02T14:34:58+00:00","mainEntityOfPage":{"@id":"https:\/\/unisale.com.br\/novo\/05-08-felizes-os-que-sao-perseguidos-por-causa-da-justica-do-senhor\/"},"wordCount":532,"image":{"@id":"https:\/\/unisale.com.br\/novo\/05-08-felizes-os-que-sao-perseguidos-por-causa-da-justica-do-senhor\/#primaryimage"},"thumbnailUrl":"https:\/\/unisale.com.br\/pastoral\/wp-content\/uploads\/2023\/08\/Ev-05.jpg","articleSection":["Reflex\u00e3o do Evangelho"],"inLanguage":"pt-BR"},{"@type":"WebPage","@id":"https:\/\/unisale.com.br\/novo\/05-08-felizes-os-que-sao-perseguidos-por-causa-da-justica-do-senhor\/","url":"https:\/\/unisale.com.br\/novo\/05-08-felizes-os-que-sao-perseguidos-por-causa-da-justica-do-senhor\/","name":"05\/08 - Felizes os que s\u00e3o perseguidos por causa da justi\u00e7a do Senhor. - Pastoral Universit\u00e1ria UniSALESIANO","isPartOf":{"@id":"https:\/\/unisale.com.br\/pastoral\/#website"},"primaryImageOfPage":{"@id":"https:\/\/unisale.com.br\/novo\/05-08-felizes-os-que-sao-perseguidos-por-causa-da-justica-do-senhor\/#primaryimage"},"image":{"@id":"https:\/\/unisale.com.br\/novo\/05-08-felizes-os-que-sao-perseguidos-por-causa-da-justica-do-senhor\/#primaryimage"},"thumbnailUrl":"https:\/\/unisale.com.br\/pastoral\/wp-content\/uploads\/2023\/08\/Ev-05.jpg","datePublished":"2023-08-02T14:34:58+00:00","author":{"@id":"https:\/\/unisale.com.br\/pastoral\/#\/schema\/person\/a16ba711a0f7dec9cb6b44563144d5a3"},"inLanguage":"pt-BR","potentialAction":[{"@type":"ReadAction","target":["https:\/\/unisale.com.br\/novo\/05-08-felizes-os-que-sao-perseguidos-por-causa-da-justica-do-senhor\/"]}]},{"@type":"ImageObject","inLanguage":"pt-BR","@id":"https:\/\/unisale.com.br\/novo\/05-08-felizes-os-que-sao-perseguidos-por-causa-da-justica-do-senhor\/#primaryimage","url":"https:\/\/unisale.com.br\/pastoral\/wp-content\/uploads\/2023\/08\/Ev-05.jpg","contentUrl":"https:\/\/unisale.com.br\/pastoral\/wp-content\/uploads\/2023\/08\/Ev-05.jpg","width":545,"height":500},{"@type":"WebSite","@id":"https:\/\/unisale.com.br\/pastoral\/#website","url":"https:\/\/unisale.com.br\/pastoral\/","name":"Pastoral Universit\u00e1ria UniSALESIANO","description":"Site da Pastoral Universit\u00e1ria do UniSALESIANO","potentialAction":[{"@type":"SearchAction","target":{"@type":"EntryPoint","urlTemplate":"https:\/\/unisale.com.br\/pastoral\/?s={search_term_string}"},"query-input":{"@type":"PropertyValueSpecification","valueRequired":true,"valueName":"search_term_string"}}],"inLanguage":"pt-BR"},{"@type":"Person","@id":"https:\/\/unisale.com.br\/pastoral\/#\/schema\/person\/a16ba711a0f7dec9cb6b44563144d5a3","name":"pastoral","url":"https:\/\/unisale.com.br\/pastoral\/author\/pastoral\/"}]}},"_links":{"self":[{"href":"https:\/\/unisale.com.br\/pastoral\/wp-json\/wp\/v2\/posts\/7334","targetHints":{"allow":["GET"]}}],"collection":[{"href":"https:\/\/unisale.com.br\/pastoral\/wp-json\/wp\/v2\/posts"}],"about":[{"href":"https:\/\/unisale.com.br\/pastoral\/wp-json\/wp\/v2\/types\/post"}],"author":[{"embeddable":true,"href":"https:\/\/unisale.com.br\/pastoral\/wp-json\/wp\/v2\/users\/1"}],"replies":[{"embeddable":true,"href":"https:\/\/unisale.com.br\/pastoral\/wp-json\/wp\/v2\/comments?post=7334"}],"version-history":[{"count":0,"href":"https:\/\/unisale.com.br\/pastoral\/wp-json\/wp\/v2\/posts\/7334\/revisions"}],"wp:featuredmedia":[{"embeddable":true,"href":"https:\/\/unisale.com.br\/pastoral\/wp-json\/wp\/v2\/media\/7325"}],"wp:attachment":[{"href":"https:\/\/unisale.com.br\/pastoral\/wp-json\/wp\/v2\/media?parent=7334"}],"wp:term":[{"taxonomy":"category","embeddable":true,"href":"https:\/\/unisale.com.br\/pastoral\/wp-json\/wp\/v2\/categories?post=7334"},{"taxonomy":"post_tag","embeddable":true,"href":"https:\/\/unisale.com.br\/pastoral\/wp-json\/wp\/v2\/tags?post=7334"}],"curies":[{"name":"wp","href":"https:\/\/api.w.org\/{rel}","templated":true}]}}