{"id":7345,"date":"2023-08-02T15:03:27","date_gmt":"2023-08-02T15:03:27","guid":{"rendered":"https:\/\/unisale.com.br\/pastoral\/?p=7345"},"modified":"2023-08-02T15:03:27","modified_gmt":"2023-08-02T15:03:27","slug":"10-08-se-alguem-me-quer-servir-siga-me-e-onde-eu-estou-estara-tambem-o-meu-servo-2","status":"publish","type":"post","link":"https:\/\/unisale.com.br\/pastoral\/10-08-se-alguem-me-quer-servir-siga-me-e-onde-eu-estou-estara-tambem-o-meu-servo-2\/","title":{"rendered":"10\/08 &#8211; Se algu\u00e9m me quer servir, siga-me, e onde eu estou estar\u00e1 tamb\u00e9m o meu servo."},"content":{"rendered":"<p>Quinta-feira, 10 de agosto de 2023.<\/p>\n<p>&nbsp;<\/p>\n<p>Evangelho (Jo 12,24-26)<\/p>\n<p>&nbsp;<\/p>\n<p><strong>\u201cSe algu\u00e9m me quer servir, siga-me, e onde eu estou estar\u00e1 tamb\u00e9m o meu servo\u201d<\/strong><\/p>\n<p>&nbsp;<\/p>\n<p>Naquele tempo disse Jesus a seus disc\u00edpulos: <sup>24<\/sup>\u201cEm verdade, em verdade vos digo: Se o gr\u00e3o de trigo que cai na terra n\u00e3o morre, ele continua s\u00f3 um gr\u00e3o de trigo; mas se morre, ent\u00e3o produz muito fruto. <sup>25<\/sup>Quem se apega \u00e0 sua vida, perde-a; mas quem faz pouca conta de sua vida neste mundo conserv\u00e1-la-\u00e1 para a vida eterna. <sup>26<\/sup>Se algu\u00e9m me quer servir, siga-me, e onde eu estou estar\u00e1 tamb\u00e9m o meu servo. Se algu\u00e9m me serve, meu Pai o honrar\u00e1\u201d.<\/p>\n<p>&nbsp;<\/p>\n<p><strong>Reflex\u00e3o<\/strong><\/p>\n<p>&nbsp;<\/p>\n<p>Possu\u00edmos uma grande vontade de viver. Por amor a n\u00f3s mesmos estamos dispostos a sacrificar tudo. Mas n\u00e3o tomamos consci\u00eancia de que quando vivemos presos a n\u00f3s mesmos, estamos condenados a uma morte pior que a mesma morte: somos condenados a morrer sozinhos.<\/p>\n<p>Grande parte da nossa vida n\u00f3s a passamos tentando nos defender. Temos medo de arriscar, procuramos evitar discuss\u00f5es, de perder as certezas que temos em mente. Mas \u00e9 somente a partir da \u201cperda\u201d que poderemos ver nascer em n\u00f3s algo novo. Jesus nos convida continuamente a morrer para n\u00f3s mesmos, mas n\u00e3o porque a morte seja uma coisa bela, mas simplesmente porque \u00e9 o \u00fanico modo de nos tornarmos n\u00f3s mesmos. Uma semente \u00e9 somente uma semente enquanto n\u00e3o morrer para se tornar uma espiga. Cada um de n\u00f3s \u00e9 potencialmente feliz, mas somente quando aceita fazer morrer a si mesmo \u00e9 que realmente poderemos nos tornar felizes. Quem tem o olhar somente sobre si mesmo n\u00e3o enxergar\u00e1 jamais a estrada e vai perder-se, mas quem sabe olhar a estrada chega sempre a um lugar. No fundo n\u00e3o \u00e9 dif\u00edcil aquilo que doa Jesus, afinal, n\u00e3o buscamos quem nos indica a estrada? N\u00e3o precisamos seguir algu\u00e9m? Sozinhos vamos vagar sem destino. Eis porque Jesus nos pede para segui-lo: n\u00e3o para nos tirar a liberdade, mas para torna-la poss\u00edvel. A verdadeira liberdade n\u00e3o \u00e9 n\u00e3o depender de ningu\u00e9m, mas \u00e9 sempre depender de quem nos indique o caminho.<\/p>\n<p>&nbsp;<\/p>\n<p><strong>Pe. Paulo Eduardo J\u00e1como, SDB.<\/strong><\/p>\n","protected":false},"excerpt":{"rendered":"<p>Quinta-feira, 10 de agosto de 2023. &nbsp; Evangelho (Jo 12,24-26) &nbsp; \u201cSe algu\u00e9m me quer servir, siga-me, e onde eu estou estar\u00e1 tamb\u00e9m o meu&#8230;<\/p>\n","protected":false},"author":1,"featured_media":7319,"comment_status":"closed","ping_status":"closed","sticky":false,"template":"","format":"standard","meta":{"_acf_changed":false,"footnotes":""},"categories":[13],"tags":[],"class_list":["post-7345","post","type-post","status-publish","format-standard","has-post-thumbnail","hentry","category-reflexaodoevagelho"],"acf":[],"yoast_head":"<!-- This site is optimized with the Yoast SEO plugin v27.3 - https:\/\/yoast.com\/product\/yoast-seo-wordpress\/ -->\n<title>10\/08 - Se algu\u00e9m me quer servir, siga-me, e onde eu estou estar\u00e1 tamb\u00e9m o meu servo. - Pastoral Universit\u00e1ria UniSALESIANO<\/title>\n<meta name=\"robots\" content=\"index, follow, max-snippet:-1, max-image-preview:large, max-video-preview:-1\" \/>\n<link rel=\"canonical\" href=\"https:\/\/unisale.com.br\/novo\/10-08-se-alguem-me-quer-servir-siga-me-e-onde-eu-estou-estara-tambem-o-meu-servo-2\/\" \/>\n<meta property=\"og:locale\" content=\"pt_BR\" \/>\n<meta property=\"og:type\" content=\"article\" \/>\n<meta property=\"og:title\" content=\"10\/08 - Se algu\u00e9m me quer servir, siga-me, e onde eu estou estar\u00e1 tamb\u00e9m o meu servo. - Pastoral Universit\u00e1ria UniSALESIANO\" \/>\n<meta property=\"og:description\" content=\"Quinta-feira, 10 de agosto de 2023. &nbsp; Evangelho (Jo 12,24-26) &nbsp; \u201cSe algu\u00e9m me quer servir, siga-me, e onde eu estou estar\u00e1 tamb\u00e9m o meu...\" \/>\n<meta property=\"og:url\" content=\"https:\/\/unisale.com.br\/novo\/10-08-se-alguem-me-quer-servir-siga-me-e-onde-eu-estou-estara-tambem-o-meu-servo-2\/\" \/>\n<meta property=\"og:site_name\" content=\"Pastoral Universit\u00e1ria UniSALESIANO\" \/>\n<meta property=\"article:published_time\" content=\"2023-08-02T15:03:27+00:00\" \/>\n<meta name=\"author\" content=\"pastoral\" \/>\n<meta name=\"twitter:card\" content=\"summary_large_image\" \/>\n<meta name=\"twitter:label1\" content=\"Escrito por\" \/>\n\t<meta name=\"twitter:data1\" content=\"pastoral\" \/>\n\t<meta name=\"twitter:label2\" content=\"Est. tempo de leitura\" \/>\n\t<meta name=\"twitter:data2\" content=\"2 minutos\" \/>\n<script type=\"application\/ld+json\" class=\"yoast-schema-graph\">{\"@context\":\"https:\\\/\\\/schema.org\",\"@graph\":[{\"@type\":\"Article\",\"@id\":\"https:\\\/\\\/unisale.com.br\\\/novo\\\/10-08-se-alguem-me-quer-servir-siga-me-e-onde-eu-estou-estara-tambem-o-meu-servo-2\\\/#article\",\"isPartOf\":{\"@id\":\"https:\\\/\\\/unisale.com.br\\\/novo\\\/10-08-se-alguem-me-quer-servir-siga-me-e-onde-eu-estou-estara-tambem-o-meu-servo-2\\\/\"},\"author\":{\"name\":\"pastoral\",\"@id\":\"https:\\\/\\\/unisale.com.br\\\/pastoral\\\/#\\\/schema\\\/person\\\/a16ba711a0f7dec9cb6b44563144d5a3\"},\"headline\":\"10\\\/08 &#8211; Se algu\u00e9m me quer servir, siga-me, e onde eu estou estar\u00e1 tamb\u00e9m o meu servo.\",\"datePublished\":\"2023-08-02T15:03:27+00:00\",\"mainEntityOfPage\":{\"@id\":\"https:\\\/\\\/unisale.com.br\\\/novo\\\/10-08-se-alguem-me-quer-servir-siga-me-e-onde-eu-estou-estara-tambem-o-meu-servo-2\\\/\"},\"wordCount\":403,\"image\":{\"@id\":\"https:\\\/\\\/unisale.com.br\\\/novo\\\/10-08-se-alguem-me-quer-servir-siga-me-e-onde-eu-estou-estara-tambem-o-meu-servo-2\\\/#primaryimage\"},\"thumbnailUrl\":\"https:\\\/\\\/unisale.com.br\\\/pastoral\\\/wp-content\\\/uploads\\\/2023\\\/08\\\/Ev-10.jpg\",\"articleSection\":[\"Reflex\u00e3o do Evangelho\"],\"inLanguage\":\"pt-BR\"},{\"@type\":\"WebPage\",\"@id\":\"https:\\\/\\\/unisale.com.br\\\/novo\\\/10-08-se-alguem-me-quer-servir-siga-me-e-onde-eu-estou-estara-tambem-o-meu-servo-2\\\/\",\"url\":\"https:\\\/\\\/unisale.com.br\\\/novo\\\/10-08-se-alguem-me-quer-servir-siga-me-e-onde-eu-estou-estara-tambem-o-meu-servo-2\\\/\",\"name\":\"10\\\/08 - Se algu\u00e9m me quer servir, siga-me, e onde eu estou estar\u00e1 tamb\u00e9m o meu servo. - Pastoral Universit\u00e1ria UniSALESIANO\",\"isPartOf\":{\"@id\":\"https:\\\/\\\/unisale.com.br\\\/pastoral\\\/#website\"},\"primaryImageOfPage\":{\"@id\":\"https:\\\/\\\/unisale.com.br\\\/novo\\\/10-08-se-alguem-me-quer-servir-siga-me-e-onde-eu-estou-estara-tambem-o-meu-servo-2\\\/#primaryimage\"},\"image\":{\"@id\":\"https:\\\/\\\/unisale.com.br\\\/novo\\\/10-08-se-alguem-me-quer-servir-siga-me-e-onde-eu-estou-estara-tambem-o-meu-servo-2\\\/#primaryimage\"},\"thumbnailUrl\":\"https:\\\/\\\/unisale.com.br\\\/pastoral\\\/wp-content\\\/uploads\\\/2023\\\/08\\\/Ev-10.jpg\",\"datePublished\":\"2023-08-02T15:03:27+00:00\",\"author\":{\"@id\":\"https:\\\/\\\/unisale.com.br\\\/pastoral\\\/#\\\/schema\\\/person\\\/a16ba711a0f7dec9cb6b44563144d5a3\"},\"inLanguage\":\"pt-BR\",\"potentialAction\":[{\"@type\":\"ReadAction\",\"target\":[\"https:\\\/\\\/unisale.com.br\\\/novo\\\/10-08-se-alguem-me-quer-servir-siga-me-e-onde-eu-estou-estara-tambem-o-meu-servo-2\\\/\"]}]},{\"@type\":\"ImageObject\",\"inLanguage\":\"pt-BR\",\"@id\":\"https:\\\/\\\/unisale.com.br\\\/novo\\\/10-08-se-alguem-me-quer-servir-siga-me-e-onde-eu-estou-estara-tambem-o-meu-servo-2\\\/#primaryimage\",\"url\":\"https:\\\/\\\/unisale.com.br\\\/pastoral\\\/wp-content\\\/uploads\\\/2023\\\/08\\\/Ev-10.jpg\",\"contentUrl\":\"https:\\\/\\\/unisale.com.br\\\/pastoral\\\/wp-content\\\/uploads\\\/2023\\\/08\\\/Ev-10.jpg\",\"width\":282,\"height\":179},{\"@type\":\"WebSite\",\"@id\":\"https:\\\/\\\/unisale.com.br\\\/pastoral\\\/#website\",\"url\":\"https:\\\/\\\/unisale.com.br\\\/pastoral\\\/\",\"name\":\"Pastoral Universit\u00e1ria UniSALESIANO\",\"description\":\"Site da Pastoral Universit\u00e1ria do UniSALESIANO\",\"potentialAction\":[{\"@type\":\"SearchAction\",\"target\":{\"@type\":\"EntryPoint\",\"urlTemplate\":\"https:\\\/\\\/unisale.com.br\\\/pastoral\\\/?s={search_term_string}\"},\"query-input\":{\"@type\":\"PropertyValueSpecification\",\"valueRequired\":true,\"valueName\":\"search_term_string\"}}],\"inLanguage\":\"pt-BR\"},{\"@type\":\"Person\",\"@id\":\"https:\\\/\\\/unisale.com.br\\\/pastoral\\\/#\\\/schema\\\/person\\\/a16ba711a0f7dec9cb6b44563144d5a3\",\"name\":\"pastoral\",\"url\":\"https:\\\/\\\/unisale.com.br\\\/pastoral\\\/author\\\/pastoral\\\/\"}]}<\/script>\n<!-- \/ Yoast SEO plugin. -->","yoast_head_json":{"title":"10\/08 - Se algu\u00e9m me quer servir, siga-me, e onde eu estou estar\u00e1 tamb\u00e9m o meu servo. - Pastoral Universit\u00e1ria UniSALESIANO","robots":{"index":"index","follow":"follow","max-snippet":"max-snippet:-1","max-image-preview":"max-image-preview:large","max-video-preview":"max-video-preview:-1"},"canonical":"https:\/\/unisale.com.br\/novo\/10-08-se-alguem-me-quer-servir-siga-me-e-onde-eu-estou-estara-tambem-o-meu-servo-2\/","og_locale":"pt_BR","og_type":"article","og_title":"10\/08 - Se algu\u00e9m me quer servir, siga-me, e onde eu estou estar\u00e1 tamb\u00e9m o meu servo. - Pastoral Universit\u00e1ria UniSALESIANO","og_description":"Quinta-feira, 10 de agosto de 2023. &nbsp; Evangelho (Jo 12,24-26) &nbsp; \u201cSe algu\u00e9m me quer servir, siga-me, e onde eu estou estar\u00e1 tamb\u00e9m o meu...","og_url":"https:\/\/unisale.com.br\/novo\/10-08-se-alguem-me-quer-servir-siga-me-e-onde-eu-estou-estara-tambem-o-meu-servo-2\/","og_site_name":"Pastoral Universit\u00e1ria UniSALESIANO","article_published_time":"2023-08-02T15:03:27+00:00","author":"pastoral","twitter_card":"summary_large_image","twitter_misc":{"Escrito por":"pastoral","Est. tempo de leitura":"2 minutos"},"schema":{"@context":"https:\/\/schema.org","@graph":[{"@type":"Article","@id":"https:\/\/unisale.com.br\/novo\/10-08-se-alguem-me-quer-servir-siga-me-e-onde-eu-estou-estara-tambem-o-meu-servo-2\/#article","isPartOf":{"@id":"https:\/\/unisale.com.br\/novo\/10-08-se-alguem-me-quer-servir-siga-me-e-onde-eu-estou-estara-tambem-o-meu-servo-2\/"},"author":{"name":"pastoral","@id":"https:\/\/unisale.com.br\/pastoral\/#\/schema\/person\/a16ba711a0f7dec9cb6b44563144d5a3"},"headline":"10\/08 &#8211; Se algu\u00e9m me quer servir, siga-me, e onde eu estou estar\u00e1 tamb\u00e9m o meu servo.","datePublished":"2023-08-02T15:03:27+00:00","mainEntityOfPage":{"@id":"https:\/\/unisale.com.br\/novo\/10-08-se-alguem-me-quer-servir-siga-me-e-onde-eu-estou-estara-tambem-o-meu-servo-2\/"},"wordCount":403,"image":{"@id":"https:\/\/unisale.com.br\/novo\/10-08-se-alguem-me-quer-servir-siga-me-e-onde-eu-estou-estara-tambem-o-meu-servo-2\/#primaryimage"},"thumbnailUrl":"https:\/\/unisale.com.br\/pastoral\/wp-content\/uploads\/2023\/08\/Ev-10.jpg","articleSection":["Reflex\u00e3o do Evangelho"],"inLanguage":"pt-BR"},{"@type":"WebPage","@id":"https:\/\/unisale.com.br\/novo\/10-08-se-alguem-me-quer-servir-siga-me-e-onde-eu-estou-estara-tambem-o-meu-servo-2\/","url":"https:\/\/unisale.com.br\/novo\/10-08-se-alguem-me-quer-servir-siga-me-e-onde-eu-estou-estara-tambem-o-meu-servo-2\/","name":"10\/08 - Se algu\u00e9m me quer servir, siga-me, e onde eu estou estar\u00e1 tamb\u00e9m o meu servo. - Pastoral Universit\u00e1ria UniSALESIANO","isPartOf":{"@id":"https:\/\/unisale.com.br\/pastoral\/#website"},"primaryImageOfPage":{"@id":"https:\/\/unisale.com.br\/novo\/10-08-se-alguem-me-quer-servir-siga-me-e-onde-eu-estou-estara-tambem-o-meu-servo-2\/#primaryimage"},"image":{"@id":"https:\/\/unisale.com.br\/novo\/10-08-se-alguem-me-quer-servir-siga-me-e-onde-eu-estou-estara-tambem-o-meu-servo-2\/#primaryimage"},"thumbnailUrl":"https:\/\/unisale.com.br\/pastoral\/wp-content\/uploads\/2023\/08\/Ev-10.jpg","datePublished":"2023-08-02T15:03:27+00:00","author":{"@id":"https:\/\/unisale.com.br\/pastoral\/#\/schema\/person\/a16ba711a0f7dec9cb6b44563144d5a3"},"inLanguage":"pt-BR","potentialAction":[{"@type":"ReadAction","target":["https:\/\/unisale.com.br\/novo\/10-08-se-alguem-me-quer-servir-siga-me-e-onde-eu-estou-estara-tambem-o-meu-servo-2\/"]}]},{"@type":"ImageObject","inLanguage":"pt-BR","@id":"https:\/\/unisale.com.br\/novo\/10-08-se-alguem-me-quer-servir-siga-me-e-onde-eu-estou-estara-tambem-o-meu-servo-2\/#primaryimage","url":"https:\/\/unisale.com.br\/pastoral\/wp-content\/uploads\/2023\/08\/Ev-10.jpg","contentUrl":"https:\/\/unisale.com.br\/pastoral\/wp-content\/uploads\/2023\/08\/Ev-10.jpg","width":282,"height":179},{"@type":"WebSite","@id":"https:\/\/unisale.com.br\/pastoral\/#website","url":"https:\/\/unisale.com.br\/pastoral\/","name":"Pastoral Universit\u00e1ria UniSALESIANO","description":"Site da Pastoral Universit\u00e1ria do UniSALESIANO","potentialAction":[{"@type":"SearchAction","target":{"@type":"EntryPoint","urlTemplate":"https:\/\/unisale.com.br\/pastoral\/?s={search_term_string}"},"query-input":{"@type":"PropertyValueSpecification","valueRequired":true,"valueName":"search_term_string"}}],"inLanguage":"pt-BR"},{"@type":"Person","@id":"https:\/\/unisale.com.br\/pastoral\/#\/schema\/person\/a16ba711a0f7dec9cb6b44563144d5a3","name":"pastoral","url":"https:\/\/unisale.com.br\/pastoral\/author\/pastoral\/"}]}},"_links":{"self":[{"href":"https:\/\/unisale.com.br\/pastoral\/wp-json\/wp\/v2\/posts\/7345","targetHints":{"allow":["GET"]}}],"collection":[{"href":"https:\/\/unisale.com.br\/pastoral\/wp-json\/wp\/v2\/posts"}],"about":[{"href":"https:\/\/unisale.com.br\/pastoral\/wp-json\/wp\/v2\/types\/post"}],"author":[{"embeddable":true,"href":"https:\/\/unisale.com.br\/pastoral\/wp-json\/wp\/v2\/users\/1"}],"replies":[{"embeddable":true,"href":"https:\/\/unisale.com.br\/pastoral\/wp-json\/wp\/v2\/comments?post=7345"}],"version-history":[{"count":0,"href":"https:\/\/unisale.com.br\/pastoral\/wp-json\/wp\/v2\/posts\/7345\/revisions"}],"wp:featuredmedia":[{"embeddable":true,"href":"https:\/\/unisale.com.br\/pastoral\/wp-json\/wp\/v2\/media\/7319"}],"wp:attachment":[{"href":"https:\/\/unisale.com.br\/pastoral\/wp-json\/wp\/v2\/media?parent=7345"}],"wp:term":[{"taxonomy":"category","embeddable":true,"href":"https:\/\/unisale.com.br\/pastoral\/wp-json\/wp\/v2\/categories?post=7345"},{"taxonomy":"post_tag","embeddable":true,"href":"https:\/\/unisale.com.br\/pastoral\/wp-json\/wp\/v2\/tags?post=7345"}],"curies":[{"name":"wp","href":"https:\/\/api.w.org\/{rel}","templated":true}]}}