{"id":7368,"date":"2023-08-11T14:26:23","date_gmt":"2023-08-11T14:26:23","guid":{"rendered":"https:\/\/unisale.com.br\/pastoral\/?p=7368"},"modified":"2023-08-11T14:26:23","modified_gmt":"2023-08-11T14:26:23","slug":"13-08-coragem-sou-eu-nao-tenhais-medo","status":"publish","type":"post","link":"https:\/\/unisale.com.br\/pastoral\/13-08-coragem-sou-eu-nao-tenhais-medo\/","title":{"rendered":"13\/08 &#8211; Coragem! Sou eu. N\u00e3o tenhais medo!"},"content":{"rendered":"<p>Domingo 13 de agosto de 2023. XIX TC A<\/p>\n<p>&nbsp;<\/p>\n<p><strong>Evangelho (Mt 14,22-23)<\/strong><\/p>\n<p>&nbsp;<\/p>\n<p><strong>Coragem! Sou eu. N\u00e3o tenhais medo!<\/strong><\/p>\n<p>&nbsp;<\/p>\n<p>Depois da multiplica\u00e7\u00e3o dos p\u00e3es, <sup>22<\/sup>Jesus mandou que os disc\u00edpulos entrassem na barca e seguissem, \u00e0 sua frente, para o outro lado do mar, enquanto ele despediria as multid\u00f5es. <sup>23<\/sup>Depois de despedi-las, Jesus subiu ao monte, para orar a s\u00f3s. A noite chegou, e Jesus continuava ali, sozinho. <sup>24<\/sup>A barca, por\u00e9m, j\u00e1 longe da terra, era agitada pelas ondas, pois o vento era contr\u00e1rio. <sup>25<\/sup>Pelas tr\u00eas horas da manh\u00e3, Jesus veio at\u00e9 os disc\u00edpulos, andando sobre o mar. <sup>26<\/sup>Quando os disc\u00edpulos o avistaram, andando sobre o mar, ficaram apavorados e disseram: \u201c\u00c9 um fantasma\u201d. E gritaram de medo. <sup>27<\/sup>Jesus, por\u00e9m, logo lhes disse: \u201cCoragem! Sou eu. N\u00e3o tenhais medo!\u201d <sup>28<\/sup>Ent\u00e3o Pedro lhe disse: \u201cSenhor, se \u00e9s tu, manda-me ir ao teu encontro, caminhando sobre a \u00e1gua\u201d. <sup>29<\/sup>E Jesus respondeu: \u201cVem!\u201d Pedro desceu da barca e come\u00e7ou a andar sobre a \u00e1gua, em dire\u00e7\u00e3o a Jesus. <sup>30<\/sup>Mas, quando sentiu o vento, ficou com medo e, come\u00e7ando a afundar, gritou: \u201cSenhor, salva-me!\u201d <sup>31<\/sup>Jesus logo estendeu a m\u00e3o, segurou Pedro, e lhe disse: \u201cHomem fraco na f\u00e9, por que duvidaste?\u201d <sup>32<\/sup>Assim que subiram no barco, o vento se acalmou. <sup>33<\/sup>Os que estavam no barco prostraram-se diante dele, dizendo: \u201cVerdadeiramente, tu \u00e9s o Filho de Deus!\u201d<\/p>\n<p>&nbsp;<\/p>\n<p><strong>Reflex\u00e3o<\/strong><\/p>\n<p>&nbsp;<\/p>\n<p>A barca, por\u00e9m, j\u00e1 longe da terra, era agitada pelas ondas, pois o vento era contr\u00e1rio. Pelas tr\u00eas horas da manh\u00e3, Jesus veio at\u00e9 os disc\u00edpulos, andando sobre o mar. Quando os disc\u00edpulos o avistaram, andando sobre o mar, ficaram apavorados e disseram: \u201c\u00c9 um fantasma\u201d. E gritaram de medo.<\/p>\n<p>&nbsp;<\/p>\n<p>Numa interpreta\u00e7\u00e3o n\u00e3o ao p\u00e9 da letra, mas tentando entender o que o autor do texto nos quer passar, podemos entender que a terra representa o lugar da seguran\u00e7a, ou seja, sabemos onde pisamos. Mas na vida nem sempre \u00e9 assim. Nem sempre temos certeza das coisas. Muitas vezes nos falta a certeza que nos faz ir avante. E quando nos falta a certeza a nossa vida fica agitada, nos vem a ansiedade, a angustia e o medo. No entanto, mesmo em meio a incerteza, Jesus se aproxima caminhando sobre tudo aquilo que nos impede de atracar. A nossa rea\u00e7\u00e3o. O espanto, o medo, o grito. Isso tudo por um motivo muito simples: nos desejamos a mudan\u00e7a, mas quando elas chegam nos amedrontamos. E n\u00e3o \u00e9 muito importante se somos audaciosos como Pedro: \u201cSenhor, se \u00e9s tu, manda-me ir ao teu encontro, caminhando sobre a \u00e1gua\u201d. E Jesus respondeu: \u201cVem!\u201d Pedro desceu da barca e come\u00e7ou a andar sobre a \u00e1gua, em dire\u00e7\u00e3o a Jesus.<sup>0<\/sup>Mas, quando sentiu o vento, ficou com medo e, come\u00e7ando a afundar, gritou: \u201cSenhor, salva-me!\u201d Jesus logo estendeu a m\u00e3o, segurou Pedro, e lhe disse: \u201cHomem fraco na f\u00e9, por que duvidaste?\u201d. Estamos sempre entre acreditar em Jesus e acreditar nos nossos medos. Mas \u00e9 como o evangelho de hoje quisesse nos dizer que o problema n\u00e3o \u00e9 se Deus nos escuta, mas de n\u00f3s acreditamos de fato, ou preferimos as repeti\u00e7\u00f5es de nossos medos. No fundo, por mais que odiamos o medo, n\u00f3s ao menos o conhecemos. Jesus, no entanto, \u00e9 a grande novidade para os nossos medos.<\/p>\n<p><strong>Pe. Paulo Eduardo J\u00e1como, sdb.<\/strong><\/p>\n","protected":false},"excerpt":{"rendered":"<p>Domingo 13 de agosto de 2023. XIX TC A &nbsp; Evangelho (Mt 14,22-23) &nbsp; Coragem! Sou eu. N\u00e3o tenhais medo! &nbsp; Depois da multiplica\u00e7\u00e3o dos&#8230;<\/p>\n","protected":false},"author":1,"featured_media":7373,"comment_status":"closed","ping_status":"closed","sticky":false,"template":"","format":"standard","meta":{"_acf_changed":false,"footnotes":""},"categories":[13],"tags":[],"class_list":["post-7368","post","type-post","status-publish","format-standard","has-post-thumbnail","hentry","category-reflexaodoevagelho"],"acf":[],"yoast_head":"<!-- This site is optimized with the Yoast SEO plugin v27.3 - https:\/\/yoast.com\/product\/yoast-seo-wordpress\/ -->\n<title>13\/08 - Coragem! Sou eu. N\u00e3o tenhais medo! - Pastoral Universit\u00e1ria UniSALESIANO<\/title>\n<meta name=\"robots\" content=\"index, follow, max-snippet:-1, max-image-preview:large, max-video-preview:-1\" \/>\n<link rel=\"canonical\" href=\"https:\/\/unisale.com.br\/novo\/13-08-coragem-sou-eu-nao-tenhais-medo\/\" \/>\n<meta property=\"og:locale\" content=\"pt_BR\" \/>\n<meta property=\"og:type\" content=\"article\" \/>\n<meta property=\"og:title\" content=\"13\/08 - Coragem! Sou eu. N\u00e3o tenhais medo! - Pastoral Universit\u00e1ria UniSALESIANO\" \/>\n<meta property=\"og:description\" content=\"Domingo 13 de agosto de 2023. XIX TC A &nbsp; Evangelho (Mt 14,22-23) &nbsp; Coragem! Sou eu. N\u00e3o tenhais medo! &nbsp; Depois da multiplica\u00e7\u00e3o dos...\" \/>\n<meta property=\"og:url\" content=\"https:\/\/unisale.com.br\/novo\/13-08-coragem-sou-eu-nao-tenhais-medo\/\" \/>\n<meta property=\"og:site_name\" content=\"Pastoral Universit\u00e1ria UniSALESIANO\" \/>\n<meta property=\"article:published_time\" content=\"2023-08-11T14:26:23+00:00\" \/>\n<meta name=\"author\" content=\"pastoral\" \/>\n<meta name=\"twitter:card\" content=\"summary_large_image\" \/>\n<meta name=\"twitter:label1\" content=\"Escrito por\" \/>\n\t<meta name=\"twitter:data1\" content=\"pastoral\" \/>\n\t<meta name=\"twitter:label2\" content=\"Est. tempo de leitura\" \/>\n\t<meta name=\"twitter:data2\" content=\"3 minutos\" \/>\n<script type=\"application\/ld+json\" class=\"yoast-schema-graph\">{\"@context\":\"https:\\\/\\\/schema.org\",\"@graph\":[{\"@type\":\"Article\",\"@id\":\"https:\\\/\\\/unisale.com.br\\\/novo\\\/13-08-coragem-sou-eu-nao-tenhais-medo\\\/#article\",\"isPartOf\":{\"@id\":\"https:\\\/\\\/unisale.com.br\\\/novo\\\/13-08-coragem-sou-eu-nao-tenhais-medo\\\/\"},\"author\":{\"name\":\"pastoral\",\"@id\":\"https:\\\/\\\/unisale.com.br\\\/pastoral\\\/#\\\/schema\\\/person\\\/a16ba711a0f7dec9cb6b44563144d5a3\"},\"headline\":\"13\\\/08 &#8211; Coragem! Sou eu. N\u00e3o tenhais medo!\",\"datePublished\":\"2023-08-11T14:26:23+00:00\",\"mainEntityOfPage\":{\"@id\":\"https:\\\/\\\/unisale.com.br\\\/novo\\\/13-08-coragem-sou-eu-nao-tenhais-medo\\\/\"},\"wordCount\":583,\"image\":{\"@id\":\"https:\\\/\\\/unisale.com.br\\\/novo\\\/13-08-coragem-sou-eu-nao-tenhais-medo\\\/#primaryimage\"},\"thumbnailUrl\":\"https:\\\/\\\/unisale.com.br\\\/pastoral\\\/wp-content\\\/uploads\\\/2023\\\/08\\\/Ev-13-1.jpg\",\"articleSection\":[\"Reflex\u00e3o do Evangelho\"],\"inLanguage\":\"pt-BR\"},{\"@type\":\"WebPage\",\"@id\":\"https:\\\/\\\/unisale.com.br\\\/novo\\\/13-08-coragem-sou-eu-nao-tenhais-medo\\\/\",\"url\":\"https:\\\/\\\/unisale.com.br\\\/novo\\\/13-08-coragem-sou-eu-nao-tenhais-medo\\\/\",\"name\":\"13\\\/08 - Coragem! Sou eu. N\u00e3o tenhais medo! - Pastoral Universit\u00e1ria UniSALESIANO\",\"isPartOf\":{\"@id\":\"https:\\\/\\\/unisale.com.br\\\/pastoral\\\/#website\"},\"primaryImageOfPage\":{\"@id\":\"https:\\\/\\\/unisale.com.br\\\/novo\\\/13-08-coragem-sou-eu-nao-tenhais-medo\\\/#primaryimage\"},\"image\":{\"@id\":\"https:\\\/\\\/unisale.com.br\\\/novo\\\/13-08-coragem-sou-eu-nao-tenhais-medo\\\/#primaryimage\"},\"thumbnailUrl\":\"https:\\\/\\\/unisale.com.br\\\/pastoral\\\/wp-content\\\/uploads\\\/2023\\\/08\\\/Ev-13-1.jpg\",\"datePublished\":\"2023-08-11T14:26:23+00:00\",\"author\":{\"@id\":\"https:\\\/\\\/unisale.com.br\\\/pastoral\\\/#\\\/schema\\\/person\\\/a16ba711a0f7dec9cb6b44563144d5a3\"},\"inLanguage\":\"pt-BR\",\"potentialAction\":[{\"@type\":\"ReadAction\",\"target\":[\"https:\\\/\\\/unisale.com.br\\\/novo\\\/13-08-coragem-sou-eu-nao-tenhais-medo\\\/\"]}]},{\"@type\":\"ImageObject\",\"inLanguage\":\"pt-BR\",\"@id\":\"https:\\\/\\\/unisale.com.br\\\/novo\\\/13-08-coragem-sou-eu-nao-tenhais-medo\\\/#primaryimage\",\"url\":\"https:\\\/\\\/unisale.com.br\\\/pastoral\\\/wp-content\\\/uploads\\\/2023\\\/08\\\/Ev-13-1.jpg\",\"contentUrl\":\"https:\\\/\\\/unisale.com.br\\\/pastoral\\\/wp-content\\\/uploads\\\/2023\\\/08\\\/Ev-13-1.jpg\",\"width\":750,\"height\":500},{\"@type\":\"WebSite\",\"@id\":\"https:\\\/\\\/unisale.com.br\\\/pastoral\\\/#website\",\"url\":\"https:\\\/\\\/unisale.com.br\\\/pastoral\\\/\",\"name\":\"Pastoral Universit\u00e1ria UniSALESIANO\",\"description\":\"Site da Pastoral Universit\u00e1ria do UniSALESIANO\",\"potentialAction\":[{\"@type\":\"SearchAction\",\"target\":{\"@type\":\"EntryPoint\",\"urlTemplate\":\"https:\\\/\\\/unisale.com.br\\\/pastoral\\\/?s={search_term_string}\"},\"query-input\":{\"@type\":\"PropertyValueSpecification\",\"valueRequired\":true,\"valueName\":\"search_term_string\"}}],\"inLanguage\":\"pt-BR\"},{\"@type\":\"Person\",\"@id\":\"https:\\\/\\\/unisale.com.br\\\/pastoral\\\/#\\\/schema\\\/person\\\/a16ba711a0f7dec9cb6b44563144d5a3\",\"name\":\"pastoral\",\"url\":\"https:\\\/\\\/unisale.com.br\\\/pastoral\\\/author\\\/pastoral\\\/\"}]}<\/script>\n<!-- \/ Yoast SEO plugin. -->","yoast_head_json":{"title":"13\/08 - Coragem! Sou eu. N\u00e3o tenhais medo! - Pastoral Universit\u00e1ria UniSALESIANO","robots":{"index":"index","follow":"follow","max-snippet":"max-snippet:-1","max-image-preview":"max-image-preview:large","max-video-preview":"max-video-preview:-1"},"canonical":"https:\/\/unisale.com.br\/novo\/13-08-coragem-sou-eu-nao-tenhais-medo\/","og_locale":"pt_BR","og_type":"article","og_title":"13\/08 - Coragem! Sou eu. N\u00e3o tenhais medo! - Pastoral Universit\u00e1ria UniSALESIANO","og_description":"Domingo 13 de agosto de 2023. XIX TC A &nbsp; Evangelho (Mt 14,22-23) &nbsp; Coragem! Sou eu. N\u00e3o tenhais medo! &nbsp; Depois da multiplica\u00e7\u00e3o dos...","og_url":"https:\/\/unisale.com.br\/novo\/13-08-coragem-sou-eu-nao-tenhais-medo\/","og_site_name":"Pastoral Universit\u00e1ria UniSALESIANO","article_published_time":"2023-08-11T14:26:23+00:00","author":"pastoral","twitter_card":"summary_large_image","twitter_misc":{"Escrito por":"pastoral","Est. tempo de leitura":"3 minutos"},"schema":{"@context":"https:\/\/schema.org","@graph":[{"@type":"Article","@id":"https:\/\/unisale.com.br\/novo\/13-08-coragem-sou-eu-nao-tenhais-medo\/#article","isPartOf":{"@id":"https:\/\/unisale.com.br\/novo\/13-08-coragem-sou-eu-nao-tenhais-medo\/"},"author":{"name":"pastoral","@id":"https:\/\/unisale.com.br\/pastoral\/#\/schema\/person\/a16ba711a0f7dec9cb6b44563144d5a3"},"headline":"13\/08 &#8211; Coragem! Sou eu. N\u00e3o tenhais medo!","datePublished":"2023-08-11T14:26:23+00:00","mainEntityOfPage":{"@id":"https:\/\/unisale.com.br\/novo\/13-08-coragem-sou-eu-nao-tenhais-medo\/"},"wordCount":583,"image":{"@id":"https:\/\/unisale.com.br\/novo\/13-08-coragem-sou-eu-nao-tenhais-medo\/#primaryimage"},"thumbnailUrl":"https:\/\/unisale.com.br\/pastoral\/wp-content\/uploads\/2023\/08\/Ev-13-1.jpg","articleSection":["Reflex\u00e3o do Evangelho"],"inLanguage":"pt-BR"},{"@type":"WebPage","@id":"https:\/\/unisale.com.br\/novo\/13-08-coragem-sou-eu-nao-tenhais-medo\/","url":"https:\/\/unisale.com.br\/novo\/13-08-coragem-sou-eu-nao-tenhais-medo\/","name":"13\/08 - Coragem! Sou eu. N\u00e3o tenhais medo! - Pastoral Universit\u00e1ria UniSALESIANO","isPartOf":{"@id":"https:\/\/unisale.com.br\/pastoral\/#website"},"primaryImageOfPage":{"@id":"https:\/\/unisale.com.br\/novo\/13-08-coragem-sou-eu-nao-tenhais-medo\/#primaryimage"},"image":{"@id":"https:\/\/unisale.com.br\/novo\/13-08-coragem-sou-eu-nao-tenhais-medo\/#primaryimage"},"thumbnailUrl":"https:\/\/unisale.com.br\/pastoral\/wp-content\/uploads\/2023\/08\/Ev-13-1.jpg","datePublished":"2023-08-11T14:26:23+00:00","author":{"@id":"https:\/\/unisale.com.br\/pastoral\/#\/schema\/person\/a16ba711a0f7dec9cb6b44563144d5a3"},"inLanguage":"pt-BR","potentialAction":[{"@type":"ReadAction","target":["https:\/\/unisale.com.br\/novo\/13-08-coragem-sou-eu-nao-tenhais-medo\/"]}]},{"@type":"ImageObject","inLanguage":"pt-BR","@id":"https:\/\/unisale.com.br\/novo\/13-08-coragem-sou-eu-nao-tenhais-medo\/#primaryimage","url":"https:\/\/unisale.com.br\/pastoral\/wp-content\/uploads\/2023\/08\/Ev-13-1.jpg","contentUrl":"https:\/\/unisale.com.br\/pastoral\/wp-content\/uploads\/2023\/08\/Ev-13-1.jpg","width":750,"height":500},{"@type":"WebSite","@id":"https:\/\/unisale.com.br\/pastoral\/#website","url":"https:\/\/unisale.com.br\/pastoral\/","name":"Pastoral Universit\u00e1ria UniSALESIANO","description":"Site da Pastoral Universit\u00e1ria do UniSALESIANO","potentialAction":[{"@type":"SearchAction","target":{"@type":"EntryPoint","urlTemplate":"https:\/\/unisale.com.br\/pastoral\/?s={search_term_string}"},"query-input":{"@type":"PropertyValueSpecification","valueRequired":true,"valueName":"search_term_string"}}],"inLanguage":"pt-BR"},{"@type":"Person","@id":"https:\/\/unisale.com.br\/pastoral\/#\/schema\/person\/a16ba711a0f7dec9cb6b44563144d5a3","name":"pastoral","url":"https:\/\/unisale.com.br\/pastoral\/author\/pastoral\/"}]}},"_links":{"self":[{"href":"https:\/\/unisale.com.br\/pastoral\/wp-json\/wp\/v2\/posts\/7368","targetHints":{"allow":["GET"]}}],"collection":[{"href":"https:\/\/unisale.com.br\/pastoral\/wp-json\/wp\/v2\/posts"}],"about":[{"href":"https:\/\/unisale.com.br\/pastoral\/wp-json\/wp\/v2\/types\/post"}],"author":[{"embeddable":true,"href":"https:\/\/unisale.com.br\/pastoral\/wp-json\/wp\/v2\/users\/1"}],"replies":[{"embeddable":true,"href":"https:\/\/unisale.com.br\/pastoral\/wp-json\/wp\/v2\/comments?post=7368"}],"version-history":[{"count":0,"href":"https:\/\/unisale.com.br\/pastoral\/wp-json\/wp\/v2\/posts\/7368\/revisions"}],"wp:featuredmedia":[{"embeddable":true,"href":"https:\/\/unisale.com.br\/pastoral\/wp-json\/wp\/v2\/media\/7373"}],"wp:attachment":[{"href":"https:\/\/unisale.com.br\/pastoral\/wp-json\/wp\/v2\/media?parent=7368"}],"wp:term":[{"taxonomy":"category","embeddable":true,"href":"https:\/\/unisale.com.br\/pastoral\/wp-json\/wp\/v2\/categories?post=7368"},{"taxonomy":"post_tag","embeddable":true,"href":"https:\/\/unisale.com.br\/pastoral\/wp-json\/wp\/v2\/tags?post=7368"}],"curies":[{"name":"wp","href":"https:\/\/api.w.org\/{rel}","templated":true}]}}