{"id":7386,"date":"2023-08-15T23:44:11","date_gmt":"2023-08-15T23:44:11","guid":{"rendered":"https:\/\/unisale.com.br\/pastoral\/?p=7386"},"modified":"2023-08-15T23:44:11","modified_gmt":"2023-08-15T23:44:11","slug":"16-08-pois-onde-dois-ou-tres-estiverem-reunidos-em-meu-nome-eu-estarei-ali-no-meio-deles","status":"publish","type":"post","link":"https:\/\/unisale.com.br\/pastoral\/16-08-pois-onde-dois-ou-tres-estiverem-reunidos-em-meu-nome-eu-estarei-ali-no-meio-deles\/","title":{"rendered":"16\/08 &#8211; Pois onde dois ou tr\u00eas estiverem reunidos em meu nome, eu estarei ali, no meio deles."},"content":{"rendered":"<p>&nbsp;<\/p>\n<p>Quarta-feira, 16 de agosto de 2023.<\/p>\n<p>&nbsp;<\/p>\n<p>Evangelho (Mt 18,15-20)<\/p>\n<p>&nbsp;<\/p>\n<p><strong>\u201cPois onde dois ou tr\u00eas estiverem reunidos em meu nome, eu estarei ali, no meio deles\u201d<\/strong><\/p>\n<p>&nbsp;<\/p>\n<p>Naquele tempo, disse Jesus aos seus disc\u00edpulos: <sup>15<\/sup>\u201cSe teu irm\u00e3o pecar contra ti, vai corrigi-lo, mas em particular, \u00e0 s\u00f3s contigo! Se ele te ouvir, tu ganhaste o teu irm\u00e3o. <sup>16<\/sup>Se ele n\u00e3o te ouvir, toma contigo mais uma ou duas pessoas, para que toda a quest\u00e3o seja decidida sob a palavra de duas ou tr\u00eas testemunhas. <sup>17<\/sup>Se ele n\u00e3o vos der ouvido, dize-o \u00e0 Igreja. Se nem mesmo \u00e0 Igreja ele ouvir, seja tratado como se fosse um pag\u00e3o ou um pecador p\u00fablico. <sup>18<\/sup>Em verdade vos digo, tudo o que ligardes na terra ser\u00e1 ligado no c\u00e9u, e tudo o que desligardes na terra ser\u00e1 desligado no c\u00e9u. <sup>19<\/sup>De novo, eu vos digo: se dois de v\u00f3s estiverem de acordo na terra sobre qualquer coisa que quiserem pedir, isto vos ser\u00e1 concedido por meu Pai que est\u00e1 nos c\u00e9us. <sup>20<\/sup>Pois onde dois ou tr\u00eas estiverem reunidos em meu nome eu estou ali, no meio deles\u201d.<\/p>\n<p>&nbsp;<\/p>\n<p><strong>Reflex\u00e3o<\/strong><\/p>\n<p>&nbsp;<\/p>\n<p>Qual o tipo de caridade nos sugere o Evangelho ao irm\u00e3o que erra? \u00c9 o que trata o Evangelho de hoje. O evangelho nos quis dizer que o primeiro passa que devemos dar em dire\u00e7\u00e3o ao irm\u00e3o que erra \u00e9 enfrenta-lo cara a cara, sem apelar para fofocas ou coment\u00e1rios paralelos. Devemos afront\u00e1-lo com discri\u00e7\u00e3o. E somente se este confronto pessoal n\u00e3o funciona \u00e9 que com muita humildade devemos pedir a ajuda de outra pessoa. E somente se isso n\u00e3o resolver \u00e9 que devemos nos distanciar. Mas \u00e9 um distanciar-se que nasce do sofrimento e n\u00e3o da indiferen\u00e7a e se surge ainda a ocasi\u00e3o de resolver a quest\u00e3o, n\u00e3o podemos nunca negar em dar o primeiro passo. Se n\u00e3o for assim, onde est\u00e1 o nosso \u201cser crist\u00e3o\u201d? \u00c9 t\u00e3o forte a fraternidade que a sua efic\u00e1cia pode ser colocada \u00e0 prova com a ora\u00e7\u00e3o. Quando um pedido nasce da ora\u00e7\u00e3o de duas ou mais pessoas que se querem bem, Cristo escuta sempre o que se pede, pois, o c\u00e9u sempre obedece a l\u00f3gica do amor, porque Deus \u00e9 amor. Eis o segredo de uma ora\u00e7\u00e3o eficaz: amar sinceramente os outros e pedir a Deus a partir deste amor verdadeiro. O amor \u00e9 irresist\u00edvel para Deus. Jesus mesmo \u00e9 a prova.<\/p>\n<p><strong>Pe. Paulo Eduardo J\u00e1como, SDB.<\/strong><\/p>\n","protected":false},"excerpt":{"rendered":"<p>&nbsp; Quarta-feira, 16 de agosto de 2023. &nbsp; Evangelho (Mt 18,15-20) &nbsp; \u201cPois onde dois ou tr\u00eas estiverem reunidos em meu nome, eu estarei ali,&#8230;<\/p>\n","protected":false},"author":1,"featured_media":7387,"comment_status":"closed","ping_status":"closed","sticky":false,"template":"","format":"standard","meta":{"_acf_changed":false,"footnotes":""},"categories":[13],"tags":[],"class_list":["post-7386","post","type-post","status-publish","format-standard","has-post-thumbnail","hentry","category-reflexaodoevagelho"],"acf":[],"yoast_head":"<!-- This site is optimized with the Yoast SEO plugin v27.3 - https:\/\/yoast.com\/product\/yoast-seo-wordpress\/ -->\n<title>16\/08 - Pois onde dois ou tr\u00eas estiverem reunidos em meu nome, eu estarei ali, no meio deles. - Pastoral Universit\u00e1ria UniSALESIANO<\/title>\n<meta name=\"robots\" content=\"index, follow, max-snippet:-1, max-image-preview:large, max-video-preview:-1\" \/>\n<link rel=\"canonical\" href=\"https:\/\/unisale.com.br\/novo\/16-08-pois-onde-dois-ou-tres-estiverem-reunidos-em-meu-nome-eu-estarei-ali-no-meio-deles\/\" \/>\n<meta property=\"og:locale\" content=\"pt_BR\" \/>\n<meta property=\"og:type\" content=\"article\" \/>\n<meta property=\"og:title\" content=\"16\/08 - Pois onde dois ou tr\u00eas estiverem reunidos em meu nome, eu estarei ali, no meio deles. - Pastoral Universit\u00e1ria UniSALESIANO\" \/>\n<meta property=\"og:description\" content=\"&nbsp; Quarta-feira, 16 de agosto de 2023. &nbsp; Evangelho (Mt 18,15-20) &nbsp; \u201cPois onde dois ou tr\u00eas estiverem reunidos em meu nome, eu estarei ali,...\" \/>\n<meta property=\"og:url\" content=\"https:\/\/unisale.com.br\/novo\/16-08-pois-onde-dois-ou-tres-estiverem-reunidos-em-meu-nome-eu-estarei-ali-no-meio-deles\/\" \/>\n<meta property=\"og:site_name\" content=\"Pastoral Universit\u00e1ria UniSALESIANO\" \/>\n<meta property=\"article:published_time\" content=\"2023-08-15T23:44:11+00:00\" \/>\n<meta name=\"author\" content=\"pastoral\" \/>\n<meta name=\"twitter:card\" content=\"summary_large_image\" \/>\n<meta name=\"twitter:label1\" content=\"Escrito por\" \/>\n\t<meta name=\"twitter:data1\" content=\"pastoral\" \/>\n\t<meta name=\"twitter:label2\" content=\"Est. tempo de leitura\" \/>\n\t<meta name=\"twitter:data2\" content=\"2 minutos\" \/>\n<script type=\"application\/ld+json\" class=\"yoast-schema-graph\">{\"@context\":\"https:\\\/\\\/schema.org\",\"@graph\":[{\"@type\":\"Article\",\"@id\":\"https:\\\/\\\/unisale.com.br\\\/novo\\\/16-08-pois-onde-dois-ou-tres-estiverem-reunidos-em-meu-nome-eu-estarei-ali-no-meio-deles\\\/#article\",\"isPartOf\":{\"@id\":\"https:\\\/\\\/unisale.com.br\\\/novo\\\/16-08-pois-onde-dois-ou-tres-estiverem-reunidos-em-meu-nome-eu-estarei-ali-no-meio-deles\\\/\"},\"author\":{\"name\":\"pastoral\",\"@id\":\"https:\\\/\\\/unisale.com.br\\\/pastoral\\\/#\\\/schema\\\/person\\\/a16ba711a0f7dec9cb6b44563144d5a3\"},\"headline\":\"16\\\/08 &#8211; Pois onde dois ou tr\u00eas estiverem reunidos em meu nome, eu estarei ali, no meio deles.\",\"datePublished\":\"2023-08-15T23:44:11+00:00\",\"mainEntityOfPage\":{\"@id\":\"https:\\\/\\\/unisale.com.br\\\/novo\\\/16-08-pois-onde-dois-ou-tres-estiverem-reunidos-em-meu-nome-eu-estarei-ali-no-meio-deles\\\/\"},\"wordCount\":447,\"image\":{\"@id\":\"https:\\\/\\\/unisale.com.br\\\/novo\\\/16-08-pois-onde-dois-ou-tres-estiverem-reunidos-em-meu-nome-eu-estarei-ali-no-meio-deles\\\/#primaryimage\"},\"thumbnailUrl\":\"https:\\\/\\\/unisale.com.br\\\/pastoral\\\/wp-content\\\/uploads\\\/2023\\\/08\\\/Ev-16.jpg\",\"articleSection\":[\"Reflex\u00e3o do Evangelho\"],\"inLanguage\":\"pt-BR\"},{\"@type\":\"WebPage\",\"@id\":\"https:\\\/\\\/unisale.com.br\\\/novo\\\/16-08-pois-onde-dois-ou-tres-estiverem-reunidos-em-meu-nome-eu-estarei-ali-no-meio-deles\\\/\",\"url\":\"https:\\\/\\\/unisale.com.br\\\/novo\\\/16-08-pois-onde-dois-ou-tres-estiverem-reunidos-em-meu-nome-eu-estarei-ali-no-meio-deles\\\/\",\"name\":\"16\\\/08 - Pois onde dois ou tr\u00eas estiverem reunidos em meu nome, eu estarei ali, no meio deles. - Pastoral Universit\u00e1ria UniSALESIANO\",\"isPartOf\":{\"@id\":\"https:\\\/\\\/unisale.com.br\\\/pastoral\\\/#website\"},\"primaryImageOfPage\":{\"@id\":\"https:\\\/\\\/unisale.com.br\\\/novo\\\/16-08-pois-onde-dois-ou-tres-estiverem-reunidos-em-meu-nome-eu-estarei-ali-no-meio-deles\\\/#primaryimage\"},\"image\":{\"@id\":\"https:\\\/\\\/unisale.com.br\\\/novo\\\/16-08-pois-onde-dois-ou-tres-estiverem-reunidos-em-meu-nome-eu-estarei-ali-no-meio-deles\\\/#primaryimage\"},\"thumbnailUrl\":\"https:\\\/\\\/unisale.com.br\\\/pastoral\\\/wp-content\\\/uploads\\\/2023\\\/08\\\/Ev-16.jpg\",\"datePublished\":\"2023-08-15T23:44:11+00:00\",\"author\":{\"@id\":\"https:\\\/\\\/unisale.com.br\\\/pastoral\\\/#\\\/schema\\\/person\\\/a16ba711a0f7dec9cb6b44563144d5a3\"},\"inLanguage\":\"pt-BR\",\"potentialAction\":[{\"@type\":\"ReadAction\",\"target\":[\"https:\\\/\\\/unisale.com.br\\\/novo\\\/16-08-pois-onde-dois-ou-tres-estiverem-reunidos-em-meu-nome-eu-estarei-ali-no-meio-deles\\\/\"]}]},{\"@type\":\"ImageObject\",\"inLanguage\":\"pt-BR\",\"@id\":\"https:\\\/\\\/unisale.com.br\\\/novo\\\/16-08-pois-onde-dois-ou-tres-estiverem-reunidos-em-meu-nome-eu-estarei-ali-no-meio-deles\\\/#primaryimage\",\"url\":\"https:\\\/\\\/unisale.com.br\\\/pastoral\\\/wp-content\\\/uploads\\\/2023\\\/08\\\/Ev-16.jpg\",\"contentUrl\":\"https:\\\/\\\/unisale.com.br\\\/pastoral\\\/wp-content\\\/uploads\\\/2023\\\/08\\\/Ev-16.jpg\",\"width\":750,\"height\":500},{\"@type\":\"WebSite\",\"@id\":\"https:\\\/\\\/unisale.com.br\\\/pastoral\\\/#website\",\"url\":\"https:\\\/\\\/unisale.com.br\\\/pastoral\\\/\",\"name\":\"Pastoral Universit\u00e1ria UniSALESIANO\",\"description\":\"Site da Pastoral Universit\u00e1ria do UniSALESIANO\",\"potentialAction\":[{\"@type\":\"SearchAction\",\"target\":{\"@type\":\"EntryPoint\",\"urlTemplate\":\"https:\\\/\\\/unisale.com.br\\\/pastoral\\\/?s={search_term_string}\"},\"query-input\":{\"@type\":\"PropertyValueSpecification\",\"valueRequired\":true,\"valueName\":\"search_term_string\"}}],\"inLanguage\":\"pt-BR\"},{\"@type\":\"Person\",\"@id\":\"https:\\\/\\\/unisale.com.br\\\/pastoral\\\/#\\\/schema\\\/person\\\/a16ba711a0f7dec9cb6b44563144d5a3\",\"name\":\"pastoral\",\"url\":\"https:\\\/\\\/unisale.com.br\\\/pastoral\\\/author\\\/pastoral\\\/\"}]}<\/script>\n<!-- \/ Yoast SEO plugin. -->","yoast_head_json":{"title":"16\/08 - Pois onde dois ou tr\u00eas estiverem reunidos em meu nome, eu estarei ali, no meio deles. - Pastoral Universit\u00e1ria UniSALESIANO","robots":{"index":"index","follow":"follow","max-snippet":"max-snippet:-1","max-image-preview":"max-image-preview:large","max-video-preview":"max-video-preview:-1"},"canonical":"https:\/\/unisale.com.br\/novo\/16-08-pois-onde-dois-ou-tres-estiverem-reunidos-em-meu-nome-eu-estarei-ali-no-meio-deles\/","og_locale":"pt_BR","og_type":"article","og_title":"16\/08 - Pois onde dois ou tr\u00eas estiverem reunidos em meu nome, eu estarei ali, no meio deles. - Pastoral Universit\u00e1ria UniSALESIANO","og_description":"&nbsp; Quarta-feira, 16 de agosto de 2023. &nbsp; Evangelho (Mt 18,15-20) &nbsp; \u201cPois onde dois ou tr\u00eas estiverem reunidos em meu nome, eu estarei ali,...","og_url":"https:\/\/unisale.com.br\/novo\/16-08-pois-onde-dois-ou-tres-estiverem-reunidos-em-meu-nome-eu-estarei-ali-no-meio-deles\/","og_site_name":"Pastoral Universit\u00e1ria UniSALESIANO","article_published_time":"2023-08-15T23:44:11+00:00","author":"pastoral","twitter_card":"summary_large_image","twitter_misc":{"Escrito por":"pastoral","Est. tempo de leitura":"2 minutos"},"schema":{"@context":"https:\/\/schema.org","@graph":[{"@type":"Article","@id":"https:\/\/unisale.com.br\/novo\/16-08-pois-onde-dois-ou-tres-estiverem-reunidos-em-meu-nome-eu-estarei-ali-no-meio-deles\/#article","isPartOf":{"@id":"https:\/\/unisale.com.br\/novo\/16-08-pois-onde-dois-ou-tres-estiverem-reunidos-em-meu-nome-eu-estarei-ali-no-meio-deles\/"},"author":{"name":"pastoral","@id":"https:\/\/unisale.com.br\/pastoral\/#\/schema\/person\/a16ba711a0f7dec9cb6b44563144d5a3"},"headline":"16\/08 &#8211; Pois onde dois ou tr\u00eas estiverem reunidos em meu nome, eu estarei ali, no meio deles.","datePublished":"2023-08-15T23:44:11+00:00","mainEntityOfPage":{"@id":"https:\/\/unisale.com.br\/novo\/16-08-pois-onde-dois-ou-tres-estiverem-reunidos-em-meu-nome-eu-estarei-ali-no-meio-deles\/"},"wordCount":447,"image":{"@id":"https:\/\/unisale.com.br\/novo\/16-08-pois-onde-dois-ou-tres-estiverem-reunidos-em-meu-nome-eu-estarei-ali-no-meio-deles\/#primaryimage"},"thumbnailUrl":"https:\/\/unisale.com.br\/pastoral\/wp-content\/uploads\/2023\/08\/Ev-16.jpg","articleSection":["Reflex\u00e3o do Evangelho"],"inLanguage":"pt-BR"},{"@type":"WebPage","@id":"https:\/\/unisale.com.br\/novo\/16-08-pois-onde-dois-ou-tres-estiverem-reunidos-em-meu-nome-eu-estarei-ali-no-meio-deles\/","url":"https:\/\/unisale.com.br\/novo\/16-08-pois-onde-dois-ou-tres-estiverem-reunidos-em-meu-nome-eu-estarei-ali-no-meio-deles\/","name":"16\/08 - Pois onde dois ou tr\u00eas estiverem reunidos em meu nome, eu estarei ali, no meio deles. - Pastoral Universit\u00e1ria UniSALESIANO","isPartOf":{"@id":"https:\/\/unisale.com.br\/pastoral\/#website"},"primaryImageOfPage":{"@id":"https:\/\/unisale.com.br\/novo\/16-08-pois-onde-dois-ou-tres-estiverem-reunidos-em-meu-nome-eu-estarei-ali-no-meio-deles\/#primaryimage"},"image":{"@id":"https:\/\/unisale.com.br\/novo\/16-08-pois-onde-dois-ou-tres-estiverem-reunidos-em-meu-nome-eu-estarei-ali-no-meio-deles\/#primaryimage"},"thumbnailUrl":"https:\/\/unisale.com.br\/pastoral\/wp-content\/uploads\/2023\/08\/Ev-16.jpg","datePublished":"2023-08-15T23:44:11+00:00","author":{"@id":"https:\/\/unisale.com.br\/pastoral\/#\/schema\/person\/a16ba711a0f7dec9cb6b44563144d5a3"},"inLanguage":"pt-BR","potentialAction":[{"@type":"ReadAction","target":["https:\/\/unisale.com.br\/novo\/16-08-pois-onde-dois-ou-tres-estiverem-reunidos-em-meu-nome-eu-estarei-ali-no-meio-deles\/"]}]},{"@type":"ImageObject","inLanguage":"pt-BR","@id":"https:\/\/unisale.com.br\/novo\/16-08-pois-onde-dois-ou-tres-estiverem-reunidos-em-meu-nome-eu-estarei-ali-no-meio-deles\/#primaryimage","url":"https:\/\/unisale.com.br\/pastoral\/wp-content\/uploads\/2023\/08\/Ev-16.jpg","contentUrl":"https:\/\/unisale.com.br\/pastoral\/wp-content\/uploads\/2023\/08\/Ev-16.jpg","width":750,"height":500},{"@type":"WebSite","@id":"https:\/\/unisale.com.br\/pastoral\/#website","url":"https:\/\/unisale.com.br\/pastoral\/","name":"Pastoral Universit\u00e1ria UniSALESIANO","description":"Site da Pastoral Universit\u00e1ria do UniSALESIANO","potentialAction":[{"@type":"SearchAction","target":{"@type":"EntryPoint","urlTemplate":"https:\/\/unisale.com.br\/pastoral\/?s={search_term_string}"},"query-input":{"@type":"PropertyValueSpecification","valueRequired":true,"valueName":"search_term_string"}}],"inLanguage":"pt-BR"},{"@type":"Person","@id":"https:\/\/unisale.com.br\/pastoral\/#\/schema\/person\/a16ba711a0f7dec9cb6b44563144d5a3","name":"pastoral","url":"https:\/\/unisale.com.br\/pastoral\/author\/pastoral\/"}]}},"_links":{"self":[{"href":"https:\/\/unisale.com.br\/pastoral\/wp-json\/wp\/v2\/posts\/7386","targetHints":{"allow":["GET"]}}],"collection":[{"href":"https:\/\/unisale.com.br\/pastoral\/wp-json\/wp\/v2\/posts"}],"about":[{"href":"https:\/\/unisale.com.br\/pastoral\/wp-json\/wp\/v2\/types\/post"}],"author":[{"embeddable":true,"href":"https:\/\/unisale.com.br\/pastoral\/wp-json\/wp\/v2\/users\/1"}],"replies":[{"embeddable":true,"href":"https:\/\/unisale.com.br\/pastoral\/wp-json\/wp\/v2\/comments?post=7386"}],"version-history":[{"count":0,"href":"https:\/\/unisale.com.br\/pastoral\/wp-json\/wp\/v2\/posts\/7386\/revisions"}],"wp:featuredmedia":[{"embeddable":true,"href":"https:\/\/unisale.com.br\/pastoral\/wp-json\/wp\/v2\/media\/7387"}],"wp:attachment":[{"href":"https:\/\/unisale.com.br\/pastoral\/wp-json\/wp\/v2\/media?parent=7386"}],"wp:term":[{"taxonomy":"category","embeddable":true,"href":"https:\/\/unisale.com.br\/pastoral\/wp-json\/wp\/v2\/categories?post=7386"},{"taxonomy":"post_tag","embeddable":true,"href":"https:\/\/unisale.com.br\/pastoral\/wp-json\/wp\/v2\/tags?post=7386"}],"curies":[{"name":"wp","href":"https:\/\/api.w.org\/{rel}","templated":true}]}}