{"id":7400,"date":"2023-08-16T10:49:50","date_gmt":"2023-08-16T10:49:50","guid":{"rendered":"https:\/\/unisale.com.br\/pastoral\/?p=7400"},"modified":"2023-08-16T10:49:50","modified_gmt":"2023-08-16T10:49:50","slug":"18-08-portanto-o-que-deus-uniu-o-homem-nao-separe","status":"publish","type":"post","link":"https:\/\/unisale.com.br\/pastoral\/18-08-portanto-o-que-deus-uniu-o-homem-nao-separe\/","title":{"rendered":"18\/08 &#8211; Portanto, o que Deus uniu, o homem n\u00e3o separe."},"content":{"rendered":"<p>Sexta-feira, 18 de agosto de 2023.<\/p>\n<p>&nbsp;<\/p>\n<p>Evangelho (Mt 19,3-12)<\/p>\n<p>&nbsp;<\/p>\n<p><strong>\u201cPortanto, o que Deus uniu, o homem n\u00e3o separe\u201d<\/strong><\/p>\n<p>&nbsp;<\/p>\n<p>Naquele tempo, <sup>3<\/sup>alguns fariseus aproximaram-se de Jesus, e perguntaram, para o tentar: \u201c\u00c9 permitido ao homem despedir sua esposa por qualquer motivo?\u201d <sup>4<\/sup>Jesus respondeu: \u201cNunca lestes que o Criador, desde o in\u00edcio, os fez homem e mulher? <sup>5<\/sup>E disse: \u2018Por isso, o homem deixar\u00e1 pai e m\u00e3e, e se unir\u00e1 \u00e0 sua mulher, e os dois ser\u00e3o uma s\u00f3 carne\u2019 <sup>6<\/sup>De modo que eles j\u00e1 n\u00e3o s\u00e3o dois, mas uma s\u00f3 carne. Portanto, o que Deus uniu, o homem n\u00e3o separe\u201d. <sup>7<\/sup>Os fariseus perguntaram: \u201cEnt\u00e3o, como \u00e9 que Mois\u00e9s mandou dar certid\u00e3o de div\u00f3rcio e despedir a mulher?\u201d <sup>8<\/sup>Jesus respondeu: \u201cMois\u00e9s permitiu despedir a mulher, por causa da dureza do vosso cora\u00e7\u00e3o. Mas n\u00e3o foi assim desde o in\u00edcio. <sup>9<\/sup>Por isso, eu vos digo: quem despedir a sua mulher \u2013 a n\u00e3o ser em caso de uni\u00e3o ileg\u00edtima \u2013 e se casar com outra, comete adult\u00e9rio\u201d. <sup>10<\/sup>Os disc\u00edpulos disseram a Jesus: \u201cSe a situa\u00e7\u00e3o do homem com a mulher \u00e9 assim, n\u00e3o vale a pena casar-se\u201d. <sup>11<\/sup>Jesus respondeu: \u201cNem todos s\u00e3o capazes de entender isso, a n\u00e3o ser aqueles a quem \u00e9 concedido. <sup>12<\/sup>Com efeito, existem homens incapazes para o casamento, porque nasceram assim; outros, porque os homens assim os fizeram; outros, ainda, se fizeram incapazes disso por causa do Reino dos C\u00e9us. Quem puder entender entenda\u201d.<\/p>\n<p>&nbsp;<\/p>\n<p><strong>Reflex\u00e3o<\/strong><\/p>\n<p>&nbsp;<\/p>\n<p>Para os moldes de hoje, pode ser que o tema que estamos refletindo seja j\u00e1 um tema superado, mas precisamos lembrar que o Evangelho \u00e9 atemporal, o Evangelho n\u00e3o \u00e9 casado com a l\u00f3gica do mundo e tamb\u00e9m n\u00e3o \u00e9 adapt\u00e1vel aos moldes do momento. O Evangelho nos recorda sempre uma Verdade que ultrapassa os condicionamentos temporais e tem como objetivo valorizar o homem e a mulher para al\u00e9m de qualquer preju\u00edzo ou ideologia.<\/p>\n<p>No Evangelho de hoje Jesus ilumina uma dimens\u00e3o essencial da vida do homem que \u00e9 a confiabilidade do amor. Cada coisa que vale toda a nossa vida deve ser est\u00e1vel e duradoura. Investir sobre esta durabilidade torna a vida mais prazerosa e o amor mais cred\u00edvel. Se apoiamos esse nosso desejo somente sobre as nossas for\u00e7as \u00e9 bastante prov\u00e1vel que andaremos ao encontro de s\u00e9rios perigos, mas se nos apoiamos em Deus, podemos esperar que ser\u00e1 para sempre. A vida \u00e9 muito mais complexa do que imaginamos, mas o Evangelho nos quer sugerir uma coisa muito importante: quando voc\u00ea decide amar algu\u00e9m, tome a decis\u00e3o de am\u00e1-la para sempre e n\u00e3o por um determinado tempo. Acontece sempre que a vida nos reserve surpresas e imprevistos, mas o Evangelho n\u00e3o nos coloca ao seguro destes acidentes de percurso, nos diz simplesmente de preservar o nosso desejo sincero da totalidade do amor. Se depois as coisas andar\u00e3o de outro modo, o Senhor nos indicar\u00e1 o caminho no qual deveremos seguir.<\/p>\n<p><strong>Pe. Paulo Eduardo J\u00e1como, sdb<\/strong><\/p>\n","protected":false},"excerpt":{"rendered":"<p>Sexta-feira, 18 de agosto de 2023. &nbsp; Evangelho (Mt 19,3-12) &nbsp; \u201cPortanto, o que Deus uniu, o homem n\u00e3o separe\u201d &nbsp; Naquele tempo, 3alguns fariseus&#8230;<\/p>\n","protected":false},"author":1,"featured_media":7402,"comment_status":"closed","ping_status":"closed","sticky":false,"template":"","format":"standard","meta":{"_acf_changed":false,"footnotes":""},"categories":[13],"tags":[],"class_list":["post-7400","post","type-post","status-publish","format-standard","has-post-thumbnail","hentry","category-reflexaodoevagelho"],"acf":[],"yoast_head":"<!-- This site is optimized with the Yoast SEO plugin v27.3 - https:\/\/yoast.com\/product\/yoast-seo-wordpress\/ -->\n<title>18\/08 - Portanto, o que Deus uniu, o homem n\u00e3o separe. - Pastoral Universit\u00e1ria UniSALESIANO<\/title>\n<meta name=\"robots\" content=\"index, follow, max-snippet:-1, max-image-preview:large, max-video-preview:-1\" \/>\n<link rel=\"canonical\" href=\"https:\/\/unisale.com.br\/novo\/18-08-portanto-o-que-deus-uniu-o-homem-nao-separe\/\" \/>\n<meta property=\"og:locale\" content=\"pt_BR\" \/>\n<meta property=\"og:type\" content=\"article\" \/>\n<meta property=\"og:title\" content=\"18\/08 - Portanto, o que Deus uniu, o homem n\u00e3o separe. - Pastoral Universit\u00e1ria UniSALESIANO\" \/>\n<meta property=\"og:description\" content=\"Sexta-feira, 18 de agosto de 2023. &nbsp; Evangelho (Mt 19,3-12) &nbsp; \u201cPortanto, o que Deus uniu, o homem n\u00e3o separe\u201d &nbsp; Naquele tempo, 3alguns fariseus...\" \/>\n<meta property=\"og:url\" content=\"https:\/\/unisale.com.br\/novo\/18-08-portanto-o-que-deus-uniu-o-homem-nao-separe\/\" \/>\n<meta property=\"og:site_name\" content=\"Pastoral Universit\u00e1ria UniSALESIANO\" \/>\n<meta property=\"article:published_time\" content=\"2023-08-16T10:49:50+00:00\" \/>\n<meta name=\"author\" content=\"pastoral\" \/>\n<meta name=\"twitter:card\" content=\"summary_large_image\" \/>\n<meta name=\"twitter:label1\" content=\"Escrito por\" \/>\n\t<meta name=\"twitter:data1\" content=\"pastoral\" \/>\n\t<meta name=\"twitter:label2\" content=\"Est. tempo de leitura\" \/>\n\t<meta name=\"twitter:data2\" content=\"3 minutos\" \/>\n<script type=\"application\/ld+json\" class=\"yoast-schema-graph\">{\"@context\":\"https:\\\/\\\/schema.org\",\"@graph\":[{\"@type\":\"Article\",\"@id\":\"https:\\\/\\\/unisale.com.br\\\/novo\\\/18-08-portanto-o-que-deus-uniu-o-homem-nao-separe\\\/#article\",\"isPartOf\":{\"@id\":\"https:\\\/\\\/unisale.com.br\\\/novo\\\/18-08-portanto-o-que-deus-uniu-o-homem-nao-separe\\\/\"},\"author\":{\"name\":\"pastoral\",\"@id\":\"https:\\\/\\\/unisale.com.br\\\/pastoral\\\/#\\\/schema\\\/person\\\/a16ba711a0f7dec9cb6b44563144d5a3\"},\"headline\":\"18\\\/08 &#8211; Portanto, o que Deus uniu, o homem n\u00e3o separe.\",\"datePublished\":\"2023-08-16T10:49:50+00:00\",\"mainEntityOfPage\":{\"@id\":\"https:\\\/\\\/unisale.com.br\\\/novo\\\/18-08-portanto-o-que-deus-uniu-o-homem-nao-separe\\\/\"},\"wordCount\":530,\"image\":{\"@id\":\"https:\\\/\\\/unisale.com.br\\\/novo\\\/18-08-portanto-o-que-deus-uniu-o-homem-nao-separe\\\/#primaryimage\"},\"thumbnailUrl\":\"https:\\\/\\\/unisale.com.br\\\/pastoral\\\/wp-content\\\/uploads\\\/2023\\\/08\\\/Ev-18-1.jpg\",\"articleSection\":[\"Reflex\u00e3o do Evangelho\"],\"inLanguage\":\"pt-BR\"},{\"@type\":\"WebPage\",\"@id\":\"https:\\\/\\\/unisale.com.br\\\/novo\\\/18-08-portanto-o-que-deus-uniu-o-homem-nao-separe\\\/\",\"url\":\"https:\\\/\\\/unisale.com.br\\\/novo\\\/18-08-portanto-o-que-deus-uniu-o-homem-nao-separe\\\/\",\"name\":\"18\\\/08 - Portanto, o que Deus uniu, o homem n\u00e3o separe. - Pastoral Universit\u00e1ria UniSALESIANO\",\"isPartOf\":{\"@id\":\"https:\\\/\\\/unisale.com.br\\\/pastoral\\\/#website\"},\"primaryImageOfPage\":{\"@id\":\"https:\\\/\\\/unisale.com.br\\\/novo\\\/18-08-portanto-o-que-deus-uniu-o-homem-nao-separe\\\/#primaryimage\"},\"image\":{\"@id\":\"https:\\\/\\\/unisale.com.br\\\/novo\\\/18-08-portanto-o-que-deus-uniu-o-homem-nao-separe\\\/#primaryimage\"},\"thumbnailUrl\":\"https:\\\/\\\/unisale.com.br\\\/pastoral\\\/wp-content\\\/uploads\\\/2023\\\/08\\\/Ev-18-1.jpg\",\"datePublished\":\"2023-08-16T10:49:50+00:00\",\"author\":{\"@id\":\"https:\\\/\\\/unisale.com.br\\\/pastoral\\\/#\\\/schema\\\/person\\\/a16ba711a0f7dec9cb6b44563144d5a3\"},\"inLanguage\":\"pt-BR\",\"potentialAction\":[{\"@type\":\"ReadAction\",\"target\":[\"https:\\\/\\\/unisale.com.br\\\/novo\\\/18-08-portanto-o-que-deus-uniu-o-homem-nao-separe\\\/\"]}]},{\"@type\":\"ImageObject\",\"inLanguage\":\"pt-BR\",\"@id\":\"https:\\\/\\\/unisale.com.br\\\/novo\\\/18-08-portanto-o-que-deus-uniu-o-homem-nao-separe\\\/#primaryimage\",\"url\":\"https:\\\/\\\/unisale.com.br\\\/pastoral\\\/wp-content\\\/uploads\\\/2023\\\/08\\\/Ev-18-1.jpg\",\"contentUrl\":\"https:\\\/\\\/unisale.com.br\\\/pastoral\\\/wp-content\\\/uploads\\\/2023\\\/08\\\/Ev-18-1.jpg\",\"width\":667,\"height\":500},{\"@type\":\"WebSite\",\"@id\":\"https:\\\/\\\/unisale.com.br\\\/pastoral\\\/#website\",\"url\":\"https:\\\/\\\/unisale.com.br\\\/pastoral\\\/\",\"name\":\"Pastoral Universit\u00e1ria UniSALESIANO\",\"description\":\"Site da Pastoral Universit\u00e1ria do UniSALESIANO\",\"potentialAction\":[{\"@type\":\"SearchAction\",\"target\":{\"@type\":\"EntryPoint\",\"urlTemplate\":\"https:\\\/\\\/unisale.com.br\\\/pastoral\\\/?s={search_term_string}\"},\"query-input\":{\"@type\":\"PropertyValueSpecification\",\"valueRequired\":true,\"valueName\":\"search_term_string\"}}],\"inLanguage\":\"pt-BR\"},{\"@type\":\"Person\",\"@id\":\"https:\\\/\\\/unisale.com.br\\\/pastoral\\\/#\\\/schema\\\/person\\\/a16ba711a0f7dec9cb6b44563144d5a3\",\"name\":\"pastoral\",\"url\":\"https:\\\/\\\/unisale.com.br\\\/pastoral\\\/author\\\/pastoral\\\/\"}]}<\/script>\n<!-- \/ Yoast SEO plugin. -->","yoast_head_json":{"title":"18\/08 - Portanto, o que Deus uniu, o homem n\u00e3o separe. - Pastoral Universit\u00e1ria UniSALESIANO","robots":{"index":"index","follow":"follow","max-snippet":"max-snippet:-1","max-image-preview":"max-image-preview:large","max-video-preview":"max-video-preview:-1"},"canonical":"https:\/\/unisale.com.br\/novo\/18-08-portanto-o-que-deus-uniu-o-homem-nao-separe\/","og_locale":"pt_BR","og_type":"article","og_title":"18\/08 - Portanto, o que Deus uniu, o homem n\u00e3o separe. - Pastoral Universit\u00e1ria UniSALESIANO","og_description":"Sexta-feira, 18 de agosto de 2023. &nbsp; Evangelho (Mt 19,3-12) &nbsp; \u201cPortanto, o que Deus uniu, o homem n\u00e3o separe\u201d &nbsp; Naquele tempo, 3alguns fariseus...","og_url":"https:\/\/unisale.com.br\/novo\/18-08-portanto-o-que-deus-uniu-o-homem-nao-separe\/","og_site_name":"Pastoral Universit\u00e1ria UniSALESIANO","article_published_time":"2023-08-16T10:49:50+00:00","author":"pastoral","twitter_card":"summary_large_image","twitter_misc":{"Escrito por":"pastoral","Est. tempo de leitura":"3 minutos"},"schema":{"@context":"https:\/\/schema.org","@graph":[{"@type":"Article","@id":"https:\/\/unisale.com.br\/novo\/18-08-portanto-o-que-deus-uniu-o-homem-nao-separe\/#article","isPartOf":{"@id":"https:\/\/unisale.com.br\/novo\/18-08-portanto-o-que-deus-uniu-o-homem-nao-separe\/"},"author":{"name":"pastoral","@id":"https:\/\/unisale.com.br\/pastoral\/#\/schema\/person\/a16ba711a0f7dec9cb6b44563144d5a3"},"headline":"18\/08 &#8211; Portanto, o que Deus uniu, o homem n\u00e3o separe.","datePublished":"2023-08-16T10:49:50+00:00","mainEntityOfPage":{"@id":"https:\/\/unisale.com.br\/novo\/18-08-portanto-o-que-deus-uniu-o-homem-nao-separe\/"},"wordCount":530,"image":{"@id":"https:\/\/unisale.com.br\/novo\/18-08-portanto-o-que-deus-uniu-o-homem-nao-separe\/#primaryimage"},"thumbnailUrl":"https:\/\/unisale.com.br\/pastoral\/wp-content\/uploads\/2023\/08\/Ev-18-1.jpg","articleSection":["Reflex\u00e3o do Evangelho"],"inLanguage":"pt-BR"},{"@type":"WebPage","@id":"https:\/\/unisale.com.br\/novo\/18-08-portanto-o-que-deus-uniu-o-homem-nao-separe\/","url":"https:\/\/unisale.com.br\/novo\/18-08-portanto-o-que-deus-uniu-o-homem-nao-separe\/","name":"18\/08 - Portanto, o que Deus uniu, o homem n\u00e3o separe. - Pastoral Universit\u00e1ria UniSALESIANO","isPartOf":{"@id":"https:\/\/unisale.com.br\/pastoral\/#website"},"primaryImageOfPage":{"@id":"https:\/\/unisale.com.br\/novo\/18-08-portanto-o-que-deus-uniu-o-homem-nao-separe\/#primaryimage"},"image":{"@id":"https:\/\/unisale.com.br\/novo\/18-08-portanto-o-que-deus-uniu-o-homem-nao-separe\/#primaryimage"},"thumbnailUrl":"https:\/\/unisale.com.br\/pastoral\/wp-content\/uploads\/2023\/08\/Ev-18-1.jpg","datePublished":"2023-08-16T10:49:50+00:00","author":{"@id":"https:\/\/unisale.com.br\/pastoral\/#\/schema\/person\/a16ba711a0f7dec9cb6b44563144d5a3"},"inLanguage":"pt-BR","potentialAction":[{"@type":"ReadAction","target":["https:\/\/unisale.com.br\/novo\/18-08-portanto-o-que-deus-uniu-o-homem-nao-separe\/"]}]},{"@type":"ImageObject","inLanguage":"pt-BR","@id":"https:\/\/unisale.com.br\/novo\/18-08-portanto-o-que-deus-uniu-o-homem-nao-separe\/#primaryimage","url":"https:\/\/unisale.com.br\/pastoral\/wp-content\/uploads\/2023\/08\/Ev-18-1.jpg","contentUrl":"https:\/\/unisale.com.br\/pastoral\/wp-content\/uploads\/2023\/08\/Ev-18-1.jpg","width":667,"height":500},{"@type":"WebSite","@id":"https:\/\/unisale.com.br\/pastoral\/#website","url":"https:\/\/unisale.com.br\/pastoral\/","name":"Pastoral Universit\u00e1ria UniSALESIANO","description":"Site da Pastoral Universit\u00e1ria do UniSALESIANO","potentialAction":[{"@type":"SearchAction","target":{"@type":"EntryPoint","urlTemplate":"https:\/\/unisale.com.br\/pastoral\/?s={search_term_string}"},"query-input":{"@type":"PropertyValueSpecification","valueRequired":true,"valueName":"search_term_string"}}],"inLanguage":"pt-BR"},{"@type":"Person","@id":"https:\/\/unisale.com.br\/pastoral\/#\/schema\/person\/a16ba711a0f7dec9cb6b44563144d5a3","name":"pastoral","url":"https:\/\/unisale.com.br\/pastoral\/author\/pastoral\/"}]}},"_links":{"self":[{"href":"https:\/\/unisale.com.br\/pastoral\/wp-json\/wp\/v2\/posts\/7400","targetHints":{"allow":["GET"]}}],"collection":[{"href":"https:\/\/unisale.com.br\/pastoral\/wp-json\/wp\/v2\/posts"}],"about":[{"href":"https:\/\/unisale.com.br\/pastoral\/wp-json\/wp\/v2\/types\/post"}],"author":[{"embeddable":true,"href":"https:\/\/unisale.com.br\/pastoral\/wp-json\/wp\/v2\/users\/1"}],"replies":[{"embeddable":true,"href":"https:\/\/unisale.com.br\/pastoral\/wp-json\/wp\/v2\/comments?post=7400"}],"version-history":[{"count":0,"href":"https:\/\/unisale.com.br\/pastoral\/wp-json\/wp\/v2\/posts\/7400\/revisions"}],"wp:featuredmedia":[{"embeddable":true,"href":"https:\/\/unisale.com.br\/pastoral\/wp-json\/wp\/v2\/media\/7402"}],"wp:attachment":[{"href":"https:\/\/unisale.com.br\/pastoral\/wp-json\/wp\/v2\/media?parent=7400"}],"wp:term":[{"taxonomy":"category","embeddable":true,"href":"https:\/\/unisale.com.br\/pastoral\/wp-json\/wp\/v2\/categories?post=7400"},{"taxonomy":"post_tag","embeddable":true,"href":"https:\/\/unisale.com.br\/pastoral\/wp-json\/wp\/v2\/tags?post=7400"}],"curies":[{"name":"wp","href":"https:\/\/api.w.org\/{rel}","templated":true}]}}