{"id":7404,"date":"2023-08-16T10:51:40","date_gmt":"2023-08-16T10:51:40","guid":{"rendered":"https:\/\/unisale.com.br\/pastoral\/?p=7404"},"modified":"2023-08-16T10:51:40","modified_gmt":"2023-08-16T10:51:40","slug":"19-08-deixai-as-criancas-e-nao-as-proibais-de-virem-a-mim-porque-delas-e-o-reino-dos-ceus","status":"publish","type":"post","link":"https:\/\/unisale.com.br\/pastoral\/19-08-deixai-as-criancas-e-nao-as-proibais-de-virem-a-mim-porque-delas-e-o-reino-dos-ceus\/","title":{"rendered":"19\/08 &#8211; Deixai as crian\u00e7as e n\u00e3o as proibais de virem a mim, porque delas \u00e9 o Reino dos c\u00e9us."},"content":{"rendered":"<p>S\u00e1bado, 19 de agosto de 2023.<\/p>\n<p>&nbsp;<\/p>\n<p>Evangelho (Mt 19,13-15)<\/p>\n<p>&nbsp;<\/p>\n<p><strong>\u201cDeixai as crian\u00e7as e n\u00e3o as proibais de virem a mim, porque delas \u00e9 o Reino dos c\u00e9us\u201d<\/strong><\/p>\n<p>&nbsp;<\/p>\n<p>Naquele tempo, <sup>13<\/sup>levaram crian\u00e7as a Jesus, para que impusesse as m\u00e3os sobre elas e fizesse uma ora\u00e7\u00e3o. Os disc\u00edpulos, por\u00e9m, as repreendiam. <sup>14<\/sup>Ent\u00e3o Jesus disse: \u201cDeixai as crian\u00e7as e n\u00e3o as proibais de vir a mim, porque delas \u00e9 o Reino dos C\u00e9us\u201d. <sup>15<\/sup>E depois de impor as m\u00e3os sobre elas, Jesus partiu dali.<\/p>\n<p>&nbsp;<\/p>\n<p><strong>Reflex\u00e3o<\/strong><\/p>\n<p>&nbsp;<\/p>\n<p>No tempo de Jesus, ser crian\u00e7a significava ser \u201cos \u00faltimos\u201d. Mesmo hoje, apesar dos muitos passos que demos, em muitos lugares as crian\u00e7as s\u00e3o exploradas e maltratadas. Por isso o que Jesus diz nos toca muito.<\/p>\n<p>Jesus se faz pr\u00f3ximo das crian\u00e7as por dois motivos: primeiro por serem os \u00faltimos. De fato, o Evangelho \u00e9 destinado primeiramente aos \u00faltimos, a quem \u00e9 descartado pela l\u00f3gica do mundo. Os pobres, os exclu\u00eddos s\u00e3o os primeiros destinat\u00e1rios da Boa Nova. O segundo motivo pelo qual Jesus se faz pr\u00f3ximo das crian\u00e7as \u00e9 porque estes gozam da postura existencial mais justa para entender a l\u00f3gica do reino. Uma crian\u00e7a n\u00e3o raciocina com a l\u00f3gica predat\u00f3ria dos adultos. As crian\u00e7as s\u00e3o mais dispostas do que outros a deixar-se surpreender, a escutar, a confiar. A simplicidade que possuem os torna capazes de escolher o essencial. Quando crescemos, os nossos racioc\u00ednios come\u00e7am a ser mais complexos e refletem muitas vezes as atitudes que temos perdendo de vista aquilo que conta. Uma crian\u00e7a n\u00e3o tem filtro e chama as coisas pelo nome. Um adulto joga com esperteza e ao final, se torna assim experto fazendo enganar at\u00e9 a sim mesmo. Jesus nos diz que devemos frequentar a escola das crian\u00e7as antes que eles comecem a frequentar a nossa. Podemos ensinar a eles a no\u00e7\u00e3o das coisas, mas eles podem nos ensinar de que modo justo devemos viver a vida. Por isso precisamos estar atentos: quem faz dano a uma crian\u00e7a, faz algo contra Deus. Quem toca uma crian\u00e7a, toca uma terra sagrada, n\u00e3o uma terra de ningu\u00e9m.<\/p>\n<p><strong>Pe. Paulo Eduardo J\u00e1como, sdb.<\/strong><\/p>\n","protected":false},"excerpt":{"rendered":"<p>S\u00e1bado, 19 de agosto de 2023. &nbsp; Evangelho (Mt 19,13-15) &nbsp; \u201cDeixai as crian\u00e7as e n\u00e3o as proibais de virem a mim, porque delas \u00e9&#8230;<\/p>\n","protected":false},"author":1,"featured_media":7396,"comment_status":"closed","ping_status":"closed","sticky":false,"template":"","format":"standard","meta":{"_acf_changed":false,"footnotes":""},"categories":[13],"tags":[],"class_list":["post-7404","post","type-post","status-publish","format-standard","has-post-thumbnail","hentry","category-reflexaodoevagelho"],"acf":[],"yoast_head":"<!-- This site is optimized with the Yoast SEO plugin v27.3 - https:\/\/yoast.com\/product\/yoast-seo-wordpress\/ -->\n<title>19\/08 - Deixai as crian\u00e7as e n\u00e3o as proibais de virem a mim, porque delas \u00e9 o Reino dos c\u00e9us. - Pastoral Universit\u00e1ria UniSALESIANO<\/title>\n<meta name=\"robots\" content=\"index, follow, max-snippet:-1, max-image-preview:large, max-video-preview:-1\" \/>\n<link rel=\"canonical\" href=\"https:\/\/unisale.com.br\/novo\/19-08-deixai-as-criancas-e-nao-as-proibais-de-virem-a-mim-porque-delas-e-o-reino-dos-ceus\/\" \/>\n<meta property=\"og:locale\" content=\"pt_BR\" \/>\n<meta property=\"og:type\" content=\"article\" \/>\n<meta property=\"og:title\" content=\"19\/08 - Deixai as crian\u00e7as e n\u00e3o as proibais de virem a mim, porque delas \u00e9 o Reino dos c\u00e9us. - Pastoral Universit\u00e1ria UniSALESIANO\" \/>\n<meta property=\"og:description\" content=\"S\u00e1bado, 19 de agosto de 2023. &nbsp; Evangelho (Mt 19,13-15) &nbsp; \u201cDeixai as crian\u00e7as e n\u00e3o as proibais de virem a mim, porque delas \u00e9...\" \/>\n<meta property=\"og:url\" content=\"https:\/\/unisale.com.br\/novo\/19-08-deixai-as-criancas-e-nao-as-proibais-de-virem-a-mim-porque-delas-e-o-reino-dos-ceus\/\" \/>\n<meta property=\"og:site_name\" content=\"Pastoral Universit\u00e1ria UniSALESIANO\" \/>\n<meta property=\"article:published_time\" content=\"2023-08-16T10:51:40+00:00\" \/>\n<meta name=\"author\" content=\"pastoral\" \/>\n<meta name=\"twitter:card\" content=\"summary_large_image\" \/>\n<meta name=\"twitter:label1\" content=\"Escrito por\" \/>\n\t<meta name=\"twitter:data1\" content=\"pastoral\" \/>\n\t<meta name=\"twitter:label2\" content=\"Est. tempo de leitura\" \/>\n\t<meta name=\"twitter:data2\" content=\"2 minutos\" \/>\n<script type=\"application\/ld+json\" class=\"yoast-schema-graph\">{\"@context\":\"https:\\\/\\\/schema.org\",\"@graph\":[{\"@type\":\"Article\",\"@id\":\"https:\\\/\\\/unisale.com.br\\\/novo\\\/19-08-deixai-as-criancas-e-nao-as-proibais-de-virem-a-mim-porque-delas-e-o-reino-dos-ceus\\\/#article\",\"isPartOf\":{\"@id\":\"https:\\\/\\\/unisale.com.br\\\/novo\\\/19-08-deixai-as-criancas-e-nao-as-proibais-de-virem-a-mim-porque-delas-e-o-reino-dos-ceus\\\/\"},\"author\":{\"name\":\"pastoral\",\"@id\":\"https:\\\/\\\/unisale.com.br\\\/pastoral\\\/#\\\/schema\\\/person\\\/a16ba711a0f7dec9cb6b44563144d5a3\"},\"headline\":\"19\\\/08 &#8211; Deixai as crian\u00e7as e n\u00e3o as proibais de virem a mim, porque delas \u00e9 o Reino dos c\u00e9us.\",\"datePublished\":\"2023-08-16T10:51:40+00:00\",\"mainEntityOfPage\":{\"@id\":\"https:\\\/\\\/unisale.com.br\\\/novo\\\/19-08-deixai-as-criancas-e-nao-as-proibais-de-virem-a-mim-porque-delas-e-o-reino-dos-ceus\\\/\"},\"wordCount\":410,\"image\":{\"@id\":\"https:\\\/\\\/unisale.com.br\\\/novo\\\/19-08-deixai-as-criancas-e-nao-as-proibais-de-virem-a-mim-porque-delas-e-o-reino-dos-ceus\\\/#primaryimage\"},\"thumbnailUrl\":\"https:\\\/\\\/unisale.com.br\\\/pastoral\\\/wp-content\\\/uploads\\\/2023\\\/08\\\/Ev-19.jpg\",\"articleSection\":[\"Reflex\u00e3o do Evangelho\"],\"inLanguage\":\"pt-BR\"},{\"@type\":\"WebPage\",\"@id\":\"https:\\\/\\\/unisale.com.br\\\/novo\\\/19-08-deixai-as-criancas-e-nao-as-proibais-de-virem-a-mim-porque-delas-e-o-reino-dos-ceus\\\/\",\"url\":\"https:\\\/\\\/unisale.com.br\\\/novo\\\/19-08-deixai-as-criancas-e-nao-as-proibais-de-virem-a-mim-porque-delas-e-o-reino-dos-ceus\\\/\",\"name\":\"19\\\/08 - Deixai as crian\u00e7as e n\u00e3o as proibais de virem a mim, porque delas \u00e9 o Reino dos c\u00e9us. - Pastoral Universit\u00e1ria UniSALESIANO\",\"isPartOf\":{\"@id\":\"https:\\\/\\\/unisale.com.br\\\/pastoral\\\/#website\"},\"primaryImageOfPage\":{\"@id\":\"https:\\\/\\\/unisale.com.br\\\/novo\\\/19-08-deixai-as-criancas-e-nao-as-proibais-de-virem-a-mim-porque-delas-e-o-reino-dos-ceus\\\/#primaryimage\"},\"image\":{\"@id\":\"https:\\\/\\\/unisale.com.br\\\/novo\\\/19-08-deixai-as-criancas-e-nao-as-proibais-de-virem-a-mim-porque-delas-e-o-reino-dos-ceus\\\/#primaryimage\"},\"thumbnailUrl\":\"https:\\\/\\\/unisale.com.br\\\/pastoral\\\/wp-content\\\/uploads\\\/2023\\\/08\\\/Ev-19.jpg\",\"datePublished\":\"2023-08-16T10:51:40+00:00\",\"author\":{\"@id\":\"https:\\\/\\\/unisale.com.br\\\/pastoral\\\/#\\\/schema\\\/person\\\/a16ba711a0f7dec9cb6b44563144d5a3\"},\"inLanguage\":\"pt-BR\",\"potentialAction\":[{\"@type\":\"ReadAction\",\"target\":[\"https:\\\/\\\/unisale.com.br\\\/novo\\\/19-08-deixai-as-criancas-e-nao-as-proibais-de-virem-a-mim-porque-delas-e-o-reino-dos-ceus\\\/\"]}]},{\"@type\":\"ImageObject\",\"inLanguage\":\"pt-BR\",\"@id\":\"https:\\\/\\\/unisale.com.br\\\/novo\\\/19-08-deixai-as-criancas-e-nao-as-proibais-de-virem-a-mim-porque-delas-e-o-reino-dos-ceus\\\/#primaryimage\",\"url\":\"https:\\\/\\\/unisale.com.br\\\/pastoral\\\/wp-content\\\/uploads\\\/2023\\\/08\\\/Ev-19.jpg\",\"contentUrl\":\"https:\\\/\\\/unisale.com.br\\\/pastoral\\\/wp-content\\\/uploads\\\/2023\\\/08\\\/Ev-19.jpg\",\"width\":259,\"height\":194},{\"@type\":\"WebSite\",\"@id\":\"https:\\\/\\\/unisale.com.br\\\/pastoral\\\/#website\",\"url\":\"https:\\\/\\\/unisale.com.br\\\/pastoral\\\/\",\"name\":\"Pastoral Universit\u00e1ria UniSALESIANO\",\"description\":\"Site da Pastoral Universit\u00e1ria do UniSALESIANO\",\"potentialAction\":[{\"@type\":\"SearchAction\",\"target\":{\"@type\":\"EntryPoint\",\"urlTemplate\":\"https:\\\/\\\/unisale.com.br\\\/pastoral\\\/?s={search_term_string}\"},\"query-input\":{\"@type\":\"PropertyValueSpecification\",\"valueRequired\":true,\"valueName\":\"search_term_string\"}}],\"inLanguage\":\"pt-BR\"},{\"@type\":\"Person\",\"@id\":\"https:\\\/\\\/unisale.com.br\\\/pastoral\\\/#\\\/schema\\\/person\\\/a16ba711a0f7dec9cb6b44563144d5a3\",\"name\":\"pastoral\",\"url\":\"https:\\\/\\\/unisale.com.br\\\/pastoral\\\/author\\\/pastoral\\\/\"}]}<\/script>\n<!-- \/ Yoast SEO plugin. -->","yoast_head_json":{"title":"19\/08 - Deixai as crian\u00e7as e n\u00e3o as proibais de virem a mim, porque delas \u00e9 o Reino dos c\u00e9us. - Pastoral Universit\u00e1ria UniSALESIANO","robots":{"index":"index","follow":"follow","max-snippet":"max-snippet:-1","max-image-preview":"max-image-preview:large","max-video-preview":"max-video-preview:-1"},"canonical":"https:\/\/unisale.com.br\/novo\/19-08-deixai-as-criancas-e-nao-as-proibais-de-virem-a-mim-porque-delas-e-o-reino-dos-ceus\/","og_locale":"pt_BR","og_type":"article","og_title":"19\/08 - Deixai as crian\u00e7as e n\u00e3o as proibais de virem a mim, porque delas \u00e9 o Reino dos c\u00e9us. - Pastoral Universit\u00e1ria UniSALESIANO","og_description":"S\u00e1bado, 19 de agosto de 2023. &nbsp; Evangelho (Mt 19,13-15) &nbsp; \u201cDeixai as crian\u00e7as e n\u00e3o as proibais de virem a mim, porque delas \u00e9...","og_url":"https:\/\/unisale.com.br\/novo\/19-08-deixai-as-criancas-e-nao-as-proibais-de-virem-a-mim-porque-delas-e-o-reino-dos-ceus\/","og_site_name":"Pastoral Universit\u00e1ria UniSALESIANO","article_published_time":"2023-08-16T10:51:40+00:00","author":"pastoral","twitter_card":"summary_large_image","twitter_misc":{"Escrito por":"pastoral","Est. tempo de leitura":"2 minutos"},"schema":{"@context":"https:\/\/schema.org","@graph":[{"@type":"Article","@id":"https:\/\/unisale.com.br\/novo\/19-08-deixai-as-criancas-e-nao-as-proibais-de-virem-a-mim-porque-delas-e-o-reino-dos-ceus\/#article","isPartOf":{"@id":"https:\/\/unisale.com.br\/novo\/19-08-deixai-as-criancas-e-nao-as-proibais-de-virem-a-mim-porque-delas-e-o-reino-dos-ceus\/"},"author":{"name":"pastoral","@id":"https:\/\/unisale.com.br\/pastoral\/#\/schema\/person\/a16ba711a0f7dec9cb6b44563144d5a3"},"headline":"19\/08 &#8211; Deixai as crian\u00e7as e n\u00e3o as proibais de virem a mim, porque delas \u00e9 o Reino dos c\u00e9us.","datePublished":"2023-08-16T10:51:40+00:00","mainEntityOfPage":{"@id":"https:\/\/unisale.com.br\/novo\/19-08-deixai-as-criancas-e-nao-as-proibais-de-virem-a-mim-porque-delas-e-o-reino-dos-ceus\/"},"wordCount":410,"image":{"@id":"https:\/\/unisale.com.br\/novo\/19-08-deixai-as-criancas-e-nao-as-proibais-de-virem-a-mim-porque-delas-e-o-reino-dos-ceus\/#primaryimage"},"thumbnailUrl":"https:\/\/unisale.com.br\/pastoral\/wp-content\/uploads\/2023\/08\/Ev-19.jpg","articleSection":["Reflex\u00e3o do Evangelho"],"inLanguage":"pt-BR"},{"@type":"WebPage","@id":"https:\/\/unisale.com.br\/novo\/19-08-deixai-as-criancas-e-nao-as-proibais-de-virem-a-mim-porque-delas-e-o-reino-dos-ceus\/","url":"https:\/\/unisale.com.br\/novo\/19-08-deixai-as-criancas-e-nao-as-proibais-de-virem-a-mim-porque-delas-e-o-reino-dos-ceus\/","name":"19\/08 - Deixai as crian\u00e7as e n\u00e3o as proibais de virem a mim, porque delas \u00e9 o Reino dos c\u00e9us. - Pastoral Universit\u00e1ria UniSALESIANO","isPartOf":{"@id":"https:\/\/unisale.com.br\/pastoral\/#website"},"primaryImageOfPage":{"@id":"https:\/\/unisale.com.br\/novo\/19-08-deixai-as-criancas-e-nao-as-proibais-de-virem-a-mim-porque-delas-e-o-reino-dos-ceus\/#primaryimage"},"image":{"@id":"https:\/\/unisale.com.br\/novo\/19-08-deixai-as-criancas-e-nao-as-proibais-de-virem-a-mim-porque-delas-e-o-reino-dos-ceus\/#primaryimage"},"thumbnailUrl":"https:\/\/unisale.com.br\/pastoral\/wp-content\/uploads\/2023\/08\/Ev-19.jpg","datePublished":"2023-08-16T10:51:40+00:00","author":{"@id":"https:\/\/unisale.com.br\/pastoral\/#\/schema\/person\/a16ba711a0f7dec9cb6b44563144d5a3"},"inLanguage":"pt-BR","potentialAction":[{"@type":"ReadAction","target":["https:\/\/unisale.com.br\/novo\/19-08-deixai-as-criancas-e-nao-as-proibais-de-virem-a-mim-porque-delas-e-o-reino-dos-ceus\/"]}]},{"@type":"ImageObject","inLanguage":"pt-BR","@id":"https:\/\/unisale.com.br\/novo\/19-08-deixai-as-criancas-e-nao-as-proibais-de-virem-a-mim-porque-delas-e-o-reino-dos-ceus\/#primaryimage","url":"https:\/\/unisale.com.br\/pastoral\/wp-content\/uploads\/2023\/08\/Ev-19.jpg","contentUrl":"https:\/\/unisale.com.br\/pastoral\/wp-content\/uploads\/2023\/08\/Ev-19.jpg","width":259,"height":194},{"@type":"WebSite","@id":"https:\/\/unisale.com.br\/pastoral\/#website","url":"https:\/\/unisale.com.br\/pastoral\/","name":"Pastoral Universit\u00e1ria UniSALESIANO","description":"Site da Pastoral Universit\u00e1ria do UniSALESIANO","potentialAction":[{"@type":"SearchAction","target":{"@type":"EntryPoint","urlTemplate":"https:\/\/unisale.com.br\/pastoral\/?s={search_term_string}"},"query-input":{"@type":"PropertyValueSpecification","valueRequired":true,"valueName":"search_term_string"}}],"inLanguage":"pt-BR"},{"@type":"Person","@id":"https:\/\/unisale.com.br\/pastoral\/#\/schema\/person\/a16ba711a0f7dec9cb6b44563144d5a3","name":"pastoral","url":"https:\/\/unisale.com.br\/pastoral\/author\/pastoral\/"}]}},"_links":{"self":[{"href":"https:\/\/unisale.com.br\/pastoral\/wp-json\/wp\/v2\/posts\/7404","targetHints":{"allow":["GET"]}}],"collection":[{"href":"https:\/\/unisale.com.br\/pastoral\/wp-json\/wp\/v2\/posts"}],"about":[{"href":"https:\/\/unisale.com.br\/pastoral\/wp-json\/wp\/v2\/types\/post"}],"author":[{"embeddable":true,"href":"https:\/\/unisale.com.br\/pastoral\/wp-json\/wp\/v2\/users\/1"}],"replies":[{"embeddable":true,"href":"https:\/\/unisale.com.br\/pastoral\/wp-json\/wp\/v2\/comments?post=7404"}],"version-history":[{"count":0,"href":"https:\/\/unisale.com.br\/pastoral\/wp-json\/wp\/v2\/posts\/7404\/revisions"}],"wp:featuredmedia":[{"embeddable":true,"href":"https:\/\/unisale.com.br\/pastoral\/wp-json\/wp\/v2\/media\/7396"}],"wp:attachment":[{"href":"https:\/\/unisale.com.br\/pastoral\/wp-json\/wp\/v2\/media?parent=7404"}],"wp:term":[{"taxonomy":"category","embeddable":true,"href":"https:\/\/unisale.com.br\/pastoral\/wp-json\/wp\/v2\/categories?post=7404"},{"taxonomy":"post_tag","embeddable":true,"href":"https:\/\/unisale.com.br\/pastoral\/wp-json\/wp\/v2\/tags?post=7404"}],"curies":[{"name":"wp","href":"https:\/\/api.w.org\/{rel}","templated":true}]}}