{"id":7434,"date":"2023-08-21T13:50:15","date_gmt":"2023-08-21T13:50:15","guid":{"rendered":"https:\/\/unisale.com.br\/pastoral\/?p=7434"},"modified":"2023-08-21T13:50:15","modified_gmt":"2023-08-21T13:50:15","slug":"28-08-ai-de-vos-mestres-da-lei-e-fariseus-hipocritas","status":"publish","type":"post","link":"https:\/\/unisale.com.br\/pastoral\/28-08-ai-de-vos-mestres-da-lei-e-fariseus-hipocritas\/","title":{"rendered":"28\/08 &#8211; Ai de v\u00f3s, mestres da Lei e fariseus hip\u00f3critas!"},"content":{"rendered":"<p>Segunda, 28 de agosto de 2023.<\/p>\n<p>&nbsp;<\/p>\n<p>Evangelho (Mt 23,13-22)<\/p>\n<p><strong>Ai de v\u00f3s, mestres da Lei e fariseus hip\u00f3critas!<br \/>\n<\/strong><\/p>\n<p>Naquele tempo, disse Jesus: <sup>13<\/sup>\u201cAi de v\u00f3s, mestres da Lei e fariseus hip\u00f3critas! V\u00f3s fechais o Reino dos C\u00e9us aos homens. V\u00f3s, por\u00e9m, n\u00e3o entrais, <sup>14<\/sup>nem deixais entrar aqueles que o desejam. <sup>15<\/sup>Ai de v\u00f3s, mestres da Lei e fariseus hip\u00f3critas! V\u00f3s percorreis o mar e a terra para converter algu\u00e9m, e quando conseguis, o tornais merecedor do inferno, duas vezes pior do que v\u00f3s. <sup>16<\/sup>Ai de v\u00f3s, guias cegos! V\u00f3s dizeis: \u2018Se algu\u00e9m jura pelo Templo, n\u00e3o vale; mas, se algu\u00e9m jura pelo ouro do Templo, ent\u00e3o vale!\u2019 <sup>17<\/sup>Insensatos e cegos! O que vale mais: o ouro ou o Templo que santifica o ouro? <sup>18<\/sup>V\u00f3s dizeis tamb\u00e9m: \u2018Se algu\u00e9m jura pelo altar, n\u00e3o vale; mas, se algu\u00e9m jura pela oferta que est\u00e1 sobre o altar, ent\u00e3o vale!\u2019 <sup>19<\/sup>Cegos! O que vale mais: a oferta, ou o altar que santifica a oferta? <sup>20<\/sup>Com efeito, quem jura pelo altar, jura por ele e por tudo o que est\u00e1 sobre ele. <sup>21<\/sup>E quem jura pelo Templo, jura por ele e por Deus que habita no Templo. <sup>22<\/sup>E quem jura pelo c\u00e9u, jura pelo trono de Deus e por aquele que nele est\u00e1 sentado\u201d.<\/p>\n<p>&nbsp;<\/p>\n<p>&nbsp;<\/p>\n<p><strong>Reflex\u00e3o<\/strong><\/p>\n<p>&nbsp;<\/p>\n<p>Uma coisa muito triste que acontece com cada um de n\u00f3s \u00e9 justamente o fato de n\u00e3o conseguirmos superar as frustra\u00e7\u00f5es de nossa vida e, no entanto, sobre as mesmas frustra\u00e7\u00f5es n\u00f3s realizamos s\u00e9rias cr\u00edticas sobre a vida dos outros. Muitas vezes n\u00f3s queremos resolver os nossos problemas salientando os problemas dos outros. Impomos nossos sonhos \u00e0queles que amamos e os for\u00e7amos a realiz\u00e1-los porque n\u00e3o conseguimos. A convers\u00e3o que precisamos buscar hoje \u00e9 sobre este grande defeito, ou porqu\u00ea n\u00e3o dizer \u201cdoen\u00e7a\u201d, a doen\u00e7a das coisas n\u00e3o resolvidas em n\u00f3s. Mas tamb\u00e9m precisamos mudar um pouco as nossas prioridades, abandonar as coisas f\u00fateis e focarmos naquilo que \u00e9 s\u00e9rio. Por isso \u00e9 bom que de vez em quando Jesus altere um pouco o volume da sua voz e tamb\u00e9m nos ameace com um \u201cai de v\u00f3s\u201d. \u00c9 como se estivesse fazendo um exorcismo em n\u00f3s, um exorcismo que nos faz acordar do nosso torpor e do uso errado que fazemos da f\u00e9.\u00a0 Precisamos sempre desconfiar de todas as vezes que acreditamos a tal ponto que n\u00e3o queremos escutar nenhuma outra opini\u00e3o. A f\u00e9 n\u00e3o pode nos fazer perder de vista o \u00f3bvio, as pessoas que est\u00e3o ao nosso redor, a dignidade das pessoas, o uso da raz\u00e3o. A f\u00e9 torna todas estas coisas mais eficazes. Se a nossa religi\u00e3o \u00e9 celebrar algo que nos coloca fora da realidade, agora n\u00e3o \u00e9 a f\u00e9 em Jesus Cristo que antes de tudo se encarnou para nos salvar. A l\u00f3gica da encarna\u00e7\u00e3o \u00e9 a l\u00f3gica de quem entende que o espa\u00e7o e o tempo, ou seja, as situa\u00e7\u00f5es concretas que vivemos, s\u00e3o as ocasi\u00f5es que nos veem dadas para se tornarem de fato um culto a Deus. Jogar com o sagrado ou iludir as circunst\u00e2ncias pode nos fazer parecer expertos, mas diante de Deus nenhum cora\u00e7\u00e3o permanece escondido. Diante de Deus n\u00e3o prevalece nenhuma m\u00e1scara, melhor, portanto, confi\u00e1-la \u00e0 sua Miseric\u00f3rdia, assim conseguiremos colocar em evid\u00eancia tudo: \u201cCom efeito, quem jura pelo altar, jura por ele e por tudo o que est\u00e1 sobre ele. E quem jura pelo Templo, jura por ele e por Deus que habita no Templo. E quem jura pelo c\u00e9u, jura pelo trono de Deus e por aquele que nele est\u00e1 sentado\u201d.<\/p>\n<p><strong>Pe. Paulo Eduardo J\u00e1como, sdb.<\/strong><\/p>\n","protected":false},"excerpt":{"rendered":"<p>Segunda, 28 de agosto de 2023. &nbsp; Evangelho (Mt 23,13-22) Ai de v\u00f3s, mestres da Lei e fariseus hip\u00f3critas! Naquele tempo, disse Jesus: 13\u201cAi de&#8230;<\/p>\n","protected":false},"author":1,"featured_media":7435,"comment_status":"closed","ping_status":"closed","sticky":false,"template":"","format":"standard","meta":{"_acf_changed":false,"footnotes":""},"categories":[13],"tags":[],"class_list":["post-7434","post","type-post","status-publish","format-standard","has-post-thumbnail","hentry","category-reflexaodoevagelho"],"acf":[],"yoast_head":"<!-- This site is optimized with the Yoast SEO plugin v27.3 - https:\/\/yoast.com\/product\/yoast-seo-wordpress\/ -->\n<title>28\/08 - Ai de v\u00f3s, mestres da Lei e fariseus hip\u00f3critas! - Pastoral Universit\u00e1ria UniSALESIANO<\/title>\n<meta name=\"robots\" content=\"index, follow, max-snippet:-1, max-image-preview:large, max-video-preview:-1\" \/>\n<link rel=\"canonical\" href=\"https:\/\/unisale.com.br\/novo\/28-08-ai-de-vos-mestres-da-lei-e-fariseus-hipocritas\/\" \/>\n<meta property=\"og:locale\" content=\"pt_BR\" \/>\n<meta property=\"og:type\" content=\"article\" \/>\n<meta property=\"og:title\" content=\"28\/08 - Ai de v\u00f3s, mestres da Lei e fariseus hip\u00f3critas! - Pastoral Universit\u00e1ria UniSALESIANO\" \/>\n<meta property=\"og:description\" content=\"Segunda, 28 de agosto de 2023. &nbsp; Evangelho (Mt 23,13-22) Ai de v\u00f3s, mestres da Lei e fariseus hip\u00f3critas! Naquele tempo, disse Jesus: 13\u201cAi de...\" \/>\n<meta property=\"og:url\" content=\"https:\/\/unisale.com.br\/novo\/28-08-ai-de-vos-mestres-da-lei-e-fariseus-hipocritas\/\" \/>\n<meta property=\"og:site_name\" content=\"Pastoral Universit\u00e1ria UniSALESIANO\" \/>\n<meta property=\"article:published_time\" content=\"2023-08-21T13:50:15+00:00\" \/>\n<meta name=\"author\" content=\"pastoral\" \/>\n<meta name=\"twitter:card\" content=\"summary_large_image\" \/>\n<meta name=\"twitter:label1\" content=\"Escrito por\" \/>\n\t<meta name=\"twitter:data1\" content=\"pastoral\" \/>\n\t<meta name=\"twitter:label2\" content=\"Est. tempo de leitura\" \/>\n\t<meta name=\"twitter:data2\" content=\"3 minutos\" \/>\n<script type=\"application\/ld+json\" class=\"yoast-schema-graph\">{\"@context\":\"https:\\\/\\\/schema.org\",\"@graph\":[{\"@type\":\"Article\",\"@id\":\"https:\\\/\\\/unisale.com.br\\\/novo\\\/28-08-ai-de-vos-mestres-da-lei-e-fariseus-hipocritas\\\/#article\",\"isPartOf\":{\"@id\":\"https:\\\/\\\/unisale.com.br\\\/novo\\\/28-08-ai-de-vos-mestres-da-lei-e-fariseus-hipocritas\\\/\"},\"author\":{\"name\":\"pastoral\",\"@id\":\"https:\\\/\\\/unisale.com.br\\\/pastoral\\\/#\\\/schema\\\/person\\\/a16ba711a0f7dec9cb6b44563144d5a3\"},\"headline\":\"28\\\/08 &#8211; Ai de v\u00f3s, mestres da Lei e fariseus hip\u00f3critas!\",\"datePublished\":\"2023-08-21T13:50:15+00:00\",\"mainEntityOfPage\":{\"@id\":\"https:\\\/\\\/unisale.com.br\\\/novo\\\/28-08-ai-de-vos-mestres-da-lei-e-fariseus-hipocritas\\\/\"},\"wordCount\":668,\"image\":{\"@id\":\"https:\\\/\\\/unisale.com.br\\\/novo\\\/28-08-ai-de-vos-mestres-da-lei-e-fariseus-hipocritas\\\/#primaryimage\"},\"thumbnailUrl\":\"https:\\\/\\\/unisale.com.br\\\/pastoral\\\/wp-content\\\/uploads\\\/2023\\\/08\\\/Ev-28.jpg\",\"articleSection\":[\"Reflex\u00e3o do Evangelho\"],\"inLanguage\":\"pt-BR\"},{\"@type\":\"WebPage\",\"@id\":\"https:\\\/\\\/unisale.com.br\\\/novo\\\/28-08-ai-de-vos-mestres-da-lei-e-fariseus-hipocritas\\\/\",\"url\":\"https:\\\/\\\/unisale.com.br\\\/novo\\\/28-08-ai-de-vos-mestres-da-lei-e-fariseus-hipocritas\\\/\",\"name\":\"28\\\/08 - Ai de v\u00f3s, mestres da Lei e fariseus hip\u00f3critas! - Pastoral Universit\u00e1ria UniSALESIANO\",\"isPartOf\":{\"@id\":\"https:\\\/\\\/unisale.com.br\\\/pastoral\\\/#website\"},\"primaryImageOfPage\":{\"@id\":\"https:\\\/\\\/unisale.com.br\\\/novo\\\/28-08-ai-de-vos-mestres-da-lei-e-fariseus-hipocritas\\\/#primaryimage\"},\"image\":{\"@id\":\"https:\\\/\\\/unisale.com.br\\\/novo\\\/28-08-ai-de-vos-mestres-da-lei-e-fariseus-hipocritas\\\/#primaryimage\"},\"thumbnailUrl\":\"https:\\\/\\\/unisale.com.br\\\/pastoral\\\/wp-content\\\/uploads\\\/2023\\\/08\\\/Ev-28.jpg\",\"datePublished\":\"2023-08-21T13:50:15+00:00\",\"author\":{\"@id\":\"https:\\\/\\\/unisale.com.br\\\/pastoral\\\/#\\\/schema\\\/person\\\/a16ba711a0f7dec9cb6b44563144d5a3\"},\"inLanguage\":\"pt-BR\",\"potentialAction\":[{\"@type\":\"ReadAction\",\"target\":[\"https:\\\/\\\/unisale.com.br\\\/novo\\\/28-08-ai-de-vos-mestres-da-lei-e-fariseus-hipocritas\\\/\"]}]},{\"@type\":\"ImageObject\",\"inLanguage\":\"pt-BR\",\"@id\":\"https:\\\/\\\/unisale.com.br\\\/novo\\\/28-08-ai-de-vos-mestres-da-lei-e-fariseus-hipocritas\\\/#primaryimage\",\"url\":\"https:\\\/\\\/unisale.com.br\\\/pastoral\\\/wp-content\\\/uploads\\\/2023\\\/08\\\/Ev-28.jpg\",\"contentUrl\":\"https:\\\/\\\/unisale.com.br\\\/pastoral\\\/wp-content\\\/uploads\\\/2023\\\/08\\\/Ev-28.jpg\",\"width\":600,\"height\":350},{\"@type\":\"WebSite\",\"@id\":\"https:\\\/\\\/unisale.com.br\\\/pastoral\\\/#website\",\"url\":\"https:\\\/\\\/unisale.com.br\\\/pastoral\\\/\",\"name\":\"Pastoral Universit\u00e1ria UniSALESIANO\",\"description\":\"Site da Pastoral Universit\u00e1ria do UniSALESIANO\",\"potentialAction\":[{\"@type\":\"SearchAction\",\"target\":{\"@type\":\"EntryPoint\",\"urlTemplate\":\"https:\\\/\\\/unisale.com.br\\\/pastoral\\\/?s={search_term_string}\"},\"query-input\":{\"@type\":\"PropertyValueSpecification\",\"valueRequired\":true,\"valueName\":\"search_term_string\"}}],\"inLanguage\":\"pt-BR\"},{\"@type\":\"Person\",\"@id\":\"https:\\\/\\\/unisale.com.br\\\/pastoral\\\/#\\\/schema\\\/person\\\/a16ba711a0f7dec9cb6b44563144d5a3\",\"name\":\"pastoral\",\"url\":\"https:\\\/\\\/unisale.com.br\\\/pastoral\\\/author\\\/pastoral\\\/\"}]}<\/script>\n<!-- \/ Yoast SEO plugin. -->","yoast_head_json":{"title":"28\/08 - Ai de v\u00f3s, mestres da Lei e fariseus hip\u00f3critas! - Pastoral Universit\u00e1ria UniSALESIANO","robots":{"index":"index","follow":"follow","max-snippet":"max-snippet:-1","max-image-preview":"max-image-preview:large","max-video-preview":"max-video-preview:-1"},"canonical":"https:\/\/unisale.com.br\/novo\/28-08-ai-de-vos-mestres-da-lei-e-fariseus-hipocritas\/","og_locale":"pt_BR","og_type":"article","og_title":"28\/08 - Ai de v\u00f3s, mestres da Lei e fariseus hip\u00f3critas! - Pastoral Universit\u00e1ria UniSALESIANO","og_description":"Segunda, 28 de agosto de 2023. &nbsp; Evangelho (Mt 23,13-22) Ai de v\u00f3s, mestres da Lei e fariseus hip\u00f3critas! Naquele tempo, disse Jesus: 13\u201cAi de...","og_url":"https:\/\/unisale.com.br\/novo\/28-08-ai-de-vos-mestres-da-lei-e-fariseus-hipocritas\/","og_site_name":"Pastoral Universit\u00e1ria UniSALESIANO","article_published_time":"2023-08-21T13:50:15+00:00","author":"pastoral","twitter_card":"summary_large_image","twitter_misc":{"Escrito por":"pastoral","Est. tempo de leitura":"3 minutos"},"schema":{"@context":"https:\/\/schema.org","@graph":[{"@type":"Article","@id":"https:\/\/unisale.com.br\/novo\/28-08-ai-de-vos-mestres-da-lei-e-fariseus-hipocritas\/#article","isPartOf":{"@id":"https:\/\/unisale.com.br\/novo\/28-08-ai-de-vos-mestres-da-lei-e-fariseus-hipocritas\/"},"author":{"name":"pastoral","@id":"https:\/\/unisale.com.br\/pastoral\/#\/schema\/person\/a16ba711a0f7dec9cb6b44563144d5a3"},"headline":"28\/08 &#8211; Ai de v\u00f3s, mestres da Lei e fariseus hip\u00f3critas!","datePublished":"2023-08-21T13:50:15+00:00","mainEntityOfPage":{"@id":"https:\/\/unisale.com.br\/novo\/28-08-ai-de-vos-mestres-da-lei-e-fariseus-hipocritas\/"},"wordCount":668,"image":{"@id":"https:\/\/unisale.com.br\/novo\/28-08-ai-de-vos-mestres-da-lei-e-fariseus-hipocritas\/#primaryimage"},"thumbnailUrl":"https:\/\/unisale.com.br\/pastoral\/wp-content\/uploads\/2023\/08\/Ev-28.jpg","articleSection":["Reflex\u00e3o do Evangelho"],"inLanguage":"pt-BR"},{"@type":"WebPage","@id":"https:\/\/unisale.com.br\/novo\/28-08-ai-de-vos-mestres-da-lei-e-fariseus-hipocritas\/","url":"https:\/\/unisale.com.br\/novo\/28-08-ai-de-vos-mestres-da-lei-e-fariseus-hipocritas\/","name":"28\/08 - Ai de v\u00f3s, mestres da Lei e fariseus hip\u00f3critas! - Pastoral Universit\u00e1ria UniSALESIANO","isPartOf":{"@id":"https:\/\/unisale.com.br\/pastoral\/#website"},"primaryImageOfPage":{"@id":"https:\/\/unisale.com.br\/novo\/28-08-ai-de-vos-mestres-da-lei-e-fariseus-hipocritas\/#primaryimage"},"image":{"@id":"https:\/\/unisale.com.br\/novo\/28-08-ai-de-vos-mestres-da-lei-e-fariseus-hipocritas\/#primaryimage"},"thumbnailUrl":"https:\/\/unisale.com.br\/pastoral\/wp-content\/uploads\/2023\/08\/Ev-28.jpg","datePublished":"2023-08-21T13:50:15+00:00","author":{"@id":"https:\/\/unisale.com.br\/pastoral\/#\/schema\/person\/a16ba711a0f7dec9cb6b44563144d5a3"},"inLanguage":"pt-BR","potentialAction":[{"@type":"ReadAction","target":["https:\/\/unisale.com.br\/novo\/28-08-ai-de-vos-mestres-da-lei-e-fariseus-hipocritas\/"]}]},{"@type":"ImageObject","inLanguage":"pt-BR","@id":"https:\/\/unisale.com.br\/novo\/28-08-ai-de-vos-mestres-da-lei-e-fariseus-hipocritas\/#primaryimage","url":"https:\/\/unisale.com.br\/pastoral\/wp-content\/uploads\/2023\/08\/Ev-28.jpg","contentUrl":"https:\/\/unisale.com.br\/pastoral\/wp-content\/uploads\/2023\/08\/Ev-28.jpg","width":600,"height":350},{"@type":"WebSite","@id":"https:\/\/unisale.com.br\/pastoral\/#website","url":"https:\/\/unisale.com.br\/pastoral\/","name":"Pastoral Universit\u00e1ria UniSALESIANO","description":"Site da Pastoral Universit\u00e1ria do UniSALESIANO","potentialAction":[{"@type":"SearchAction","target":{"@type":"EntryPoint","urlTemplate":"https:\/\/unisale.com.br\/pastoral\/?s={search_term_string}"},"query-input":{"@type":"PropertyValueSpecification","valueRequired":true,"valueName":"search_term_string"}}],"inLanguage":"pt-BR"},{"@type":"Person","@id":"https:\/\/unisale.com.br\/pastoral\/#\/schema\/person\/a16ba711a0f7dec9cb6b44563144d5a3","name":"pastoral","url":"https:\/\/unisale.com.br\/pastoral\/author\/pastoral\/"}]}},"_links":{"self":[{"href":"https:\/\/unisale.com.br\/pastoral\/wp-json\/wp\/v2\/posts\/7434","targetHints":{"allow":["GET"]}}],"collection":[{"href":"https:\/\/unisale.com.br\/pastoral\/wp-json\/wp\/v2\/posts"}],"about":[{"href":"https:\/\/unisale.com.br\/pastoral\/wp-json\/wp\/v2\/types\/post"}],"author":[{"embeddable":true,"href":"https:\/\/unisale.com.br\/pastoral\/wp-json\/wp\/v2\/users\/1"}],"replies":[{"embeddable":true,"href":"https:\/\/unisale.com.br\/pastoral\/wp-json\/wp\/v2\/comments?post=7434"}],"version-history":[{"count":0,"href":"https:\/\/unisale.com.br\/pastoral\/wp-json\/wp\/v2\/posts\/7434\/revisions"}],"wp:featuredmedia":[{"embeddable":true,"href":"https:\/\/unisale.com.br\/pastoral\/wp-json\/wp\/v2\/media\/7435"}],"wp:attachment":[{"href":"https:\/\/unisale.com.br\/pastoral\/wp-json\/wp\/v2\/media?parent=7434"}],"wp:term":[{"taxonomy":"category","embeddable":true,"href":"https:\/\/unisale.com.br\/pastoral\/wp-json\/wp\/v2\/categories?post=7434"},{"taxonomy":"post_tag","embeddable":true,"href":"https:\/\/unisale.com.br\/pastoral\/wp-json\/wp\/v2\/tags?post=7434"}],"curies":[{"name":"wp","href":"https:\/\/api.w.org\/{rel}","templated":true}]}}