{"id":7446,"date":"2023-08-21T13:54:12","date_gmt":"2023-08-21T13:54:12","guid":{"rendered":"https:\/\/unisale.com.br\/pastoral\/?p=7446"},"modified":"2023-08-21T13:54:12","modified_gmt":"2023-08-21T13:54:12","slug":"30-08-ficai-atentos-porque-nao-sabeis-em-que-dia-vira-o-senhor","status":"publish","type":"post","link":"https:\/\/unisale.com.br\/pastoral\/30-08-ficai-atentos-porque-nao-sabeis-em-que-dia-vira-o-senhor\/","title":{"rendered":"31\/08 &#8211; Ficai atentos, porque n\u00e3o sabeis em que dia vir\u00e1 o Senhor."},"content":{"rendered":"<p>Quinta-feira, 31 de agosto de 2023.<\/p>\n<p>Evangelho (Mt 24,42-51)<\/p>\n<p><strong><br \/>\n\u201cFicai atentos, porque n\u00e3o sabeis em que dia vir\u00e1 o Senhor\u201d<\/strong><\/p>\n<p>&nbsp;<\/p>\n<p>Naquele tempo disse Jesus aos seus disc\u00edpulos: 42\u201cFicai atentos, porque n\u00e3o sabeis em que dia vir\u00e1 o Senhor! 43Compreendei bem isso: se o dono da casa soubesse a que horas viria o ladr\u00e3o, certamente vigiaria e n\u00e3o deixaria que a sua casa fosse arrombada. 44Por isso, tamb\u00e9m v\u00f3s ficai preparados! Porque na hora em que menos pensais, o Filho do Homem vir\u00e1. 45Qual \u00e9 o empregado fiel e prudente, que o senhor colocou como respons\u00e1vel pelos demais empregados, para lhes dar alimento na hora certa? 46Feliz o empregado, cujo senhor encontrar agindo assim, quando voltar. 47Em verdade vos digo, ele lhe confiar\u00e1 a administra\u00e7\u00e3o de todos os seus bens. 48Mas, se o empregado mau pensar: \u2018Meu Senhor est\u00e1 demorando\u2019, 49e come\u00e7ar a bater nos companheiros, a comer e a beber com os b\u00eabados; 50ent\u00e3o o senhor desse empregado vir\u00e1 no dia em que ele n\u00e3o espera, e na hora que ele n\u00e3o sabe. 51Ele o partir\u00e1 ao meio e lhe impor\u00e1 a sorte dos hip\u00f3critas. Ali haver\u00e1 choro e ranger de dentes\u201d.<\/p>\n<p><strong>Reflex\u00e3o<\/strong><\/p>\n<p>&nbsp;<\/p>\n<p>A morte nunca foi algo muito f\u00e1cil de digerir, afinal, n\u00f3s fomos feitos para a vida. Como diz o evangelho de hoje, a morte \u00e9 como um ladr\u00e3o, n\u00e3o sabemos a hora que vai chegar. Mas apesar de tudo, n\u00f3s n\u00e3o podemos nos entregar \u00e0 l\u00f3gica da morte, pois ela jamais \u00e9 a solu\u00e7\u00e3o. Podemos e devemos aceita-la, mas n\u00e3o busca-la como se ela fosse a solu\u00e7\u00e3o para a nossa vida. Podemos nos preparar para a morte, mas jamais ser c\u00famplices dela. O que Jesus nos pede no Evangelho? Pede que combatamos as injusti\u00e7as que levam \u00e0 morte. O que \u00e9 certo \u00e9 que quando nos encontramos diante da morte n\u00f3s encontramos o medo, a ang\u00fastia, a solid\u00e3o. Tamb\u00e9m Jesus experimentou o medo diante da morte e tamb\u00e9m a tenta\u00e7\u00e3o. E Ele superou tudo com a \u00fanica maneira que existe para se superar: abra\u00e7ando a vontade do Pai: \u201cPai, se queres, afasta de mim este c\u00e1lice. Mas n\u00e3o se fa\u00e7a a minha vontade, e sim a tua\u201d (Lc 22,42). Foi o que Jesus fez naquela noite no Horto das Oliveiras e nos ensinou como afastar de n\u00f3s o medo e a tristeza. Somente nos abandonando com confian\u00e7a \u00e9 que nos vem a ajuda para encontrarmos a justa dimens\u00e3o diante da despropor\u00e7\u00e3o do trauma da morte. Somente nos lan\u00e7ando nos bra\u00e7os de Deus \u00e9 que conseguimos atravessar este momento decisivo da nossa vida. \u00c9 isso mesmo, a morte \u00e9 um momento da vida, mas n\u00e3o \u00e9 o fim. Jesus transformou este momento em P\u00e1scoa, isto \u00e9, numa passagem. E \u00e9 assim que devemos viver a morte; como uma \u201cpassagem\u201d.<\/p>\n<p><strong>Pe. Paulo Eduardo J\u00e1como, sdb.<\/strong><\/p>\n","protected":false},"excerpt":{"rendered":"<p>Quinta-feira, 31 de agosto de 2023. Evangelho (Mt 24,42-51) \u201cFicai atentos, porque n\u00e3o sabeis em que dia vir\u00e1 o Senhor\u201d &nbsp; Naquele tempo disse Jesus&#8230;<\/p>\n","protected":false},"author":1,"featured_media":7438,"comment_status":"closed","ping_status":"closed","sticky":false,"template":"","format":"standard","meta":{"_acf_changed":false,"footnotes":""},"categories":[13],"tags":[],"class_list":["post-7446","post","type-post","status-publish","format-standard","has-post-thumbnail","hentry","category-reflexaodoevagelho"],"acf":[],"yoast_head":"<!-- This site is optimized with the Yoast SEO plugin v27.3 - https:\/\/yoast.com\/product\/yoast-seo-wordpress\/ -->\n<title>31\/08 - Ficai atentos, porque n\u00e3o sabeis em que dia vir\u00e1 o Senhor. - Pastoral Universit\u00e1ria UniSALESIANO<\/title>\n<meta name=\"robots\" content=\"index, follow, max-snippet:-1, max-image-preview:large, max-video-preview:-1\" \/>\n<link rel=\"canonical\" href=\"https:\/\/unisale.com.br\/novo\/30-08-ficai-atentos-porque-nao-sabeis-em-que-dia-vira-o-senhor\/\" \/>\n<meta property=\"og:locale\" content=\"pt_BR\" \/>\n<meta property=\"og:type\" content=\"article\" \/>\n<meta property=\"og:title\" content=\"31\/08 - Ficai atentos, porque n\u00e3o sabeis em que dia vir\u00e1 o Senhor. - Pastoral Universit\u00e1ria UniSALESIANO\" \/>\n<meta property=\"og:description\" content=\"Quinta-feira, 31 de agosto de 2023. Evangelho (Mt 24,42-51) \u201cFicai atentos, porque n\u00e3o sabeis em que dia vir\u00e1 o Senhor\u201d &nbsp; Naquele tempo disse Jesus...\" \/>\n<meta property=\"og:url\" content=\"https:\/\/unisale.com.br\/novo\/30-08-ficai-atentos-porque-nao-sabeis-em-que-dia-vira-o-senhor\/\" \/>\n<meta property=\"og:site_name\" content=\"Pastoral Universit\u00e1ria UniSALESIANO\" \/>\n<meta property=\"article:published_time\" content=\"2023-08-21T13:54:12+00:00\" \/>\n<meta name=\"author\" content=\"pastoral\" \/>\n<meta name=\"twitter:card\" content=\"summary_large_image\" \/>\n<meta name=\"twitter:label1\" content=\"Escrito por\" \/>\n\t<meta name=\"twitter:data1\" content=\"pastoral\" \/>\n\t<meta name=\"twitter:label2\" content=\"Est. tempo de leitura\" \/>\n\t<meta name=\"twitter:data2\" content=\"2 minutos\" \/>\n<script type=\"application\/ld+json\" class=\"yoast-schema-graph\">{\"@context\":\"https:\\\/\\\/schema.org\",\"@graph\":[{\"@type\":\"Article\",\"@id\":\"https:\\\/\\\/unisale.com.br\\\/novo\\\/30-08-ficai-atentos-porque-nao-sabeis-em-que-dia-vira-o-senhor\\\/#article\",\"isPartOf\":{\"@id\":\"https:\\\/\\\/unisale.com.br\\\/novo\\\/30-08-ficai-atentos-porque-nao-sabeis-em-que-dia-vira-o-senhor\\\/\"},\"author\":{\"name\":\"pastoral\",\"@id\":\"https:\\\/\\\/unisale.com.br\\\/pastoral\\\/#\\\/schema\\\/person\\\/a16ba711a0f7dec9cb6b44563144d5a3\"},\"headline\":\"31\\\/08 &#8211; Ficai atentos, porque n\u00e3o sabeis em que dia vir\u00e1 o Senhor.\",\"datePublished\":\"2023-08-21T13:54:12+00:00\",\"mainEntityOfPage\":{\"@id\":\"https:\\\/\\\/unisale.com.br\\\/novo\\\/30-08-ficai-atentos-porque-nao-sabeis-em-que-dia-vira-o-senhor\\\/\"},\"wordCount\":511,\"image\":{\"@id\":\"https:\\\/\\\/unisale.com.br\\\/novo\\\/30-08-ficai-atentos-porque-nao-sabeis-em-que-dia-vira-o-senhor\\\/#primaryimage\"},\"thumbnailUrl\":\"https:\\\/\\\/unisale.com.br\\\/pastoral\\\/wp-content\\\/uploads\\\/2023\\\/08\\\/Ev-31.jpg\",\"articleSection\":[\"Reflex\u00e3o do Evangelho\"],\"inLanguage\":\"pt-BR\"},{\"@type\":\"WebPage\",\"@id\":\"https:\\\/\\\/unisale.com.br\\\/novo\\\/30-08-ficai-atentos-porque-nao-sabeis-em-que-dia-vira-o-senhor\\\/\",\"url\":\"https:\\\/\\\/unisale.com.br\\\/novo\\\/30-08-ficai-atentos-porque-nao-sabeis-em-que-dia-vira-o-senhor\\\/\",\"name\":\"31\\\/08 - Ficai atentos, porque n\u00e3o sabeis em que dia vir\u00e1 o Senhor. - Pastoral Universit\u00e1ria UniSALESIANO\",\"isPartOf\":{\"@id\":\"https:\\\/\\\/unisale.com.br\\\/pastoral\\\/#website\"},\"primaryImageOfPage\":{\"@id\":\"https:\\\/\\\/unisale.com.br\\\/novo\\\/30-08-ficai-atentos-porque-nao-sabeis-em-que-dia-vira-o-senhor\\\/#primaryimage\"},\"image\":{\"@id\":\"https:\\\/\\\/unisale.com.br\\\/novo\\\/30-08-ficai-atentos-porque-nao-sabeis-em-que-dia-vira-o-senhor\\\/#primaryimage\"},\"thumbnailUrl\":\"https:\\\/\\\/unisale.com.br\\\/pastoral\\\/wp-content\\\/uploads\\\/2023\\\/08\\\/Ev-31.jpg\",\"datePublished\":\"2023-08-21T13:54:12+00:00\",\"author\":{\"@id\":\"https:\\\/\\\/unisale.com.br\\\/pastoral\\\/#\\\/schema\\\/person\\\/a16ba711a0f7dec9cb6b44563144d5a3\"},\"inLanguage\":\"pt-BR\",\"potentialAction\":[{\"@type\":\"ReadAction\",\"target\":[\"https:\\\/\\\/unisale.com.br\\\/novo\\\/30-08-ficai-atentos-porque-nao-sabeis-em-que-dia-vira-o-senhor\\\/\"]}]},{\"@type\":\"ImageObject\",\"inLanguage\":\"pt-BR\",\"@id\":\"https:\\\/\\\/unisale.com.br\\\/novo\\\/30-08-ficai-atentos-porque-nao-sabeis-em-que-dia-vira-o-senhor\\\/#primaryimage\",\"url\":\"https:\\\/\\\/unisale.com.br\\\/pastoral\\\/wp-content\\\/uploads\\\/2023\\\/08\\\/Ev-31.jpg\",\"contentUrl\":\"https:\\\/\\\/unisale.com.br\\\/pastoral\\\/wp-content\\\/uploads\\\/2023\\\/08\\\/Ev-31.jpg\",\"width\":890,\"height\":395},{\"@type\":\"WebSite\",\"@id\":\"https:\\\/\\\/unisale.com.br\\\/pastoral\\\/#website\",\"url\":\"https:\\\/\\\/unisale.com.br\\\/pastoral\\\/\",\"name\":\"Pastoral Universit\u00e1ria UniSALESIANO\",\"description\":\"Site da Pastoral Universit\u00e1ria do UniSALESIANO\",\"potentialAction\":[{\"@type\":\"SearchAction\",\"target\":{\"@type\":\"EntryPoint\",\"urlTemplate\":\"https:\\\/\\\/unisale.com.br\\\/pastoral\\\/?s={search_term_string}\"},\"query-input\":{\"@type\":\"PropertyValueSpecification\",\"valueRequired\":true,\"valueName\":\"search_term_string\"}}],\"inLanguage\":\"pt-BR\"},{\"@type\":\"Person\",\"@id\":\"https:\\\/\\\/unisale.com.br\\\/pastoral\\\/#\\\/schema\\\/person\\\/a16ba711a0f7dec9cb6b44563144d5a3\",\"name\":\"pastoral\",\"url\":\"https:\\\/\\\/unisale.com.br\\\/pastoral\\\/author\\\/pastoral\\\/\"}]}<\/script>\n<!-- \/ Yoast SEO plugin. -->","yoast_head_json":{"title":"31\/08 - Ficai atentos, porque n\u00e3o sabeis em que dia vir\u00e1 o Senhor. - Pastoral Universit\u00e1ria UniSALESIANO","robots":{"index":"index","follow":"follow","max-snippet":"max-snippet:-1","max-image-preview":"max-image-preview:large","max-video-preview":"max-video-preview:-1"},"canonical":"https:\/\/unisale.com.br\/novo\/30-08-ficai-atentos-porque-nao-sabeis-em-que-dia-vira-o-senhor\/","og_locale":"pt_BR","og_type":"article","og_title":"31\/08 - Ficai atentos, porque n\u00e3o sabeis em que dia vir\u00e1 o Senhor. - Pastoral Universit\u00e1ria UniSALESIANO","og_description":"Quinta-feira, 31 de agosto de 2023. Evangelho (Mt 24,42-51) \u201cFicai atentos, porque n\u00e3o sabeis em que dia vir\u00e1 o Senhor\u201d &nbsp; Naquele tempo disse Jesus...","og_url":"https:\/\/unisale.com.br\/novo\/30-08-ficai-atentos-porque-nao-sabeis-em-que-dia-vira-o-senhor\/","og_site_name":"Pastoral Universit\u00e1ria UniSALESIANO","article_published_time":"2023-08-21T13:54:12+00:00","author":"pastoral","twitter_card":"summary_large_image","twitter_misc":{"Escrito por":"pastoral","Est. tempo de leitura":"2 minutos"},"schema":{"@context":"https:\/\/schema.org","@graph":[{"@type":"Article","@id":"https:\/\/unisale.com.br\/novo\/30-08-ficai-atentos-porque-nao-sabeis-em-que-dia-vira-o-senhor\/#article","isPartOf":{"@id":"https:\/\/unisale.com.br\/novo\/30-08-ficai-atentos-porque-nao-sabeis-em-que-dia-vira-o-senhor\/"},"author":{"name":"pastoral","@id":"https:\/\/unisale.com.br\/pastoral\/#\/schema\/person\/a16ba711a0f7dec9cb6b44563144d5a3"},"headline":"31\/08 &#8211; Ficai atentos, porque n\u00e3o sabeis em que dia vir\u00e1 o Senhor.","datePublished":"2023-08-21T13:54:12+00:00","mainEntityOfPage":{"@id":"https:\/\/unisale.com.br\/novo\/30-08-ficai-atentos-porque-nao-sabeis-em-que-dia-vira-o-senhor\/"},"wordCount":511,"image":{"@id":"https:\/\/unisale.com.br\/novo\/30-08-ficai-atentos-porque-nao-sabeis-em-que-dia-vira-o-senhor\/#primaryimage"},"thumbnailUrl":"https:\/\/unisale.com.br\/pastoral\/wp-content\/uploads\/2023\/08\/Ev-31.jpg","articleSection":["Reflex\u00e3o do Evangelho"],"inLanguage":"pt-BR"},{"@type":"WebPage","@id":"https:\/\/unisale.com.br\/novo\/30-08-ficai-atentos-porque-nao-sabeis-em-que-dia-vira-o-senhor\/","url":"https:\/\/unisale.com.br\/novo\/30-08-ficai-atentos-porque-nao-sabeis-em-que-dia-vira-o-senhor\/","name":"31\/08 - Ficai atentos, porque n\u00e3o sabeis em que dia vir\u00e1 o Senhor. - Pastoral Universit\u00e1ria UniSALESIANO","isPartOf":{"@id":"https:\/\/unisale.com.br\/pastoral\/#website"},"primaryImageOfPage":{"@id":"https:\/\/unisale.com.br\/novo\/30-08-ficai-atentos-porque-nao-sabeis-em-que-dia-vira-o-senhor\/#primaryimage"},"image":{"@id":"https:\/\/unisale.com.br\/novo\/30-08-ficai-atentos-porque-nao-sabeis-em-que-dia-vira-o-senhor\/#primaryimage"},"thumbnailUrl":"https:\/\/unisale.com.br\/pastoral\/wp-content\/uploads\/2023\/08\/Ev-31.jpg","datePublished":"2023-08-21T13:54:12+00:00","author":{"@id":"https:\/\/unisale.com.br\/pastoral\/#\/schema\/person\/a16ba711a0f7dec9cb6b44563144d5a3"},"inLanguage":"pt-BR","potentialAction":[{"@type":"ReadAction","target":["https:\/\/unisale.com.br\/novo\/30-08-ficai-atentos-porque-nao-sabeis-em-que-dia-vira-o-senhor\/"]}]},{"@type":"ImageObject","inLanguage":"pt-BR","@id":"https:\/\/unisale.com.br\/novo\/30-08-ficai-atentos-porque-nao-sabeis-em-que-dia-vira-o-senhor\/#primaryimage","url":"https:\/\/unisale.com.br\/pastoral\/wp-content\/uploads\/2023\/08\/Ev-31.jpg","contentUrl":"https:\/\/unisale.com.br\/pastoral\/wp-content\/uploads\/2023\/08\/Ev-31.jpg","width":890,"height":395},{"@type":"WebSite","@id":"https:\/\/unisale.com.br\/pastoral\/#website","url":"https:\/\/unisale.com.br\/pastoral\/","name":"Pastoral Universit\u00e1ria UniSALESIANO","description":"Site da Pastoral Universit\u00e1ria do UniSALESIANO","potentialAction":[{"@type":"SearchAction","target":{"@type":"EntryPoint","urlTemplate":"https:\/\/unisale.com.br\/pastoral\/?s={search_term_string}"},"query-input":{"@type":"PropertyValueSpecification","valueRequired":true,"valueName":"search_term_string"}}],"inLanguage":"pt-BR"},{"@type":"Person","@id":"https:\/\/unisale.com.br\/pastoral\/#\/schema\/person\/a16ba711a0f7dec9cb6b44563144d5a3","name":"pastoral","url":"https:\/\/unisale.com.br\/pastoral\/author\/pastoral\/"}]}},"_links":{"self":[{"href":"https:\/\/unisale.com.br\/pastoral\/wp-json\/wp\/v2\/posts\/7446","targetHints":{"allow":["GET"]}}],"collection":[{"href":"https:\/\/unisale.com.br\/pastoral\/wp-json\/wp\/v2\/posts"}],"about":[{"href":"https:\/\/unisale.com.br\/pastoral\/wp-json\/wp\/v2\/types\/post"}],"author":[{"embeddable":true,"href":"https:\/\/unisale.com.br\/pastoral\/wp-json\/wp\/v2\/users\/1"}],"replies":[{"embeddable":true,"href":"https:\/\/unisale.com.br\/pastoral\/wp-json\/wp\/v2\/comments?post=7446"}],"version-history":[{"count":0,"href":"https:\/\/unisale.com.br\/pastoral\/wp-json\/wp\/v2\/posts\/7446\/revisions"}],"wp:featuredmedia":[{"embeddable":true,"href":"https:\/\/unisale.com.br\/pastoral\/wp-json\/wp\/v2\/media\/7438"}],"wp:attachment":[{"href":"https:\/\/unisale.com.br\/pastoral\/wp-json\/wp\/v2\/media?parent=7446"}],"wp:term":[{"taxonomy":"category","embeddable":true,"href":"https:\/\/unisale.com.br\/pastoral\/wp-json\/wp\/v2\/categories?post=7446"},{"taxonomy":"post_tag","embeddable":true,"href":"https:\/\/unisale.com.br\/pastoral\/wp-json\/wp\/v2\/tags?post=7446"}],"curies":[{"name":"wp","href":"https:\/\/api.w.org\/{rel}","templated":true}]}}