{"id":7557,"date":"2023-08-30T10:58:25","date_gmt":"2023-08-30T10:58:25","guid":{"rendered":"https:\/\/unisale.com.br\/pastoral\/?p=7557"},"modified":"2023-08-30T10:58:25","modified_gmt":"2023-08-30T10:58:25","slug":"04-09-o-espirito-do-senhor-esta-sobre-mim","status":"publish","type":"post","link":"https:\/\/unisale.com.br\/pastoral\/04-09-o-espirito-do-senhor-esta-sobre-mim\/","title":{"rendered":"04\/09 &#8211; O Esp\u00edrito do Senhor est\u00e1 sobre mim."},"content":{"rendered":"<p>Segunda-feira, 04 de Setembro de 2023.<\/p>\n<p>&nbsp;<\/p>\n<p>Evangelho (Lc 4,16-30)<\/p>\n<p>&nbsp;<\/p>\n<p><strong>\u201cO Esp\u00edrito do Senhor est\u00e1 sobre mim\u201d<\/strong><\/p>\n<p>&nbsp;<\/p>\n<p>Naquele tempo, <sup>16<\/sup>veio Jesus \u00e0 cidade de Nazar\u00e9, onde se tinha criado. Conforme seu costume, entrou na sinagoga no s\u00e1bado, e levantou-se para fazer a leitura. <sup>17<\/sup>Deram-lhe o livro do profeta Isa\u00edas. Abrindo o livro, Jesus achou a passagem em que est\u00e1 escrito: <sup>18<\/sup>\u201cO Esp\u00edrito do Senhor est\u00e1 sobre mim, porque ele me consagrou com a un\u00e7\u00e3o para anunciar a Boa Nova aos pobres; enviou-me para proclamar a liberta\u00e7\u00e3o aos cativos e aos cegos a recupera\u00e7\u00e3o da vista; para libertar os oprimidos <sup>19<\/sup>e para proclamar um ano da gra\u00e7a do Senhor\u201d. <sup>20<\/sup>Depois fechou o livro, entregou-o ao ajudante e sentou-se. Todos os que estavam na sinagoga tinham os olhos fixos nele. <sup>21<\/sup>Ent\u00e3o come\u00e7ou a dizer-lhes: \u201cHoje se cumpriu esta passagem da Escritura que acabastes de ouvir\u201d. <sup>22<\/sup>Todos davam testemunho a seu respeito, admirados com as palavras cheias de encanto que sa\u00edam da sua boca. E diziam: \u201cN\u00e3o \u00e9 este o filho de Jos\u00e9?\u201d <sup>23<\/sup>Jesus, por\u00e9m, disse: \u201cSem d\u00favida, v\u00f3s me repetireis o prov\u00e9rbio: M\u00e9dico, cura-te a ti mesmo. Faze tamb\u00e9m aqui, em tua terra, tudo o que ouvimos dizer que fizeste em Cafarnaum\u201d. <sup>24<\/sup>E acrescentou: \u201cEm verdade eu vos digo que nenhum profeta \u00e9 bem recebido em sua p\u00e1tria. <sup>25<\/sup>De fato, eu vos digo: no tempo do profeta Elias, quando n\u00e3o choveu durante tr\u00eas anos e seis meses e houve grande fome em toda a regi\u00e3o, havia muitas vi\u00favas em Israel. <sup>26<\/sup>No entanto, a nenhuma delas foi enviado Elias, sen\u00e3o a uma vi\u00fava que vivia em Sarepta, na Sid\u00f4nia. <sup>27<\/sup>E no tempo do profeta Eliseu, havia muitos leprosos em Israel. Contudo, nenhum deles foi curado, mas sim Naam\u00e3, o S\u00edrio\u201d. <sup>28<\/sup>Quando ouviram estas palavras de Jesus, todos na sinagoga ficaram furiosos. <sup>29<\/sup>Levantaram-se e o expulsaram da cidade. Levaram-no at\u00e9 o alto do monte sobre o qual a cidade estava constru\u00edda, com a inten\u00e7\u00e3o de lan\u00e7\u00e1-lo no precip\u00edcio. <sup>30<\/sup>Jesus, por\u00e9m, passando pelo meio deles, continuou o seu caminho.<\/p>\n<p>&nbsp;<\/p>\n<p><strong>Reflex\u00e3o<\/strong><\/p>\n<p>&nbsp;<\/p>\n<p>O que devemos entender das palavras presentes no evangelho de hoje \u00e9 que o cristianismo n\u00e3o \u00e9 um conjunto de ideias, de regras a serem guardadas e obedecidas. N\u00e3o \u00e9 t\u00e3o pouco uma ideia genial sobre a vida. O cora\u00e7\u00e3o da f\u00e9 crist\u00e3 \u00e9 Jesus Cristo. Tudo o que refletimos na teologia \u00e9 uma pessoa, Jesus, e por isso para entendermos essa teologia n\u00f3s precisamos regras e teorias, mas no fim o que conta \u00e9 nossa rela\u00e7\u00e3o com Ele. Se constru\u00edmos uma religi\u00e3o que se baseia em regras, n\u00f3s perdemos aquilo que \u00e9 essencial. Os personagens do evangelho de hoje pensam em saber tudo sobre as pessoas e as coisas, mas pensar deste modo n\u00e3o nos conduz a uma abertura e sim a um fechamento \u00e0 mudan\u00e7a. Jesus d\u00e1 dois exemplos de como \u00e0s vezes Deus prefere lidar com uma pessoa distante do que com uma pessoa que lhe est\u00e1 pr\u00f3xima. Porque muitas vezes o que est\u00e1 distante \u00e9 mais aberto e mais disposto a acolher do que aquele que est\u00e1 pr\u00f3ximo e que n\u00e3o percebe a necessidade de mudar. E quem escuta a verdade que vem de Jesus, corre o risco de se comportar como as pessoas do evangelho, isto \u00e9, n\u00e3o sente nenhum prazer e at\u00e9 se desmotiva no confronto com Jesus. \u00c0s vezes quando algu\u00e9m nos diz uma verdade, esta verdade queima. Aprender a \u2018ler\u2019 o que nos incomoda, interrogar-se, e ir ao fundo de n\u00f3s mesmos, nos ajuda a compreender onde Jesus quer nos conduzir. O encontro com Jesus \u00e9 uma crise que deve ser acolhida. O evangelho n\u00e3o um conjunto de belas palavras, mas um caminho duro de convers\u00e3o.<\/p>\n<p><strong>Pe. Paulo Eduardo J\u00e1como, sdb.<\/strong><\/p>\n","protected":false},"excerpt":{"rendered":"<p>Segunda-feira, 04 de Setembro de 2023. &nbsp; Evangelho (Lc 4,16-30) &nbsp; \u201cO Esp\u00edrito do Senhor est\u00e1 sobre mim\u201d &nbsp; Naquele tempo, 16veio Jesus \u00e0 cidade&#8230;<\/p>\n","protected":false},"author":1,"featured_media":7558,"comment_status":"closed","ping_status":"closed","sticky":false,"template":"","format":"standard","meta":{"_acf_changed":false,"footnotes":""},"categories":[13],"tags":[],"class_list":["post-7557","post","type-post","status-publish","format-standard","has-post-thumbnail","hentry","category-reflexaodoevagelho"],"acf":[],"yoast_head":"<!-- This site is optimized with the Yoast SEO plugin v27.3 - https:\/\/yoast.com\/product\/yoast-seo-wordpress\/ -->\n<title>04\/09 - O Esp\u00edrito do Senhor est\u00e1 sobre mim. - Pastoral Universit\u00e1ria UniSALESIANO<\/title>\n<meta name=\"robots\" content=\"index, follow, max-snippet:-1, max-image-preview:large, max-video-preview:-1\" \/>\n<link rel=\"canonical\" href=\"https:\/\/unisale.com.br\/novo\/04-09-o-espirito-do-senhor-esta-sobre-mim\/\" \/>\n<meta property=\"og:locale\" content=\"pt_BR\" \/>\n<meta property=\"og:type\" content=\"article\" \/>\n<meta property=\"og:title\" content=\"04\/09 - O Esp\u00edrito do Senhor est\u00e1 sobre mim. - Pastoral Universit\u00e1ria UniSALESIANO\" \/>\n<meta property=\"og:description\" content=\"Segunda-feira, 04 de Setembro de 2023. &nbsp; Evangelho (Lc 4,16-30) &nbsp; \u201cO Esp\u00edrito do Senhor est\u00e1 sobre mim\u201d &nbsp; Naquele tempo, 16veio Jesus \u00e0 cidade...\" \/>\n<meta property=\"og:url\" content=\"https:\/\/unisale.com.br\/novo\/04-09-o-espirito-do-senhor-esta-sobre-mim\/\" \/>\n<meta property=\"og:site_name\" content=\"Pastoral Universit\u00e1ria UniSALESIANO\" \/>\n<meta property=\"article:published_time\" content=\"2023-08-30T10:58:25+00:00\" \/>\n<meta name=\"author\" content=\"pastoral\" \/>\n<meta name=\"twitter:card\" content=\"summary_large_image\" \/>\n<meta name=\"twitter:label1\" content=\"Escrito por\" \/>\n\t<meta name=\"twitter:data1\" content=\"pastoral\" \/>\n\t<meta name=\"twitter:label2\" content=\"Est. tempo de leitura\" \/>\n\t<meta name=\"twitter:data2\" content=\"3 minutos\" \/>\n<script type=\"application\/ld+json\" class=\"yoast-schema-graph\">{\"@context\":\"https:\\\/\\\/schema.org\",\"@graph\":[{\"@type\":\"Article\",\"@id\":\"https:\\\/\\\/unisale.com.br\\\/novo\\\/04-09-o-espirito-do-senhor-esta-sobre-mim\\\/#article\",\"isPartOf\":{\"@id\":\"https:\\\/\\\/unisale.com.br\\\/novo\\\/04-09-o-espirito-do-senhor-esta-sobre-mim\\\/\"},\"author\":{\"name\":\"pastoral\",\"@id\":\"https:\\\/\\\/unisale.com.br\\\/pastoral\\\/#\\\/schema\\\/person\\\/a16ba711a0f7dec9cb6b44563144d5a3\"},\"headline\":\"04\\\/09 &#8211; O Esp\u00edrito do Senhor est\u00e1 sobre mim.\",\"datePublished\":\"2023-08-30T10:58:25+00:00\",\"mainEntityOfPage\":{\"@id\":\"https:\\\/\\\/unisale.com.br\\\/novo\\\/04-09-o-espirito-do-senhor-esta-sobre-mim\\\/\"},\"wordCount\":664,\"image\":{\"@id\":\"https:\\\/\\\/unisale.com.br\\\/novo\\\/04-09-o-espirito-do-senhor-esta-sobre-mim\\\/#primaryimage\"},\"thumbnailUrl\":\"https:\\\/\\\/unisale.com.br\\\/pastoral\\\/wp-content\\\/uploads\\\/2023\\\/08\\\/espirito-santo-falar.jpg\",\"articleSection\":[\"Reflex\u00e3o do Evangelho\"],\"inLanguage\":\"pt-BR\"},{\"@type\":\"WebPage\",\"@id\":\"https:\\\/\\\/unisale.com.br\\\/novo\\\/04-09-o-espirito-do-senhor-esta-sobre-mim\\\/\",\"url\":\"https:\\\/\\\/unisale.com.br\\\/novo\\\/04-09-o-espirito-do-senhor-esta-sobre-mim\\\/\",\"name\":\"04\\\/09 - O Esp\u00edrito do Senhor est\u00e1 sobre mim. - Pastoral Universit\u00e1ria UniSALESIANO\",\"isPartOf\":{\"@id\":\"https:\\\/\\\/unisale.com.br\\\/pastoral\\\/#website\"},\"primaryImageOfPage\":{\"@id\":\"https:\\\/\\\/unisale.com.br\\\/novo\\\/04-09-o-espirito-do-senhor-esta-sobre-mim\\\/#primaryimage\"},\"image\":{\"@id\":\"https:\\\/\\\/unisale.com.br\\\/novo\\\/04-09-o-espirito-do-senhor-esta-sobre-mim\\\/#primaryimage\"},\"thumbnailUrl\":\"https:\\\/\\\/unisale.com.br\\\/pastoral\\\/wp-content\\\/uploads\\\/2023\\\/08\\\/espirito-santo-falar.jpg\",\"datePublished\":\"2023-08-30T10:58:25+00:00\",\"author\":{\"@id\":\"https:\\\/\\\/unisale.com.br\\\/pastoral\\\/#\\\/schema\\\/person\\\/a16ba711a0f7dec9cb6b44563144d5a3\"},\"inLanguage\":\"pt-BR\",\"potentialAction\":[{\"@type\":\"ReadAction\",\"target\":[\"https:\\\/\\\/unisale.com.br\\\/novo\\\/04-09-o-espirito-do-senhor-esta-sobre-mim\\\/\"]}]},{\"@type\":\"ImageObject\",\"inLanguage\":\"pt-BR\",\"@id\":\"https:\\\/\\\/unisale.com.br\\\/novo\\\/04-09-o-espirito-do-senhor-esta-sobre-mim\\\/#primaryimage\",\"url\":\"https:\\\/\\\/unisale.com.br\\\/pastoral\\\/wp-content\\\/uploads\\\/2023\\\/08\\\/espirito-santo-falar.jpg\",\"contentUrl\":\"https:\\\/\\\/unisale.com.br\\\/pastoral\\\/wp-content\\\/uploads\\\/2023\\\/08\\\/espirito-santo-falar.jpg\",\"width\":833,\"height\":500,\"caption\":\"Dove in the air with wings wide open in-front of the sun\"},{\"@type\":\"WebSite\",\"@id\":\"https:\\\/\\\/unisale.com.br\\\/pastoral\\\/#website\",\"url\":\"https:\\\/\\\/unisale.com.br\\\/pastoral\\\/\",\"name\":\"Pastoral Universit\u00e1ria UniSALESIANO\",\"description\":\"Site da Pastoral Universit\u00e1ria do UniSALESIANO\",\"potentialAction\":[{\"@type\":\"SearchAction\",\"target\":{\"@type\":\"EntryPoint\",\"urlTemplate\":\"https:\\\/\\\/unisale.com.br\\\/pastoral\\\/?s={search_term_string}\"},\"query-input\":{\"@type\":\"PropertyValueSpecification\",\"valueRequired\":true,\"valueName\":\"search_term_string\"}}],\"inLanguage\":\"pt-BR\"},{\"@type\":\"Person\",\"@id\":\"https:\\\/\\\/unisale.com.br\\\/pastoral\\\/#\\\/schema\\\/person\\\/a16ba711a0f7dec9cb6b44563144d5a3\",\"name\":\"pastoral\",\"url\":\"https:\\\/\\\/unisale.com.br\\\/pastoral\\\/author\\\/pastoral\\\/\"}]}<\/script>\n<!-- \/ Yoast SEO plugin. -->","yoast_head_json":{"title":"04\/09 - O Esp\u00edrito do Senhor est\u00e1 sobre mim. - Pastoral Universit\u00e1ria UniSALESIANO","robots":{"index":"index","follow":"follow","max-snippet":"max-snippet:-1","max-image-preview":"max-image-preview:large","max-video-preview":"max-video-preview:-1"},"canonical":"https:\/\/unisale.com.br\/novo\/04-09-o-espirito-do-senhor-esta-sobre-mim\/","og_locale":"pt_BR","og_type":"article","og_title":"04\/09 - O Esp\u00edrito do Senhor est\u00e1 sobre mim. - Pastoral Universit\u00e1ria UniSALESIANO","og_description":"Segunda-feira, 04 de Setembro de 2023. &nbsp; Evangelho (Lc 4,16-30) &nbsp; \u201cO Esp\u00edrito do Senhor est\u00e1 sobre mim\u201d &nbsp; Naquele tempo, 16veio Jesus \u00e0 cidade...","og_url":"https:\/\/unisale.com.br\/novo\/04-09-o-espirito-do-senhor-esta-sobre-mim\/","og_site_name":"Pastoral Universit\u00e1ria UniSALESIANO","article_published_time":"2023-08-30T10:58:25+00:00","author":"pastoral","twitter_card":"summary_large_image","twitter_misc":{"Escrito por":"pastoral","Est. tempo de leitura":"3 minutos"},"schema":{"@context":"https:\/\/schema.org","@graph":[{"@type":"Article","@id":"https:\/\/unisale.com.br\/novo\/04-09-o-espirito-do-senhor-esta-sobre-mim\/#article","isPartOf":{"@id":"https:\/\/unisale.com.br\/novo\/04-09-o-espirito-do-senhor-esta-sobre-mim\/"},"author":{"name":"pastoral","@id":"https:\/\/unisale.com.br\/pastoral\/#\/schema\/person\/a16ba711a0f7dec9cb6b44563144d5a3"},"headline":"04\/09 &#8211; O Esp\u00edrito do Senhor est\u00e1 sobre mim.","datePublished":"2023-08-30T10:58:25+00:00","mainEntityOfPage":{"@id":"https:\/\/unisale.com.br\/novo\/04-09-o-espirito-do-senhor-esta-sobre-mim\/"},"wordCount":664,"image":{"@id":"https:\/\/unisale.com.br\/novo\/04-09-o-espirito-do-senhor-esta-sobre-mim\/#primaryimage"},"thumbnailUrl":"https:\/\/unisale.com.br\/pastoral\/wp-content\/uploads\/2023\/08\/espirito-santo-falar.jpg","articleSection":["Reflex\u00e3o do Evangelho"],"inLanguage":"pt-BR"},{"@type":"WebPage","@id":"https:\/\/unisale.com.br\/novo\/04-09-o-espirito-do-senhor-esta-sobre-mim\/","url":"https:\/\/unisale.com.br\/novo\/04-09-o-espirito-do-senhor-esta-sobre-mim\/","name":"04\/09 - O Esp\u00edrito do Senhor est\u00e1 sobre mim. - Pastoral Universit\u00e1ria UniSALESIANO","isPartOf":{"@id":"https:\/\/unisale.com.br\/pastoral\/#website"},"primaryImageOfPage":{"@id":"https:\/\/unisale.com.br\/novo\/04-09-o-espirito-do-senhor-esta-sobre-mim\/#primaryimage"},"image":{"@id":"https:\/\/unisale.com.br\/novo\/04-09-o-espirito-do-senhor-esta-sobre-mim\/#primaryimage"},"thumbnailUrl":"https:\/\/unisale.com.br\/pastoral\/wp-content\/uploads\/2023\/08\/espirito-santo-falar.jpg","datePublished":"2023-08-30T10:58:25+00:00","author":{"@id":"https:\/\/unisale.com.br\/pastoral\/#\/schema\/person\/a16ba711a0f7dec9cb6b44563144d5a3"},"inLanguage":"pt-BR","potentialAction":[{"@type":"ReadAction","target":["https:\/\/unisale.com.br\/novo\/04-09-o-espirito-do-senhor-esta-sobre-mim\/"]}]},{"@type":"ImageObject","inLanguage":"pt-BR","@id":"https:\/\/unisale.com.br\/novo\/04-09-o-espirito-do-senhor-esta-sobre-mim\/#primaryimage","url":"https:\/\/unisale.com.br\/pastoral\/wp-content\/uploads\/2023\/08\/espirito-santo-falar.jpg","contentUrl":"https:\/\/unisale.com.br\/pastoral\/wp-content\/uploads\/2023\/08\/espirito-santo-falar.jpg","width":833,"height":500,"caption":"Dove in the air with wings wide open in-front of the sun"},{"@type":"WebSite","@id":"https:\/\/unisale.com.br\/pastoral\/#website","url":"https:\/\/unisale.com.br\/pastoral\/","name":"Pastoral Universit\u00e1ria UniSALESIANO","description":"Site da Pastoral Universit\u00e1ria do UniSALESIANO","potentialAction":[{"@type":"SearchAction","target":{"@type":"EntryPoint","urlTemplate":"https:\/\/unisale.com.br\/pastoral\/?s={search_term_string}"},"query-input":{"@type":"PropertyValueSpecification","valueRequired":true,"valueName":"search_term_string"}}],"inLanguage":"pt-BR"},{"@type":"Person","@id":"https:\/\/unisale.com.br\/pastoral\/#\/schema\/person\/a16ba711a0f7dec9cb6b44563144d5a3","name":"pastoral","url":"https:\/\/unisale.com.br\/pastoral\/author\/pastoral\/"}]}},"_links":{"self":[{"href":"https:\/\/unisale.com.br\/pastoral\/wp-json\/wp\/v2\/posts\/7557","targetHints":{"allow":["GET"]}}],"collection":[{"href":"https:\/\/unisale.com.br\/pastoral\/wp-json\/wp\/v2\/posts"}],"about":[{"href":"https:\/\/unisale.com.br\/pastoral\/wp-json\/wp\/v2\/types\/post"}],"author":[{"embeddable":true,"href":"https:\/\/unisale.com.br\/pastoral\/wp-json\/wp\/v2\/users\/1"}],"replies":[{"embeddable":true,"href":"https:\/\/unisale.com.br\/pastoral\/wp-json\/wp\/v2\/comments?post=7557"}],"version-history":[{"count":0,"href":"https:\/\/unisale.com.br\/pastoral\/wp-json\/wp\/v2\/posts\/7557\/revisions"}],"wp:featuredmedia":[{"embeddable":true,"href":"https:\/\/unisale.com.br\/pastoral\/wp-json\/wp\/v2\/media\/7558"}],"wp:attachment":[{"href":"https:\/\/unisale.com.br\/pastoral\/wp-json\/wp\/v2\/media?parent=7557"}],"wp:term":[{"taxonomy":"category","embeddable":true,"href":"https:\/\/unisale.com.br\/pastoral\/wp-json\/wp\/v2\/categories?post=7557"},{"taxonomy":"post_tag","embeddable":true,"href":"https:\/\/unisale.com.br\/pastoral\/wp-json\/wp\/v2\/tags?post=7557"}],"curies":[{"name":"wp","href":"https:\/\/api.w.org\/{rel}","templated":true}]}}