{"id":7578,"date":"2023-08-30T11:29:37","date_gmt":"2023-08-30T11:29:37","guid":{"rendered":"https:\/\/unisale.com.br\/pastoral\/?p=7578"},"modified":"2023-08-30T11:29:37","modified_gmt":"2023-08-30T11:29:37","slug":"11-09-o-que-e-permitido-fazer-no-sabado-o-bem-ou-o-mal-salvar-uma-vida-ou-deixar-que-se-perca","status":"publish","type":"post","link":"https:\/\/unisale.com.br\/pastoral\/11-09-o-que-e-permitido-fazer-no-sabado-o-bem-ou-o-mal-salvar-uma-vida-ou-deixar-que-se-perca\/","title":{"rendered":"11\/09 &#8211; O que \u00e9 permitido fazer no s\u00e1bado: o bem ou o mal, salvar uma vida ou deixar que se perca?"},"content":{"rendered":"<p>Segunda-feira, 11 de Setembro de 2023.<\/p>\n<p>&nbsp;<\/p>\n<p><strong>Evangelho (Lc 6,6-11)<\/strong><\/p>\n<p><strong>\u00a0<\/strong><\/p>\n<p>&nbsp;<\/p>\n<p><strong>\u201cO que \u00e9 permitido fazer no s\u00e1bado: o bem ou o mal, salvar uma vida ou deixar que se perca?\u201d<\/strong><\/p>\n<p><strong>\u00a0<\/strong><\/p>\n<p>Aconteceu num dia de s\u00e1bado que,\u00a0<strong><sup>6<\/sup><\/strong>Jesus entrou na sinagoga, e come\u00e7ou a ensinar. A\u00ed havia um homem cuja m\u00e3o direita era seca.\u00a0<strong><sup>7<\/sup><\/strong>Os mestres da Lei e os fariseus o observava, para ver se Jesus iria cur\u00e1-lo em dia de s\u00e1bado, e assim encontrarem motivo para acus\u00e1-lo.\u00a0<strong><sup>8<\/sup><\/strong>Jesus, por\u00e9m, conhecendo seus pensamentos, disse ao homem da m\u00e3o seca: \u201cLevanta-te, e fica aqui no meio\u201d. Ele se levantou, e ficou de p\u00e9.\u00a0<strong><sup>9<\/sup><\/strong>Disse-lhes Jesus: \u201cEu vos pergunto: O que \u00e9 permitido fazer no s\u00e1bado: o bem ou o mal, salvar uma vida ou deixar que se perca?\u201d\u00a0<strong><sup>10<\/sup><\/strong>Ent\u00e3o Jesus olhou para todos os que estavam ao seu redor, e disse ao homem: \u201cEstende a tua m\u00e3o\u201d. O homem assim o fez e sua m\u00e3o ficou curada.\u00a0<strong><sup>11<\/sup><\/strong>Eles ficaram com muita raiva, e come\u00e7aram a discutir entre si sobre o que poderiam fazer contra Jesus.<\/p>\n<p>&nbsp;<\/p>\n<p><strong>Reflex\u00e3o<\/strong><\/p>\n<p><strong>\u00a0<\/strong><\/p>\n<p>Jesus est\u00e1 na sinagoga e percebe que ali se encontra um homem com a m\u00e3o paralisada. Muitos estavam presentes, mas s\u00f3 Jesus \u201cviu\u201d. Ele \u00e9 o \u00fanico que v\u00ea este homem, os outros estavam ocupados, cegos pela sua religiosidade distorcida. Observavam somente a Jesus e quando percebem o olhar de Jesus para o homem com a m\u00e3o paralisada, agora sim, querem saber o que Ele vai fazer: curar ou n\u00e3o em dia de s\u00e1bado. Mas Jesus coloca o homem ao centro, faz do homem o centro de sua aten\u00e7\u00e3o e tamb\u00e9m dos outros. Com o gesto de colocar o homem no centro, Jesus quer fazer notar que a dignidade daquela pessoa vale mais do que a regra religiosa. E Jesus n\u00e3o espera uma resposta de seus observadores, ele simplesmente realiza o milagre, cura. E Jesus tamb\u00e9m espera de n\u00f3s um milagre, que saibamos acolher o outro nas suas necessidades. \u00c9 partindo da aten\u00e7\u00e3o que reservamos \u00e0s pessoas, aos seus sofrimentos, \u00e0 sua hist\u00f3ria, \u00e0 sua marginaliza\u00e7\u00e3o que podemos encontrar uma maneira de viver o Evangelho de hoje. A n\u00f3s n\u00e3o \u00e9 pedido de fazermos milagres, mas de percebermos a necessidade do outro. Nos \u00e9 pedido de mudar o foco do nosso olhar, de preferirmos as pessoas e n\u00e3o as ideias e as regras.<\/p>\n<p>Jesus n\u00e3o deseja abolir o s\u00e1bado, mas quer cur\u00e1-lo do que tenha se tornado. Jesus queria que aqueles homens ali presentes entendessem a import\u00e2ncia de se fazer o bem em qualquer momento. N\u00f3s n\u00e3o podemos ser escravos, pois Deus nos criou livres para praticarmos somente o bem a qualquer tempo.<\/p>\n<p><strong>Pe. Paulo Eduardo J\u00e1como, sdb.\u00a0<\/strong><\/p>\n","protected":false},"excerpt":{"rendered":"<p>Segunda-feira, 11 de Setembro de 2023. &nbsp; Evangelho (Lc 6,6-11) \u00a0 &nbsp; \u201cO que \u00e9 permitido fazer no s\u00e1bado: o bem ou o mal, salvar&#8230;<\/p>\n","protected":false},"author":1,"featured_media":7581,"comment_status":"closed","ping_status":"closed","sticky":false,"template":"","format":"standard","meta":{"_acf_changed":false,"footnotes":""},"categories":[13],"tags":[],"class_list":["post-7578","post","type-post","status-publish","format-standard","has-post-thumbnail","hentry","category-reflexaodoevagelho"],"acf":[],"yoast_head":"<!-- This site is optimized with the Yoast SEO plugin v27.3 - https:\/\/yoast.com\/product\/yoast-seo-wordpress\/ -->\n<title>11\/09 - O que \u00e9 permitido fazer no s\u00e1bado: o bem ou o mal, salvar uma vida ou deixar que se perca? - Pastoral Universit\u00e1ria UniSALESIANO<\/title>\n<meta name=\"robots\" content=\"index, follow, max-snippet:-1, max-image-preview:large, max-video-preview:-1\" \/>\n<link rel=\"canonical\" href=\"https:\/\/unisale.com.br\/novo\/11-09-o-que-e-permitido-fazer-no-sabado-o-bem-ou-o-mal-salvar-uma-vida-ou-deixar-que-se-perca\/\" \/>\n<meta property=\"og:locale\" content=\"pt_BR\" \/>\n<meta property=\"og:type\" content=\"article\" \/>\n<meta property=\"og:title\" content=\"11\/09 - O que \u00e9 permitido fazer no s\u00e1bado: o bem ou o mal, salvar uma vida ou deixar que se perca? - Pastoral Universit\u00e1ria UniSALESIANO\" \/>\n<meta property=\"og:description\" content=\"Segunda-feira, 11 de Setembro de 2023. &nbsp; Evangelho (Lc 6,6-11) \u00a0 &nbsp; \u201cO que \u00e9 permitido fazer no s\u00e1bado: o bem ou o mal, salvar...\" \/>\n<meta property=\"og:url\" content=\"https:\/\/unisale.com.br\/novo\/11-09-o-que-e-permitido-fazer-no-sabado-o-bem-ou-o-mal-salvar-uma-vida-ou-deixar-que-se-perca\/\" \/>\n<meta property=\"og:site_name\" content=\"Pastoral Universit\u00e1ria UniSALESIANO\" \/>\n<meta property=\"article:published_time\" content=\"2023-08-30T11:29:37+00:00\" \/>\n<meta name=\"author\" content=\"pastoral\" \/>\n<meta name=\"twitter:card\" content=\"summary_large_image\" \/>\n<meta name=\"twitter:label1\" content=\"Escrito por\" \/>\n\t<meta name=\"twitter:data1\" content=\"pastoral\" \/>\n\t<meta name=\"twitter:label2\" content=\"Est. tempo de leitura\" \/>\n\t<meta name=\"twitter:data2\" content=\"2 minutos\" \/>\n<script type=\"application\/ld+json\" class=\"yoast-schema-graph\">{\"@context\":\"https:\\\/\\\/schema.org\",\"@graph\":[{\"@type\":\"Article\",\"@id\":\"https:\\\/\\\/unisale.com.br\\\/novo\\\/11-09-o-que-e-permitido-fazer-no-sabado-o-bem-ou-o-mal-salvar-uma-vida-ou-deixar-que-se-perca\\\/#article\",\"isPartOf\":{\"@id\":\"https:\\\/\\\/unisale.com.br\\\/novo\\\/11-09-o-que-e-permitido-fazer-no-sabado-o-bem-ou-o-mal-salvar-uma-vida-ou-deixar-que-se-perca\\\/\"},\"author\":{\"name\":\"pastoral\",\"@id\":\"https:\\\/\\\/unisale.com.br\\\/pastoral\\\/#\\\/schema\\\/person\\\/a16ba711a0f7dec9cb6b44563144d5a3\"},\"headline\":\"11\\\/09 &#8211; O que \u00e9 permitido fazer no s\u00e1bado: o bem ou o mal, salvar uma vida ou deixar que se perca?\",\"datePublished\":\"2023-08-30T11:29:37+00:00\",\"mainEntityOfPage\":{\"@id\":\"https:\\\/\\\/unisale.com.br\\\/novo\\\/11-09-o-que-e-permitido-fazer-no-sabado-o-bem-ou-o-mal-salvar-uma-vida-ou-deixar-que-se-perca\\\/\"},\"wordCount\":493,\"image\":{\"@id\":\"https:\\\/\\\/unisale.com.br\\\/novo\\\/11-09-o-que-e-permitido-fazer-no-sabado-o-bem-ou-o-mal-salvar-uma-vida-ou-deixar-que-se-perca\\\/#primaryimage\"},\"thumbnailUrl\":\"https:\\\/\\\/unisale.com.br\\\/pastoral\\\/wp-content\\\/uploads\\\/2023\\\/08\\\/1019891-iesus-christus-96.jpg\",\"articleSection\":[\"Reflex\u00e3o do Evangelho\"],\"inLanguage\":\"pt-BR\"},{\"@type\":\"WebPage\",\"@id\":\"https:\\\/\\\/unisale.com.br\\\/novo\\\/11-09-o-que-e-permitido-fazer-no-sabado-o-bem-ou-o-mal-salvar-uma-vida-ou-deixar-que-se-perca\\\/\",\"url\":\"https:\\\/\\\/unisale.com.br\\\/novo\\\/11-09-o-que-e-permitido-fazer-no-sabado-o-bem-ou-o-mal-salvar-uma-vida-ou-deixar-que-se-perca\\\/\",\"name\":\"11\\\/09 - O que \u00e9 permitido fazer no s\u00e1bado: o bem ou o mal, salvar uma vida ou deixar que se perca? - Pastoral Universit\u00e1ria UniSALESIANO\",\"isPartOf\":{\"@id\":\"https:\\\/\\\/unisale.com.br\\\/pastoral\\\/#website\"},\"primaryImageOfPage\":{\"@id\":\"https:\\\/\\\/unisale.com.br\\\/novo\\\/11-09-o-que-e-permitido-fazer-no-sabado-o-bem-ou-o-mal-salvar-uma-vida-ou-deixar-que-se-perca\\\/#primaryimage\"},\"image\":{\"@id\":\"https:\\\/\\\/unisale.com.br\\\/novo\\\/11-09-o-que-e-permitido-fazer-no-sabado-o-bem-ou-o-mal-salvar-uma-vida-ou-deixar-que-se-perca\\\/#primaryimage\"},\"thumbnailUrl\":\"https:\\\/\\\/unisale.com.br\\\/pastoral\\\/wp-content\\\/uploads\\\/2023\\\/08\\\/1019891-iesus-christus-96.jpg\",\"datePublished\":\"2023-08-30T11:29:37+00:00\",\"author\":{\"@id\":\"https:\\\/\\\/unisale.com.br\\\/pastoral\\\/#\\\/schema\\\/person\\\/a16ba711a0f7dec9cb6b44563144d5a3\"},\"inLanguage\":\"pt-BR\",\"potentialAction\":[{\"@type\":\"ReadAction\",\"target\":[\"https:\\\/\\\/unisale.com.br\\\/novo\\\/11-09-o-que-e-permitido-fazer-no-sabado-o-bem-ou-o-mal-salvar-uma-vida-ou-deixar-que-se-perca\\\/\"]}]},{\"@type\":\"ImageObject\",\"inLanguage\":\"pt-BR\",\"@id\":\"https:\\\/\\\/unisale.com.br\\\/novo\\\/11-09-o-que-e-permitido-fazer-no-sabado-o-bem-ou-o-mal-salvar-uma-vida-ou-deixar-que-se-perca\\\/#primaryimage\",\"url\":\"https:\\\/\\\/unisale.com.br\\\/pastoral\\\/wp-content\\\/uploads\\\/2023\\\/08\\\/1019891-iesus-christus-96.jpg\",\"contentUrl\":\"https:\\\/\\\/unisale.com.br\\\/pastoral\\\/wp-content\\\/uploads\\\/2023\\\/08\\\/1019891-iesus-christus-96.jpg\",\"width\":750,\"height\":500},{\"@type\":\"WebSite\",\"@id\":\"https:\\\/\\\/unisale.com.br\\\/pastoral\\\/#website\",\"url\":\"https:\\\/\\\/unisale.com.br\\\/pastoral\\\/\",\"name\":\"Pastoral Universit\u00e1ria UniSALESIANO\",\"description\":\"Site da Pastoral Universit\u00e1ria do UniSALESIANO\",\"potentialAction\":[{\"@type\":\"SearchAction\",\"target\":{\"@type\":\"EntryPoint\",\"urlTemplate\":\"https:\\\/\\\/unisale.com.br\\\/pastoral\\\/?s={search_term_string}\"},\"query-input\":{\"@type\":\"PropertyValueSpecification\",\"valueRequired\":true,\"valueName\":\"search_term_string\"}}],\"inLanguage\":\"pt-BR\"},{\"@type\":\"Person\",\"@id\":\"https:\\\/\\\/unisale.com.br\\\/pastoral\\\/#\\\/schema\\\/person\\\/a16ba711a0f7dec9cb6b44563144d5a3\",\"name\":\"pastoral\",\"url\":\"https:\\\/\\\/unisale.com.br\\\/pastoral\\\/author\\\/pastoral\\\/\"}]}<\/script>\n<!-- \/ Yoast SEO plugin. -->","yoast_head_json":{"title":"11\/09 - O que \u00e9 permitido fazer no s\u00e1bado: o bem ou o mal, salvar uma vida ou deixar que se perca? - Pastoral Universit\u00e1ria UniSALESIANO","robots":{"index":"index","follow":"follow","max-snippet":"max-snippet:-1","max-image-preview":"max-image-preview:large","max-video-preview":"max-video-preview:-1"},"canonical":"https:\/\/unisale.com.br\/novo\/11-09-o-que-e-permitido-fazer-no-sabado-o-bem-ou-o-mal-salvar-uma-vida-ou-deixar-que-se-perca\/","og_locale":"pt_BR","og_type":"article","og_title":"11\/09 - O que \u00e9 permitido fazer no s\u00e1bado: o bem ou o mal, salvar uma vida ou deixar que se perca? - Pastoral Universit\u00e1ria UniSALESIANO","og_description":"Segunda-feira, 11 de Setembro de 2023. &nbsp; Evangelho (Lc 6,6-11) \u00a0 &nbsp; \u201cO que \u00e9 permitido fazer no s\u00e1bado: o bem ou o mal, salvar...","og_url":"https:\/\/unisale.com.br\/novo\/11-09-o-que-e-permitido-fazer-no-sabado-o-bem-ou-o-mal-salvar-uma-vida-ou-deixar-que-se-perca\/","og_site_name":"Pastoral Universit\u00e1ria UniSALESIANO","article_published_time":"2023-08-30T11:29:37+00:00","author":"pastoral","twitter_card":"summary_large_image","twitter_misc":{"Escrito por":"pastoral","Est. tempo de leitura":"2 minutos"},"schema":{"@context":"https:\/\/schema.org","@graph":[{"@type":"Article","@id":"https:\/\/unisale.com.br\/novo\/11-09-o-que-e-permitido-fazer-no-sabado-o-bem-ou-o-mal-salvar-uma-vida-ou-deixar-que-se-perca\/#article","isPartOf":{"@id":"https:\/\/unisale.com.br\/novo\/11-09-o-que-e-permitido-fazer-no-sabado-o-bem-ou-o-mal-salvar-uma-vida-ou-deixar-que-se-perca\/"},"author":{"name":"pastoral","@id":"https:\/\/unisale.com.br\/pastoral\/#\/schema\/person\/a16ba711a0f7dec9cb6b44563144d5a3"},"headline":"11\/09 &#8211; O que \u00e9 permitido fazer no s\u00e1bado: o bem ou o mal, salvar uma vida ou deixar que se perca?","datePublished":"2023-08-30T11:29:37+00:00","mainEntityOfPage":{"@id":"https:\/\/unisale.com.br\/novo\/11-09-o-que-e-permitido-fazer-no-sabado-o-bem-ou-o-mal-salvar-uma-vida-ou-deixar-que-se-perca\/"},"wordCount":493,"image":{"@id":"https:\/\/unisale.com.br\/novo\/11-09-o-que-e-permitido-fazer-no-sabado-o-bem-ou-o-mal-salvar-uma-vida-ou-deixar-que-se-perca\/#primaryimage"},"thumbnailUrl":"https:\/\/unisale.com.br\/pastoral\/wp-content\/uploads\/2023\/08\/1019891-iesus-christus-96.jpg","articleSection":["Reflex\u00e3o do Evangelho"],"inLanguage":"pt-BR"},{"@type":"WebPage","@id":"https:\/\/unisale.com.br\/novo\/11-09-o-que-e-permitido-fazer-no-sabado-o-bem-ou-o-mal-salvar-uma-vida-ou-deixar-que-se-perca\/","url":"https:\/\/unisale.com.br\/novo\/11-09-o-que-e-permitido-fazer-no-sabado-o-bem-ou-o-mal-salvar-uma-vida-ou-deixar-que-se-perca\/","name":"11\/09 - O que \u00e9 permitido fazer no s\u00e1bado: o bem ou o mal, salvar uma vida ou deixar que se perca? - Pastoral Universit\u00e1ria UniSALESIANO","isPartOf":{"@id":"https:\/\/unisale.com.br\/pastoral\/#website"},"primaryImageOfPage":{"@id":"https:\/\/unisale.com.br\/novo\/11-09-o-que-e-permitido-fazer-no-sabado-o-bem-ou-o-mal-salvar-uma-vida-ou-deixar-que-se-perca\/#primaryimage"},"image":{"@id":"https:\/\/unisale.com.br\/novo\/11-09-o-que-e-permitido-fazer-no-sabado-o-bem-ou-o-mal-salvar-uma-vida-ou-deixar-que-se-perca\/#primaryimage"},"thumbnailUrl":"https:\/\/unisale.com.br\/pastoral\/wp-content\/uploads\/2023\/08\/1019891-iesus-christus-96.jpg","datePublished":"2023-08-30T11:29:37+00:00","author":{"@id":"https:\/\/unisale.com.br\/pastoral\/#\/schema\/person\/a16ba711a0f7dec9cb6b44563144d5a3"},"inLanguage":"pt-BR","potentialAction":[{"@type":"ReadAction","target":["https:\/\/unisale.com.br\/novo\/11-09-o-que-e-permitido-fazer-no-sabado-o-bem-ou-o-mal-salvar-uma-vida-ou-deixar-que-se-perca\/"]}]},{"@type":"ImageObject","inLanguage":"pt-BR","@id":"https:\/\/unisale.com.br\/novo\/11-09-o-que-e-permitido-fazer-no-sabado-o-bem-ou-o-mal-salvar-uma-vida-ou-deixar-que-se-perca\/#primaryimage","url":"https:\/\/unisale.com.br\/pastoral\/wp-content\/uploads\/2023\/08\/1019891-iesus-christus-96.jpg","contentUrl":"https:\/\/unisale.com.br\/pastoral\/wp-content\/uploads\/2023\/08\/1019891-iesus-christus-96.jpg","width":750,"height":500},{"@type":"WebSite","@id":"https:\/\/unisale.com.br\/pastoral\/#website","url":"https:\/\/unisale.com.br\/pastoral\/","name":"Pastoral Universit\u00e1ria UniSALESIANO","description":"Site da Pastoral Universit\u00e1ria do UniSALESIANO","potentialAction":[{"@type":"SearchAction","target":{"@type":"EntryPoint","urlTemplate":"https:\/\/unisale.com.br\/pastoral\/?s={search_term_string}"},"query-input":{"@type":"PropertyValueSpecification","valueRequired":true,"valueName":"search_term_string"}}],"inLanguage":"pt-BR"},{"@type":"Person","@id":"https:\/\/unisale.com.br\/pastoral\/#\/schema\/person\/a16ba711a0f7dec9cb6b44563144d5a3","name":"pastoral","url":"https:\/\/unisale.com.br\/pastoral\/author\/pastoral\/"}]}},"_links":{"self":[{"href":"https:\/\/unisale.com.br\/pastoral\/wp-json\/wp\/v2\/posts\/7578","targetHints":{"allow":["GET"]}}],"collection":[{"href":"https:\/\/unisale.com.br\/pastoral\/wp-json\/wp\/v2\/posts"}],"about":[{"href":"https:\/\/unisale.com.br\/pastoral\/wp-json\/wp\/v2\/types\/post"}],"author":[{"embeddable":true,"href":"https:\/\/unisale.com.br\/pastoral\/wp-json\/wp\/v2\/users\/1"}],"replies":[{"embeddable":true,"href":"https:\/\/unisale.com.br\/pastoral\/wp-json\/wp\/v2\/comments?post=7578"}],"version-history":[{"count":0,"href":"https:\/\/unisale.com.br\/pastoral\/wp-json\/wp\/v2\/posts\/7578\/revisions"}],"wp:featuredmedia":[{"embeddable":true,"href":"https:\/\/unisale.com.br\/pastoral\/wp-json\/wp\/v2\/media\/7581"}],"wp:attachment":[{"href":"https:\/\/unisale.com.br\/pastoral\/wp-json\/wp\/v2\/media?parent=7578"}],"wp:term":[{"taxonomy":"category","embeddable":true,"href":"https:\/\/unisale.com.br\/pastoral\/wp-json\/wp\/v2\/categories?post=7578"},{"taxonomy":"post_tag","embeddable":true,"href":"https:\/\/unisale.com.br\/pastoral\/wp-json\/wp\/v2\/tags?post=7578"}],"curies":[{"name":"wp","href":"https:\/\/api.w.org\/{rel}","templated":true}]}}